{"id":66502,"date":"2022-03-01T04:47:43","date_gmt":"2022-03-01T08:47:43","guid":{"rendered":"https:\/\/www.eldiario.net\/portal\/?p=66502"},"modified":"2022-03-01T04:47:43","modified_gmt":"2022-03-01T08:47:43","slug":"la-hipocresia-internacional-deforma-las-relaciones-entre-todos-por-igual","status":"publish","type":"post","link":"https:\/\/www.eldiario.net\/portal\/2022\/03\/01\/la-hipocresia-internacional-deforma-las-relaciones-entre-todos-por-igual\/","title":{"rendered":"La hipocres\u00eda internacional deforma las relaciones entre todos por igual"},"content":{"rendered":"<p>Muchas veces, cuando tratamos de hablar de asuntos externos, en lo que al Derecho Internacional en general se refiere y las relaciones internacionales se trata, debemos considerar varios factores o variables que hacen que los Estados se pronuncien o no sobre determinados asuntos de inter\u00e9s internacional, porque quiz\u00e1 entre otras razones, el trasfondo afecte por dem\u00e1s al inter\u00e9s local.<\/p>\n<p>Al margen de poder discurrir sobre tantos asuntos externos que existen, como actos de corrupci\u00f3n en los pa\u00edses, un asunto que desde hace un par de meses se crey\u00f3 que solo iba a ser una pulseta de \u201cquien cede frente al otro\u201d, hoy se convirti\u00f3 en un acto de invasi\u00f3n y vulneraci\u00f3n al principio de soberan\u00eda de los pa\u00edses y donde los pa\u00edses poderosos, seg\u00fan los resultados que sean obtenidos, podr\u00e1n decidir sobre los designios de los otros.<\/p>\n<p>No debemos ignorar o menospreciar o, peor, desconocer la cruel arremetida y el lamento por muertes civiles debido a los ataques rusos, no obstante esto no es comparable siquiera con lo que hace unos a\u00f1os atr\u00e1s se inici\u00f3, en esa serie de ataques de occidente a pa\u00edses del medio oriente, como actos de lucha del poder econ\u00f3mico o enfrentamientos de tipo personal-pol\u00edtico. Todo por los pozos petroleros y reservas de gas, que hacen que este tipo de escenarios de ataques no sean novedosos sino casi recurrentes, pero, \u00bfen Europa?<\/p>\n<p>A partir de ese momento, hablamos de finales de la d\u00e9cada de los 90 y en el ocaso del Siglo XX, las guerras no fueron por conquista de territorio e invasi\u00f3n por riquezas materiales tangibles, sino que fue para acrecentar su poder\u00edo econ\u00f3mico en el mundo y su influencia a nivel internacional, merced a recursos no renovables de uso extremadamente importante para el ser humano, aun y a pesar del n\u00famero de muertes para lograr su fin, justificando los medios utilizados.<\/p>\n<p>As\u00ed es que, independientemente, este tipo de contiendas que adem\u00e1s de sus fines sumaron la inyecci\u00f3n de enormes cantidades de recursos econ\u00f3micos para la renovaci\u00f3n y la tecnificaci\u00f3n con mayor precisi\u00f3n de armas militares en general, comenzaron en paralelo el incremento a su vez de guerras civiles con injerencias externas, respecto a la independizaci\u00f3n de excolonias rusas, eslavas, bosnias, chequia, etc., y crease o no, utilizando armamento b\u00e9lico para sus cometidos y penosamente aniquilando a la sociedad civil sin piedad ni perd\u00f3n.<\/p>\n<p>C\u00f3mo no recordar las enormes cantidades de refugiados que existen en el mundo merced a estas guerras, la hambruna, falta de cobertura de necesidades b\u00e1sicas, falta de motivaci\u00f3n, est\u00edmulos, fe, incluso deseos de dejar de vivir esa vida. Y solo por mencionar un caso estremecedor, \u201cPalestina\u201d, y su enfrentamiento permanente en la b\u00fasqueda y pronta obtenci\u00f3n y reconocimiento de ser declarado un Estado libre, soberano e independiente, y con ello, no solo el uso de la fuerza armada sino el deceso de civiles que nada tienen que ver con un enfrentamiento de tipo religioso y racial.<\/p>\n<p>Muchas veces, criticamos y defendemos seg\u00fan lo que vemos, pero no lo que sabemos, y muchas veces tambi\u00e9n erramos en criticar acciones o decisiones sin saber exacta y precisamente del porqu\u00e9 de la toma de esas decisiones, y en el \u00e1mbito de las relaciones internacionales y la diplomacia de los pueblos, existen asuntos que por muy obvios que parezcan, la realidad es diferente.<\/p>\n<p>C\u00f3mo no recordar, sin entrar en el pasado cercano o no muy lejano, sino m\u00e1s bien reciente, que antes de que se inicie una arremetida rusa en territorio ucraniano, hubo una serie de encuentros entre los hom\u00f3logos de exteriores ruso y norteamericano, que reflejaba una seguridad de cada bando en lograr su cometido (para uno invadir Ucrania y para el otro defender al invadido).<\/p>\n<p>C\u00f3mo no recordar que al actual mandatario ucraniano, los presidentes de pa\u00edses, la UE y Estados Unidos principalmente y Reino Unido ofrecieron su colaboraci\u00f3n y comprometieron su actuaci\u00f3n militar si acaso Rusia atacar\u00eda su territorio, a tal punto que pa\u00edses europeos ya garantizaban tropas militares, buques navales, portaviones y otros en caso de ataque ruso.<\/p>\n<p>C\u00f3mo no recordar las afirmaciones del primer ministro Johnson del Reino Unido sobre las armas enviadas a Ucrania y la confirmaci\u00f3n de corresponsales y periodistas internacionales, que reconocieron que dicho armamento no era sino armamento de contenci\u00f3n, pr\u00e1cticamente civil y que, para enfrentarse a una potencia como Rusia, eso no significaba ser su aliado natural.<\/p>\n<p>C\u00f3mo no recordar que 72 horas antes del ataque ruso y quiz\u00e1s no m\u00e1s de 5 d\u00edas antes, fuentes de la CIA norteamericana advert\u00edan sobre un inminente ataque ruso a instalaciones militares ucranianas, sin que haya existido, de parte de la diplomacia internacional, una acci\u00f3n de reacci\u00f3n inmediata para evitar muertes civiles que pr\u00e1cticamente fueron advertidas por Rusia, en caso de persistir occidente en interferir en un asunto ruso-ucraniano.<\/p>\n<p>Una puntualizaci\u00f3n antes de continuar, las relaciones de discrepancia pol\u00edtica entre Ucrania-Rusia no son solo de hoy, ni de 2014 con Crimea, sino que nacen ya hace muchos a\u00f1os y, sin duda, quien desconozca estos previos impases desconocer\u00e1 ciertamente lo que pueda suceder, por tanto, este es un punto importante en la hora de posicionarse en el asunto, independientemente lo sucedido hace un par de d\u00edas, no significando no condenar lo sucedido, pero a veces no todo lo que se ve es como es.<\/p>\n<p>Ahora bien, dec\u00edamos que, bajo el conocimiento norteamericano de esa posible invasi\u00f3n, la diplomacia estuvo presente de manera solo enunciada o referencial, mas no situacional y activa, lo cual sin duda dice mucho del desconocimiento sobre los deseos, expectativas e incluso ambiciones de los Estados, en torno al derecho internacional y las relaciones internacionales, m\u00e1s a\u00fan trat\u00e1ndose de Estados que tradicionalmente se caracterizaron por ser acaparadores del poder nacionalista.<\/p>\n<p>El no haber actuado como bloque, y al no haber efectivizado el uso de la herramienta de la diplomacia para evitar esta cat\u00e1strofe en Europa, impensable que haya sucedido despu\u00e9s de m\u00e1s de 70 a\u00f1os de concluida la Segunda Guerra Mundial, es inaudito.<\/p>\n<p>La hipocres\u00eda de decir u ofrecer ayuda y sea \u00e9sta in\u00fatil e inservible, es tremendamente irresponsable de parte de los Estados oferentes.<\/p>\n<p>La hipocres\u00eda de comprometerse en atacar y no hacerlo y permitir la vulneraci\u00f3n del principio de soberan\u00eda de los Estados o intromisi\u00f3n en asuntos internos de \u00e9stos es cobarde y puede conllevar a sucesos impensables en el futuro.<\/p>\n<p>La hipocres\u00eda de llorar muertos, cuando en los \u00faltimos a\u00f1os los Estados invasores de occidente se llevaron consigo muertes en el medio oriente, es desconocer la verdad y empeorar la situaci\u00f3n actual.<\/p>\n<p>La hipocres\u00eda de decir que a los refugiados hay que darles una oportunidad de vida y, por el otro, crear cada vez m\u00e1s campos para \u00e9stos en el mundo y generar mayor pobreza, en son de permitir invasiones y ataques militares en el mundo, es injusto, inhumano y cruel.<\/p>\n<p>La hipocres\u00eda de decir y defender una cosa y luego torcer la historia para que sus esfuerzos sean vistos como victoria, har\u00e1n que nuevamente la historia sea escrita por quienes se crean vencedores o relatores de vida.<\/p>\n<p>Todo esto hace que, bajo esta coyuntura, deba opinar que hasta tanto no se cambie la filosof\u00eda del bienestar en el mundo, \u201cla hipocres\u00eda internacional deformar\u00e1 las relaciones entre los Estados por igual\u201d.<\/p>\n<p>&nbsp;<\/p>\n<p><em>Jorge Lizarraga Torrico, Doctorando en Derecho. <\/em><\/p>\n<p><em>Escuela Internacional de Doctorado, Universidad Rey Juan Carlos, Madrid-Espa\u00f1a<\/em><\/p>\n","protected":false},"excerpt":{"rendered":"<p>Muchas veces, cuando tratamos de hablar de asuntos externos, en lo que al Derecho Internacional en general se refiere y las relaciones internacionales se trata, debemos considerar varios factores o variables que hacen que los Estados se pronuncien o no sobre determinados asuntos de inter\u00e9s internacional, porque quiz\u00e1 entre otras razones, el trasfondo afecte por [&hellip;]<\/p>\n","protected":false},"author":1,"featured_media":0,"comment_status":"closed","ping_status":"closed","sticky":false,"template":"","format":"standard","meta":{"_acf_changed":false,"footnotes":""},"categories":[9],"tags":[],"class_list":["post-66502","post","type-post","status-publish","format-standard","category-opinion"],"acf":{"antetitulo":""},"yoast_head":"<!-- This site is optimized with the Yoast SEO plugin v28.4 - https:\/\/yoast.com\/product\/yoast-seo-wordpress\/ -->\n<title>La hipocres\u00eda internacional deforma las relaciones entre todos por igual - El Diario - Bolivia<\/title>\n<meta name=\"robots\" content=\"index, follow, max-snippet:-1, max-image-preview:large, max-video-preview:-1\" \/>\n<link rel=\"canonical\" href=\"https:\/\/www.eldiario.net\/portal\/2022\/03\/01\/la-hipocresia-internacional-deforma-las-relaciones-entre-todos-por-igual\/\" \/>\n<meta property=\"og:locale\" content=\"es_ES\" \/>\n<meta property=\"og:type\" content=\"article\" \/>\n<meta property=\"og:title\" content=\"La hipocres\u00eda internacional deforma las relaciones entre todos por igual - El Diario - Bolivia\" \/>\n<meta property=\"og:description\" content=\"Muchas veces, cuando tratamos de hablar de asuntos externos, en lo que al Derecho Internacional en general se refiere y las relaciones internacionales se trata, debemos considerar varios factores o variables que hacen que los Estados se pronuncien o no sobre determinados asuntos de inter\u00e9s internacional, porque quiz\u00e1 entre otras razones, el trasfondo afecte por [&hellip;]\" \/>\n<meta property=\"og:url\" content=\"https:\/\/www.eldiario.net\/portal\/2022\/03\/01\/la-hipocresia-internacional-deforma-las-relaciones-entre-todos-por-igual\/\" \/>\n<meta property=\"og:site_name\" content=\"El Diario - Bolivia\" \/>\n<meta property=\"article:publisher\" content=\"https:\/\/www.facebook.com\/eldiario.bolivia\/\" \/>\n<meta property=\"article:published_time\" content=\"2022-03-01T08:47:43+00:00\" \/>\n<meta name=\"author\" content=\"Jeanette\" \/>\n<meta name=\"twitter:card\" content=\"summary_large_image\" \/>\n<meta name=\"twitter:creator\" content=\"@eldiario_net\" \/>\n<meta name=\"twitter:site\" content=\"@eldiario_net\" \/>\n<meta name=\"twitter:label1\" content=\"Escrito por\" \/>\n\t<meta name=\"twitter:data1\" content=\"Jeanette\" \/>\n\t<meta name=\"twitter:label2\" content=\"Tiempo de lectura\" \/>\n\t<meta name=\"twitter:data2\" content=\"6 minutos\" \/>\n<script type=\"application\/ld+json\" class=\"yoast-schema-graph\">{\"@context\":\"https:\\\/\\\/schema.org\",\"@graph\":[{\"@type\":\"Article\",\"@id\":\"https:\\\/\\\/www.eldiario.net\\\/portal\\\/2022\\\/03\\\/01\\\/la-hipocresia-internacional-deforma-las-relaciones-entre-todos-por-igual\\\/#article\",\"isPartOf\":{\"@id\":\"https:\\\/\\\/www.eldiario.net\\\/portal\\\/2022\\\/03\\\/01\\\/la-hipocresia-internacional-deforma-las-relaciones-entre-todos-por-igual\\\/\"},\"author\":{\"name\":\"Jeanette\",\"@id\":\"https:\\\/\\\/www.eldiario.net\\\/portal\\\/#\\\/schema\\\/person\\\/2c57cf2b7a7ae032e449e4c9b1019eac\"},\"headline\":\"La hipocres\u00eda internacional deforma las relaciones entre todos por igual\",\"datePublished\":\"2022-03-01T08:47:43+00:00\",\"mainEntityOfPage\":{\"@id\":\"https:\\\/\\\/www.eldiario.net\\\/portal\\\/2022\\\/03\\\/01\\\/la-hipocresia-internacional-deforma-las-relaciones-entre-todos-por-igual\\\/\"},\"wordCount\":1309,\"publisher\":{\"@id\":\"https:\\\/\\\/www.eldiario.net\\\/portal\\\/#organization\"},\"articleSection\":[\"Opini\u00f3n\"],\"inLanguage\":\"es\"},{\"@type\":\"WebPage\",\"@id\":\"https:\\\/\\\/www.eldiario.net\\\/portal\\\/2022\\\/03\\\/01\\\/la-hipocresia-internacional-deforma-las-relaciones-entre-todos-por-igual\\\/\",\"url\":\"https:\\\/\\\/www.eldiario.net\\\/portal\\\/2022\\\/03\\\/01\\\/la-hipocresia-internacional-deforma-las-relaciones-entre-todos-por-igual\\\/\",\"name\":\"La hipocres\u00eda internacional deforma las relaciones entre todos por igual - El Diario - Bolivia\",\"isPartOf\":{\"@id\":\"https:\\\/\\\/www.eldiario.net\\\/portal\\\/#website\"},\"datePublished\":\"2022-03-01T08:47:43+00:00\",\"breadcrumb\":{\"@id\":\"https:\\\/\\\/www.eldiario.net\\\/portal\\\/2022\\\/03\\\/01\\\/la-hipocresia-internacional-deforma-las-relaciones-entre-todos-por-igual\\\/#breadcrumb\"},\"inLanguage\":\"es\",\"potentialAction\":[{\"@type\":\"ReadAction\",\"target\":[\"https:\\\/\\\/www.eldiario.net\\\/portal\\\/2022\\\/03\\\/01\\\/la-hipocresia-internacional-deforma-las-relaciones-entre-todos-por-igual\\\/\"]}]},{\"@type\":\"BreadcrumbList\",\"@id\":\"https:\\\/\\\/www.eldiario.net\\\/portal\\\/2022\\\/03\\\/01\\\/la-hipocresia-internacional-deforma-las-relaciones-entre-todos-por-igual\\\/#breadcrumb\",\"itemListElement\":[{\"@type\":\"ListItem\",\"position\":1,\"name\":\"Portada\",\"item\":\"https:\\\/\\\/www.eldiario.net\\\/portal\\\/\"},{\"@type\":\"ListItem\",\"position\":2,\"name\":\"La hipocres\u00eda internacional deforma las relaciones entre todos por igual\"}]},{\"@type\":\"WebSite\",\"@id\":\"https:\\\/\\\/www.eldiario.net\\\/portal\\\/#website\",\"url\":\"https:\\\/\\\/www.eldiario.net\\\/portal\\\/\",\"name\":\"El Diario - Decano de la prensa nacional\",\"description\":\"El Diario - Decano de la prensa nacional\",\"publisher\":{\"@id\":\"https:\\\/\\\/www.eldiario.net\\\/portal\\\/#organization\"},\"potentialAction\":[{\"@type\":\"SearchAction\",\"target\":{\"@type\":\"EntryPoint\",\"urlTemplate\":\"https:\\\/\\\/www.eldiario.net\\\/portal\\\/?s={search_term_string}\"},\"query-input\":{\"@type\":\"PropertyValueSpecification\",\"valueRequired\":true,\"valueName\":\"search_term_string\"}}],\"inLanguage\":\"es\"},{\"@type\":\"Organization\",\"@id\":\"https:\\\/\\\/www.eldiario.net\\\/portal\\\/#organization\",\"name\":\"El Diario - Decano de la prensa nacional\",\"url\":\"https:\\\/\\\/www.eldiario.net\\\/portal\\\/\",\"logo\":{\"@type\":\"ImageObject\",\"inLanguage\":\"es\",\"@id\":\"https:\\\/\\\/www.eldiario.net\\\/portal\\\/#\\\/schema\\\/logo\\\/image\\\/\",\"url\":\"https:\\\/\\\/www.eldiario.net\\\/portal\\\/wp-content\\\/uploads\\\/2023\\\/07\\\/logo_ED.jpg\",\"contentUrl\":\"https:\\\/\\\/www.eldiario.net\\\/portal\\\/wp-content\\\/uploads\\\/2023\\\/07\\\/logo_ED.jpg\",\"width\":272,\"height\":52,\"caption\":\"El Diario - Decano de la prensa nacional\"},\"image\":{\"@id\":\"https:\\\/\\\/www.eldiario.net\\\/portal\\\/#\\\/schema\\\/logo\\\/image\\\/\"},\"sameAs\":[\"https:\\\/\\\/www.facebook.com\\\/eldiario.bolivia\\\/\",\"https:\\\/\\\/x.com\\\/eldiario_net\"]},{\"@type\":\"Person\",\"@id\":\"https:\\\/\\\/www.eldiario.net\\\/portal\\\/#\\\/schema\\\/person\\\/2c57cf2b7a7ae032e449e4c9b1019eac\",\"name\":\"Jeanette\",\"image\":{\"@type\":\"ImageObject\",\"inLanguage\":\"es\",\"@id\":\"https:\\\/\\\/secure.gravatar.com\\\/avatar\\\/3ea2118a5f7dad2b7138b1187a6b7ee55f160b9968b66013c3a3ef39dd7e5798?s=96&d=mm&r=g\",\"url\":\"https:\\\/\\\/secure.gravatar.com\\\/avatar\\\/3ea2118a5f7dad2b7138b1187a6b7ee55f160b9968b66013c3a3ef39dd7e5798?s=96&d=mm&r=g\",\"contentUrl\":\"https:\\\/\\\/secure.gravatar.com\\\/avatar\\\/3ea2118a5f7dad2b7138b1187a6b7ee55f160b9968b66013c3a3ef39dd7e5798?s=96&d=mm&r=g\",\"caption\":\"Jeanette\"},\"sameAs\":[\"https:\\\/\\\/www.eldiario.net\\\/portal\"],\"url\":\"https:\\\/\\\/www.eldiario.net\\\/portal\\\/author\\\/jeanette\\\/\"}]}<\/script>\n<!-- \/ Yoast SEO plugin. -->","yoast_head_json":{"title":"La hipocres\u00eda internacional deforma las relaciones entre todos por igual - El Diario - Bolivia","robots":{"index":"index","follow":"follow","max-snippet":"max-snippet:-1","max-image-preview":"max-image-preview:large","max-video-preview":"max-video-preview:-1"},"canonical":"https:\/\/www.eldiario.net\/portal\/2022\/03\/01\/la-hipocresia-internacional-deforma-las-relaciones-entre-todos-por-igual\/","og_locale":"es_ES","og_type":"article","og_title":"La hipocres\u00eda internacional deforma las relaciones entre todos por igual - El Diario - Bolivia","og_description":"Muchas veces, cuando tratamos de hablar de asuntos externos, en lo que al Derecho Internacional en general se refiere y las relaciones internacionales se trata, debemos considerar varios factores o variables que hacen que los Estados se pronuncien o no sobre determinados asuntos de inter\u00e9s internacional, porque quiz\u00e1 entre otras razones, el trasfondo afecte por [&hellip;]","og_url":"https:\/\/www.eldiario.net\/portal\/2022\/03\/01\/la-hipocresia-internacional-deforma-las-relaciones-entre-todos-por-igual\/","og_site_name":"El Diario - Bolivia","article_publisher":"https:\/\/www.facebook.com\/eldiario.bolivia\/","article_published_time":"2022-03-01T08:47:43+00:00","author":"Jeanette","twitter_card":"summary_large_image","twitter_creator":"@eldiario_net","twitter_site":"@eldiario_net","twitter_misc":{"Escrito por":"Jeanette","Tiempo de lectura":"6 minutos"},"schema":{"@context":"https:\/\/schema.org","@graph":[{"@type":"Article","@id":"https:\/\/www.eldiario.net\/portal\/2022\/03\/01\/la-hipocresia-internacional-deforma-las-relaciones-entre-todos-por-igual\/#article","isPartOf":{"@id":"https:\/\/www.eldiario.net\/portal\/2022\/03\/01\/la-hipocresia-internacional-deforma-las-relaciones-entre-todos-por-igual\/"},"author":{"name":"Jeanette","@id":"https:\/\/www.eldiario.net\/portal\/#\/schema\/person\/2c57cf2b7a7ae032e449e4c9b1019eac"},"headline":"La hipocres\u00eda internacional deforma las relaciones entre todos por igual","datePublished":"2022-03-01T08:47:43+00:00","mainEntityOfPage":{"@id":"https:\/\/www.eldiario.net\/portal\/2022\/03\/01\/la-hipocresia-internacional-deforma-las-relaciones-entre-todos-por-igual\/"},"wordCount":1309,"publisher":{"@id":"https:\/\/www.eldiario.net\/portal\/#organization"},"articleSection":["Opini\u00f3n"],"inLanguage":"es"},{"@type":"WebPage","@id":"https:\/\/www.eldiario.net\/portal\/2022\/03\/01\/la-hipocresia-internacional-deforma-las-relaciones-entre-todos-por-igual\/","url":"https:\/\/www.eldiario.net\/portal\/2022\/03\/01\/la-hipocresia-internacional-deforma-las-relaciones-entre-todos-por-igual\/","name":"La hipocres\u00eda internacional deforma las relaciones entre todos por igual - El Diario - Bolivia","isPartOf":{"@id":"https:\/\/www.eldiario.net\/portal\/#website"},"datePublished":"2022-03-01T08:47:43+00:00","breadcrumb":{"@id":"https:\/\/www.eldiario.net\/portal\/2022\/03\/01\/la-hipocresia-internacional-deforma-las-relaciones-entre-todos-por-igual\/#breadcrumb"},"inLanguage":"es","potentialAction":[{"@type":"ReadAction","target":["https:\/\/www.eldiario.net\/portal\/2022\/03\/01\/la-hipocresia-internacional-deforma-las-relaciones-entre-todos-por-igual\/"]}]},{"@type":"BreadcrumbList","@id":"https:\/\/www.eldiario.net\/portal\/2022\/03\/01\/la-hipocresia-internacional-deforma-las-relaciones-entre-todos-por-igual\/#breadcrumb","itemListElement":[{"@type":"ListItem","position":1,"name":"Portada","item":"https:\/\/www.eldiario.net\/portal\/"},{"@type":"ListItem","position":2,"name":"La hipocres\u00eda internacional deforma las relaciones entre todos por igual"}]},{"@type":"WebSite","@id":"https:\/\/www.eldiario.net\/portal\/#website","url":"https:\/\/www.eldiario.net\/portal\/","name":"El Diario - Decano de la prensa nacional","description":"El Diario - Decano de la prensa nacional","publisher":{"@id":"https:\/\/www.eldiario.net\/portal\/#organization"},"potentialAction":[{"@type":"SearchAction","target":{"@type":"EntryPoint","urlTemplate":"https:\/\/www.eldiario.net\/portal\/?s={search_term_string}"},"query-input":{"@type":"PropertyValueSpecification","valueRequired":true,"valueName":"search_term_string"}}],"inLanguage":"es"},{"@type":"Organization","@id":"https:\/\/www.eldiario.net\/portal\/#organization","name":"El Diario - Decano de la prensa nacional","url":"https:\/\/www.eldiario.net\/portal\/","logo":{"@type":"ImageObject","inLanguage":"es","@id":"https:\/\/www.eldiario.net\/portal\/#\/schema\/logo\/image\/","url":"https:\/\/www.eldiario.net\/portal\/wp-content\/uploads\/2023\/07\/logo_ED.jpg","contentUrl":"https:\/\/www.eldiario.net\/portal\/wp-content\/uploads\/2023\/07\/logo_ED.jpg","width":272,"height":52,"caption":"El Diario - Decano de la prensa nacional"},"image":{"@id":"https:\/\/www.eldiario.net\/portal\/#\/schema\/logo\/image\/"},"sameAs":["https:\/\/www.facebook.com\/eldiario.bolivia\/","https:\/\/x.com\/eldiario_net"]},{"@type":"Person","@id":"https:\/\/www.eldiario.net\/portal\/#\/schema\/person\/2c57cf2b7a7ae032e449e4c9b1019eac","name":"Jeanette","image":{"@type":"ImageObject","inLanguage":"es","@id":"https:\/\/secure.gravatar.com\/avatar\/3ea2118a5f7dad2b7138b1187a6b7ee55f160b9968b66013c3a3ef39dd7e5798?s=96&d=mm&r=g","url":"https:\/\/secure.gravatar.com\/avatar\/3ea2118a5f7dad2b7138b1187a6b7ee55f160b9968b66013c3a3ef39dd7e5798?s=96&d=mm&r=g","contentUrl":"https:\/\/secure.gravatar.com\/avatar\/3ea2118a5f7dad2b7138b1187a6b7ee55f160b9968b66013c3a3ef39dd7e5798?s=96&d=mm&r=g","caption":"Jeanette"},"sameAs":["https:\/\/www.eldiario.net\/portal"],"url":"https:\/\/www.eldiario.net\/portal\/author\/jeanette\/"}]}},"_links":{"self":[{"href":"https:\/\/www.eldiario.net\/portal\/wp-json\/wp\/v2\/posts\/66502","targetHints":{"allow":["GET"]}}],"collection":[{"href":"https:\/\/www.eldiario.net\/portal\/wp-json\/wp\/v2\/posts"}],"about":[{"href":"https:\/\/www.eldiario.net\/portal\/wp-json\/wp\/v2\/types\/post"}],"author":[{"embeddable":true,"href":"https:\/\/www.eldiario.net\/portal\/wp-json\/wp\/v2\/users\/1"}],"replies":[{"embeddable":true,"href":"https:\/\/www.eldiario.net\/portal\/wp-json\/wp\/v2\/comments?post=66502"}],"version-history":[{"count":0,"href":"https:\/\/www.eldiario.net\/portal\/wp-json\/wp\/v2\/posts\/66502\/revisions"}],"wp:attachment":[{"href":"https:\/\/www.eldiario.net\/portal\/wp-json\/wp\/v2\/media?parent=66502"}],"wp:term":[{"taxonomy":"category","embeddable":true,"href":"https:\/\/www.eldiario.net\/portal\/wp-json\/wp\/v2\/categories?post=66502"},{"taxonomy":"post_tag","embeddable":true,"href":"https:\/\/www.eldiario.net\/portal\/wp-json\/wp\/v2\/tags?post=66502"}],"curies":[{"name":"wp","href":"https:\/\/api.w.org\/{rel}","templated":true}]}}