{"id":66500,"date":"2022-03-01T04:46:37","date_gmt":"2022-03-01T08:46:37","guid":{"rendered":"https:\/\/www.eldiario.net\/portal\/?p=66500"},"modified":"2022-03-01T04:46:37","modified_gmt":"2022-03-01T08:46:37","slug":"el-gobierno-no-puede-colocar-bonos-por-perdida-de-credibilidad","status":"publish","type":"post","link":"https:\/\/www.eldiario.net\/portal\/2022\/03\/01\/el-gobierno-no-puede-colocar-bonos-por-perdida-de-credibilidad\/","title":{"rendered":"El gobierno no puede colocar bonos por p\u00e9rdida de credibilidad"},"content":{"rendered":"<p>Es cierto, el gobierno del MAS no consigue colocar $us.2.000 millones de bonos, pues perdi\u00f3 credibilidad internacional.<\/p>\n<p>La Constituci\u00f3n Pol\u00edtica del Estado establece en el Art. 172. N\u00fam. 3. \u201cProponer y dirigir las pol\u00edticas de gobierno y del Estado\u201d. Hoy vemos una pol\u00edtica de \u201ccolocar bonos\u201d, con el d\u00e9ficit Fiscal de 9,7% del PIB, considerando que la deuda interna es de Bs.83.021,4 millones. Seg\u00fan el Viceministerio del Tesoro y Cr\u00e9dito P\u00fablico, la deuda externa a 2020 es de $us.12.171 millones de d\u00f3lares, la m\u00e1s alta en la \u00faltima d\u00e9cada, representando el 31,7% del PIB, con una ratio saldo de la deuda externa debajo del umbral referencial del 40%. Y la relaci\u00f3n servicio de la deuda externa sobre exportaciones alcanza a 7,9%, cuando el umbral indicativo es de 15%, con indicadores situados por debajo de los l\u00edmites establecidos en los est\u00e1ndares internacionales.<\/p>\n<p>Los datos del INE muestran una ca\u00edda de las exportaciones de un 24% y de las exportaciones en casi un 29%, el d\u00e9ficit comercial en los 11 primeros meses de 2022 es de 64 millones de d\u00f3lares, y en ambos casos por la situaci\u00f3n internacional que se est\u00e1 viviendo en cuanto a los precios que han impactado negativamente sobre el comercio exterior\u201d. La renta petrolera cay\u00f3 un 11%, seg\u00fan el PGE 2022, mientras que el 80% del incremento de la inversi\u00f3n p\u00fablica para el 2022 es para concentrar recursos en las empresas p\u00fablicas deficitarias y otros recursos son destinados a proyectos manejados por el nivel central del Estado, orientados a campa\u00f1as electorales.<\/p>\n<p>Seg\u00fan el ministro de Econom\u00eda, Marcelo Montenegro, el gobierno emiti\u00f3 bonos soberanos por 2.000 millones de d\u00f3lares y con el inter\u00e9s de 7,5%, cuyo vencimiento es de 8 a\u00f1os. Por tanto, es el inter\u00e9s m\u00e1s alto a pagar, desde la deuda contratada en 2012. Pero de tales bonos solo se pudo colocar por 850 millones de d\u00f3lares, para atraer capitales extranjeros. Fue solo un canje y compra de t\u00edtulos-valor y se pagar\u00e1 un inter\u00e9s de 20 millones de d\u00f3lares adicionales, monto que se suma a los recursos que ya se paga por los primeros tres bonos emitidos. Para calcular el inter\u00e9s que se deber\u00e1 pagar por la nueva emisi\u00f3n se toma en cuenta la tasa de inter\u00e9s de los bonos a 10 a\u00f1os en EEUU, que est\u00e1n en 1,95% a 2%, y a eso se debe a\u00f1adir el <em>spread<\/em> de riesgo del pa\u00eds, que est\u00e1 en 550 puntos b\u00e1sicos o 5,50%. De esa manera se fija el 7,5% para los bonos soberanos bolivianos<\/p>\n<p>El 10 de febrero de este a\u00f1o, el Gobierno invit\u00f3 a los tenedores de los bonos soberanos emitidos en 2012, por $us.500 millones con una tasa de 4,88%. En 2013 se coloc\u00f3 bonos por $us.500 millones, con una tasa de 5,95% y en 2017 $us.1.000 millones con la tasa de 4,5%, a la compra y\/o canje sujeto a una futura emisi\u00f3n, cuya oferta venci\u00f3 el 23 de febrero y obligaciones de pr\u00f3ximo vencimiento. Ahora, con nueva deuda y mayor tasa de inter\u00e9s, cuyo valor representa el 42,5% de la oferta que se lanz\u00f3, solo es un peque\u00f1o respiro para las finanzas del Tesoro, el futuro es demasiado incierto porque esa estrategia financiera no fortalece las reservas internacionales.<\/p>\n<p>La transacci\u00f3n se hizo con tenedores de bonos nacionales, ya que el mercado internacional mostr\u00f3 desconfianza o el rendimiento ofrecido no compensa el nivel de riesgo en Bolivia y eso obliga a subir la tasa de inter\u00e9s, porque influyen las condiciones econ\u00f3micas y pol\u00edticas del pa\u00eds, ya que no se refleja estabilidad por la persecuci\u00f3n a opositores y eso influye en el panorama econ\u00f3mico. La calificaci\u00f3n era BB positiva y ahora BB- negativa. Si no se colocaba esos bonos, significaba salida de reservas, reduci\u00e9ndose a\u00fan m\u00e1s nuestros ahorros. Las calificadoras advierten un d\u00e9ficit alto, ca\u00edda de ingresos, menor crecimiento, completando la situaci\u00f3n la actual persecuci\u00f3n pol\u00edtica y conflictos sociales, todo lo que influye para la calificaci\u00f3n de riesgo.<\/p>\n<p>La calificaci\u00f3n de riesgo es resultado de un proceso de evaluaci\u00f3n peri\u00f3dico, que refleja la opini\u00f3n respecto al riesgo crediticio (probabilidad de impago-default) del gobierno. Esto se basa en un an\u00e1lisis cuantitativo y cualitativo de la capacidad de honrar obligaciones del pa\u00eds, conforme a condiciones pactadas, adem\u00e1s de aspectos econ\u00f3micos, sociales, institucionales y pol\u00edticos que inciden en el desempe\u00f1o de la econom\u00eda. Por tanto, NO es un resultado \u00f3ptimo, al contrario, Bolivia pierde credibilidad internacional, no solo pol\u00edtica sino ahora en la econom\u00eda, manejada por el aguantArce.<\/p>\n<p>&nbsp;<\/p>\n<p><em>Ang\u00e9lica Siles Parrado, economista, ex Asamble\u00edsta Constituyente.<\/em><\/p>\n","protected":false},"excerpt":{"rendered":"<p>Es cierto, el gobierno del MAS no consigue colocar $us.2.000 millones de bonos, pues perdi\u00f3 credibilidad internacional. La Constituci\u00f3n Pol\u00edtica del Estado establece en el Art. 172. N\u00fam. 3. \u201cProponer y dirigir las pol\u00edticas de gobierno y del Estado\u201d. Hoy vemos una pol\u00edtica de \u201ccolocar bonos\u201d, con el d\u00e9ficit Fiscal de 9,7% del PIB, considerando [&hellip;]<\/p>\n","protected":false},"author":1,"featured_media":2714,"comment_status":"closed","ping_status":"closed","sticky":false,"template":"","format":"standard","meta":{"_acf_changed":false,"footnotes":""},"categories":[9],"tags":[],"class_list":["post-66500","post","type-post","status-publish","format-standard","has-post-thumbnail","category-opinion"],"acf":{"antetitulo":""},"yoast_head":"<!-- This site is optimized with the Yoast SEO plugin v28.4 - https:\/\/yoast.com\/product\/yoast-seo-wordpress\/ -->\n<title>El gobierno no puede colocar bonos por p\u00e9rdida de credibilidad - El Diario - Bolivia<\/title>\n<meta name=\"robots\" content=\"index, follow, max-snippet:-1, max-image-preview:large, max-video-preview:-1\" \/>\n<link rel=\"canonical\" href=\"https:\/\/www.eldiario.net\/portal\/2022\/03\/01\/el-gobierno-no-puede-colocar-bonos-por-perdida-de-credibilidad\/\" \/>\n<meta property=\"og:locale\" content=\"es_ES\" \/>\n<meta property=\"og:type\" content=\"article\" \/>\n<meta property=\"og:title\" content=\"El gobierno no puede colocar bonos por p\u00e9rdida de credibilidad - El Diario - Bolivia\" \/>\n<meta property=\"og:description\" content=\"Es cierto, el gobierno del MAS no consigue colocar $us.2.000 millones de bonos, pues perdi\u00f3 credibilidad internacional. La Constituci\u00f3n Pol\u00edtica del Estado establece en el Art. 172. N\u00fam. 3. \u201cProponer y dirigir las pol\u00edticas de gobierno y del Estado\u201d. Hoy vemos una pol\u00edtica de \u201ccolocar bonos\u201d, con el d\u00e9ficit Fiscal de 9,7% del PIB, considerando [&hellip;]\" \/>\n<meta property=\"og:url\" content=\"https:\/\/www.eldiario.net\/portal\/2022\/03\/01\/el-gobierno-no-puede-colocar-bonos-por-perdida-de-credibilidad\/\" \/>\n<meta property=\"og:site_name\" content=\"El Diario - Bolivia\" \/>\n<meta property=\"article:publisher\" content=\"https:\/\/www.facebook.com\/eldiario.bolivia\/\" \/>\n<meta property=\"article:published_time\" content=\"2022-03-01T08:46:37+00:00\" \/>\n<meta property=\"og:image\" content=\"https:\/\/www.eldiario.net\/portal\/wp-content\/uploads\/2021\/04\/angelica_siles-1.jpg\" \/>\n\t<meta property=\"og:image:width\" content=\"1200\" \/>\n\t<meta property=\"og:image:height\" content=\"628\" \/>\n\t<meta property=\"og:image:type\" content=\"image\/jpeg\" \/>\n<meta name=\"author\" content=\"Jeanette\" \/>\n<meta name=\"twitter:card\" content=\"summary_large_image\" \/>\n<meta name=\"twitter:creator\" content=\"@eldiario_net\" \/>\n<meta name=\"twitter:site\" content=\"@eldiario_net\" \/>\n<meta name=\"twitter:label1\" content=\"Escrito por\" \/>\n\t<meta name=\"twitter:data1\" content=\"Jeanette\" \/>\n\t<meta name=\"twitter:label2\" content=\"Tiempo de lectura\" \/>\n\t<meta name=\"twitter:data2\" content=\"4 minutos\" \/>\n<script type=\"application\/ld+json\" class=\"yoast-schema-graph\">{\"@context\":\"https:\\\/\\\/schema.org\",\"@graph\":[{\"@type\":\"Article\",\"@id\":\"https:\\\/\\\/www.eldiario.net\\\/portal\\\/2022\\\/03\\\/01\\\/el-gobierno-no-puede-colocar-bonos-por-perdida-de-credibilidad\\\/#article\",\"isPartOf\":{\"@id\":\"https:\\\/\\\/www.eldiario.net\\\/portal\\\/2022\\\/03\\\/01\\\/el-gobierno-no-puede-colocar-bonos-por-perdida-de-credibilidad\\\/\"},\"author\":{\"name\":\"Jeanette\",\"@id\":\"https:\\\/\\\/www.eldiario.net\\\/portal\\\/#\\\/schema\\\/person\\\/2c57cf2b7a7ae032e449e4c9b1019eac\"},\"headline\":\"El gobierno no puede colocar bonos por p\u00e9rdida de credibilidad\",\"datePublished\":\"2022-03-01T08:46:37+00:00\",\"mainEntityOfPage\":{\"@id\":\"https:\\\/\\\/www.eldiario.net\\\/portal\\\/2022\\\/03\\\/01\\\/el-gobierno-no-puede-colocar-bonos-por-perdida-de-credibilidad\\\/\"},\"wordCount\":800,\"publisher\":{\"@id\":\"https:\\\/\\\/www.eldiario.net\\\/portal\\\/#organization\"},\"image\":{\"@id\":\"https:\\\/\\\/www.eldiario.net\\\/portal\\\/2022\\\/03\\\/01\\\/el-gobierno-no-puede-colocar-bonos-por-perdida-de-credibilidad\\\/#primaryimage\"},\"thumbnailUrl\":\"https:\\\/\\\/www.eldiario.net\\\/portal\\\/wp-content\\\/uploads\\\/2021\\\/04\\\/angelica_siles-1.jpg\",\"articleSection\":[\"Opini\u00f3n\"],\"inLanguage\":\"es\"},{\"@type\":\"WebPage\",\"@id\":\"https:\\\/\\\/www.eldiario.net\\\/portal\\\/2022\\\/03\\\/01\\\/el-gobierno-no-puede-colocar-bonos-por-perdida-de-credibilidad\\\/\",\"url\":\"https:\\\/\\\/www.eldiario.net\\\/portal\\\/2022\\\/03\\\/01\\\/el-gobierno-no-puede-colocar-bonos-por-perdida-de-credibilidad\\\/\",\"name\":\"El gobierno no puede colocar bonos por p\u00e9rdida de credibilidad - El Diario - Bolivia\",\"isPartOf\":{\"@id\":\"https:\\\/\\\/www.eldiario.net\\\/portal\\\/#website\"},\"primaryImageOfPage\":{\"@id\":\"https:\\\/\\\/www.eldiario.net\\\/portal\\\/2022\\\/03\\\/01\\\/el-gobierno-no-puede-colocar-bonos-por-perdida-de-credibilidad\\\/#primaryimage\"},\"image\":{\"@id\":\"https:\\\/\\\/www.eldiario.net\\\/portal\\\/2022\\\/03\\\/01\\\/el-gobierno-no-puede-colocar-bonos-por-perdida-de-credibilidad\\\/#primaryimage\"},\"thumbnailUrl\":\"https:\\\/\\\/www.eldiario.net\\\/portal\\\/wp-content\\\/uploads\\\/2021\\\/04\\\/angelica_siles-1.jpg\",\"datePublished\":\"2022-03-01T08:46:37+00:00\",\"breadcrumb\":{\"@id\":\"https:\\\/\\\/www.eldiario.net\\\/portal\\\/2022\\\/03\\\/01\\\/el-gobierno-no-puede-colocar-bonos-por-perdida-de-credibilidad\\\/#breadcrumb\"},\"inLanguage\":\"es\",\"potentialAction\":[{\"@type\":\"ReadAction\",\"target\":[\"https:\\\/\\\/www.eldiario.net\\\/portal\\\/2022\\\/03\\\/01\\\/el-gobierno-no-puede-colocar-bonos-por-perdida-de-credibilidad\\\/\"]}]},{\"@type\":\"ImageObject\",\"inLanguage\":\"es\",\"@id\":\"https:\\\/\\\/www.eldiario.net\\\/portal\\\/2022\\\/03\\\/01\\\/el-gobierno-no-puede-colocar-bonos-por-perdida-de-credibilidad\\\/#primaryimage\",\"url\":\"https:\\\/\\\/www.eldiario.net\\\/portal\\\/wp-content\\\/uploads\\\/2021\\\/04\\\/angelica_siles-1.jpg\",\"contentUrl\":\"https:\\\/\\\/www.eldiario.net\\\/portal\\\/wp-content\\\/uploads\\\/2021\\\/04\\\/angelica_siles-1.jpg\",\"width\":1200,\"height\":628},{\"@type\":\"BreadcrumbList\",\"@id\":\"https:\\\/\\\/www.eldiario.net\\\/portal\\\/2022\\\/03\\\/01\\\/el-gobierno-no-puede-colocar-bonos-por-perdida-de-credibilidad\\\/#breadcrumb\",\"itemListElement\":[{\"@type\":\"ListItem\",\"position\":1,\"name\":\"Portada\",\"item\":\"https:\\\/\\\/www.eldiario.net\\\/portal\\\/\"},{\"@type\":\"ListItem\",\"position\":2,\"name\":\"El gobierno no puede colocar bonos por p\u00e9rdida de credibilidad\"}]},{\"@type\":\"WebSite\",\"@id\":\"https:\\\/\\\/www.eldiario.net\\\/portal\\\/#website\",\"url\":\"https:\\\/\\\/www.eldiario.net\\\/portal\\\/\",\"name\":\"El Diario - Decano de la prensa nacional\",\"description\":\"El Diario - Decano de la prensa nacional\",\"publisher\":{\"@id\":\"https:\\\/\\\/www.eldiario.net\\\/portal\\\/#organization\"},\"potentialAction\":[{\"@type\":\"SearchAction\",\"target\":{\"@type\":\"EntryPoint\",\"urlTemplate\":\"https:\\\/\\\/www.eldiario.net\\\/portal\\\/?s={search_term_string}\"},\"query-input\":{\"@type\":\"PropertyValueSpecification\",\"valueRequired\":true,\"valueName\":\"search_term_string\"}}],\"inLanguage\":\"es\"},{\"@type\":\"Organization\",\"@id\":\"https:\\\/\\\/www.eldiario.net\\\/portal\\\/#organization\",\"name\":\"El Diario - Decano de la prensa nacional\",\"url\":\"https:\\\/\\\/www.eldiario.net\\\/portal\\\/\",\"logo\":{\"@type\":\"ImageObject\",\"inLanguage\":\"es\",\"@id\":\"https:\\\/\\\/www.eldiario.net\\\/portal\\\/#\\\/schema\\\/logo\\\/image\\\/\",\"url\":\"https:\\\/\\\/www.eldiario.net\\\/portal\\\/wp-content\\\/uploads\\\/2023\\\/07\\\/logo_ED.jpg\",\"contentUrl\":\"https:\\\/\\\/www.eldiario.net\\\/portal\\\/wp-content\\\/uploads\\\/2023\\\/07\\\/logo_ED.jpg\",\"width\":272,\"height\":52,\"caption\":\"El Diario - Decano de la prensa nacional\"},\"image\":{\"@id\":\"https:\\\/\\\/www.eldiario.net\\\/portal\\\/#\\\/schema\\\/logo\\\/image\\\/\"},\"sameAs\":[\"https:\\\/\\\/www.facebook.com\\\/eldiario.bolivia\\\/\",\"https:\\\/\\\/x.com\\\/eldiario_net\"]},{\"@type\":\"Person\",\"@id\":\"https:\\\/\\\/www.eldiario.net\\\/portal\\\/#\\\/schema\\\/person\\\/2c57cf2b7a7ae032e449e4c9b1019eac\",\"name\":\"Jeanette\",\"image\":{\"@type\":\"ImageObject\",\"inLanguage\":\"es\",\"@id\":\"https:\\\/\\\/secure.gravatar.com\\\/avatar\\\/3ea2118a5f7dad2b7138b1187a6b7ee55f160b9968b66013c3a3ef39dd7e5798?s=96&d=mm&r=g\",\"url\":\"https:\\\/\\\/secure.gravatar.com\\\/avatar\\\/3ea2118a5f7dad2b7138b1187a6b7ee55f160b9968b66013c3a3ef39dd7e5798?s=96&d=mm&r=g\",\"contentUrl\":\"https:\\\/\\\/secure.gravatar.com\\\/avatar\\\/3ea2118a5f7dad2b7138b1187a6b7ee55f160b9968b66013c3a3ef39dd7e5798?s=96&d=mm&r=g\",\"caption\":\"Jeanette\"},\"sameAs\":[\"https:\\\/\\\/www.eldiario.net\\\/portal\"],\"url\":\"https:\\\/\\\/www.eldiario.net\\\/portal\\\/author\\\/jeanette\\\/\"}]}<\/script>\n<!-- \/ Yoast SEO plugin. -->","yoast_head_json":{"title":"El gobierno no puede colocar bonos por p\u00e9rdida de credibilidad - El Diario - Bolivia","robots":{"index":"index","follow":"follow","max-snippet":"max-snippet:-1","max-image-preview":"max-image-preview:large","max-video-preview":"max-video-preview:-1"},"canonical":"https:\/\/www.eldiario.net\/portal\/2022\/03\/01\/el-gobierno-no-puede-colocar-bonos-por-perdida-de-credibilidad\/","og_locale":"es_ES","og_type":"article","og_title":"El gobierno no puede colocar bonos por p\u00e9rdida de credibilidad - El Diario - Bolivia","og_description":"Es cierto, el gobierno del MAS no consigue colocar $us.2.000 millones de bonos, pues perdi\u00f3 credibilidad internacional. La Constituci\u00f3n Pol\u00edtica del Estado establece en el Art. 172. N\u00fam. 3. \u201cProponer y dirigir las pol\u00edticas de gobierno y del Estado\u201d. Hoy vemos una pol\u00edtica de \u201ccolocar bonos\u201d, con el d\u00e9ficit Fiscal de 9,7% del PIB, considerando [&hellip;]","og_url":"https:\/\/www.eldiario.net\/portal\/2022\/03\/01\/el-gobierno-no-puede-colocar-bonos-por-perdida-de-credibilidad\/","og_site_name":"El Diario - Bolivia","article_publisher":"https:\/\/www.facebook.com\/eldiario.bolivia\/","article_published_time":"2022-03-01T08:46:37+00:00","og_image":[{"width":1200,"height":628,"url":"https:\/\/www.eldiario.net\/portal\/wp-content\/uploads\/2021\/04\/angelica_siles-1.jpg","type":"image\/jpeg"}],"author":"Jeanette","twitter_card":"summary_large_image","twitter_creator":"@eldiario_net","twitter_site":"@eldiario_net","twitter_misc":{"Escrito por":"Jeanette","Tiempo de lectura":"4 minutos"},"schema":{"@context":"https:\/\/schema.org","@graph":[{"@type":"Article","@id":"https:\/\/www.eldiario.net\/portal\/2022\/03\/01\/el-gobierno-no-puede-colocar-bonos-por-perdida-de-credibilidad\/#article","isPartOf":{"@id":"https:\/\/www.eldiario.net\/portal\/2022\/03\/01\/el-gobierno-no-puede-colocar-bonos-por-perdida-de-credibilidad\/"},"author":{"name":"Jeanette","@id":"https:\/\/www.eldiario.net\/portal\/#\/schema\/person\/2c57cf2b7a7ae032e449e4c9b1019eac"},"headline":"El gobierno no puede colocar bonos por p\u00e9rdida de credibilidad","datePublished":"2022-03-01T08:46:37+00:00","mainEntityOfPage":{"@id":"https:\/\/www.eldiario.net\/portal\/2022\/03\/01\/el-gobierno-no-puede-colocar-bonos-por-perdida-de-credibilidad\/"},"wordCount":800,"publisher":{"@id":"https:\/\/www.eldiario.net\/portal\/#organization"},"image":{"@id":"https:\/\/www.eldiario.net\/portal\/2022\/03\/01\/el-gobierno-no-puede-colocar-bonos-por-perdida-de-credibilidad\/#primaryimage"},"thumbnailUrl":"https:\/\/www.eldiario.net\/portal\/wp-content\/uploads\/2021\/04\/angelica_siles-1.jpg","articleSection":["Opini\u00f3n"],"inLanguage":"es"},{"@type":"WebPage","@id":"https:\/\/www.eldiario.net\/portal\/2022\/03\/01\/el-gobierno-no-puede-colocar-bonos-por-perdida-de-credibilidad\/","url":"https:\/\/www.eldiario.net\/portal\/2022\/03\/01\/el-gobierno-no-puede-colocar-bonos-por-perdida-de-credibilidad\/","name":"El gobierno no puede colocar bonos por p\u00e9rdida de credibilidad - El Diario - Bolivia","isPartOf":{"@id":"https:\/\/www.eldiario.net\/portal\/#website"},"primaryImageOfPage":{"@id":"https:\/\/www.eldiario.net\/portal\/2022\/03\/01\/el-gobierno-no-puede-colocar-bonos-por-perdida-de-credibilidad\/#primaryimage"},"image":{"@id":"https:\/\/www.eldiario.net\/portal\/2022\/03\/01\/el-gobierno-no-puede-colocar-bonos-por-perdida-de-credibilidad\/#primaryimage"},"thumbnailUrl":"https:\/\/www.eldiario.net\/portal\/wp-content\/uploads\/2021\/04\/angelica_siles-1.jpg","datePublished":"2022-03-01T08:46:37+00:00","breadcrumb":{"@id":"https:\/\/www.eldiario.net\/portal\/2022\/03\/01\/el-gobierno-no-puede-colocar-bonos-por-perdida-de-credibilidad\/#breadcrumb"},"inLanguage":"es","potentialAction":[{"@type":"ReadAction","target":["https:\/\/www.eldiario.net\/portal\/2022\/03\/01\/el-gobierno-no-puede-colocar-bonos-por-perdida-de-credibilidad\/"]}]},{"@type":"ImageObject","inLanguage":"es","@id":"https:\/\/www.eldiario.net\/portal\/2022\/03\/01\/el-gobierno-no-puede-colocar-bonos-por-perdida-de-credibilidad\/#primaryimage","url":"https:\/\/www.eldiario.net\/portal\/wp-content\/uploads\/2021\/04\/angelica_siles-1.jpg","contentUrl":"https:\/\/www.eldiario.net\/portal\/wp-content\/uploads\/2021\/04\/angelica_siles-1.jpg","width":1200,"height":628},{"@type":"BreadcrumbList","@id":"https:\/\/www.eldiario.net\/portal\/2022\/03\/01\/el-gobierno-no-puede-colocar-bonos-por-perdida-de-credibilidad\/#breadcrumb","itemListElement":[{"@type":"ListItem","position":1,"name":"Portada","item":"https:\/\/www.eldiario.net\/portal\/"},{"@type":"ListItem","position":2,"name":"El gobierno no puede colocar bonos por p\u00e9rdida de credibilidad"}]},{"@type":"WebSite","@id":"https:\/\/www.eldiario.net\/portal\/#website","url":"https:\/\/www.eldiario.net\/portal\/","name":"El Diario - Decano de la prensa nacional","description":"El Diario - Decano de la prensa nacional","publisher":{"@id":"https:\/\/www.eldiario.net\/portal\/#organization"},"potentialAction":[{"@type":"SearchAction","target":{"@type":"EntryPoint","urlTemplate":"https:\/\/www.eldiario.net\/portal\/?s={search_term_string}"},"query-input":{"@type":"PropertyValueSpecification","valueRequired":true,"valueName":"search_term_string"}}],"inLanguage":"es"},{"@type":"Organization","@id":"https:\/\/www.eldiario.net\/portal\/#organization","name":"El Diario - Decano de la prensa nacional","url":"https:\/\/www.eldiario.net\/portal\/","logo":{"@type":"ImageObject","inLanguage":"es","@id":"https:\/\/www.eldiario.net\/portal\/#\/schema\/logo\/image\/","url":"https:\/\/www.eldiario.net\/portal\/wp-content\/uploads\/2023\/07\/logo_ED.jpg","contentUrl":"https:\/\/www.eldiario.net\/portal\/wp-content\/uploads\/2023\/07\/logo_ED.jpg","width":272,"height":52,"caption":"El Diario - Decano de la prensa nacional"},"image":{"@id":"https:\/\/www.eldiario.net\/portal\/#\/schema\/logo\/image\/"},"sameAs":["https:\/\/www.facebook.com\/eldiario.bolivia\/","https:\/\/x.com\/eldiario_net"]},{"@type":"Person","@id":"https:\/\/www.eldiario.net\/portal\/#\/schema\/person\/2c57cf2b7a7ae032e449e4c9b1019eac","name":"Jeanette","image":{"@type":"ImageObject","inLanguage":"es","@id":"https:\/\/secure.gravatar.com\/avatar\/3ea2118a5f7dad2b7138b1187a6b7ee55f160b9968b66013c3a3ef39dd7e5798?s=96&d=mm&r=g","url":"https:\/\/secure.gravatar.com\/avatar\/3ea2118a5f7dad2b7138b1187a6b7ee55f160b9968b66013c3a3ef39dd7e5798?s=96&d=mm&r=g","contentUrl":"https:\/\/secure.gravatar.com\/avatar\/3ea2118a5f7dad2b7138b1187a6b7ee55f160b9968b66013c3a3ef39dd7e5798?s=96&d=mm&r=g","caption":"Jeanette"},"sameAs":["https:\/\/www.eldiario.net\/portal"],"url":"https:\/\/www.eldiario.net\/portal\/author\/jeanette\/"}]}},"_links":{"self":[{"href":"https:\/\/www.eldiario.net\/portal\/wp-json\/wp\/v2\/posts\/66500","targetHints":{"allow":["GET"]}}],"collection":[{"href":"https:\/\/www.eldiario.net\/portal\/wp-json\/wp\/v2\/posts"}],"about":[{"href":"https:\/\/www.eldiario.net\/portal\/wp-json\/wp\/v2\/types\/post"}],"author":[{"embeddable":true,"href":"https:\/\/www.eldiario.net\/portal\/wp-json\/wp\/v2\/users\/1"}],"replies":[{"embeddable":true,"href":"https:\/\/www.eldiario.net\/portal\/wp-json\/wp\/v2\/comments?post=66500"}],"version-history":[{"count":0,"href":"https:\/\/www.eldiario.net\/portal\/wp-json\/wp\/v2\/posts\/66500\/revisions"}],"wp:featuredmedia":[{"embeddable":true,"href":"https:\/\/www.eldiario.net\/portal\/wp-json\/wp\/v2\/media\/2714"}],"wp:attachment":[{"href":"https:\/\/www.eldiario.net\/portal\/wp-json\/wp\/v2\/media?parent=66500"}],"wp:term":[{"taxonomy":"category","embeddable":true,"href":"https:\/\/www.eldiario.net\/portal\/wp-json\/wp\/v2\/categories?post=66500"},{"taxonomy":"post_tag","embeddable":true,"href":"https:\/\/www.eldiario.net\/portal\/wp-json\/wp\/v2\/tags?post=66500"}],"curies":[{"name":"wp","href":"https:\/\/api.w.org\/{rel}","templated":true}]}}