{"id":66493,"date":"2022-03-01T04:42:06","date_gmt":"2022-03-01T08:42:06","guid":{"rendered":"https:\/\/www.eldiario.net\/portal\/?p=66493"},"modified":"2022-03-01T04:42:06","modified_gmt":"2022-03-01T08:42:06","slug":"ramallo-nos-condicionan-a-que-con-los-triunfos-vamos-a-cobrar","status":"publish","type":"post","link":"https:\/\/www.eldiario.net\/portal\/2022\/03\/01\/ramallo-nos-condicionan-a-que-con-los-triunfos-vamos-a-cobrar\/","title":{"rendered":"Ramallo: \u00abNos condicionan a que con los triunfos vamos a cobrar&#8230;\u00bb"},"content":{"rendered":"<p class=\"v1MsoNormal\">Rodrigo Ramallo, al igual que varios de los jugadores albirrojos, expresaron su molestia por la forma en que est\u00e1n sucediendo las cosas en Always Ready.<\/p>\n<p class=\"v1MsoNormal\">Ramallo, m\u00e1s directo, dijo que se tiene que mejorar las cosas de cara al torneo Apertura y la Libertadores.<\/p>\n<p class=\"v1MsoNormal\">A jugadores y su hinchada no les gust\u00f3 perder feo ayer ante Bol\u00edvar.<\/p>\n<p class=\"v1MsoNormal\">\u00abNo lo hemos visto a Andr\u00e9s, espero que pronto pueda estar aqu\u00ed, pueda dar la cara para solucionar las cosas, nunca he sido tajante, hoy lo tengo que ser, es lo que veo y lo que siento, las cosas tienen que cambiar desde arriba, en la interna, aqu\u00ed no juegan nombres juegan hombres, primero desde arriba, ser autocr\u00edticos para los siguientes partidos y la Libertadores\u00bb, afirm\u00f3 el jugador tras el partido ante los celestes.<\/p>\n<p class=\"v1MsoNormal\">Se refiri\u00f3 a todo, tambi\u00e9n en la parte econ\u00f3mica.<\/p>\n<p class=\"v1MsoNormal\">\u00abNo quiero tocar ese tema, no me incumbe para no hacer da\u00f1o a la instituci\u00f3n pero todos venimos arrastrando esto, quiz\u00e1s algunos necesitan de ese pago y no est\u00e1n comprometidos, vienen con la cabeza para otro lado, espero que podamos solucionar, lastimosamente se est\u00e1 condicionando con los resultados y esperemos que eso pueda cambiar y nosotros responder\u00bb, afirm\u00f3.<\/p>\n<p class=\"v1MsoNormal\">Ramallo dijo que la relaci\u00f3n con la dirigencia no es la de antes, pero es evidente que hay diferencias.<\/p>\n<p class=\"v1MsoNormal\">\u00abNo es que est\u00e1 rota, nos estamos manejando mal, en sentido de creer o pensar que los resultados nos condicionan para los pagos y est\u00e1 mal, Always Ready hace rato que no se maneja de esa manera, nos condicionan a que con los triunfos vamos a cobrar y eso nos juega una mala pasada, espero que eso lo podamos solucionar, la interna no est\u00e1 bien, aqu\u00ed juegan los que quieren estar, responder, no solo los nombres y los refuerzos\u00bb.<\/p>\n<p class=\"v1MsoNormal\">El jugador que tambi\u00e9n ha sido convocado en varias oportunidades a la Verde, espera que todo cambie para bien de la instituci\u00f3n.<\/p>\n<p class=\"v1MsoNormal\">\u00abEs un llamado de atenci\u00f3n para todos, me incluyo, que podamos mejorar. Si bien el profesor (Abreu) no pudo estar por una situaci\u00f3n familiar, es entendible, pero el jugador boliviano no est\u00e1 acostumbrado a que venga un t\u00e9cnico de condiciones que trabaje de manera distinta, nos hace entrenar muy bien el profesor Abreu pero el jugador boliviano no est\u00e1 acostumbrado a ello, aqu\u00ed el que corre y est\u00e1 mejor de la cabeza. Nosotros somos los responsables, pero ayuda el asunto econ\u00f3mico\u00bb.<\/p>\n","protected":false},"excerpt":{"rendered":"<p>Rodrigo Ramallo, al igual que varios de los jugadores albirrojos, expresaron su molestia por la forma en que est\u00e1n sucediendo las cosas en Always Ready. Ramallo, m\u00e1s directo, dijo que se tiene que mejorar las cosas de cara al torneo Apertura y la Libertadores. A jugadores y su hinchada no les gust\u00f3 perder feo ayer [&hellip;]<\/p>\n","protected":false},"author":1,"featured_media":66494,"comment_status":"closed","ping_status":"closed","sticky":false,"template":"","format":"standard","meta":{"_acf_changed":false,"footnotes":""},"categories":[6],"tags":[],"class_list":["post-66493","post","type-post","status-publish","format-standard","has-post-thumbnail","category-deportes"],"acf":{"antetitulo":""},"yoast_head":"<!-- This site is optimized with the Yoast SEO plugin v28.4 - https:\/\/yoast.com\/product\/yoast-seo-wordpress\/ -->\n<title>Ramallo: &quot;Nos condicionan a que con los triunfos vamos a cobrar...&quot; - El Diario - Bolivia<\/title>\n<meta name=\"robots\" content=\"index, follow, max-snippet:-1, max-image-preview:large, max-video-preview:-1\" \/>\n<link rel=\"canonical\" href=\"https:\/\/www.eldiario.net\/portal\/2022\/03\/01\/ramallo-nos-condicionan-a-que-con-los-triunfos-vamos-a-cobrar\/\" \/>\n<meta property=\"og:locale\" content=\"es_ES\" \/>\n<meta property=\"og:type\" content=\"article\" \/>\n<meta property=\"og:title\" content=\"Ramallo: &quot;Nos condicionan a que con los triunfos vamos a cobrar...&quot; - El Diario - Bolivia\" \/>\n<meta property=\"og:description\" content=\"Rodrigo Ramallo, al igual que varios de los jugadores albirrojos, expresaron su molestia por la forma en que est\u00e1n sucediendo las cosas en Always Ready. Ramallo, m\u00e1s directo, dijo que se tiene que mejorar las cosas de cara al torneo Apertura y la Libertadores. A jugadores y su hinchada no les gust\u00f3 perder feo ayer [&hellip;]\" \/>\n<meta property=\"og:url\" content=\"https:\/\/www.eldiario.net\/portal\/2022\/03\/01\/ramallo-nos-condicionan-a-que-con-los-triunfos-vamos-a-cobrar\/\" \/>\n<meta property=\"og:site_name\" content=\"El Diario - Bolivia\" \/>\n<meta property=\"article:publisher\" content=\"https:\/\/www.facebook.com\/eldiario.bolivia\/\" \/>\n<meta property=\"article:published_time\" content=\"2022-03-01T08:42:06+00:00\" \/>\n<meta property=\"og:image\" content=\"https:\/\/www.eldiario.net\/portal\/wp-content\/uploads\/2022\/03\/always-scaled-1.jpg\" \/>\n\t<meta property=\"og:image:width\" content=\"2560\" \/>\n\t<meta property=\"og:image:height\" content=\"1708\" \/>\n\t<meta property=\"og:image:type\" content=\"image\/jpeg\" \/>\n<meta name=\"author\" content=\"Jeanette\" \/>\n<meta name=\"twitter:card\" content=\"summary_large_image\" \/>\n<meta name=\"twitter:creator\" content=\"@eldiario_net\" \/>\n<meta name=\"twitter:site\" content=\"@eldiario_net\" \/>\n<meta name=\"twitter:label1\" content=\"Escrito por\" \/>\n\t<meta name=\"twitter:data1\" content=\"Jeanette\" \/>\n\t<meta name=\"twitter:label2\" content=\"Tiempo de lectura\" \/>\n\t<meta name=\"twitter:data2\" content=\"2 minutos\" \/>\n<script type=\"application\/ld+json\" class=\"yoast-schema-graph\">{\"@context\":\"https:\\\/\\\/schema.org\",\"@graph\":[{\"@type\":\"Article\",\"@id\":\"https:\\\/\\\/www.eldiario.net\\\/portal\\\/2022\\\/03\\\/01\\\/ramallo-nos-condicionan-a-que-con-los-triunfos-vamos-a-cobrar\\\/#article\",\"isPartOf\":{\"@id\":\"https:\\\/\\\/www.eldiario.net\\\/portal\\\/2022\\\/03\\\/01\\\/ramallo-nos-condicionan-a-que-con-los-triunfos-vamos-a-cobrar\\\/\"},\"author\":{\"name\":\"Jeanette\",\"@id\":\"https:\\\/\\\/www.eldiario.net\\\/portal\\\/#\\\/schema\\\/person\\\/2c57cf2b7a7ae032e449e4c9b1019eac\"},\"headline\":\"Ramallo: \u00abNos condicionan a que con los triunfos vamos a cobrar&#8230;\u00bb\",\"datePublished\":\"2022-03-01T08:42:06+00:00\",\"mainEntityOfPage\":{\"@id\":\"https:\\\/\\\/www.eldiario.net\\\/portal\\\/2022\\\/03\\\/01\\\/ramallo-nos-condicionan-a-que-con-los-triunfos-vamos-a-cobrar\\\/\"},\"wordCount\":428,\"publisher\":{\"@id\":\"https:\\\/\\\/www.eldiario.net\\\/portal\\\/#organization\"},\"image\":{\"@id\":\"https:\\\/\\\/www.eldiario.net\\\/portal\\\/2022\\\/03\\\/01\\\/ramallo-nos-condicionan-a-que-con-los-triunfos-vamos-a-cobrar\\\/#primaryimage\"},\"thumbnailUrl\":\"https:\\\/\\\/www.eldiario.net\\\/portal\\\/wp-content\\\/uploads\\\/2022\\\/03\\\/always-scaled-1.jpg\",\"articleSection\":[\"Deportes\"],\"inLanguage\":\"es\"},{\"@type\":\"WebPage\",\"@id\":\"https:\\\/\\\/www.eldiario.net\\\/portal\\\/2022\\\/03\\\/01\\\/ramallo-nos-condicionan-a-que-con-los-triunfos-vamos-a-cobrar\\\/\",\"url\":\"https:\\\/\\\/www.eldiario.net\\\/portal\\\/2022\\\/03\\\/01\\\/ramallo-nos-condicionan-a-que-con-los-triunfos-vamos-a-cobrar\\\/\",\"name\":\"Ramallo: \\\"Nos condicionan a que con los triunfos vamos a cobrar...\\\" - El Diario - Bolivia\",\"isPartOf\":{\"@id\":\"https:\\\/\\\/www.eldiario.net\\\/portal\\\/#website\"},\"primaryImageOfPage\":{\"@id\":\"https:\\\/\\\/www.eldiario.net\\\/portal\\\/2022\\\/03\\\/01\\\/ramallo-nos-condicionan-a-que-con-los-triunfos-vamos-a-cobrar\\\/#primaryimage\"},\"image\":{\"@id\":\"https:\\\/\\\/www.eldiario.net\\\/portal\\\/2022\\\/03\\\/01\\\/ramallo-nos-condicionan-a-que-con-los-triunfos-vamos-a-cobrar\\\/#primaryimage\"},\"thumbnailUrl\":\"https:\\\/\\\/www.eldiario.net\\\/portal\\\/wp-content\\\/uploads\\\/2022\\\/03\\\/always-scaled-1.jpg\",\"datePublished\":\"2022-03-01T08:42:06+00:00\",\"breadcrumb\":{\"@id\":\"https:\\\/\\\/www.eldiario.net\\\/portal\\\/2022\\\/03\\\/01\\\/ramallo-nos-condicionan-a-que-con-los-triunfos-vamos-a-cobrar\\\/#breadcrumb\"},\"inLanguage\":\"es\",\"potentialAction\":[{\"@type\":\"ReadAction\",\"target\":[\"https:\\\/\\\/www.eldiario.net\\\/portal\\\/2022\\\/03\\\/01\\\/ramallo-nos-condicionan-a-que-con-los-triunfos-vamos-a-cobrar\\\/\"]}]},{\"@type\":\"ImageObject\",\"inLanguage\":\"es\",\"@id\":\"https:\\\/\\\/www.eldiario.net\\\/portal\\\/2022\\\/03\\\/01\\\/ramallo-nos-condicionan-a-que-con-los-triunfos-vamos-a-cobrar\\\/#primaryimage\",\"url\":\"https:\\\/\\\/www.eldiario.net\\\/portal\\\/wp-content\\\/uploads\\\/2022\\\/03\\\/always-scaled-1.jpg\",\"contentUrl\":\"https:\\\/\\\/www.eldiario.net\\\/portal\\\/wp-content\\\/uploads\\\/2022\\\/03\\\/always-scaled-1.jpg\",\"width\":2560,\"height\":1708},{\"@type\":\"BreadcrumbList\",\"@id\":\"https:\\\/\\\/www.eldiario.net\\\/portal\\\/2022\\\/03\\\/01\\\/ramallo-nos-condicionan-a-que-con-los-triunfos-vamos-a-cobrar\\\/#breadcrumb\",\"itemListElement\":[{\"@type\":\"ListItem\",\"position\":1,\"name\":\"Portada\",\"item\":\"https:\\\/\\\/www.eldiario.net\\\/portal\\\/\"},{\"@type\":\"ListItem\",\"position\":2,\"name\":\"Ramallo: \u00abNos condicionan a que con los triunfos vamos a cobrar&#8230;\u00bb\"}]},{\"@type\":\"WebSite\",\"@id\":\"https:\\\/\\\/www.eldiario.net\\\/portal\\\/#website\",\"url\":\"https:\\\/\\\/www.eldiario.net\\\/portal\\\/\",\"name\":\"El Diario - Decano de la prensa nacional\",\"description\":\"El Diario - Decano de la prensa nacional\",\"publisher\":{\"@id\":\"https:\\\/\\\/www.eldiario.net\\\/portal\\\/#organization\"},\"potentialAction\":[{\"@type\":\"SearchAction\",\"target\":{\"@type\":\"EntryPoint\",\"urlTemplate\":\"https:\\\/\\\/www.eldiario.net\\\/portal\\\/?s={search_term_string}\"},\"query-input\":{\"@type\":\"PropertyValueSpecification\",\"valueRequired\":true,\"valueName\":\"search_term_string\"}}],\"inLanguage\":\"es\"},{\"@type\":\"Organization\",\"@id\":\"https:\\\/\\\/www.eldiario.net\\\/portal\\\/#organization\",\"name\":\"El Diario - Decano de la prensa nacional\",\"url\":\"https:\\\/\\\/www.eldiario.net\\\/portal\\\/\",\"logo\":{\"@type\":\"ImageObject\",\"inLanguage\":\"es\",\"@id\":\"https:\\\/\\\/www.eldiario.net\\\/portal\\\/#\\\/schema\\\/logo\\\/image\\\/\",\"url\":\"https:\\\/\\\/www.eldiario.net\\\/portal\\\/wp-content\\\/uploads\\\/2023\\\/07\\\/logo_ED.jpg\",\"contentUrl\":\"https:\\\/\\\/www.eldiario.net\\\/portal\\\/wp-content\\\/uploads\\\/2023\\\/07\\\/logo_ED.jpg\",\"width\":272,\"height\":52,\"caption\":\"El Diario - Decano de la prensa nacional\"},\"image\":{\"@id\":\"https:\\\/\\\/www.eldiario.net\\\/portal\\\/#\\\/schema\\\/logo\\\/image\\\/\"},\"sameAs\":[\"https:\\\/\\\/www.facebook.com\\\/eldiario.bolivia\\\/\",\"https:\\\/\\\/x.com\\\/eldiario_net\"]},{\"@type\":\"Person\",\"@id\":\"https:\\\/\\\/www.eldiario.net\\\/portal\\\/#\\\/schema\\\/person\\\/2c57cf2b7a7ae032e449e4c9b1019eac\",\"name\":\"Jeanette\",\"image\":{\"@type\":\"ImageObject\",\"inLanguage\":\"es\",\"@id\":\"https:\\\/\\\/secure.gravatar.com\\\/avatar\\\/3ea2118a5f7dad2b7138b1187a6b7ee55f160b9968b66013c3a3ef39dd7e5798?s=96&d=mm&r=g\",\"url\":\"https:\\\/\\\/secure.gravatar.com\\\/avatar\\\/3ea2118a5f7dad2b7138b1187a6b7ee55f160b9968b66013c3a3ef39dd7e5798?s=96&d=mm&r=g\",\"contentUrl\":\"https:\\\/\\\/secure.gravatar.com\\\/avatar\\\/3ea2118a5f7dad2b7138b1187a6b7ee55f160b9968b66013c3a3ef39dd7e5798?s=96&d=mm&r=g\",\"caption\":\"Jeanette\"},\"sameAs\":[\"https:\\\/\\\/www.eldiario.net\\\/portal\"],\"url\":\"https:\\\/\\\/www.eldiario.net\\\/portal\\\/author\\\/jeanette\\\/\"}]}<\/script>\n<!-- \/ Yoast SEO plugin. -->","yoast_head_json":{"title":"Ramallo: \"Nos condicionan a que con los triunfos vamos a cobrar...\" - El Diario - Bolivia","robots":{"index":"index","follow":"follow","max-snippet":"max-snippet:-1","max-image-preview":"max-image-preview:large","max-video-preview":"max-video-preview:-1"},"canonical":"https:\/\/www.eldiario.net\/portal\/2022\/03\/01\/ramallo-nos-condicionan-a-que-con-los-triunfos-vamos-a-cobrar\/","og_locale":"es_ES","og_type":"article","og_title":"Ramallo: \"Nos condicionan a que con los triunfos vamos a cobrar...\" - El Diario - Bolivia","og_description":"Rodrigo Ramallo, al igual que varios de los jugadores albirrojos, expresaron su molestia por la forma en que est\u00e1n sucediendo las cosas en Always Ready. Ramallo, m\u00e1s directo, dijo que se tiene que mejorar las cosas de cara al torneo Apertura y la Libertadores. A jugadores y su hinchada no les gust\u00f3 perder feo ayer [&hellip;]","og_url":"https:\/\/www.eldiario.net\/portal\/2022\/03\/01\/ramallo-nos-condicionan-a-que-con-los-triunfos-vamos-a-cobrar\/","og_site_name":"El Diario - Bolivia","article_publisher":"https:\/\/www.facebook.com\/eldiario.bolivia\/","article_published_time":"2022-03-01T08:42:06+00:00","og_image":[{"width":2560,"height":1708,"url":"https:\/\/www.eldiario.net\/portal\/wp-content\/uploads\/2022\/03\/always-scaled-1.jpg","type":"image\/jpeg"}],"author":"Jeanette","twitter_card":"summary_large_image","twitter_creator":"@eldiario_net","twitter_site":"@eldiario_net","twitter_misc":{"Escrito por":"Jeanette","Tiempo de lectura":"2 minutos"},"schema":{"@context":"https:\/\/schema.org","@graph":[{"@type":"Article","@id":"https:\/\/www.eldiario.net\/portal\/2022\/03\/01\/ramallo-nos-condicionan-a-que-con-los-triunfos-vamos-a-cobrar\/#article","isPartOf":{"@id":"https:\/\/www.eldiario.net\/portal\/2022\/03\/01\/ramallo-nos-condicionan-a-que-con-los-triunfos-vamos-a-cobrar\/"},"author":{"name":"Jeanette","@id":"https:\/\/www.eldiario.net\/portal\/#\/schema\/person\/2c57cf2b7a7ae032e449e4c9b1019eac"},"headline":"Ramallo: \u00abNos condicionan a que con los triunfos vamos a cobrar&#8230;\u00bb","datePublished":"2022-03-01T08:42:06+00:00","mainEntityOfPage":{"@id":"https:\/\/www.eldiario.net\/portal\/2022\/03\/01\/ramallo-nos-condicionan-a-que-con-los-triunfos-vamos-a-cobrar\/"},"wordCount":428,"publisher":{"@id":"https:\/\/www.eldiario.net\/portal\/#organization"},"image":{"@id":"https:\/\/www.eldiario.net\/portal\/2022\/03\/01\/ramallo-nos-condicionan-a-que-con-los-triunfos-vamos-a-cobrar\/#primaryimage"},"thumbnailUrl":"https:\/\/www.eldiario.net\/portal\/wp-content\/uploads\/2022\/03\/always-scaled-1.jpg","articleSection":["Deportes"],"inLanguage":"es"},{"@type":"WebPage","@id":"https:\/\/www.eldiario.net\/portal\/2022\/03\/01\/ramallo-nos-condicionan-a-que-con-los-triunfos-vamos-a-cobrar\/","url":"https:\/\/www.eldiario.net\/portal\/2022\/03\/01\/ramallo-nos-condicionan-a-que-con-los-triunfos-vamos-a-cobrar\/","name":"Ramallo: \"Nos condicionan a que con los triunfos vamos a cobrar...\" - El Diario - Bolivia","isPartOf":{"@id":"https:\/\/www.eldiario.net\/portal\/#website"},"primaryImageOfPage":{"@id":"https:\/\/www.eldiario.net\/portal\/2022\/03\/01\/ramallo-nos-condicionan-a-que-con-los-triunfos-vamos-a-cobrar\/#primaryimage"},"image":{"@id":"https:\/\/www.eldiario.net\/portal\/2022\/03\/01\/ramallo-nos-condicionan-a-que-con-los-triunfos-vamos-a-cobrar\/#primaryimage"},"thumbnailUrl":"https:\/\/www.eldiario.net\/portal\/wp-content\/uploads\/2022\/03\/always-scaled-1.jpg","datePublished":"2022-03-01T08:42:06+00:00","breadcrumb":{"@id":"https:\/\/www.eldiario.net\/portal\/2022\/03\/01\/ramallo-nos-condicionan-a-que-con-los-triunfos-vamos-a-cobrar\/#breadcrumb"},"inLanguage":"es","potentialAction":[{"@type":"ReadAction","target":["https:\/\/www.eldiario.net\/portal\/2022\/03\/01\/ramallo-nos-condicionan-a-que-con-los-triunfos-vamos-a-cobrar\/"]}]},{"@type":"ImageObject","inLanguage":"es","@id":"https:\/\/www.eldiario.net\/portal\/2022\/03\/01\/ramallo-nos-condicionan-a-que-con-los-triunfos-vamos-a-cobrar\/#primaryimage","url":"https:\/\/www.eldiario.net\/portal\/wp-content\/uploads\/2022\/03\/always-scaled-1.jpg","contentUrl":"https:\/\/www.eldiario.net\/portal\/wp-content\/uploads\/2022\/03\/always-scaled-1.jpg","width":2560,"height":1708},{"@type":"BreadcrumbList","@id":"https:\/\/www.eldiario.net\/portal\/2022\/03\/01\/ramallo-nos-condicionan-a-que-con-los-triunfos-vamos-a-cobrar\/#breadcrumb","itemListElement":[{"@type":"ListItem","position":1,"name":"Portada","item":"https:\/\/www.eldiario.net\/portal\/"},{"@type":"ListItem","position":2,"name":"Ramallo: \u00abNos condicionan a que con los triunfos vamos a cobrar&#8230;\u00bb"}]},{"@type":"WebSite","@id":"https:\/\/www.eldiario.net\/portal\/#website","url":"https:\/\/www.eldiario.net\/portal\/","name":"El Diario - Decano de la prensa nacional","description":"El Diario - Decano de la prensa nacional","publisher":{"@id":"https:\/\/www.eldiario.net\/portal\/#organization"},"potentialAction":[{"@type":"SearchAction","target":{"@type":"EntryPoint","urlTemplate":"https:\/\/www.eldiario.net\/portal\/?s={search_term_string}"},"query-input":{"@type":"PropertyValueSpecification","valueRequired":true,"valueName":"search_term_string"}}],"inLanguage":"es"},{"@type":"Organization","@id":"https:\/\/www.eldiario.net\/portal\/#organization","name":"El Diario - Decano de la prensa nacional","url":"https:\/\/www.eldiario.net\/portal\/","logo":{"@type":"ImageObject","inLanguage":"es","@id":"https:\/\/www.eldiario.net\/portal\/#\/schema\/logo\/image\/","url":"https:\/\/www.eldiario.net\/portal\/wp-content\/uploads\/2023\/07\/logo_ED.jpg","contentUrl":"https:\/\/www.eldiario.net\/portal\/wp-content\/uploads\/2023\/07\/logo_ED.jpg","width":272,"height":52,"caption":"El Diario - Decano de la prensa nacional"},"image":{"@id":"https:\/\/www.eldiario.net\/portal\/#\/schema\/logo\/image\/"},"sameAs":["https:\/\/www.facebook.com\/eldiario.bolivia\/","https:\/\/x.com\/eldiario_net"]},{"@type":"Person","@id":"https:\/\/www.eldiario.net\/portal\/#\/schema\/person\/2c57cf2b7a7ae032e449e4c9b1019eac","name":"Jeanette","image":{"@type":"ImageObject","inLanguage":"es","@id":"https:\/\/secure.gravatar.com\/avatar\/3ea2118a5f7dad2b7138b1187a6b7ee55f160b9968b66013c3a3ef39dd7e5798?s=96&d=mm&r=g","url":"https:\/\/secure.gravatar.com\/avatar\/3ea2118a5f7dad2b7138b1187a6b7ee55f160b9968b66013c3a3ef39dd7e5798?s=96&d=mm&r=g","contentUrl":"https:\/\/secure.gravatar.com\/avatar\/3ea2118a5f7dad2b7138b1187a6b7ee55f160b9968b66013c3a3ef39dd7e5798?s=96&d=mm&r=g","caption":"Jeanette"},"sameAs":["https:\/\/www.eldiario.net\/portal"],"url":"https:\/\/www.eldiario.net\/portal\/author\/jeanette\/"}]}},"_links":{"self":[{"href":"https:\/\/www.eldiario.net\/portal\/wp-json\/wp\/v2\/posts\/66493","targetHints":{"allow":["GET"]}}],"collection":[{"href":"https:\/\/www.eldiario.net\/portal\/wp-json\/wp\/v2\/posts"}],"about":[{"href":"https:\/\/www.eldiario.net\/portal\/wp-json\/wp\/v2\/types\/post"}],"author":[{"embeddable":true,"href":"https:\/\/www.eldiario.net\/portal\/wp-json\/wp\/v2\/users\/1"}],"replies":[{"embeddable":true,"href":"https:\/\/www.eldiario.net\/portal\/wp-json\/wp\/v2\/comments?post=66493"}],"version-history":[{"count":0,"href":"https:\/\/www.eldiario.net\/portal\/wp-json\/wp\/v2\/posts\/66493\/revisions"}],"wp:featuredmedia":[{"embeddable":true,"href":"https:\/\/www.eldiario.net\/portal\/wp-json\/wp\/v2\/media\/66494"}],"wp:attachment":[{"href":"https:\/\/www.eldiario.net\/portal\/wp-json\/wp\/v2\/media?parent=66493"}],"wp:term":[{"taxonomy":"category","embeddable":true,"href":"https:\/\/www.eldiario.net\/portal\/wp-json\/wp\/v2\/categories?post=66493"},{"taxonomy":"post_tag","embeddable":true,"href":"https:\/\/www.eldiario.net\/portal\/wp-json\/wp\/v2\/tags?post=66493"}],"curies":[{"name":"wp","href":"https:\/\/api.w.org\/{rel}","templated":true}]}}