{"id":6641,"date":"2021-05-27T06:15:22","date_gmt":"2021-05-27T10:15:22","guid":{"rendered":"https:\/\/www.eldiario.net\/portal\/?p=6641"},"modified":"2021-05-27T06:15:22","modified_gmt":"2021-05-27T10:15:22","slug":"diputado-pide-no-relacionar-corrupcion-con-falsa-teoria-del-golpe-de-estado","status":"publish","type":"post","link":"https:\/\/www.eldiario.net\/portal\/2021\/05\/27\/diputado-pide-no-relacionar-corrupcion-con-falsa-teoria-del-golpe-de-estado\/","title":{"rendered":"Diputado pide no relacionar corrupci\u00f3n con falsa teor\u00eda del golpe de Estado"},"content":{"rendered":"<p>Tras las detenciones de exfuncionarios, colaboradores del exministro de Gobierno Arturo Murillo, el diputado por Comunidad Ciudadana (CC) Alberto Astorga, pidi\u00f3 que las investigaciones den con todos los responsables y que los hechos de corrupci\u00f3n no sean mezclados con la teor\u00eda del supuesto golpe de estado que se promueve desde el Gobierno.<\/p>\n<p>Astorga se\u00f1al\u00f3 que es preciso separar los delitos cometidos por ex autoridades del Gobierno transitorio de los intentos del oficialismo por posicionar la teor\u00eda de un supuesto golpe de Estado en 2019.<\/p>\n<p>Sostuvo que, si bien se ha reconocido la constitucionalidad del gobierno de Jeanine A\u00f1ez, este no debe ser motivo para que se dejen pasar actos de corrupci\u00f3n como los cometidos por el extitular de la cartera de Gobierno y que ahora son investigados y procesados por la justicia de Estados Unidos.<\/p>\n<p>\u201cCreemos que en ning\u00fan momento se tiene que mezclar esa falsa teor\u00eda del golpe de Estado con estos hechos de corrupci\u00f3n, nosotros desde Comunidad Ciudadana, hemos reconocido al Gobierno transitorio, pero tambi\u00e9n repudiamos todos los actos de corrupci\u00f3n\u201d.<\/p>\n<p>El parlamentario agreg\u00f3 que las investigaciones que se siguen en el pa\u00eds, deben esclarecer la verdad de los hechos de forma imparcial y sin caer en actos que se interpreten como persecuci\u00f3n en contra de opositores pol\u00edticos.<\/p>\n<p>\u201cNosotros creemos que cualquier da\u00f1o econ\u00f3mico o contra la democracia del pa\u00eds sin duda tiene que ser investigado, pero de manera transparente para que no caigamos en la persecuci\u00f3n pol\u00edtica en ning\u00fan momento, y si se tiene que extraditar al se\u00f1or Murillo se lo tiene que hacer, es necesario realizar esa investigaci\u00f3n\u201d sostuvo el parlamentario.<\/p>\n<p>Al respecto, el diputado por la agrupaci\u00f3n Creemos, Jos\u00e9 Carlos Guti\u00e9rrez, conden\u00f3 que se haya presentado un nuevo hecho de corrupci\u00f3n y pidi\u00f3 una investigaci\u00f3n imparcial.<\/p>\n<p>\u201cNo tienen que haber ni m\u00e1s Murillos ni m\u00e1s gente como la que han apresado por corrupci\u00f3n, todos tiene que ser investigados y no debe haber impunidad\u201d dijo.<\/p>\n<p>&nbsp;<\/p>\n","protected":false},"excerpt":{"rendered":"<p>Tras las detenciones de exfuncionarios, colaboradores del exministro de Gobierno Arturo Murillo, el diputado por Comunidad Ciudadana (CC) Alberto Astorga, pidi\u00f3 que las investigaciones den con todos los responsables y que los hechos de corrupci\u00f3n no sean mezclados con la teor\u00eda del supuesto golpe de estado que se promueve desde el Gobierno. Astorga se\u00f1al\u00f3 que [&hellip;]<\/p>\n","protected":false},"author":1,"featured_media":6642,"comment_status":"closed","ping_status":"closed","sticky":false,"template":"","format":"standard","meta":{"_acf_changed":false,"footnotes":""},"categories":[14],"tags":[],"class_list":["post-6641","post","type-post","status-publish","format-standard","has-post-thumbnail","category-politica"],"acf":{"antetitulo":""},"yoast_head":"<!-- This site is optimized with the Yoast SEO plugin v28.4 - https:\/\/yoast.com\/product\/yoast-seo-wordpress\/ -->\n<title>Diputado pide no relacionar corrupci\u00f3n con falsa teor\u00eda del golpe de Estado - El Diario - Bolivia<\/title>\n<meta name=\"robots\" content=\"index, follow, max-snippet:-1, max-image-preview:large, max-video-preview:-1\" \/>\n<link rel=\"canonical\" href=\"https:\/\/www.eldiario.net\/portal\/2021\/05\/27\/diputado-pide-no-relacionar-corrupcion-con-falsa-teoria-del-golpe-de-estado\/\" \/>\n<meta property=\"og:locale\" content=\"es_ES\" \/>\n<meta property=\"og:type\" content=\"article\" \/>\n<meta property=\"og:title\" content=\"Diputado pide no relacionar corrupci\u00f3n con falsa teor\u00eda del golpe de Estado - El Diario - Bolivia\" \/>\n<meta property=\"og:description\" content=\"Tras las detenciones de exfuncionarios, colaboradores del exministro de Gobierno Arturo Murillo, el diputado por Comunidad Ciudadana (CC) Alberto Astorga, pidi\u00f3 que las investigaciones den con todos los responsables y que los hechos de corrupci\u00f3n no sean mezclados con la teor\u00eda del supuesto golpe de estado que se promueve desde el Gobierno. Astorga se\u00f1al\u00f3 que [&hellip;]\" \/>\n<meta property=\"og:url\" content=\"https:\/\/www.eldiario.net\/portal\/2021\/05\/27\/diputado-pide-no-relacionar-corrupcion-con-falsa-teoria-del-golpe-de-estado\/\" \/>\n<meta property=\"og:site_name\" content=\"El Diario - Bolivia\" \/>\n<meta property=\"article:publisher\" content=\"https:\/\/www.facebook.com\/eldiario.bolivia\/\" \/>\n<meta property=\"article:published_time\" content=\"2021-05-27T10:15:22+00:00\" \/>\n<meta name=\"author\" content=\"Jeanette\" \/>\n<meta name=\"twitter:card\" content=\"summary_large_image\" \/>\n<meta name=\"twitter:creator\" content=\"@eldiario_net\" \/>\n<meta name=\"twitter:site\" content=\"@eldiario_net\" \/>\n<meta name=\"twitter:label1\" content=\"Escrito por\" \/>\n\t<meta name=\"twitter:data1\" content=\"Jeanette\" \/>\n\t<meta name=\"twitter:label2\" content=\"Tiempo de lectura\" \/>\n\t<meta name=\"twitter:data2\" content=\"2 minutos\" \/>\n<script type=\"application\/ld+json\" class=\"yoast-schema-graph\">{\"@context\":\"https:\\\/\\\/schema.org\",\"@graph\":[{\"@type\":\"Article\",\"@id\":\"https:\\\/\\\/www.eldiario.net\\\/portal\\\/2021\\\/05\\\/27\\\/diputado-pide-no-relacionar-corrupcion-con-falsa-teoria-del-golpe-de-estado\\\/#article\",\"isPartOf\":{\"@id\":\"https:\\\/\\\/www.eldiario.net\\\/portal\\\/2021\\\/05\\\/27\\\/diputado-pide-no-relacionar-corrupcion-con-falsa-teoria-del-golpe-de-estado\\\/\"},\"author\":{\"name\":\"Jeanette\",\"@id\":\"https:\\\/\\\/www.eldiario.net\\\/portal\\\/#\\\/schema\\\/person\\\/f46445640444750d7d753ccd04ae01b7\"},\"headline\":\"Diputado pide no relacionar corrupci\u00f3n con falsa teor\u00eda del golpe de Estado\",\"datePublished\":\"2021-05-27T10:15:22+00:00\",\"mainEntityOfPage\":{\"@id\":\"https:\\\/\\\/www.eldiario.net\\\/portal\\\/2021\\\/05\\\/27\\\/diputado-pide-no-relacionar-corrupcion-con-falsa-teoria-del-golpe-de-estado\\\/\"},\"wordCount\":362,\"publisher\":{\"@id\":\"https:\\\/\\\/www.eldiario.net\\\/portal\\\/#organization\"},\"image\":{\"@id\":\"https:\\\/\\\/www.eldiario.net\\\/portal\\\/2021\\\/05\\\/27\\\/diputado-pide-no-relacionar-corrupcion-con-falsa-teoria-del-golpe-de-estado\\\/#primaryimage\"},\"thumbnailUrl\":\"\",\"articleSection\":[\"Pol\u00edtica\"],\"inLanguage\":\"es\"},{\"@type\":\"WebPage\",\"@id\":\"https:\\\/\\\/www.eldiario.net\\\/portal\\\/2021\\\/05\\\/27\\\/diputado-pide-no-relacionar-corrupcion-con-falsa-teoria-del-golpe-de-estado\\\/\",\"url\":\"https:\\\/\\\/www.eldiario.net\\\/portal\\\/2021\\\/05\\\/27\\\/diputado-pide-no-relacionar-corrupcion-con-falsa-teoria-del-golpe-de-estado\\\/\",\"name\":\"Diputado pide no relacionar corrupci\u00f3n con falsa teor\u00eda del golpe de Estado - El Diario - Bolivia\",\"isPartOf\":{\"@id\":\"https:\\\/\\\/www.eldiario.net\\\/portal\\\/#website\"},\"primaryImageOfPage\":{\"@id\":\"https:\\\/\\\/www.eldiario.net\\\/portal\\\/2021\\\/05\\\/27\\\/diputado-pide-no-relacionar-corrupcion-con-falsa-teoria-del-golpe-de-estado\\\/#primaryimage\"},\"image\":{\"@id\":\"https:\\\/\\\/www.eldiario.net\\\/portal\\\/2021\\\/05\\\/27\\\/diputado-pide-no-relacionar-corrupcion-con-falsa-teoria-del-golpe-de-estado\\\/#primaryimage\"},\"thumbnailUrl\":\"\",\"datePublished\":\"2021-05-27T10:15:22+00:00\",\"breadcrumb\":{\"@id\":\"https:\\\/\\\/www.eldiario.net\\\/portal\\\/2021\\\/05\\\/27\\\/diputado-pide-no-relacionar-corrupcion-con-falsa-teoria-del-golpe-de-estado\\\/#breadcrumb\"},\"inLanguage\":\"es\",\"potentialAction\":[{\"@type\":\"ReadAction\",\"target\":[\"https:\\\/\\\/www.eldiario.net\\\/portal\\\/2021\\\/05\\\/27\\\/diputado-pide-no-relacionar-corrupcion-con-falsa-teoria-del-golpe-de-estado\\\/\"]}]},{\"@type\":\"ImageObject\",\"inLanguage\":\"es\",\"@id\":\"https:\\\/\\\/www.eldiario.net\\\/portal\\\/2021\\\/05\\\/27\\\/diputado-pide-no-relacionar-corrupcion-con-falsa-teoria-del-golpe-de-estado\\\/#primaryimage\",\"url\":\"\",\"contentUrl\":\"\"},{\"@type\":\"BreadcrumbList\",\"@id\":\"https:\\\/\\\/www.eldiario.net\\\/portal\\\/2021\\\/05\\\/27\\\/diputado-pide-no-relacionar-corrupcion-con-falsa-teoria-del-golpe-de-estado\\\/#breadcrumb\",\"itemListElement\":[{\"@type\":\"ListItem\",\"position\":1,\"name\":\"Portada\",\"item\":\"https:\\\/\\\/www.eldiario.net\\\/portal\\\/\"},{\"@type\":\"ListItem\",\"position\":2,\"name\":\"Diputado pide no relacionar corrupci\u00f3n con falsa teor\u00eda del golpe de Estado\"}]},{\"@type\":\"WebSite\",\"@id\":\"https:\\\/\\\/www.eldiario.net\\\/portal\\\/#website\",\"url\":\"https:\\\/\\\/www.eldiario.net\\\/portal\\\/\",\"name\":\"El Diario - Decano de la prensa nacional\",\"description\":\"El Diario - Decano de la prensa nacional\",\"publisher\":{\"@id\":\"https:\\\/\\\/www.eldiario.net\\\/portal\\\/#organization\"},\"potentialAction\":[{\"@type\":\"SearchAction\",\"target\":{\"@type\":\"EntryPoint\",\"urlTemplate\":\"https:\\\/\\\/www.eldiario.net\\\/portal\\\/?s={search_term_string}\"},\"query-input\":{\"@type\":\"PropertyValueSpecification\",\"valueRequired\":true,\"valueName\":\"search_term_string\"}}],\"inLanguage\":\"es\"},{\"@type\":\"Organization\",\"@id\":\"https:\\\/\\\/www.eldiario.net\\\/portal\\\/#organization\",\"name\":\"El Diario - Decano de la prensa nacional\",\"url\":\"https:\\\/\\\/www.eldiario.net\\\/portal\\\/\",\"logo\":{\"@type\":\"ImageObject\",\"inLanguage\":\"es\",\"@id\":\"https:\\\/\\\/www.eldiario.net\\\/portal\\\/#\\\/schema\\\/logo\\\/image\\\/\",\"url\":\"https:\\\/\\\/www.eldiario.net\\\/portal\\\/wp-content\\\/uploads\\\/2023\\\/07\\\/logo_ED.jpg\",\"contentUrl\":\"https:\\\/\\\/www.eldiario.net\\\/portal\\\/wp-content\\\/uploads\\\/2023\\\/07\\\/logo_ED.jpg\",\"width\":272,\"height\":52,\"caption\":\"El Diario - Decano de la prensa nacional\"},\"image\":{\"@id\":\"https:\\\/\\\/www.eldiario.net\\\/portal\\\/#\\\/schema\\\/logo\\\/image\\\/\"},\"sameAs\":[\"https:\\\/\\\/www.facebook.com\\\/eldiario.bolivia\\\/\",\"https:\\\/\\\/x.com\\\/eldiario_net\"]},{\"@type\":\"Person\",\"@id\":\"https:\\\/\\\/www.eldiario.net\\\/portal\\\/#\\\/schema\\\/person\\\/f46445640444750d7d753ccd04ae01b7\",\"name\":\"Jeanette\",\"image\":{\"@type\":\"ImageObject\",\"inLanguage\":\"es\",\"@id\":\"https:\\\/\\\/secure.gravatar.com\\\/avatar\\\/3ea2118a5f7dad2b7138b1187a6b7ee55f160b9968b66013c3a3ef39dd7e5798?s=96&d=mm&r=g\",\"url\":\"https:\\\/\\\/secure.gravatar.com\\\/avatar\\\/3ea2118a5f7dad2b7138b1187a6b7ee55f160b9968b66013c3a3ef39dd7e5798?s=96&d=mm&r=g\",\"contentUrl\":\"https:\\\/\\\/secure.gravatar.com\\\/avatar\\\/3ea2118a5f7dad2b7138b1187a6b7ee55f160b9968b66013c3a3ef39dd7e5798?s=96&d=mm&r=g\",\"caption\":\"Jeanette\"},\"sameAs\":[\"https:\\\/\\\/www.eldiario.net\\\/portal\"],\"url\":\"https:\\\/\\\/www.eldiario.net\\\/portal\\\/author\\\/jeanette\\\/\"}]}<\/script>\n<!-- \/ Yoast SEO plugin. -->","yoast_head_json":{"title":"Diputado pide no relacionar corrupci\u00f3n con falsa teor\u00eda del golpe de Estado - El Diario - Bolivia","robots":{"index":"index","follow":"follow","max-snippet":"max-snippet:-1","max-image-preview":"max-image-preview:large","max-video-preview":"max-video-preview:-1"},"canonical":"https:\/\/www.eldiario.net\/portal\/2021\/05\/27\/diputado-pide-no-relacionar-corrupcion-con-falsa-teoria-del-golpe-de-estado\/","og_locale":"es_ES","og_type":"article","og_title":"Diputado pide no relacionar corrupci\u00f3n con falsa teor\u00eda del golpe de Estado - El Diario - Bolivia","og_description":"Tras las detenciones de exfuncionarios, colaboradores del exministro de Gobierno Arturo Murillo, el diputado por Comunidad Ciudadana (CC) Alberto Astorga, pidi\u00f3 que las investigaciones den con todos los responsables y que los hechos de corrupci\u00f3n no sean mezclados con la teor\u00eda del supuesto golpe de estado que se promueve desde el Gobierno. Astorga se\u00f1al\u00f3 que [&hellip;]","og_url":"https:\/\/www.eldiario.net\/portal\/2021\/05\/27\/diputado-pide-no-relacionar-corrupcion-con-falsa-teoria-del-golpe-de-estado\/","og_site_name":"El Diario - Bolivia","article_publisher":"https:\/\/www.facebook.com\/eldiario.bolivia\/","article_published_time":"2021-05-27T10:15:22+00:00","author":"Jeanette","twitter_card":"summary_large_image","twitter_creator":"@eldiario_net","twitter_site":"@eldiario_net","twitter_misc":{"Escrito por":"Jeanette","Tiempo de lectura":"2 minutos"},"schema":{"@context":"https:\/\/schema.org","@graph":[{"@type":"Article","@id":"https:\/\/www.eldiario.net\/portal\/2021\/05\/27\/diputado-pide-no-relacionar-corrupcion-con-falsa-teoria-del-golpe-de-estado\/#article","isPartOf":{"@id":"https:\/\/www.eldiario.net\/portal\/2021\/05\/27\/diputado-pide-no-relacionar-corrupcion-con-falsa-teoria-del-golpe-de-estado\/"},"author":{"name":"Jeanette","@id":"https:\/\/www.eldiario.net\/portal\/#\/schema\/person\/f46445640444750d7d753ccd04ae01b7"},"headline":"Diputado pide no relacionar corrupci\u00f3n con falsa teor\u00eda del golpe de Estado","datePublished":"2021-05-27T10:15:22+00:00","mainEntityOfPage":{"@id":"https:\/\/www.eldiario.net\/portal\/2021\/05\/27\/diputado-pide-no-relacionar-corrupcion-con-falsa-teoria-del-golpe-de-estado\/"},"wordCount":362,"publisher":{"@id":"https:\/\/www.eldiario.net\/portal\/#organization"},"image":{"@id":"https:\/\/www.eldiario.net\/portal\/2021\/05\/27\/diputado-pide-no-relacionar-corrupcion-con-falsa-teoria-del-golpe-de-estado\/#primaryimage"},"thumbnailUrl":"","articleSection":["Pol\u00edtica"],"inLanguage":"es"},{"@type":"WebPage","@id":"https:\/\/www.eldiario.net\/portal\/2021\/05\/27\/diputado-pide-no-relacionar-corrupcion-con-falsa-teoria-del-golpe-de-estado\/","url":"https:\/\/www.eldiario.net\/portal\/2021\/05\/27\/diputado-pide-no-relacionar-corrupcion-con-falsa-teoria-del-golpe-de-estado\/","name":"Diputado pide no relacionar corrupci\u00f3n con falsa teor\u00eda del golpe de Estado - El Diario - Bolivia","isPartOf":{"@id":"https:\/\/www.eldiario.net\/portal\/#website"},"primaryImageOfPage":{"@id":"https:\/\/www.eldiario.net\/portal\/2021\/05\/27\/diputado-pide-no-relacionar-corrupcion-con-falsa-teoria-del-golpe-de-estado\/#primaryimage"},"image":{"@id":"https:\/\/www.eldiario.net\/portal\/2021\/05\/27\/diputado-pide-no-relacionar-corrupcion-con-falsa-teoria-del-golpe-de-estado\/#primaryimage"},"thumbnailUrl":"","datePublished":"2021-05-27T10:15:22+00:00","breadcrumb":{"@id":"https:\/\/www.eldiario.net\/portal\/2021\/05\/27\/diputado-pide-no-relacionar-corrupcion-con-falsa-teoria-del-golpe-de-estado\/#breadcrumb"},"inLanguage":"es","potentialAction":[{"@type":"ReadAction","target":["https:\/\/www.eldiario.net\/portal\/2021\/05\/27\/diputado-pide-no-relacionar-corrupcion-con-falsa-teoria-del-golpe-de-estado\/"]}]},{"@type":"ImageObject","inLanguage":"es","@id":"https:\/\/www.eldiario.net\/portal\/2021\/05\/27\/diputado-pide-no-relacionar-corrupcion-con-falsa-teoria-del-golpe-de-estado\/#primaryimage","url":"","contentUrl":""},{"@type":"BreadcrumbList","@id":"https:\/\/www.eldiario.net\/portal\/2021\/05\/27\/diputado-pide-no-relacionar-corrupcion-con-falsa-teoria-del-golpe-de-estado\/#breadcrumb","itemListElement":[{"@type":"ListItem","position":1,"name":"Portada","item":"https:\/\/www.eldiario.net\/portal\/"},{"@type":"ListItem","position":2,"name":"Diputado pide no relacionar corrupci\u00f3n con falsa teor\u00eda del golpe de Estado"}]},{"@type":"WebSite","@id":"https:\/\/www.eldiario.net\/portal\/#website","url":"https:\/\/www.eldiario.net\/portal\/","name":"El Diario - Decano de la prensa nacional","description":"El Diario - Decano de la prensa nacional","publisher":{"@id":"https:\/\/www.eldiario.net\/portal\/#organization"},"potentialAction":[{"@type":"SearchAction","target":{"@type":"EntryPoint","urlTemplate":"https:\/\/www.eldiario.net\/portal\/?s={search_term_string}"},"query-input":{"@type":"PropertyValueSpecification","valueRequired":true,"valueName":"search_term_string"}}],"inLanguage":"es"},{"@type":"Organization","@id":"https:\/\/www.eldiario.net\/portal\/#organization","name":"El Diario - Decano de la prensa nacional","url":"https:\/\/www.eldiario.net\/portal\/","logo":{"@type":"ImageObject","inLanguage":"es","@id":"https:\/\/www.eldiario.net\/portal\/#\/schema\/logo\/image\/","url":"https:\/\/www.eldiario.net\/portal\/wp-content\/uploads\/2023\/07\/logo_ED.jpg","contentUrl":"https:\/\/www.eldiario.net\/portal\/wp-content\/uploads\/2023\/07\/logo_ED.jpg","width":272,"height":52,"caption":"El Diario - Decano de la prensa nacional"},"image":{"@id":"https:\/\/www.eldiario.net\/portal\/#\/schema\/logo\/image\/"},"sameAs":["https:\/\/www.facebook.com\/eldiario.bolivia\/","https:\/\/x.com\/eldiario_net"]},{"@type":"Person","@id":"https:\/\/www.eldiario.net\/portal\/#\/schema\/person\/f46445640444750d7d753ccd04ae01b7","name":"Jeanette","image":{"@type":"ImageObject","inLanguage":"es","@id":"https:\/\/secure.gravatar.com\/avatar\/3ea2118a5f7dad2b7138b1187a6b7ee55f160b9968b66013c3a3ef39dd7e5798?s=96&d=mm&r=g","url":"https:\/\/secure.gravatar.com\/avatar\/3ea2118a5f7dad2b7138b1187a6b7ee55f160b9968b66013c3a3ef39dd7e5798?s=96&d=mm&r=g","contentUrl":"https:\/\/secure.gravatar.com\/avatar\/3ea2118a5f7dad2b7138b1187a6b7ee55f160b9968b66013c3a3ef39dd7e5798?s=96&d=mm&r=g","caption":"Jeanette"},"sameAs":["https:\/\/www.eldiario.net\/portal"],"url":"https:\/\/www.eldiario.net\/portal\/author\/jeanette\/"}]}},"_links":{"self":[{"href":"https:\/\/www.eldiario.net\/portal\/wp-json\/wp\/v2\/posts\/6641","targetHints":{"allow":["GET"]}}],"collection":[{"href":"https:\/\/www.eldiario.net\/portal\/wp-json\/wp\/v2\/posts"}],"about":[{"href":"https:\/\/www.eldiario.net\/portal\/wp-json\/wp\/v2\/types\/post"}],"author":[{"embeddable":true,"href":"https:\/\/www.eldiario.net\/portal\/wp-json\/wp\/v2\/users\/1"}],"replies":[{"embeddable":true,"href":"https:\/\/www.eldiario.net\/portal\/wp-json\/wp\/v2\/comments?post=6641"}],"version-history":[{"count":0,"href":"https:\/\/www.eldiario.net\/portal\/wp-json\/wp\/v2\/posts\/6641\/revisions"}],"wp:attachment":[{"href":"https:\/\/www.eldiario.net\/portal\/wp-json\/wp\/v2\/media?parent=6641"}],"wp:term":[{"taxonomy":"category","embeddable":true,"href":"https:\/\/www.eldiario.net\/portal\/wp-json\/wp\/v2\/categories?post=6641"},{"taxonomy":"post_tag","embeddable":true,"href":"https:\/\/www.eldiario.net\/portal\/wp-json\/wp\/v2\/tags?post=6641"}],"curies":[{"name":"wp","href":"https:\/\/api.w.org\/{rel}","templated":true}]}}