{"id":6635,"date":"2021-05-27T06:12:42","date_gmt":"2021-05-27T10:12:42","guid":{"rendered":"https:\/\/www.eldiario.net\/portal\/?p=6635"},"modified":"2021-05-27T06:12:42","modified_gmt":"2021-05-27T10:12:42","slug":"oficialistas-y-opositores-coinciden-en-pedir-extradicion-de-murillo","status":"publish","type":"post","link":"https:\/\/www.eldiario.net\/portal\/2021\/05\/27\/oficialistas-y-opositores-coinciden-en-pedir-extradicion-de-murillo\/","title":{"rendered":"Oficialistas y opositores coinciden   en pedir extradici\u00f3n de Murillo"},"content":{"rendered":"<p>Ante las investigaciones y la reciente detenci\u00f3n de un exfuncionario del Ministerio de Gobierno durante el Gobierno de transici\u00f3n en los Estados Unidos, el presidente de la C\u00e1mara de Senadores, Andr\u00f3nico Rodr\u00edguez, pidi\u00f3 la colaboraci\u00f3n del Gobierno de ese pa\u00eds para la extradici\u00f3n de todos los implicados en este caso de corrupci\u00f3n. Opositores piden que procesos avancen en el pa\u00eds.<\/p>\n<p>El senador oficialista se\u00f1al\u00f3 que se espera la plena colaboraci\u00f3n de las autoridades norteamericanas para que los implicados en el caso de corrupci\u00f3n en la compra de gases lacrim\u00f3genos y otro armamento no letal, puedan ser entregados a la justicia boliviana.<\/p>\n<p>\u201cPedimos a las autoridades de los Estados Unidos a coadyuvar y ayudar en la extradici\u00f3n\u201d manifest\u00f3 Rodr\u00edguez en conferencia de prensa.<\/p>\n<p>Adelant\u00f3 que se espera contar con el respaldo de todas las bancadas de oposici\u00f3n en el Legislativo para las peticiones de extradici\u00f3n y la presentaci\u00f3n de cargos a nivel nacional e internacional.<\/p>\n<p>\u201cVamos a proceder a trav\u00e9s del Ministerio de Relaciones Exteriores y la Procuradur\u00eda General del Estado a ser parte de la acusaci\u00f3n en Estados Unidos por este delito cometido, pero tambi\u00e9n con seguridad ya se inici\u00f3 el proceso en nuestro pa\u00eds y esperemos que se vaya a coadyuvar y ayudar en el tema de la extradici\u00f3n de estos se\u00f1ores que deben pagar cuentas ante la justicia boliviana\u201d, afirm\u00f3.<\/p>\n<p>Al respecto, el expresidente Jorge Quiroga, pidi\u00f3 que todas las ex autoridades que han sido acusadas de ser parte del grupo que llev\u00f3 adelante este atentado a la econom\u00eda del Estado sean castigados y cumplan sus penas ya sea en c\u00e1rceles del pa\u00eds o en el exterior.<\/p>\n<p>\u201cTodos los integrantes de esta pandilla deber\u00e1n cumplir las condenas que les aplique justicia en EEUU, y despu\u00e9s ser enviados a Bolivia a purgar sus delitos. Han manchado la imagen nacional y robado nuestro futuro\u201d se\u00f1al\u00f3 el ex mandatario desde su cuenta de Twitter.<\/p>\n<p>Para el diputado de Comunidad Ciudadana, Alejandro Reyes, se debe llegar a castigar a todos los responsables de estos delitos y si esto implica la solicitud de extradiciones para exautoridades, se debe hacer.<\/p>\n<p>\u201cSi eso significa que Arturo murillo deba ser extraditado al pa\u00eds, tendr\u00e1 que ser as\u00ed porque el tiene que responder ante la justicia\u201d dijo<\/p>\n","protected":false},"excerpt":{"rendered":"<p>Ante las investigaciones y la reciente detenci\u00f3n de un exfuncionario del Ministerio de Gobierno durante el Gobierno de transici\u00f3n en los Estados Unidos, el presidente de la C\u00e1mara de Senadores, Andr\u00f3nico Rodr\u00edguez, pidi\u00f3 la colaboraci\u00f3n del Gobierno de ese pa\u00eds para la extradici\u00f3n de todos los implicados en este caso de corrupci\u00f3n. Opositores piden que [&hellip;]<\/p>\n","protected":false},"author":1,"featured_media":6636,"comment_status":"closed","ping_status":"closed","sticky":false,"template":"","format":"standard","meta":{"_acf_changed":false,"footnotes":""},"categories":[14],"tags":[],"class_list":["post-6635","post","type-post","status-publish","format-standard","has-post-thumbnail","category-politica"],"acf":{"antetitulo":""},"yoast_head":"<!-- This site is optimized with the Yoast SEO plugin v28.3 - https:\/\/yoast.com\/product\/yoast-seo-wordpress\/ -->\n<title>Oficialistas y opositores coinciden  en pedir extradici\u00f3n de Murillo - El Diario - Bolivia<\/title>\n<meta name=\"robots\" content=\"index, follow, max-snippet:-1, max-image-preview:large, max-video-preview:-1\" \/>\n<link rel=\"canonical\" href=\"https:\/\/www.eldiario.net\/portal\/2021\/05\/27\/oficialistas-y-opositores-coinciden-en-pedir-extradicion-de-murillo\/\" \/>\n<meta property=\"og:locale\" content=\"es_ES\" \/>\n<meta property=\"og:type\" content=\"article\" \/>\n<meta property=\"og:title\" content=\"Oficialistas y opositores coinciden  en pedir extradici\u00f3n de Murillo - El Diario - Bolivia\" \/>\n<meta property=\"og:description\" content=\"Ante las investigaciones y la reciente detenci\u00f3n de un exfuncionario del Ministerio de Gobierno durante el Gobierno de transici\u00f3n en los Estados Unidos, el presidente de la C\u00e1mara de Senadores, Andr\u00f3nico Rodr\u00edguez, pidi\u00f3 la colaboraci\u00f3n del Gobierno de ese pa\u00eds para la extradici\u00f3n de todos los implicados en este caso de corrupci\u00f3n. Opositores piden que [&hellip;]\" \/>\n<meta property=\"og:url\" content=\"https:\/\/www.eldiario.net\/portal\/2021\/05\/27\/oficialistas-y-opositores-coinciden-en-pedir-extradicion-de-murillo\/\" \/>\n<meta property=\"og:site_name\" content=\"El Diario - Bolivia\" \/>\n<meta property=\"article:publisher\" content=\"https:\/\/www.facebook.com\/eldiario.bolivia\/\" \/>\n<meta property=\"article:published_time\" content=\"2021-05-27T10:12:42+00:00\" \/>\n<meta name=\"author\" content=\"Jeanette\" \/>\n<meta name=\"twitter:card\" content=\"summary_large_image\" \/>\n<meta name=\"twitter:creator\" content=\"@eldiario_net\" \/>\n<meta name=\"twitter:site\" content=\"@eldiario_net\" \/>\n<meta name=\"twitter:label1\" content=\"Escrito por\" \/>\n\t<meta name=\"twitter:data1\" content=\"Jeanette\" \/>\n\t<meta name=\"twitter:label2\" content=\"Tiempo de lectura\" \/>\n\t<meta name=\"twitter:data2\" content=\"2 minutos\" \/>\n<script type=\"application\/ld+json\" class=\"yoast-schema-graph\">{\"@context\":\"https:\\\/\\\/schema.org\",\"@graph\":[{\"@type\":\"Article\",\"@id\":\"https:\\\/\\\/www.eldiario.net\\\/portal\\\/2021\\\/05\\\/27\\\/oficialistas-y-opositores-coinciden-en-pedir-extradicion-de-murillo\\\/#article\",\"isPartOf\":{\"@id\":\"https:\\\/\\\/www.eldiario.net\\\/portal\\\/2021\\\/05\\\/27\\\/oficialistas-y-opositores-coinciden-en-pedir-extradicion-de-murillo\\\/\"},\"author\":{\"name\":\"Jeanette\",\"@id\":\"https:\\\/\\\/www.eldiario.net\\\/portal\\\/#\\\/schema\\\/person\\\/f46445640444750d7d753ccd04ae01b7\"},\"headline\":\"Oficialistas y opositores coinciden en pedir extradici\u00f3n de Murillo\",\"datePublished\":\"2021-05-27T10:12:42+00:00\",\"mainEntityOfPage\":{\"@id\":\"https:\\\/\\\/www.eldiario.net\\\/portal\\\/2021\\\/05\\\/27\\\/oficialistas-y-opositores-coinciden-en-pedir-extradicion-de-murillo\\\/\"},\"wordCount\":413,\"publisher\":{\"@id\":\"https:\\\/\\\/www.eldiario.net\\\/portal\\\/#organization\"},\"image\":{\"@id\":\"https:\\\/\\\/www.eldiario.net\\\/portal\\\/2021\\\/05\\\/27\\\/oficialistas-y-opositores-coinciden-en-pedir-extradicion-de-murillo\\\/#primaryimage\"},\"thumbnailUrl\":\"\",\"articleSection\":[\"Pol\u00edtica\"],\"inLanguage\":\"es\"},{\"@type\":\"WebPage\",\"@id\":\"https:\\\/\\\/www.eldiario.net\\\/portal\\\/2021\\\/05\\\/27\\\/oficialistas-y-opositores-coinciden-en-pedir-extradicion-de-murillo\\\/\",\"url\":\"https:\\\/\\\/www.eldiario.net\\\/portal\\\/2021\\\/05\\\/27\\\/oficialistas-y-opositores-coinciden-en-pedir-extradicion-de-murillo\\\/\",\"name\":\"Oficialistas y opositores coinciden en pedir extradici\u00f3n de Murillo - El Diario - Bolivia\",\"isPartOf\":{\"@id\":\"https:\\\/\\\/www.eldiario.net\\\/portal\\\/#website\"},\"primaryImageOfPage\":{\"@id\":\"https:\\\/\\\/www.eldiario.net\\\/portal\\\/2021\\\/05\\\/27\\\/oficialistas-y-opositores-coinciden-en-pedir-extradicion-de-murillo\\\/#primaryimage\"},\"image\":{\"@id\":\"https:\\\/\\\/www.eldiario.net\\\/portal\\\/2021\\\/05\\\/27\\\/oficialistas-y-opositores-coinciden-en-pedir-extradicion-de-murillo\\\/#primaryimage\"},\"thumbnailUrl\":\"\",\"datePublished\":\"2021-05-27T10:12:42+00:00\",\"breadcrumb\":{\"@id\":\"https:\\\/\\\/www.eldiario.net\\\/portal\\\/2021\\\/05\\\/27\\\/oficialistas-y-opositores-coinciden-en-pedir-extradicion-de-murillo\\\/#breadcrumb\"},\"inLanguage\":\"es\",\"potentialAction\":[{\"@type\":\"ReadAction\",\"target\":[\"https:\\\/\\\/www.eldiario.net\\\/portal\\\/2021\\\/05\\\/27\\\/oficialistas-y-opositores-coinciden-en-pedir-extradicion-de-murillo\\\/\"]}]},{\"@type\":\"ImageObject\",\"inLanguage\":\"es\",\"@id\":\"https:\\\/\\\/www.eldiario.net\\\/portal\\\/2021\\\/05\\\/27\\\/oficialistas-y-opositores-coinciden-en-pedir-extradicion-de-murillo\\\/#primaryimage\",\"url\":\"\",\"contentUrl\":\"\"},{\"@type\":\"BreadcrumbList\",\"@id\":\"https:\\\/\\\/www.eldiario.net\\\/portal\\\/2021\\\/05\\\/27\\\/oficialistas-y-opositores-coinciden-en-pedir-extradicion-de-murillo\\\/#breadcrumb\",\"itemListElement\":[{\"@type\":\"ListItem\",\"position\":1,\"name\":\"Portada\",\"item\":\"https:\\\/\\\/www.eldiario.net\\\/portal\\\/\"},{\"@type\":\"ListItem\",\"position\":2,\"name\":\"Oficialistas y opositores coinciden en pedir extradici\u00f3n de Murillo\"}]},{\"@type\":\"WebSite\",\"@id\":\"https:\\\/\\\/www.eldiario.net\\\/portal\\\/#website\",\"url\":\"https:\\\/\\\/www.eldiario.net\\\/portal\\\/\",\"name\":\"El Diario - Decano de la prensa nacional\",\"description\":\"El Diario - Decano de la prensa nacional\",\"publisher\":{\"@id\":\"https:\\\/\\\/www.eldiario.net\\\/portal\\\/#organization\"},\"potentialAction\":[{\"@type\":\"SearchAction\",\"target\":{\"@type\":\"EntryPoint\",\"urlTemplate\":\"https:\\\/\\\/www.eldiario.net\\\/portal\\\/?s={search_term_string}\"},\"query-input\":{\"@type\":\"PropertyValueSpecification\",\"valueRequired\":true,\"valueName\":\"search_term_string\"}}],\"inLanguage\":\"es\"},{\"@type\":\"Organization\",\"@id\":\"https:\\\/\\\/www.eldiario.net\\\/portal\\\/#organization\",\"name\":\"El Diario - Decano de la prensa nacional\",\"url\":\"https:\\\/\\\/www.eldiario.net\\\/portal\\\/\",\"logo\":{\"@type\":\"ImageObject\",\"inLanguage\":\"es\",\"@id\":\"https:\\\/\\\/www.eldiario.net\\\/portal\\\/#\\\/schema\\\/logo\\\/image\\\/\",\"url\":\"https:\\\/\\\/www.eldiario.net\\\/portal\\\/wp-content\\\/uploads\\\/2023\\\/07\\\/logo_ED.jpg\",\"contentUrl\":\"https:\\\/\\\/www.eldiario.net\\\/portal\\\/wp-content\\\/uploads\\\/2023\\\/07\\\/logo_ED.jpg\",\"width\":272,\"height\":52,\"caption\":\"El Diario - Decano de la prensa nacional\"},\"image\":{\"@id\":\"https:\\\/\\\/www.eldiario.net\\\/portal\\\/#\\\/schema\\\/logo\\\/image\\\/\"},\"sameAs\":[\"https:\\\/\\\/www.facebook.com\\\/eldiario.bolivia\\\/\",\"https:\\\/\\\/x.com\\\/eldiario_net\"]},{\"@type\":\"Person\",\"@id\":\"https:\\\/\\\/www.eldiario.net\\\/portal\\\/#\\\/schema\\\/person\\\/f46445640444750d7d753ccd04ae01b7\",\"name\":\"Jeanette\",\"image\":{\"@type\":\"ImageObject\",\"inLanguage\":\"es\",\"@id\":\"https:\\\/\\\/secure.gravatar.com\\\/avatar\\\/3ea2118a5f7dad2b7138b1187a6b7ee55f160b9968b66013c3a3ef39dd7e5798?s=96&d=mm&r=g\",\"url\":\"https:\\\/\\\/secure.gravatar.com\\\/avatar\\\/3ea2118a5f7dad2b7138b1187a6b7ee55f160b9968b66013c3a3ef39dd7e5798?s=96&d=mm&r=g\",\"contentUrl\":\"https:\\\/\\\/secure.gravatar.com\\\/avatar\\\/3ea2118a5f7dad2b7138b1187a6b7ee55f160b9968b66013c3a3ef39dd7e5798?s=96&d=mm&r=g\",\"caption\":\"Jeanette\"},\"sameAs\":[\"https:\\\/\\\/www.eldiario.net\\\/portal\"],\"url\":\"https:\\\/\\\/www.eldiario.net\\\/portal\\\/author\\\/jeanette\\\/\"}]}<\/script>\n<!-- \/ Yoast SEO plugin. -->","yoast_head_json":{"title":"Oficialistas y opositores coinciden  en pedir extradici\u00f3n de Murillo - El Diario - Bolivia","robots":{"index":"index","follow":"follow","max-snippet":"max-snippet:-1","max-image-preview":"max-image-preview:large","max-video-preview":"max-video-preview:-1"},"canonical":"https:\/\/www.eldiario.net\/portal\/2021\/05\/27\/oficialistas-y-opositores-coinciden-en-pedir-extradicion-de-murillo\/","og_locale":"es_ES","og_type":"article","og_title":"Oficialistas y opositores coinciden  en pedir extradici\u00f3n de Murillo - El Diario - Bolivia","og_description":"Ante las investigaciones y la reciente detenci\u00f3n de un exfuncionario del Ministerio de Gobierno durante el Gobierno de transici\u00f3n en los Estados Unidos, el presidente de la C\u00e1mara de Senadores, Andr\u00f3nico Rodr\u00edguez, pidi\u00f3 la colaboraci\u00f3n del Gobierno de ese pa\u00eds para la extradici\u00f3n de todos los implicados en este caso de corrupci\u00f3n. Opositores piden que [&hellip;]","og_url":"https:\/\/www.eldiario.net\/portal\/2021\/05\/27\/oficialistas-y-opositores-coinciden-en-pedir-extradicion-de-murillo\/","og_site_name":"El Diario - Bolivia","article_publisher":"https:\/\/www.facebook.com\/eldiario.bolivia\/","article_published_time":"2021-05-27T10:12:42+00:00","author":"Jeanette","twitter_card":"summary_large_image","twitter_creator":"@eldiario_net","twitter_site":"@eldiario_net","twitter_misc":{"Escrito por":"Jeanette","Tiempo de lectura":"2 minutos"},"schema":{"@context":"https:\/\/schema.org","@graph":[{"@type":"Article","@id":"https:\/\/www.eldiario.net\/portal\/2021\/05\/27\/oficialistas-y-opositores-coinciden-en-pedir-extradicion-de-murillo\/#article","isPartOf":{"@id":"https:\/\/www.eldiario.net\/portal\/2021\/05\/27\/oficialistas-y-opositores-coinciden-en-pedir-extradicion-de-murillo\/"},"author":{"name":"Jeanette","@id":"https:\/\/www.eldiario.net\/portal\/#\/schema\/person\/f46445640444750d7d753ccd04ae01b7"},"headline":"Oficialistas y opositores coinciden en pedir extradici\u00f3n de Murillo","datePublished":"2021-05-27T10:12:42+00:00","mainEntityOfPage":{"@id":"https:\/\/www.eldiario.net\/portal\/2021\/05\/27\/oficialistas-y-opositores-coinciden-en-pedir-extradicion-de-murillo\/"},"wordCount":413,"publisher":{"@id":"https:\/\/www.eldiario.net\/portal\/#organization"},"image":{"@id":"https:\/\/www.eldiario.net\/portal\/2021\/05\/27\/oficialistas-y-opositores-coinciden-en-pedir-extradicion-de-murillo\/#primaryimage"},"thumbnailUrl":"","articleSection":["Pol\u00edtica"],"inLanguage":"es"},{"@type":"WebPage","@id":"https:\/\/www.eldiario.net\/portal\/2021\/05\/27\/oficialistas-y-opositores-coinciden-en-pedir-extradicion-de-murillo\/","url":"https:\/\/www.eldiario.net\/portal\/2021\/05\/27\/oficialistas-y-opositores-coinciden-en-pedir-extradicion-de-murillo\/","name":"Oficialistas y opositores coinciden en pedir extradici\u00f3n de Murillo - El Diario - Bolivia","isPartOf":{"@id":"https:\/\/www.eldiario.net\/portal\/#website"},"primaryImageOfPage":{"@id":"https:\/\/www.eldiario.net\/portal\/2021\/05\/27\/oficialistas-y-opositores-coinciden-en-pedir-extradicion-de-murillo\/#primaryimage"},"image":{"@id":"https:\/\/www.eldiario.net\/portal\/2021\/05\/27\/oficialistas-y-opositores-coinciden-en-pedir-extradicion-de-murillo\/#primaryimage"},"thumbnailUrl":"","datePublished":"2021-05-27T10:12:42+00:00","breadcrumb":{"@id":"https:\/\/www.eldiario.net\/portal\/2021\/05\/27\/oficialistas-y-opositores-coinciden-en-pedir-extradicion-de-murillo\/#breadcrumb"},"inLanguage":"es","potentialAction":[{"@type":"ReadAction","target":["https:\/\/www.eldiario.net\/portal\/2021\/05\/27\/oficialistas-y-opositores-coinciden-en-pedir-extradicion-de-murillo\/"]}]},{"@type":"ImageObject","inLanguage":"es","@id":"https:\/\/www.eldiario.net\/portal\/2021\/05\/27\/oficialistas-y-opositores-coinciden-en-pedir-extradicion-de-murillo\/#primaryimage","url":"","contentUrl":""},{"@type":"BreadcrumbList","@id":"https:\/\/www.eldiario.net\/portal\/2021\/05\/27\/oficialistas-y-opositores-coinciden-en-pedir-extradicion-de-murillo\/#breadcrumb","itemListElement":[{"@type":"ListItem","position":1,"name":"Portada","item":"https:\/\/www.eldiario.net\/portal\/"},{"@type":"ListItem","position":2,"name":"Oficialistas y opositores coinciden en pedir extradici\u00f3n de Murillo"}]},{"@type":"WebSite","@id":"https:\/\/www.eldiario.net\/portal\/#website","url":"https:\/\/www.eldiario.net\/portal\/","name":"El Diario - Decano de la prensa nacional","description":"El Diario - Decano de la prensa nacional","publisher":{"@id":"https:\/\/www.eldiario.net\/portal\/#organization"},"potentialAction":[{"@type":"SearchAction","target":{"@type":"EntryPoint","urlTemplate":"https:\/\/www.eldiario.net\/portal\/?s={search_term_string}"},"query-input":{"@type":"PropertyValueSpecification","valueRequired":true,"valueName":"search_term_string"}}],"inLanguage":"es"},{"@type":"Organization","@id":"https:\/\/www.eldiario.net\/portal\/#organization","name":"El Diario - Decano de la prensa nacional","url":"https:\/\/www.eldiario.net\/portal\/","logo":{"@type":"ImageObject","inLanguage":"es","@id":"https:\/\/www.eldiario.net\/portal\/#\/schema\/logo\/image\/","url":"https:\/\/www.eldiario.net\/portal\/wp-content\/uploads\/2023\/07\/logo_ED.jpg","contentUrl":"https:\/\/www.eldiario.net\/portal\/wp-content\/uploads\/2023\/07\/logo_ED.jpg","width":272,"height":52,"caption":"El Diario - Decano de la prensa nacional"},"image":{"@id":"https:\/\/www.eldiario.net\/portal\/#\/schema\/logo\/image\/"},"sameAs":["https:\/\/www.facebook.com\/eldiario.bolivia\/","https:\/\/x.com\/eldiario_net"]},{"@type":"Person","@id":"https:\/\/www.eldiario.net\/portal\/#\/schema\/person\/f46445640444750d7d753ccd04ae01b7","name":"Jeanette","image":{"@type":"ImageObject","inLanguage":"es","@id":"https:\/\/secure.gravatar.com\/avatar\/3ea2118a5f7dad2b7138b1187a6b7ee55f160b9968b66013c3a3ef39dd7e5798?s=96&d=mm&r=g","url":"https:\/\/secure.gravatar.com\/avatar\/3ea2118a5f7dad2b7138b1187a6b7ee55f160b9968b66013c3a3ef39dd7e5798?s=96&d=mm&r=g","contentUrl":"https:\/\/secure.gravatar.com\/avatar\/3ea2118a5f7dad2b7138b1187a6b7ee55f160b9968b66013c3a3ef39dd7e5798?s=96&d=mm&r=g","caption":"Jeanette"},"sameAs":["https:\/\/www.eldiario.net\/portal"],"url":"https:\/\/www.eldiario.net\/portal\/author\/jeanette\/"}]}},"_links":{"self":[{"href":"https:\/\/www.eldiario.net\/portal\/wp-json\/wp\/v2\/posts\/6635","targetHints":{"allow":["GET"]}}],"collection":[{"href":"https:\/\/www.eldiario.net\/portal\/wp-json\/wp\/v2\/posts"}],"about":[{"href":"https:\/\/www.eldiario.net\/portal\/wp-json\/wp\/v2\/types\/post"}],"author":[{"embeddable":true,"href":"https:\/\/www.eldiario.net\/portal\/wp-json\/wp\/v2\/users\/1"}],"replies":[{"embeddable":true,"href":"https:\/\/www.eldiario.net\/portal\/wp-json\/wp\/v2\/comments?post=6635"}],"version-history":[{"count":0,"href":"https:\/\/www.eldiario.net\/portal\/wp-json\/wp\/v2\/posts\/6635\/revisions"}],"wp:attachment":[{"href":"https:\/\/www.eldiario.net\/portal\/wp-json\/wp\/v2\/media?parent=6635"}],"wp:term":[{"taxonomy":"category","embeddable":true,"href":"https:\/\/www.eldiario.net\/portal\/wp-json\/wp\/v2\/categories?post=6635"},{"taxonomy":"post_tag","embeddable":true,"href":"https:\/\/www.eldiario.net\/portal\/wp-json\/wp\/v2\/tags?post=6635"}],"curies":[{"name":"wp","href":"https:\/\/api.w.org\/{rel}","templated":true}]}}