{"id":6632,"date":"2021-05-27T06:11:24","date_gmt":"2021-05-27T10:11:24","guid":{"rendered":"https:\/\/www.eldiario.net\/portal\/?p=6632"},"modified":"2021-05-27T06:11:24","modified_gmt":"2021-05-27T10:11:24","slug":"gobierno-inicio-tramites-para-extraditar-a-arturo-murillo-y-su-exjefe-de-gabinete","status":"publish","type":"post","link":"https:\/\/www.eldiario.net\/portal\/2021\/05\/27\/gobierno-inicio-tramites-para-extraditar-a-arturo-murillo-y-su-exjefe-de-gabinete\/","title":{"rendered":"Gobierno inici\u00f3 tr\u00e1mites para extraditar a Arturo Murillo y su exjefe de gabinete"},"content":{"rendered":"<p>El ministro de Gobierno, Eduardo del Castillo, inform\u00f3 el mi\u00e9rcoles que se iniciaron los tr\u00e1mites para la extradici\u00f3n de Rodrigo M\u00e9ndez, exjefe de gabinete y del exministro Arturo Murillo para esclarecer el millonario desv\u00edo de recursos en el caso gases lacrim\u00f3genos de aproximadamente 2,3 millones de d\u00f3lares.<\/p>\n<p>El titular de Gobierno explic\u00f3 detalles de la detenci\u00f3n que efectiviz\u00f3 la agencia federal de investigaci\u00f3n e inteligencia, FBI, en Estados Unidos, en la detenci\u00f3n de Rodrigo M\u00e9ndez, mano derecha del exministro Arturo Murillo.<\/p>\n<p>\u201cEstamos pidiendo la extradici\u00f3n correspondiente, estamos enviando las notas correspondientes para que estos se\u00f1ores vengan a rendir cuentas al pueblo boliviano. No es un pedido del Gobierno, es un pedido de todo el pueblo boliviano\u201d, declar\u00f3.<\/p>\n<p>Para ese efecto se agotar\u00e1n dos conductos, uno por la activaci\u00f3n del sello azul y luego el sello rojo y tambi\u00e9n con el env\u00edo de una nota oficial al Gobierno norteamericano a trav\u00e9s de Canciller\u00eda.<\/p>\n<p>Del Castillo calific\u00f3 de \u201cclan mafioso\u201d el entorno del exministro Murillo. \u201cEste clan mafioso del gobierno de Jeanine A\u00f1ez ya tiene un proceso legal abierto sobre este tema, ha sido abierto antes que recuperemos la democracia en nuestro pa\u00eds\u201d, afirm\u00f3.<\/p>\n<p>Por la explicaci\u00f3n de Eduardo del Castillo, la detenci\u00f3n de M\u00e9ndez por el FBI fue por los delitos de lavado de dinero y soborno, seg\u00fan la normativa estadounidense.<\/p>\n<p>De acuerdo con la autoridad, existe una vinculaci\u00f3n en la acusaci\u00f3n con el desv\u00edo y reparto del dinero en la compra de gases lacrim\u00f3genos y otro material no letal gestionado por Arturo Murillo y Rodrigo M\u00e9ndez en 2020.<\/p>\n<p>Seg\u00fan datos, el ministro del Castillo, la compra de estos materiales e insumos tuvo un costo total de 5.6 millones de d\u00f3lares, aunque el precio real supondr\u00eda solo 3.3 millones de d\u00f3lares lo que implica un \u201crobo al pueblo boliviano\u201d.<\/p>\n<p>La adquisici\u00f3n del material no letal y los gases lacrim\u00f3genos se realiz\u00f3 a trav\u00e9s de la empresa BTS, Bravo Tactical Solutions, propiedad de la familia Berkman. (Innovapress)<\/p>\n","protected":false},"excerpt":{"rendered":"<p>El ministro de Gobierno, Eduardo del Castillo, inform\u00f3 el mi\u00e9rcoles que se iniciaron los tr\u00e1mites para la extradici\u00f3n de Rodrigo M\u00e9ndez, exjefe de gabinete y del exministro Arturo Murillo para esclarecer el millonario desv\u00edo de recursos en el caso gases lacrim\u00f3genos de aproximadamente 2,3 millones de d\u00f3lares. El titular de Gobierno explic\u00f3 detalles de la [&hellip;]<\/p>\n","protected":false},"author":1,"featured_media":6633,"comment_status":"closed","ping_status":"closed","sticky":false,"template":"","format":"standard","meta":{"_acf_changed":false,"footnotes":""},"categories":[39],"tags":[],"class_list":["post-6632","post","type-post","status-publish","format-standard","has-post-thumbnail","category-sociedad"],"acf":{"antetitulo":""},"yoast_head":"<!-- This site is optimized with the Yoast SEO plugin v28.3 - https:\/\/yoast.com\/product\/yoast-seo-wordpress\/ -->\n<title>Gobierno inici\u00f3 tr\u00e1mites para extraditar a Arturo Murillo y su exjefe de gabinete - El Diario - Bolivia<\/title>\n<meta name=\"robots\" content=\"index, follow, max-snippet:-1, max-image-preview:large, max-video-preview:-1\" \/>\n<link rel=\"canonical\" href=\"https:\/\/www.eldiario.net\/portal\/2021\/05\/27\/gobierno-inicio-tramites-para-extraditar-a-arturo-murillo-y-su-exjefe-de-gabinete\/\" \/>\n<meta property=\"og:locale\" content=\"es_ES\" \/>\n<meta property=\"og:type\" content=\"article\" \/>\n<meta property=\"og:title\" content=\"Gobierno inici\u00f3 tr\u00e1mites para extraditar a Arturo Murillo y su exjefe de gabinete - El Diario - Bolivia\" \/>\n<meta property=\"og:description\" content=\"El ministro de Gobierno, Eduardo del Castillo, inform\u00f3 el mi\u00e9rcoles que se iniciaron los tr\u00e1mites para la extradici\u00f3n de Rodrigo M\u00e9ndez, exjefe de gabinete y del exministro Arturo Murillo para esclarecer el millonario desv\u00edo de recursos en el caso gases lacrim\u00f3genos de aproximadamente 2,3 millones de d\u00f3lares. El titular de Gobierno explic\u00f3 detalles de la [&hellip;]\" \/>\n<meta property=\"og:url\" content=\"https:\/\/www.eldiario.net\/portal\/2021\/05\/27\/gobierno-inicio-tramites-para-extraditar-a-arturo-murillo-y-su-exjefe-de-gabinete\/\" \/>\n<meta property=\"og:site_name\" content=\"El Diario - Bolivia\" \/>\n<meta property=\"article:publisher\" content=\"https:\/\/www.facebook.com\/eldiario.bolivia\/\" \/>\n<meta property=\"article:published_time\" content=\"2021-05-27T10:11:24+00:00\" \/>\n<meta name=\"author\" content=\"Jeanette\" \/>\n<meta name=\"twitter:card\" content=\"summary_large_image\" \/>\n<meta name=\"twitter:creator\" content=\"@eldiario_net\" \/>\n<meta name=\"twitter:site\" content=\"@eldiario_net\" \/>\n<meta name=\"twitter:label1\" content=\"Escrito por\" \/>\n\t<meta name=\"twitter:data1\" content=\"Jeanette\" \/>\n\t<meta name=\"twitter:label2\" content=\"Tiempo de lectura\" \/>\n\t<meta name=\"twitter:data2\" content=\"2 minutos\" \/>\n<script type=\"application\/ld+json\" class=\"yoast-schema-graph\">{\"@context\":\"https:\\\/\\\/schema.org\",\"@graph\":[{\"@type\":\"Article\",\"@id\":\"https:\\\/\\\/www.eldiario.net\\\/portal\\\/2021\\\/05\\\/27\\\/gobierno-inicio-tramites-para-extraditar-a-arturo-murillo-y-su-exjefe-de-gabinete\\\/#article\",\"isPartOf\":{\"@id\":\"https:\\\/\\\/www.eldiario.net\\\/portal\\\/2021\\\/05\\\/27\\\/gobierno-inicio-tramites-para-extraditar-a-arturo-murillo-y-su-exjefe-de-gabinete\\\/\"},\"author\":{\"name\":\"Jeanette\",\"@id\":\"https:\\\/\\\/www.eldiario.net\\\/portal\\\/#\\\/schema\\\/person\\\/f46445640444750d7d753ccd04ae01b7\"},\"headline\":\"Gobierno inici\u00f3 tr\u00e1mites para extraditar a Arturo Murillo y su exjefe de gabinete\",\"datePublished\":\"2021-05-27T10:11:24+00:00\",\"mainEntityOfPage\":{\"@id\":\"https:\\\/\\\/www.eldiario.net\\\/portal\\\/2021\\\/05\\\/27\\\/gobierno-inicio-tramites-para-extraditar-a-arturo-murillo-y-su-exjefe-de-gabinete\\\/\"},\"wordCount\":372,\"publisher\":{\"@id\":\"https:\\\/\\\/www.eldiario.net\\\/portal\\\/#organization\"},\"image\":{\"@id\":\"https:\\\/\\\/www.eldiario.net\\\/portal\\\/2021\\\/05\\\/27\\\/gobierno-inicio-tramites-para-extraditar-a-arturo-murillo-y-su-exjefe-de-gabinete\\\/#primaryimage\"},\"thumbnailUrl\":\"\",\"articleSection\":[\"Sociedad - Seguridad\"],\"inLanguage\":\"es\"},{\"@type\":\"WebPage\",\"@id\":\"https:\\\/\\\/www.eldiario.net\\\/portal\\\/2021\\\/05\\\/27\\\/gobierno-inicio-tramites-para-extraditar-a-arturo-murillo-y-su-exjefe-de-gabinete\\\/\",\"url\":\"https:\\\/\\\/www.eldiario.net\\\/portal\\\/2021\\\/05\\\/27\\\/gobierno-inicio-tramites-para-extraditar-a-arturo-murillo-y-su-exjefe-de-gabinete\\\/\",\"name\":\"Gobierno inici\u00f3 tr\u00e1mites para extraditar a Arturo Murillo y su exjefe de gabinete - El Diario - Bolivia\",\"isPartOf\":{\"@id\":\"https:\\\/\\\/www.eldiario.net\\\/portal\\\/#website\"},\"primaryImageOfPage\":{\"@id\":\"https:\\\/\\\/www.eldiario.net\\\/portal\\\/2021\\\/05\\\/27\\\/gobierno-inicio-tramites-para-extraditar-a-arturo-murillo-y-su-exjefe-de-gabinete\\\/#primaryimage\"},\"image\":{\"@id\":\"https:\\\/\\\/www.eldiario.net\\\/portal\\\/2021\\\/05\\\/27\\\/gobierno-inicio-tramites-para-extraditar-a-arturo-murillo-y-su-exjefe-de-gabinete\\\/#primaryimage\"},\"thumbnailUrl\":\"\",\"datePublished\":\"2021-05-27T10:11:24+00:00\",\"breadcrumb\":{\"@id\":\"https:\\\/\\\/www.eldiario.net\\\/portal\\\/2021\\\/05\\\/27\\\/gobierno-inicio-tramites-para-extraditar-a-arturo-murillo-y-su-exjefe-de-gabinete\\\/#breadcrumb\"},\"inLanguage\":\"es\",\"potentialAction\":[{\"@type\":\"ReadAction\",\"target\":[\"https:\\\/\\\/www.eldiario.net\\\/portal\\\/2021\\\/05\\\/27\\\/gobierno-inicio-tramites-para-extraditar-a-arturo-murillo-y-su-exjefe-de-gabinete\\\/\"]}]},{\"@type\":\"ImageObject\",\"inLanguage\":\"es\",\"@id\":\"https:\\\/\\\/www.eldiario.net\\\/portal\\\/2021\\\/05\\\/27\\\/gobierno-inicio-tramites-para-extraditar-a-arturo-murillo-y-su-exjefe-de-gabinete\\\/#primaryimage\",\"url\":\"\",\"contentUrl\":\"\"},{\"@type\":\"BreadcrumbList\",\"@id\":\"https:\\\/\\\/www.eldiario.net\\\/portal\\\/2021\\\/05\\\/27\\\/gobierno-inicio-tramites-para-extraditar-a-arturo-murillo-y-su-exjefe-de-gabinete\\\/#breadcrumb\",\"itemListElement\":[{\"@type\":\"ListItem\",\"position\":1,\"name\":\"Portada\",\"item\":\"https:\\\/\\\/www.eldiario.net\\\/portal\\\/\"},{\"@type\":\"ListItem\",\"position\":2,\"name\":\"Gobierno inici\u00f3 tr\u00e1mites para extraditar a Arturo Murillo y su exjefe de gabinete\"}]},{\"@type\":\"WebSite\",\"@id\":\"https:\\\/\\\/www.eldiario.net\\\/portal\\\/#website\",\"url\":\"https:\\\/\\\/www.eldiario.net\\\/portal\\\/\",\"name\":\"El Diario - Decano de la prensa nacional\",\"description\":\"El Diario - Decano de la prensa nacional\",\"publisher\":{\"@id\":\"https:\\\/\\\/www.eldiario.net\\\/portal\\\/#organization\"},\"potentialAction\":[{\"@type\":\"SearchAction\",\"target\":{\"@type\":\"EntryPoint\",\"urlTemplate\":\"https:\\\/\\\/www.eldiario.net\\\/portal\\\/?s={search_term_string}\"},\"query-input\":{\"@type\":\"PropertyValueSpecification\",\"valueRequired\":true,\"valueName\":\"search_term_string\"}}],\"inLanguage\":\"es\"},{\"@type\":\"Organization\",\"@id\":\"https:\\\/\\\/www.eldiario.net\\\/portal\\\/#organization\",\"name\":\"El Diario - Decano de la prensa nacional\",\"url\":\"https:\\\/\\\/www.eldiario.net\\\/portal\\\/\",\"logo\":{\"@type\":\"ImageObject\",\"inLanguage\":\"es\",\"@id\":\"https:\\\/\\\/www.eldiario.net\\\/portal\\\/#\\\/schema\\\/logo\\\/image\\\/\",\"url\":\"https:\\\/\\\/www.eldiario.net\\\/portal\\\/wp-content\\\/uploads\\\/2023\\\/07\\\/logo_ED.jpg\",\"contentUrl\":\"https:\\\/\\\/www.eldiario.net\\\/portal\\\/wp-content\\\/uploads\\\/2023\\\/07\\\/logo_ED.jpg\",\"width\":272,\"height\":52,\"caption\":\"El Diario - Decano de la prensa nacional\"},\"image\":{\"@id\":\"https:\\\/\\\/www.eldiario.net\\\/portal\\\/#\\\/schema\\\/logo\\\/image\\\/\"},\"sameAs\":[\"https:\\\/\\\/www.facebook.com\\\/eldiario.bolivia\\\/\",\"https:\\\/\\\/x.com\\\/eldiario_net\"]},{\"@type\":\"Person\",\"@id\":\"https:\\\/\\\/www.eldiario.net\\\/portal\\\/#\\\/schema\\\/person\\\/f46445640444750d7d753ccd04ae01b7\",\"name\":\"Jeanette\",\"image\":{\"@type\":\"ImageObject\",\"inLanguage\":\"es\",\"@id\":\"https:\\\/\\\/secure.gravatar.com\\\/avatar\\\/3ea2118a5f7dad2b7138b1187a6b7ee55f160b9968b66013c3a3ef39dd7e5798?s=96&d=mm&r=g\",\"url\":\"https:\\\/\\\/secure.gravatar.com\\\/avatar\\\/3ea2118a5f7dad2b7138b1187a6b7ee55f160b9968b66013c3a3ef39dd7e5798?s=96&d=mm&r=g\",\"contentUrl\":\"https:\\\/\\\/secure.gravatar.com\\\/avatar\\\/3ea2118a5f7dad2b7138b1187a6b7ee55f160b9968b66013c3a3ef39dd7e5798?s=96&d=mm&r=g\",\"caption\":\"Jeanette\"},\"sameAs\":[\"https:\\\/\\\/www.eldiario.net\\\/portal\"],\"url\":\"https:\\\/\\\/www.eldiario.net\\\/portal\\\/author\\\/jeanette\\\/\"}]}<\/script>\n<!-- \/ Yoast SEO plugin. -->","yoast_head_json":{"title":"Gobierno inici\u00f3 tr\u00e1mites para extraditar a Arturo Murillo y su exjefe de gabinete - El Diario - Bolivia","robots":{"index":"index","follow":"follow","max-snippet":"max-snippet:-1","max-image-preview":"max-image-preview:large","max-video-preview":"max-video-preview:-1"},"canonical":"https:\/\/www.eldiario.net\/portal\/2021\/05\/27\/gobierno-inicio-tramites-para-extraditar-a-arturo-murillo-y-su-exjefe-de-gabinete\/","og_locale":"es_ES","og_type":"article","og_title":"Gobierno inici\u00f3 tr\u00e1mites para extraditar a Arturo Murillo y su exjefe de gabinete - El Diario - Bolivia","og_description":"El ministro de Gobierno, Eduardo del Castillo, inform\u00f3 el mi\u00e9rcoles que se iniciaron los tr\u00e1mites para la extradici\u00f3n de Rodrigo M\u00e9ndez, exjefe de gabinete y del exministro Arturo Murillo para esclarecer el millonario desv\u00edo de recursos en el caso gases lacrim\u00f3genos de aproximadamente 2,3 millones de d\u00f3lares. El titular de Gobierno explic\u00f3 detalles de la [&hellip;]","og_url":"https:\/\/www.eldiario.net\/portal\/2021\/05\/27\/gobierno-inicio-tramites-para-extraditar-a-arturo-murillo-y-su-exjefe-de-gabinete\/","og_site_name":"El Diario - Bolivia","article_publisher":"https:\/\/www.facebook.com\/eldiario.bolivia\/","article_published_time":"2021-05-27T10:11:24+00:00","author":"Jeanette","twitter_card":"summary_large_image","twitter_creator":"@eldiario_net","twitter_site":"@eldiario_net","twitter_misc":{"Escrito por":"Jeanette","Tiempo de lectura":"2 minutos"},"schema":{"@context":"https:\/\/schema.org","@graph":[{"@type":"Article","@id":"https:\/\/www.eldiario.net\/portal\/2021\/05\/27\/gobierno-inicio-tramites-para-extraditar-a-arturo-murillo-y-su-exjefe-de-gabinete\/#article","isPartOf":{"@id":"https:\/\/www.eldiario.net\/portal\/2021\/05\/27\/gobierno-inicio-tramites-para-extraditar-a-arturo-murillo-y-su-exjefe-de-gabinete\/"},"author":{"name":"Jeanette","@id":"https:\/\/www.eldiario.net\/portal\/#\/schema\/person\/f46445640444750d7d753ccd04ae01b7"},"headline":"Gobierno inici\u00f3 tr\u00e1mites para extraditar a Arturo Murillo y su exjefe de gabinete","datePublished":"2021-05-27T10:11:24+00:00","mainEntityOfPage":{"@id":"https:\/\/www.eldiario.net\/portal\/2021\/05\/27\/gobierno-inicio-tramites-para-extraditar-a-arturo-murillo-y-su-exjefe-de-gabinete\/"},"wordCount":372,"publisher":{"@id":"https:\/\/www.eldiario.net\/portal\/#organization"},"image":{"@id":"https:\/\/www.eldiario.net\/portal\/2021\/05\/27\/gobierno-inicio-tramites-para-extraditar-a-arturo-murillo-y-su-exjefe-de-gabinete\/#primaryimage"},"thumbnailUrl":"","articleSection":["Sociedad - Seguridad"],"inLanguage":"es"},{"@type":"WebPage","@id":"https:\/\/www.eldiario.net\/portal\/2021\/05\/27\/gobierno-inicio-tramites-para-extraditar-a-arturo-murillo-y-su-exjefe-de-gabinete\/","url":"https:\/\/www.eldiario.net\/portal\/2021\/05\/27\/gobierno-inicio-tramites-para-extraditar-a-arturo-murillo-y-su-exjefe-de-gabinete\/","name":"Gobierno inici\u00f3 tr\u00e1mites para extraditar a Arturo Murillo y su exjefe de gabinete - El Diario - Bolivia","isPartOf":{"@id":"https:\/\/www.eldiario.net\/portal\/#website"},"primaryImageOfPage":{"@id":"https:\/\/www.eldiario.net\/portal\/2021\/05\/27\/gobierno-inicio-tramites-para-extraditar-a-arturo-murillo-y-su-exjefe-de-gabinete\/#primaryimage"},"image":{"@id":"https:\/\/www.eldiario.net\/portal\/2021\/05\/27\/gobierno-inicio-tramites-para-extraditar-a-arturo-murillo-y-su-exjefe-de-gabinete\/#primaryimage"},"thumbnailUrl":"","datePublished":"2021-05-27T10:11:24+00:00","breadcrumb":{"@id":"https:\/\/www.eldiario.net\/portal\/2021\/05\/27\/gobierno-inicio-tramites-para-extraditar-a-arturo-murillo-y-su-exjefe-de-gabinete\/#breadcrumb"},"inLanguage":"es","potentialAction":[{"@type":"ReadAction","target":["https:\/\/www.eldiario.net\/portal\/2021\/05\/27\/gobierno-inicio-tramites-para-extraditar-a-arturo-murillo-y-su-exjefe-de-gabinete\/"]}]},{"@type":"ImageObject","inLanguage":"es","@id":"https:\/\/www.eldiario.net\/portal\/2021\/05\/27\/gobierno-inicio-tramites-para-extraditar-a-arturo-murillo-y-su-exjefe-de-gabinete\/#primaryimage","url":"","contentUrl":""},{"@type":"BreadcrumbList","@id":"https:\/\/www.eldiario.net\/portal\/2021\/05\/27\/gobierno-inicio-tramites-para-extraditar-a-arturo-murillo-y-su-exjefe-de-gabinete\/#breadcrumb","itemListElement":[{"@type":"ListItem","position":1,"name":"Portada","item":"https:\/\/www.eldiario.net\/portal\/"},{"@type":"ListItem","position":2,"name":"Gobierno inici\u00f3 tr\u00e1mites para extraditar a Arturo Murillo y su exjefe de gabinete"}]},{"@type":"WebSite","@id":"https:\/\/www.eldiario.net\/portal\/#website","url":"https:\/\/www.eldiario.net\/portal\/","name":"El Diario - Decano de la prensa nacional","description":"El Diario - Decano de la prensa nacional","publisher":{"@id":"https:\/\/www.eldiario.net\/portal\/#organization"},"potentialAction":[{"@type":"SearchAction","target":{"@type":"EntryPoint","urlTemplate":"https:\/\/www.eldiario.net\/portal\/?s={search_term_string}"},"query-input":{"@type":"PropertyValueSpecification","valueRequired":true,"valueName":"search_term_string"}}],"inLanguage":"es"},{"@type":"Organization","@id":"https:\/\/www.eldiario.net\/portal\/#organization","name":"El Diario - Decano de la prensa nacional","url":"https:\/\/www.eldiario.net\/portal\/","logo":{"@type":"ImageObject","inLanguage":"es","@id":"https:\/\/www.eldiario.net\/portal\/#\/schema\/logo\/image\/","url":"https:\/\/www.eldiario.net\/portal\/wp-content\/uploads\/2023\/07\/logo_ED.jpg","contentUrl":"https:\/\/www.eldiario.net\/portal\/wp-content\/uploads\/2023\/07\/logo_ED.jpg","width":272,"height":52,"caption":"El Diario - Decano de la prensa nacional"},"image":{"@id":"https:\/\/www.eldiario.net\/portal\/#\/schema\/logo\/image\/"},"sameAs":["https:\/\/www.facebook.com\/eldiario.bolivia\/","https:\/\/x.com\/eldiario_net"]},{"@type":"Person","@id":"https:\/\/www.eldiario.net\/portal\/#\/schema\/person\/f46445640444750d7d753ccd04ae01b7","name":"Jeanette","image":{"@type":"ImageObject","inLanguage":"es","@id":"https:\/\/secure.gravatar.com\/avatar\/3ea2118a5f7dad2b7138b1187a6b7ee55f160b9968b66013c3a3ef39dd7e5798?s=96&d=mm&r=g","url":"https:\/\/secure.gravatar.com\/avatar\/3ea2118a5f7dad2b7138b1187a6b7ee55f160b9968b66013c3a3ef39dd7e5798?s=96&d=mm&r=g","contentUrl":"https:\/\/secure.gravatar.com\/avatar\/3ea2118a5f7dad2b7138b1187a6b7ee55f160b9968b66013c3a3ef39dd7e5798?s=96&d=mm&r=g","caption":"Jeanette"},"sameAs":["https:\/\/www.eldiario.net\/portal"],"url":"https:\/\/www.eldiario.net\/portal\/author\/jeanette\/"}]}},"_links":{"self":[{"href":"https:\/\/www.eldiario.net\/portal\/wp-json\/wp\/v2\/posts\/6632","targetHints":{"allow":["GET"]}}],"collection":[{"href":"https:\/\/www.eldiario.net\/portal\/wp-json\/wp\/v2\/posts"}],"about":[{"href":"https:\/\/www.eldiario.net\/portal\/wp-json\/wp\/v2\/types\/post"}],"author":[{"embeddable":true,"href":"https:\/\/www.eldiario.net\/portal\/wp-json\/wp\/v2\/users\/1"}],"replies":[{"embeddable":true,"href":"https:\/\/www.eldiario.net\/portal\/wp-json\/wp\/v2\/comments?post=6632"}],"version-history":[{"count":0,"href":"https:\/\/www.eldiario.net\/portal\/wp-json\/wp\/v2\/posts\/6632\/revisions"}],"wp:attachment":[{"href":"https:\/\/www.eldiario.net\/portal\/wp-json\/wp\/v2\/media?parent=6632"}],"wp:term":[{"taxonomy":"category","embeddable":true,"href":"https:\/\/www.eldiario.net\/portal\/wp-json\/wp\/v2\/categories?post=6632"},{"taxonomy":"post_tag","embeddable":true,"href":"https:\/\/www.eldiario.net\/portal\/wp-json\/wp\/v2\/tags?post=6632"}],"curies":[{"name":"wp","href":"https:\/\/api.w.org\/{rel}","templated":true}]}}