{"id":6626,"date":"2021-05-27T06:08:58","date_gmt":"2021-05-27T10:08:58","guid":{"rendered":"https:\/\/www.eldiario.net\/portal\/?p=6626"},"modified":"2021-05-27T06:08:58","modified_gmt":"2021-05-27T10:08:58","slug":"siete-implicados-en-caso-gases-lacrimogenos","status":"publish","type":"post","link":"https:\/\/www.eldiario.net\/portal\/2021\/05\/27\/siete-implicados-en-caso-gases-lacrimogenos\/","title":{"rendered":"Siete implicados en caso gases lacrim\u00f3genos"},"content":{"rendered":"<p>El exministro de Gobierno, Arturo Murillo, junto a otras cuatro personas fueron detenidas en Estados Unidos, luego de la investigaci\u00f3n del FBI por presunto lavado de dinero. En tanto, en Bolivia se aprehendi\u00f3 a dos allegados del exalto funcionario, dentro del llamado caso de sobreprecio en la compra de gases lacrim\u00f3genos de 2019.<\/p>\n<p>Murillo fue arrestado, pero los operativos del Bur\u00f3 Federal de Investigaci\u00f3n (FBI) en este caso se desarrollaron entre el 21 y 22 de mayo en los estados de Florida y Georgia. Junto al exministro se detuvo a su exjefe de gabinete Sergio M\u00e9ndez, y los empresarios Luis Berkman, Bryan Berkman y Philip Lichtenfeld de la firma Bravo Tactical Solutions LLC.<\/p>\n<p>La investigaci\u00f3n apunta a un caso de presunta conspiraci\u00f3n y lavado de dinero en cuentas bancarias de EEUU, por lo que se calificar\u00eda como un delito federal que ser\u00eda sancionado con 20 a\u00f1os de prisi\u00f3n a los implicados.<\/p>\n<p>En Bolivia, el Ministerio de Gobierno y la polic\u00eda desarrollaron operativos para capturar a Leonardo A., excu\u00f1ado de Murillo, y el capit\u00e1n Daniel B., que fuera edec\u00e1n del exministro, y que se present\u00f3 a declarar en calidad de testigo ante la fuerza Especial de Lucha Contra el Crimen (FELCC).<\/p>\n<p>El excu\u00f1ado de Murillo fue presentado por el ministro Eduardo del Castillo, denunciado por trasladar objetos personales de Murillo, presuntamente \u201cmillones de bolivianos del pueblo boliviano\u201d. El sindicado dijo que no tiene nada que ver en estos hechos y se declar\u00f3 inocente del caso.<\/p>\n<p>El ministro de Gobierno, Eduardo del Castillo adjetiv\u00f3 a los implicados como parte de una \u201cred mafiosa y criminal\u201d e incluy\u00f3 en la lista a la hermana del exministro, Magda M. y el oficial de polic\u00eda \u00cdvar V. G.<\/p>\n<p>El FBI detect\u00f3 movimientos irregulares en cuentas bancarias de la Florida. Tras el seguimiento, se estableci\u00f3 que Sergio M\u00e9ndez movi\u00f3 importantes cantidades de dinero desde Bolivia, con otros dos \u201cconspiradores\u201d, como es el t\u00e9rmino t\u00e9cnico para este caso.<\/p>\n<p>Se presume que el dinero se movi\u00f3 por los contratos de adjudicaci\u00f3n de material de defensa, gases lacrim\u00f3genos y equipos no letales entre noviembre de 2019 y abril de 2020. La empresa beneficiada Bravo Tecnical Solutions logr\u00f3 los contratos por 5,6 millones de d\u00f3lares, a trav\u00e9s del Ministerio de Defensa, para evitar el pago de aranceles en Aduana.<\/p>\n<p>Los sobornos para la adjudicaci\u00f3n apuntan a que los empresarios pagaron a M\u00e9ndez y otras dos personas, a\u00fan no identificadas por el informe del FBI, unos 600 mil d\u00f3lares para lograr el contrato del Ministerio de Defensa de Bolivia.<\/p>\n<p>Un juez federal norteamericano analizar\u00e1 el caso, en el Tribunal de Distrito Federal de Florida.<\/p>\n<p>&nbsp;<\/p>\n<p>SOBREPRECIO<\/p>\n<p>En tanto, en Bolivia se investiga el presunto sobreprecio de aquellos contratos, que ascender\u00eda a los 2,3 millones de d\u00f3lares. Murillo es se\u00f1alado por el Gobierno y el Ministerio P\u00fablico, pero tambi\u00e9n el exministro de Defensa, Luis Fernando L\u00f3pez, quien se manifest\u00f3 esta ma\u00f1ana a trav\u00e9s de las redes sociales, en espera de que pronto se conozca la verdad del caso.<\/p>\n<p>\u201cDesde mi forzado e injusto exilio veo en la investigaci\u00f3n del FBI, una luz de esperanza y justicia para llegar a la verdad. El pueblo boliviano sabe que trabaj\u00e9 incansablemente por el pa\u00eds, apegado a la CPE\u201d, cit\u00f3 L\u00f3pez v\u00eda Twitter.<\/p>\n<p>Finalmente, el hijo de M\u00e9ndez, Rodrigo M\u00e9ndez, asegur\u00f3 que la detenci\u00f3n de su padre, abocado al negocio de bienes ra\u00edces, se trata de un malentendido.<\/p>\n<p>\u201cEs la sensaci\u00f3n m\u00e1s horrible del mundo la impotencia de no poder ayudar a quienes amas, separado por la distancia que el exilio nos oblig\u00f3 a tener con mi padre a quien no veo hace m\u00e1s de 10 meses\u201d, escribi\u00f3.\u00a0 (VisorBolivia)<\/p>\n<p>&nbsp;<\/p>\n","protected":false},"excerpt":{"rendered":"<p>El exministro de Gobierno, Arturo Murillo, junto a otras cuatro personas fueron detenidas en Estados Unidos, luego de la investigaci\u00f3n del FBI por presunto lavado de dinero. En tanto, en Bolivia se aprehendi\u00f3 a dos allegados del exalto funcionario, dentro del llamado caso de sobreprecio en la compra de gases lacrim\u00f3genos de 2019. Murillo fue [&hellip;]<\/p>\n","protected":false},"author":1,"featured_media":6627,"comment_status":"closed","ping_status":"closed","sticky":false,"template":"","format":"standard","meta":{"_acf_changed":false,"footnotes":""},"categories":[39],"tags":[],"class_list":["post-6626","post","type-post","status-publish","format-standard","has-post-thumbnail","category-sociedad"],"acf":{"antetitulo":""},"yoast_head":"<!-- This site is optimized with the Yoast SEO plugin v28.3 - https:\/\/yoast.com\/product\/yoast-seo-wordpress\/ -->\n<title>Siete implicados en caso gases lacrim\u00f3genos - El Diario - Bolivia<\/title>\n<meta name=\"robots\" content=\"index, follow, max-snippet:-1, max-image-preview:large, max-video-preview:-1\" \/>\n<link rel=\"canonical\" href=\"https:\/\/www.eldiario.net\/portal\/2021\/05\/27\/siete-implicados-en-caso-gases-lacrimogenos\/\" \/>\n<meta property=\"og:locale\" content=\"es_ES\" \/>\n<meta property=\"og:type\" content=\"article\" \/>\n<meta property=\"og:title\" content=\"Siete implicados en caso gases lacrim\u00f3genos - El Diario - Bolivia\" \/>\n<meta property=\"og:description\" content=\"El exministro de Gobierno, Arturo Murillo, junto a otras cuatro personas fueron detenidas en Estados Unidos, luego de la investigaci\u00f3n del FBI por presunto lavado de dinero. En tanto, en Bolivia se aprehendi\u00f3 a dos allegados del exalto funcionario, dentro del llamado caso de sobreprecio en la compra de gases lacrim\u00f3genos de 2019. Murillo fue [&hellip;]\" \/>\n<meta property=\"og:url\" content=\"https:\/\/www.eldiario.net\/portal\/2021\/05\/27\/siete-implicados-en-caso-gases-lacrimogenos\/\" \/>\n<meta property=\"og:site_name\" content=\"El Diario - Bolivia\" \/>\n<meta property=\"article:publisher\" content=\"https:\/\/www.facebook.com\/eldiario.bolivia\/\" \/>\n<meta property=\"article:published_time\" content=\"2021-05-27T10:08:58+00:00\" \/>\n<meta name=\"author\" content=\"Jeanette\" \/>\n<meta name=\"twitter:card\" content=\"summary_large_image\" \/>\n<meta name=\"twitter:creator\" content=\"@eldiario_net\" \/>\n<meta name=\"twitter:site\" content=\"@eldiario_net\" \/>\n<meta name=\"twitter:label1\" content=\"Escrito por\" \/>\n\t<meta name=\"twitter:data1\" content=\"Jeanette\" \/>\n\t<meta name=\"twitter:label2\" content=\"Tiempo de lectura\" \/>\n\t<meta name=\"twitter:data2\" content=\"3 minutos\" \/>\n<script type=\"application\/ld+json\" class=\"yoast-schema-graph\">{\"@context\":\"https:\\\/\\\/schema.org\",\"@graph\":[{\"@type\":\"Article\",\"@id\":\"https:\\\/\\\/www.eldiario.net\\\/portal\\\/2021\\\/05\\\/27\\\/siete-implicados-en-caso-gases-lacrimogenos\\\/#article\",\"isPartOf\":{\"@id\":\"https:\\\/\\\/www.eldiario.net\\\/portal\\\/2021\\\/05\\\/27\\\/siete-implicados-en-caso-gases-lacrimogenos\\\/\"},\"author\":{\"name\":\"Jeanette\",\"@id\":\"https:\\\/\\\/www.eldiario.net\\\/portal\\\/#\\\/schema\\\/person\\\/f46445640444750d7d753ccd04ae01b7\"},\"headline\":\"Siete implicados en caso gases lacrim\u00f3genos\",\"datePublished\":\"2021-05-27T10:08:58+00:00\",\"mainEntityOfPage\":{\"@id\":\"https:\\\/\\\/www.eldiario.net\\\/portal\\\/2021\\\/05\\\/27\\\/siete-implicados-en-caso-gases-lacrimogenos\\\/\"},\"wordCount\":647,\"publisher\":{\"@id\":\"https:\\\/\\\/www.eldiario.net\\\/portal\\\/#organization\"},\"image\":{\"@id\":\"https:\\\/\\\/www.eldiario.net\\\/portal\\\/2021\\\/05\\\/27\\\/siete-implicados-en-caso-gases-lacrimogenos\\\/#primaryimage\"},\"thumbnailUrl\":\"\",\"articleSection\":[\"Sociedad - Seguridad\"],\"inLanguage\":\"es\"},{\"@type\":\"WebPage\",\"@id\":\"https:\\\/\\\/www.eldiario.net\\\/portal\\\/2021\\\/05\\\/27\\\/siete-implicados-en-caso-gases-lacrimogenos\\\/\",\"url\":\"https:\\\/\\\/www.eldiario.net\\\/portal\\\/2021\\\/05\\\/27\\\/siete-implicados-en-caso-gases-lacrimogenos\\\/\",\"name\":\"Siete implicados en caso gases lacrim\u00f3genos - El Diario - Bolivia\",\"isPartOf\":{\"@id\":\"https:\\\/\\\/www.eldiario.net\\\/portal\\\/#website\"},\"primaryImageOfPage\":{\"@id\":\"https:\\\/\\\/www.eldiario.net\\\/portal\\\/2021\\\/05\\\/27\\\/siete-implicados-en-caso-gases-lacrimogenos\\\/#primaryimage\"},\"image\":{\"@id\":\"https:\\\/\\\/www.eldiario.net\\\/portal\\\/2021\\\/05\\\/27\\\/siete-implicados-en-caso-gases-lacrimogenos\\\/#primaryimage\"},\"thumbnailUrl\":\"\",\"datePublished\":\"2021-05-27T10:08:58+00:00\",\"breadcrumb\":{\"@id\":\"https:\\\/\\\/www.eldiario.net\\\/portal\\\/2021\\\/05\\\/27\\\/siete-implicados-en-caso-gases-lacrimogenos\\\/#breadcrumb\"},\"inLanguage\":\"es\",\"potentialAction\":[{\"@type\":\"ReadAction\",\"target\":[\"https:\\\/\\\/www.eldiario.net\\\/portal\\\/2021\\\/05\\\/27\\\/siete-implicados-en-caso-gases-lacrimogenos\\\/\"]}]},{\"@type\":\"ImageObject\",\"inLanguage\":\"es\",\"@id\":\"https:\\\/\\\/www.eldiario.net\\\/portal\\\/2021\\\/05\\\/27\\\/siete-implicados-en-caso-gases-lacrimogenos\\\/#primaryimage\",\"url\":\"\",\"contentUrl\":\"\"},{\"@type\":\"BreadcrumbList\",\"@id\":\"https:\\\/\\\/www.eldiario.net\\\/portal\\\/2021\\\/05\\\/27\\\/siete-implicados-en-caso-gases-lacrimogenos\\\/#breadcrumb\",\"itemListElement\":[{\"@type\":\"ListItem\",\"position\":1,\"name\":\"Portada\",\"item\":\"https:\\\/\\\/www.eldiario.net\\\/portal\\\/\"},{\"@type\":\"ListItem\",\"position\":2,\"name\":\"Siete implicados en caso gases lacrim\u00f3genos\"}]},{\"@type\":\"WebSite\",\"@id\":\"https:\\\/\\\/www.eldiario.net\\\/portal\\\/#website\",\"url\":\"https:\\\/\\\/www.eldiario.net\\\/portal\\\/\",\"name\":\"El Diario - Decano de la prensa nacional\",\"description\":\"El Diario - Decano de la prensa nacional\",\"publisher\":{\"@id\":\"https:\\\/\\\/www.eldiario.net\\\/portal\\\/#organization\"},\"potentialAction\":[{\"@type\":\"SearchAction\",\"target\":{\"@type\":\"EntryPoint\",\"urlTemplate\":\"https:\\\/\\\/www.eldiario.net\\\/portal\\\/?s={search_term_string}\"},\"query-input\":{\"@type\":\"PropertyValueSpecification\",\"valueRequired\":true,\"valueName\":\"search_term_string\"}}],\"inLanguage\":\"es\"},{\"@type\":\"Organization\",\"@id\":\"https:\\\/\\\/www.eldiario.net\\\/portal\\\/#organization\",\"name\":\"El Diario - Decano de la prensa nacional\",\"url\":\"https:\\\/\\\/www.eldiario.net\\\/portal\\\/\",\"logo\":{\"@type\":\"ImageObject\",\"inLanguage\":\"es\",\"@id\":\"https:\\\/\\\/www.eldiario.net\\\/portal\\\/#\\\/schema\\\/logo\\\/image\\\/\",\"url\":\"https:\\\/\\\/www.eldiario.net\\\/portal\\\/wp-content\\\/uploads\\\/2023\\\/07\\\/logo_ED.jpg\",\"contentUrl\":\"https:\\\/\\\/www.eldiario.net\\\/portal\\\/wp-content\\\/uploads\\\/2023\\\/07\\\/logo_ED.jpg\",\"width\":272,\"height\":52,\"caption\":\"El Diario - Decano de la prensa nacional\"},\"image\":{\"@id\":\"https:\\\/\\\/www.eldiario.net\\\/portal\\\/#\\\/schema\\\/logo\\\/image\\\/\"},\"sameAs\":[\"https:\\\/\\\/www.facebook.com\\\/eldiario.bolivia\\\/\",\"https:\\\/\\\/x.com\\\/eldiario_net\"]},{\"@type\":\"Person\",\"@id\":\"https:\\\/\\\/www.eldiario.net\\\/portal\\\/#\\\/schema\\\/person\\\/f46445640444750d7d753ccd04ae01b7\",\"name\":\"Jeanette\",\"image\":{\"@type\":\"ImageObject\",\"inLanguage\":\"es\",\"@id\":\"https:\\\/\\\/secure.gravatar.com\\\/avatar\\\/3ea2118a5f7dad2b7138b1187a6b7ee55f160b9968b66013c3a3ef39dd7e5798?s=96&d=mm&r=g\",\"url\":\"https:\\\/\\\/secure.gravatar.com\\\/avatar\\\/3ea2118a5f7dad2b7138b1187a6b7ee55f160b9968b66013c3a3ef39dd7e5798?s=96&d=mm&r=g\",\"contentUrl\":\"https:\\\/\\\/secure.gravatar.com\\\/avatar\\\/3ea2118a5f7dad2b7138b1187a6b7ee55f160b9968b66013c3a3ef39dd7e5798?s=96&d=mm&r=g\",\"caption\":\"Jeanette\"},\"sameAs\":[\"https:\\\/\\\/www.eldiario.net\\\/portal\"],\"url\":\"https:\\\/\\\/www.eldiario.net\\\/portal\\\/author\\\/jeanette\\\/\"}]}<\/script>\n<!-- \/ Yoast SEO plugin. -->","yoast_head_json":{"title":"Siete implicados en caso gases lacrim\u00f3genos - El Diario - Bolivia","robots":{"index":"index","follow":"follow","max-snippet":"max-snippet:-1","max-image-preview":"max-image-preview:large","max-video-preview":"max-video-preview:-1"},"canonical":"https:\/\/www.eldiario.net\/portal\/2021\/05\/27\/siete-implicados-en-caso-gases-lacrimogenos\/","og_locale":"es_ES","og_type":"article","og_title":"Siete implicados en caso gases lacrim\u00f3genos - El Diario - Bolivia","og_description":"El exministro de Gobierno, Arturo Murillo, junto a otras cuatro personas fueron detenidas en Estados Unidos, luego de la investigaci\u00f3n del FBI por presunto lavado de dinero. En tanto, en Bolivia se aprehendi\u00f3 a dos allegados del exalto funcionario, dentro del llamado caso de sobreprecio en la compra de gases lacrim\u00f3genos de 2019. Murillo fue [&hellip;]","og_url":"https:\/\/www.eldiario.net\/portal\/2021\/05\/27\/siete-implicados-en-caso-gases-lacrimogenos\/","og_site_name":"El Diario - Bolivia","article_publisher":"https:\/\/www.facebook.com\/eldiario.bolivia\/","article_published_time":"2021-05-27T10:08:58+00:00","author":"Jeanette","twitter_card":"summary_large_image","twitter_creator":"@eldiario_net","twitter_site":"@eldiario_net","twitter_misc":{"Escrito por":"Jeanette","Tiempo de lectura":"3 minutos"},"schema":{"@context":"https:\/\/schema.org","@graph":[{"@type":"Article","@id":"https:\/\/www.eldiario.net\/portal\/2021\/05\/27\/siete-implicados-en-caso-gases-lacrimogenos\/#article","isPartOf":{"@id":"https:\/\/www.eldiario.net\/portal\/2021\/05\/27\/siete-implicados-en-caso-gases-lacrimogenos\/"},"author":{"name":"Jeanette","@id":"https:\/\/www.eldiario.net\/portal\/#\/schema\/person\/f46445640444750d7d753ccd04ae01b7"},"headline":"Siete implicados en caso gases lacrim\u00f3genos","datePublished":"2021-05-27T10:08:58+00:00","mainEntityOfPage":{"@id":"https:\/\/www.eldiario.net\/portal\/2021\/05\/27\/siete-implicados-en-caso-gases-lacrimogenos\/"},"wordCount":647,"publisher":{"@id":"https:\/\/www.eldiario.net\/portal\/#organization"},"image":{"@id":"https:\/\/www.eldiario.net\/portal\/2021\/05\/27\/siete-implicados-en-caso-gases-lacrimogenos\/#primaryimage"},"thumbnailUrl":"","articleSection":["Sociedad - Seguridad"],"inLanguage":"es"},{"@type":"WebPage","@id":"https:\/\/www.eldiario.net\/portal\/2021\/05\/27\/siete-implicados-en-caso-gases-lacrimogenos\/","url":"https:\/\/www.eldiario.net\/portal\/2021\/05\/27\/siete-implicados-en-caso-gases-lacrimogenos\/","name":"Siete implicados en caso gases lacrim\u00f3genos - El Diario - Bolivia","isPartOf":{"@id":"https:\/\/www.eldiario.net\/portal\/#website"},"primaryImageOfPage":{"@id":"https:\/\/www.eldiario.net\/portal\/2021\/05\/27\/siete-implicados-en-caso-gases-lacrimogenos\/#primaryimage"},"image":{"@id":"https:\/\/www.eldiario.net\/portal\/2021\/05\/27\/siete-implicados-en-caso-gases-lacrimogenos\/#primaryimage"},"thumbnailUrl":"","datePublished":"2021-05-27T10:08:58+00:00","breadcrumb":{"@id":"https:\/\/www.eldiario.net\/portal\/2021\/05\/27\/siete-implicados-en-caso-gases-lacrimogenos\/#breadcrumb"},"inLanguage":"es","potentialAction":[{"@type":"ReadAction","target":["https:\/\/www.eldiario.net\/portal\/2021\/05\/27\/siete-implicados-en-caso-gases-lacrimogenos\/"]}]},{"@type":"ImageObject","inLanguage":"es","@id":"https:\/\/www.eldiario.net\/portal\/2021\/05\/27\/siete-implicados-en-caso-gases-lacrimogenos\/#primaryimage","url":"","contentUrl":""},{"@type":"BreadcrumbList","@id":"https:\/\/www.eldiario.net\/portal\/2021\/05\/27\/siete-implicados-en-caso-gases-lacrimogenos\/#breadcrumb","itemListElement":[{"@type":"ListItem","position":1,"name":"Portada","item":"https:\/\/www.eldiario.net\/portal\/"},{"@type":"ListItem","position":2,"name":"Siete implicados en caso gases lacrim\u00f3genos"}]},{"@type":"WebSite","@id":"https:\/\/www.eldiario.net\/portal\/#website","url":"https:\/\/www.eldiario.net\/portal\/","name":"El Diario - Decano de la prensa nacional","description":"El Diario - Decano de la prensa nacional","publisher":{"@id":"https:\/\/www.eldiario.net\/portal\/#organization"},"potentialAction":[{"@type":"SearchAction","target":{"@type":"EntryPoint","urlTemplate":"https:\/\/www.eldiario.net\/portal\/?s={search_term_string}"},"query-input":{"@type":"PropertyValueSpecification","valueRequired":true,"valueName":"search_term_string"}}],"inLanguage":"es"},{"@type":"Organization","@id":"https:\/\/www.eldiario.net\/portal\/#organization","name":"El Diario - Decano de la prensa nacional","url":"https:\/\/www.eldiario.net\/portal\/","logo":{"@type":"ImageObject","inLanguage":"es","@id":"https:\/\/www.eldiario.net\/portal\/#\/schema\/logo\/image\/","url":"https:\/\/www.eldiario.net\/portal\/wp-content\/uploads\/2023\/07\/logo_ED.jpg","contentUrl":"https:\/\/www.eldiario.net\/portal\/wp-content\/uploads\/2023\/07\/logo_ED.jpg","width":272,"height":52,"caption":"El Diario - Decano de la prensa nacional"},"image":{"@id":"https:\/\/www.eldiario.net\/portal\/#\/schema\/logo\/image\/"},"sameAs":["https:\/\/www.facebook.com\/eldiario.bolivia\/","https:\/\/x.com\/eldiario_net"]},{"@type":"Person","@id":"https:\/\/www.eldiario.net\/portal\/#\/schema\/person\/f46445640444750d7d753ccd04ae01b7","name":"Jeanette","image":{"@type":"ImageObject","inLanguage":"es","@id":"https:\/\/secure.gravatar.com\/avatar\/3ea2118a5f7dad2b7138b1187a6b7ee55f160b9968b66013c3a3ef39dd7e5798?s=96&d=mm&r=g","url":"https:\/\/secure.gravatar.com\/avatar\/3ea2118a5f7dad2b7138b1187a6b7ee55f160b9968b66013c3a3ef39dd7e5798?s=96&d=mm&r=g","contentUrl":"https:\/\/secure.gravatar.com\/avatar\/3ea2118a5f7dad2b7138b1187a6b7ee55f160b9968b66013c3a3ef39dd7e5798?s=96&d=mm&r=g","caption":"Jeanette"},"sameAs":["https:\/\/www.eldiario.net\/portal"],"url":"https:\/\/www.eldiario.net\/portal\/author\/jeanette\/"}]}},"_links":{"self":[{"href":"https:\/\/www.eldiario.net\/portal\/wp-json\/wp\/v2\/posts\/6626","targetHints":{"allow":["GET"]}}],"collection":[{"href":"https:\/\/www.eldiario.net\/portal\/wp-json\/wp\/v2\/posts"}],"about":[{"href":"https:\/\/www.eldiario.net\/portal\/wp-json\/wp\/v2\/types\/post"}],"author":[{"embeddable":true,"href":"https:\/\/www.eldiario.net\/portal\/wp-json\/wp\/v2\/users\/1"}],"replies":[{"embeddable":true,"href":"https:\/\/www.eldiario.net\/portal\/wp-json\/wp\/v2\/comments?post=6626"}],"version-history":[{"count":0,"href":"https:\/\/www.eldiario.net\/portal\/wp-json\/wp\/v2\/posts\/6626\/revisions"}],"wp:attachment":[{"href":"https:\/\/www.eldiario.net\/portal\/wp-json\/wp\/v2\/media?parent=6626"}],"wp:term":[{"taxonomy":"category","embeddable":true,"href":"https:\/\/www.eldiario.net\/portal\/wp-json\/wp\/v2\/categories?post=6626"},{"taxonomy":"post_tag","embeddable":true,"href":"https:\/\/www.eldiario.net\/portal\/wp-json\/wp\/v2\/tags?post=6626"}],"curies":[{"name":"wp","href":"https:\/\/api.w.org\/{rel}","templated":true}]}}