{"id":6623,"date":"2021-05-27T06:07:38","date_gmt":"2021-05-27T10:07:38","guid":{"rendered":"https:\/\/www.eldiario.net\/portal\/?p=6623"},"modified":"2021-05-27T06:07:38","modified_gmt":"2021-05-27T10:07:38","slug":"anuncian-inicio-de-operaciones-de-planta-de-amoniaco-y-urea","status":"publish","type":"post","link":"https:\/\/www.eldiario.net\/portal\/2021\/05\/27\/anuncian-inicio-de-operaciones-de-planta-de-amoniaco-y-urea\/","title":{"rendered":"Anuncian inicio de operaciones de Planta de Amoniaco y Urea"},"content":{"rendered":"<p>Yacimientos Petrol\u00edferos Fiscales Bolivianos (YPFB) anunci\u00f3 el inicio de operaciones de la Planta de Amoniaco y Urea (PAU) para junio, la cual se encuentra instalada en Bulo Bulo, Cochabamba.<\/p>\n<p>\u201cDentro de este 85% de avance que se tiene, ya se han inspeccionado las partes m\u00e1s importantes dentro de la PAU ya que vinieron los t\u00e9cnicos de (las empresas internacionales) KBR (EEUU) y Toyo (Jap\u00f3n) para ver ajustes menores, que hicieron, y con un informe dijeron que la parte m\u00e1s importante de la planta est\u00e1 lista para arrancar\u201d, indic\u00f3 Wilson Zelaya, durante una entrevista en el programa No Mentir\u00e1s de PAT.<\/p>\n<p>El Presidente de YPFB agreg\u00f3 que esperan el arribo de dos t\u00e9cnicos que vienen de la India.<\/p>\n<p>\u201cYa lleg\u00f3 uno, pero faltan dos y con eso arrancar\u00edamos la planta en la segunda quincena de junio. Adem\u00e1s, llegan cuatro especialistas de Rusia y vamos a tener 200 personas en la planta y estar\u00edamos prestos para iniciar el proceso de arranque\u201d, se\u00f1al\u00f3.<\/p>\n<p>Zelaya explic\u00f3 que se est\u00e1 haciendo revisi\u00f3n de partes de la planta para que todas puedan funcionar adecuadamente y sigan el protocolo de arranque. \u201cLa mayor parte de los da\u00f1os en los equipos de una planta, con estas caracter\u00edsticas y tama\u00f1o, se causan entre la parada y arranque\u201d.<\/p>\n<p>La PAU desde su inauguraci\u00f3n hizo varias paralizaciones, y las autoridades de entonces indicaron que era normal para su mantenimiento, y el 2020 la falta de gas y la pandemia provocaron la paralizaci\u00f3n. Adem\u00e1s, la producci\u00f3n estaba estocado, debido a la falta de mercado.<\/p>\n<p>Las autoridades nacionales vend\u00edan el producto al previo m\u00e1s alto del mercado internacional a los productores nacionales, y al mercado externo a un valor inferior.<\/p>\n<p>Luciano Montellano, Vicepresidente Nacional de Operaciones de YPFB, precis\u00f3 que es clave la reactivaci\u00f3n de la planta para la recuperaci\u00f3n de mercados en la regi\u00f3n. \u201cTenemos muchas intenciones de compra y tenemos acercamientos importantes con Argentina, Paraguay, Uruguay, Brasil y Per\u00fa\u201d, as\u00ed lo indic\u00f3 en el programa Primer Plano de Bolivia Tv.<\/p>\n<p>&nbsp;<\/p>\n","protected":false},"excerpt":{"rendered":"<p>Yacimientos Petrol\u00edferos Fiscales Bolivianos (YPFB) anunci\u00f3 el inicio de operaciones de la Planta de Amoniaco y Urea (PAU) para junio, la cual se encuentra instalada en Bulo Bulo, Cochabamba. \u201cDentro de este 85% de avance que se tiene, ya se han inspeccionado las partes m\u00e1s importantes dentro de la PAU ya que vinieron los t\u00e9cnicos [&hellip;]<\/p>\n","protected":false},"author":1,"featured_media":6624,"comment_status":"closed","ping_status":"closed","sticky":false,"template":"","format":"standard","meta":{"_acf_changed":false,"footnotes":""},"categories":[7],"tags":[],"class_list":["post-6623","post","type-post","status-publish","format-standard","has-post-thumbnail","category-economia"],"acf":{"antetitulo":""},"yoast_head":"<!-- This site is optimized with the Yoast SEO plugin v28.3 - https:\/\/yoast.com\/product\/yoast-seo-wordpress\/ -->\n<title>Anuncian inicio de operaciones de Planta de Amoniaco y Urea - El Diario - Bolivia<\/title>\n<meta name=\"robots\" content=\"index, follow, max-snippet:-1, max-image-preview:large, max-video-preview:-1\" \/>\n<link rel=\"canonical\" href=\"https:\/\/www.eldiario.net\/portal\/2021\/05\/27\/anuncian-inicio-de-operaciones-de-planta-de-amoniaco-y-urea\/\" \/>\n<meta property=\"og:locale\" content=\"es_ES\" \/>\n<meta property=\"og:type\" content=\"article\" \/>\n<meta property=\"og:title\" content=\"Anuncian inicio de operaciones de Planta de Amoniaco y Urea - El Diario - Bolivia\" \/>\n<meta property=\"og:description\" content=\"Yacimientos Petrol\u00edferos Fiscales Bolivianos (YPFB) anunci\u00f3 el inicio de operaciones de la Planta de Amoniaco y Urea (PAU) para junio, la cual se encuentra instalada en Bulo Bulo, Cochabamba. \u201cDentro de este 85% de avance que se tiene, ya se han inspeccionado las partes m\u00e1s importantes dentro de la PAU ya que vinieron los t\u00e9cnicos [&hellip;]\" \/>\n<meta property=\"og:url\" content=\"https:\/\/www.eldiario.net\/portal\/2021\/05\/27\/anuncian-inicio-de-operaciones-de-planta-de-amoniaco-y-urea\/\" \/>\n<meta property=\"og:site_name\" content=\"El Diario - Bolivia\" \/>\n<meta property=\"article:publisher\" content=\"https:\/\/www.facebook.com\/eldiario.bolivia\/\" \/>\n<meta property=\"article:published_time\" content=\"2021-05-27T10:07:38+00:00\" \/>\n<meta name=\"author\" content=\"Jeanette\" \/>\n<meta name=\"twitter:card\" content=\"summary_large_image\" \/>\n<meta name=\"twitter:creator\" content=\"@eldiario_net\" \/>\n<meta name=\"twitter:site\" content=\"@eldiario_net\" \/>\n<meta name=\"twitter:label1\" content=\"Escrito por\" \/>\n\t<meta name=\"twitter:data1\" content=\"Jeanette\" \/>\n\t<meta name=\"twitter:label2\" content=\"Tiempo de lectura\" \/>\n\t<meta name=\"twitter:data2\" content=\"2 minutos\" \/>\n<script type=\"application\/ld+json\" class=\"yoast-schema-graph\">{\"@context\":\"https:\\\/\\\/schema.org\",\"@graph\":[{\"@type\":\"Article\",\"@id\":\"https:\\\/\\\/www.eldiario.net\\\/portal\\\/2021\\\/05\\\/27\\\/anuncian-inicio-de-operaciones-de-planta-de-amoniaco-y-urea\\\/#article\",\"isPartOf\":{\"@id\":\"https:\\\/\\\/www.eldiario.net\\\/portal\\\/2021\\\/05\\\/27\\\/anuncian-inicio-de-operaciones-de-planta-de-amoniaco-y-urea\\\/\"},\"author\":{\"name\":\"Jeanette\",\"@id\":\"https:\\\/\\\/www.eldiario.net\\\/portal\\\/#\\\/schema\\\/person\\\/f46445640444750d7d753ccd04ae01b7\"},\"headline\":\"Anuncian inicio de operaciones de Planta de Amoniaco y Urea\",\"datePublished\":\"2021-05-27T10:07:38+00:00\",\"mainEntityOfPage\":{\"@id\":\"https:\\\/\\\/www.eldiario.net\\\/portal\\\/2021\\\/05\\\/27\\\/anuncian-inicio-de-operaciones-de-planta-de-amoniaco-y-urea\\\/\"},\"wordCount\":361,\"publisher\":{\"@id\":\"https:\\\/\\\/www.eldiario.net\\\/portal\\\/#organization\"},\"image\":{\"@id\":\"https:\\\/\\\/www.eldiario.net\\\/portal\\\/2021\\\/05\\\/27\\\/anuncian-inicio-de-operaciones-de-planta-de-amoniaco-y-urea\\\/#primaryimage\"},\"thumbnailUrl\":\"\",\"articleSection\":[\"Econom\u00eda\"],\"inLanguage\":\"es\"},{\"@type\":\"WebPage\",\"@id\":\"https:\\\/\\\/www.eldiario.net\\\/portal\\\/2021\\\/05\\\/27\\\/anuncian-inicio-de-operaciones-de-planta-de-amoniaco-y-urea\\\/\",\"url\":\"https:\\\/\\\/www.eldiario.net\\\/portal\\\/2021\\\/05\\\/27\\\/anuncian-inicio-de-operaciones-de-planta-de-amoniaco-y-urea\\\/\",\"name\":\"Anuncian inicio de operaciones de Planta de Amoniaco y Urea - El Diario - Bolivia\",\"isPartOf\":{\"@id\":\"https:\\\/\\\/www.eldiario.net\\\/portal\\\/#website\"},\"primaryImageOfPage\":{\"@id\":\"https:\\\/\\\/www.eldiario.net\\\/portal\\\/2021\\\/05\\\/27\\\/anuncian-inicio-de-operaciones-de-planta-de-amoniaco-y-urea\\\/#primaryimage\"},\"image\":{\"@id\":\"https:\\\/\\\/www.eldiario.net\\\/portal\\\/2021\\\/05\\\/27\\\/anuncian-inicio-de-operaciones-de-planta-de-amoniaco-y-urea\\\/#primaryimage\"},\"thumbnailUrl\":\"\",\"datePublished\":\"2021-05-27T10:07:38+00:00\",\"breadcrumb\":{\"@id\":\"https:\\\/\\\/www.eldiario.net\\\/portal\\\/2021\\\/05\\\/27\\\/anuncian-inicio-de-operaciones-de-planta-de-amoniaco-y-urea\\\/#breadcrumb\"},\"inLanguage\":\"es\",\"potentialAction\":[{\"@type\":\"ReadAction\",\"target\":[\"https:\\\/\\\/www.eldiario.net\\\/portal\\\/2021\\\/05\\\/27\\\/anuncian-inicio-de-operaciones-de-planta-de-amoniaco-y-urea\\\/\"]}]},{\"@type\":\"ImageObject\",\"inLanguage\":\"es\",\"@id\":\"https:\\\/\\\/www.eldiario.net\\\/portal\\\/2021\\\/05\\\/27\\\/anuncian-inicio-de-operaciones-de-planta-de-amoniaco-y-urea\\\/#primaryimage\",\"url\":\"\",\"contentUrl\":\"\"},{\"@type\":\"BreadcrumbList\",\"@id\":\"https:\\\/\\\/www.eldiario.net\\\/portal\\\/2021\\\/05\\\/27\\\/anuncian-inicio-de-operaciones-de-planta-de-amoniaco-y-urea\\\/#breadcrumb\",\"itemListElement\":[{\"@type\":\"ListItem\",\"position\":1,\"name\":\"Portada\",\"item\":\"https:\\\/\\\/www.eldiario.net\\\/portal\\\/\"},{\"@type\":\"ListItem\",\"position\":2,\"name\":\"Anuncian inicio de operaciones de Planta de Amoniaco y Urea\"}]},{\"@type\":\"WebSite\",\"@id\":\"https:\\\/\\\/www.eldiario.net\\\/portal\\\/#website\",\"url\":\"https:\\\/\\\/www.eldiario.net\\\/portal\\\/\",\"name\":\"El Diario - Decano de la prensa nacional\",\"description\":\"El Diario - Decano de la prensa nacional\",\"publisher\":{\"@id\":\"https:\\\/\\\/www.eldiario.net\\\/portal\\\/#organization\"},\"potentialAction\":[{\"@type\":\"SearchAction\",\"target\":{\"@type\":\"EntryPoint\",\"urlTemplate\":\"https:\\\/\\\/www.eldiario.net\\\/portal\\\/?s={search_term_string}\"},\"query-input\":{\"@type\":\"PropertyValueSpecification\",\"valueRequired\":true,\"valueName\":\"search_term_string\"}}],\"inLanguage\":\"es\"},{\"@type\":\"Organization\",\"@id\":\"https:\\\/\\\/www.eldiario.net\\\/portal\\\/#organization\",\"name\":\"El Diario - Decano de la prensa nacional\",\"url\":\"https:\\\/\\\/www.eldiario.net\\\/portal\\\/\",\"logo\":{\"@type\":\"ImageObject\",\"inLanguage\":\"es\",\"@id\":\"https:\\\/\\\/www.eldiario.net\\\/portal\\\/#\\\/schema\\\/logo\\\/image\\\/\",\"url\":\"https:\\\/\\\/www.eldiario.net\\\/portal\\\/wp-content\\\/uploads\\\/2023\\\/07\\\/logo_ED.jpg\",\"contentUrl\":\"https:\\\/\\\/www.eldiario.net\\\/portal\\\/wp-content\\\/uploads\\\/2023\\\/07\\\/logo_ED.jpg\",\"width\":272,\"height\":52,\"caption\":\"El Diario - Decano de la prensa nacional\"},\"image\":{\"@id\":\"https:\\\/\\\/www.eldiario.net\\\/portal\\\/#\\\/schema\\\/logo\\\/image\\\/\"},\"sameAs\":[\"https:\\\/\\\/www.facebook.com\\\/eldiario.bolivia\\\/\",\"https:\\\/\\\/x.com\\\/eldiario_net\"]},{\"@type\":\"Person\",\"@id\":\"https:\\\/\\\/www.eldiario.net\\\/portal\\\/#\\\/schema\\\/person\\\/f46445640444750d7d753ccd04ae01b7\",\"name\":\"Jeanette\",\"image\":{\"@type\":\"ImageObject\",\"inLanguage\":\"es\",\"@id\":\"https:\\\/\\\/secure.gravatar.com\\\/avatar\\\/3ea2118a5f7dad2b7138b1187a6b7ee55f160b9968b66013c3a3ef39dd7e5798?s=96&d=mm&r=g\",\"url\":\"https:\\\/\\\/secure.gravatar.com\\\/avatar\\\/3ea2118a5f7dad2b7138b1187a6b7ee55f160b9968b66013c3a3ef39dd7e5798?s=96&d=mm&r=g\",\"contentUrl\":\"https:\\\/\\\/secure.gravatar.com\\\/avatar\\\/3ea2118a5f7dad2b7138b1187a6b7ee55f160b9968b66013c3a3ef39dd7e5798?s=96&d=mm&r=g\",\"caption\":\"Jeanette\"},\"sameAs\":[\"https:\\\/\\\/www.eldiario.net\\\/portal\"],\"url\":\"https:\\\/\\\/www.eldiario.net\\\/portal\\\/author\\\/jeanette\\\/\"}]}<\/script>\n<!-- \/ Yoast SEO plugin. -->","yoast_head_json":{"title":"Anuncian inicio de operaciones de Planta de Amoniaco y Urea - El Diario - Bolivia","robots":{"index":"index","follow":"follow","max-snippet":"max-snippet:-1","max-image-preview":"max-image-preview:large","max-video-preview":"max-video-preview:-1"},"canonical":"https:\/\/www.eldiario.net\/portal\/2021\/05\/27\/anuncian-inicio-de-operaciones-de-planta-de-amoniaco-y-urea\/","og_locale":"es_ES","og_type":"article","og_title":"Anuncian inicio de operaciones de Planta de Amoniaco y Urea - El Diario - Bolivia","og_description":"Yacimientos Petrol\u00edferos Fiscales Bolivianos (YPFB) anunci\u00f3 el inicio de operaciones de la Planta de Amoniaco y Urea (PAU) para junio, la cual se encuentra instalada en Bulo Bulo, Cochabamba. \u201cDentro de este 85% de avance que se tiene, ya se han inspeccionado las partes m\u00e1s importantes dentro de la PAU ya que vinieron los t\u00e9cnicos [&hellip;]","og_url":"https:\/\/www.eldiario.net\/portal\/2021\/05\/27\/anuncian-inicio-de-operaciones-de-planta-de-amoniaco-y-urea\/","og_site_name":"El Diario - Bolivia","article_publisher":"https:\/\/www.facebook.com\/eldiario.bolivia\/","article_published_time":"2021-05-27T10:07:38+00:00","author":"Jeanette","twitter_card":"summary_large_image","twitter_creator":"@eldiario_net","twitter_site":"@eldiario_net","twitter_misc":{"Escrito por":"Jeanette","Tiempo de lectura":"2 minutos"},"schema":{"@context":"https:\/\/schema.org","@graph":[{"@type":"Article","@id":"https:\/\/www.eldiario.net\/portal\/2021\/05\/27\/anuncian-inicio-de-operaciones-de-planta-de-amoniaco-y-urea\/#article","isPartOf":{"@id":"https:\/\/www.eldiario.net\/portal\/2021\/05\/27\/anuncian-inicio-de-operaciones-de-planta-de-amoniaco-y-urea\/"},"author":{"name":"Jeanette","@id":"https:\/\/www.eldiario.net\/portal\/#\/schema\/person\/f46445640444750d7d753ccd04ae01b7"},"headline":"Anuncian inicio de operaciones de Planta de Amoniaco y Urea","datePublished":"2021-05-27T10:07:38+00:00","mainEntityOfPage":{"@id":"https:\/\/www.eldiario.net\/portal\/2021\/05\/27\/anuncian-inicio-de-operaciones-de-planta-de-amoniaco-y-urea\/"},"wordCount":361,"publisher":{"@id":"https:\/\/www.eldiario.net\/portal\/#organization"},"image":{"@id":"https:\/\/www.eldiario.net\/portal\/2021\/05\/27\/anuncian-inicio-de-operaciones-de-planta-de-amoniaco-y-urea\/#primaryimage"},"thumbnailUrl":"","articleSection":["Econom\u00eda"],"inLanguage":"es"},{"@type":"WebPage","@id":"https:\/\/www.eldiario.net\/portal\/2021\/05\/27\/anuncian-inicio-de-operaciones-de-planta-de-amoniaco-y-urea\/","url":"https:\/\/www.eldiario.net\/portal\/2021\/05\/27\/anuncian-inicio-de-operaciones-de-planta-de-amoniaco-y-urea\/","name":"Anuncian inicio de operaciones de Planta de Amoniaco y Urea - El Diario - Bolivia","isPartOf":{"@id":"https:\/\/www.eldiario.net\/portal\/#website"},"primaryImageOfPage":{"@id":"https:\/\/www.eldiario.net\/portal\/2021\/05\/27\/anuncian-inicio-de-operaciones-de-planta-de-amoniaco-y-urea\/#primaryimage"},"image":{"@id":"https:\/\/www.eldiario.net\/portal\/2021\/05\/27\/anuncian-inicio-de-operaciones-de-planta-de-amoniaco-y-urea\/#primaryimage"},"thumbnailUrl":"","datePublished":"2021-05-27T10:07:38+00:00","breadcrumb":{"@id":"https:\/\/www.eldiario.net\/portal\/2021\/05\/27\/anuncian-inicio-de-operaciones-de-planta-de-amoniaco-y-urea\/#breadcrumb"},"inLanguage":"es","potentialAction":[{"@type":"ReadAction","target":["https:\/\/www.eldiario.net\/portal\/2021\/05\/27\/anuncian-inicio-de-operaciones-de-planta-de-amoniaco-y-urea\/"]}]},{"@type":"ImageObject","inLanguage":"es","@id":"https:\/\/www.eldiario.net\/portal\/2021\/05\/27\/anuncian-inicio-de-operaciones-de-planta-de-amoniaco-y-urea\/#primaryimage","url":"","contentUrl":""},{"@type":"BreadcrumbList","@id":"https:\/\/www.eldiario.net\/portal\/2021\/05\/27\/anuncian-inicio-de-operaciones-de-planta-de-amoniaco-y-urea\/#breadcrumb","itemListElement":[{"@type":"ListItem","position":1,"name":"Portada","item":"https:\/\/www.eldiario.net\/portal\/"},{"@type":"ListItem","position":2,"name":"Anuncian inicio de operaciones de Planta de Amoniaco y Urea"}]},{"@type":"WebSite","@id":"https:\/\/www.eldiario.net\/portal\/#website","url":"https:\/\/www.eldiario.net\/portal\/","name":"El Diario - Decano de la prensa nacional","description":"El Diario - Decano de la prensa nacional","publisher":{"@id":"https:\/\/www.eldiario.net\/portal\/#organization"},"potentialAction":[{"@type":"SearchAction","target":{"@type":"EntryPoint","urlTemplate":"https:\/\/www.eldiario.net\/portal\/?s={search_term_string}"},"query-input":{"@type":"PropertyValueSpecification","valueRequired":true,"valueName":"search_term_string"}}],"inLanguage":"es"},{"@type":"Organization","@id":"https:\/\/www.eldiario.net\/portal\/#organization","name":"El Diario - Decano de la prensa nacional","url":"https:\/\/www.eldiario.net\/portal\/","logo":{"@type":"ImageObject","inLanguage":"es","@id":"https:\/\/www.eldiario.net\/portal\/#\/schema\/logo\/image\/","url":"https:\/\/www.eldiario.net\/portal\/wp-content\/uploads\/2023\/07\/logo_ED.jpg","contentUrl":"https:\/\/www.eldiario.net\/portal\/wp-content\/uploads\/2023\/07\/logo_ED.jpg","width":272,"height":52,"caption":"El Diario - Decano de la prensa nacional"},"image":{"@id":"https:\/\/www.eldiario.net\/portal\/#\/schema\/logo\/image\/"},"sameAs":["https:\/\/www.facebook.com\/eldiario.bolivia\/","https:\/\/x.com\/eldiario_net"]},{"@type":"Person","@id":"https:\/\/www.eldiario.net\/portal\/#\/schema\/person\/f46445640444750d7d753ccd04ae01b7","name":"Jeanette","image":{"@type":"ImageObject","inLanguage":"es","@id":"https:\/\/secure.gravatar.com\/avatar\/3ea2118a5f7dad2b7138b1187a6b7ee55f160b9968b66013c3a3ef39dd7e5798?s=96&d=mm&r=g","url":"https:\/\/secure.gravatar.com\/avatar\/3ea2118a5f7dad2b7138b1187a6b7ee55f160b9968b66013c3a3ef39dd7e5798?s=96&d=mm&r=g","contentUrl":"https:\/\/secure.gravatar.com\/avatar\/3ea2118a5f7dad2b7138b1187a6b7ee55f160b9968b66013c3a3ef39dd7e5798?s=96&d=mm&r=g","caption":"Jeanette"},"sameAs":["https:\/\/www.eldiario.net\/portal"],"url":"https:\/\/www.eldiario.net\/portal\/author\/jeanette\/"}]}},"_links":{"self":[{"href":"https:\/\/www.eldiario.net\/portal\/wp-json\/wp\/v2\/posts\/6623","targetHints":{"allow":["GET"]}}],"collection":[{"href":"https:\/\/www.eldiario.net\/portal\/wp-json\/wp\/v2\/posts"}],"about":[{"href":"https:\/\/www.eldiario.net\/portal\/wp-json\/wp\/v2\/types\/post"}],"author":[{"embeddable":true,"href":"https:\/\/www.eldiario.net\/portal\/wp-json\/wp\/v2\/users\/1"}],"replies":[{"embeddable":true,"href":"https:\/\/www.eldiario.net\/portal\/wp-json\/wp\/v2\/comments?post=6623"}],"version-history":[{"count":0,"href":"https:\/\/www.eldiario.net\/portal\/wp-json\/wp\/v2\/posts\/6623\/revisions"}],"wp:attachment":[{"href":"https:\/\/www.eldiario.net\/portal\/wp-json\/wp\/v2\/media?parent=6623"}],"wp:term":[{"taxonomy":"category","embeddable":true,"href":"https:\/\/www.eldiario.net\/portal\/wp-json\/wp\/v2\/categories?post=6623"},{"taxonomy":"post_tag","embeddable":true,"href":"https:\/\/www.eldiario.net\/portal\/wp-json\/wp\/v2\/tags?post=6623"}],"curies":[{"name":"wp","href":"https:\/\/api.w.org\/{rel}","templated":true}]}}