{"id":6620,"date":"2021-05-27T06:06:33","date_gmt":"2021-05-27T10:06:33","guid":{"rendered":"https:\/\/www.eldiario.net\/portal\/?p=6620"},"modified":"2021-05-27T06:06:33","modified_gmt":"2021-05-27T10:06:33","slug":"cni-lanza-concurso-ideas-innovadoras-de-negocios-verdes","status":"publish","type":"post","link":"https:\/\/www.eldiario.net\/portal\/2021\/05\/27\/cni-lanza-concurso-ideas-innovadoras-de-negocios-verdes\/","title":{"rendered":"CNI lanza concurso \u201cideas  innovadoras de negocios verdes\u201d"},"content":{"rendered":"<p>La C\u00e1mara Nacional de Industrias (CNI) lanz\u00f3 concurso \u201cideas innovadoras de negocios verdes\u201d, en el marco del componente de desarrollo de negocios amigables con el medio ambiente del proyecto REDEmpleo, que es ejecutado por la entidad gremial, junto a las fundaciones Ser Familia y Codespa, con financiamiento de la Uni\u00f3n Europea, y est\u00e1 orientado a los j\u00f3venes de los municipios de La Paz, El Alto, Viacha, Laja y Achocalla. La presentaci\u00f3n estuvo a cargo del vicepresidente del ente institucional, Pablo Camacho.<\/p>\n<p>Se define como negocio verde a una actividad econ\u00f3mica que ofrece un producto o servicio que genera impacto ambiental positivo, incorporando en su producci\u00f3n como materia prima o aditivo a un \u201cresiduo\u201d, que incluye buenas pr\u00e1cticas ambientales, econ\u00f3micas y sociales contribuyendo a la conservaci\u00f3n del medio ambiente.<\/p>\n<p>El Concurso premiar\u00e1 a los emprendedores de negocios verdes diferenciados en dos modalidades: \u201cTengo una idea\u201d y \u201cSoy emprendedor\u201d. Cada modalidad est\u00e1 dividida en cinco categor\u00edas, seg\u00fan el municipio donde se emplaza el negocio verde.<\/p>\n<p>La premiaci\u00f3n del concurso consiste en premios econ\u00f3micos de capital semilla o capital de inversi\u00f3n, mismos que ascienden a un monto aproximado de 27.000 euros, equivalentes a 210.000 bolivianos, dinero que ser\u00e1 distribuido en las diferentes categor\u00edas.<\/p>\n<p>Universidades, instituciones, empresas, emprendedores, j\u00f3venes e investigadores, que son generadores constantes de ideas, podr\u00e1n participar en el concurso. Las postulaciones deben presentarse de acuerdo a los t\u00e9rminos de referencia del concurso, con la referencia \u201cideas innovadoras de negocios verdes 2021\u201d, en formato f\u00edsico en oficinas de la C\u00e1mara Nacional de Industrias o al correo electr\u00f3nico: <a href=\"mailto:bchoque@cnibolivia.com\">bchoque@cnibolivia.com<\/a>, hasta el 30 de junio de 2021.<\/p>\n<p>Uno de los resultados del proyecto ser\u00e1 la promoci\u00f3n de 20 nuevos emprendimientos innovadores de reciclado y el fortalecimiento de otros 30 en operaci\u00f3n, liderados por j\u00f3venes entre 18 y 28 a\u00f1os.<\/p>\n<p>La CNI promueve los negocios verdes con responsabilidad en el cuidado del medio ambiente y el emprendedurismo. Las personas interesadas en el concurso y pueden obtener m\u00e1s informaci\u00f3n en el correo electr\u00f3nico: <a href=\"mailto:bchoque@cnibolivia.com\">bchoque@cnibolivia.com<\/a>, WhatsApp 72592525 (Betzi Choque Zenteno Choque).<\/p>\n","protected":false},"excerpt":{"rendered":"<p>La C\u00e1mara Nacional de Industrias (CNI) lanz\u00f3 concurso \u201cideas innovadoras de negocios verdes\u201d, en el marco del componente de desarrollo de negocios amigables con el medio ambiente del proyecto REDEmpleo, que es ejecutado por la entidad gremial, junto a las fundaciones Ser Familia y Codespa, con financiamiento de la Uni\u00f3n Europea, y est\u00e1 orientado a [&hellip;]<\/p>\n","protected":false},"author":1,"featured_media":6621,"comment_status":"closed","ping_status":"closed","sticky":false,"template":"","format":"standard","meta":{"_acf_changed":false,"footnotes":""},"categories":[7],"tags":[],"class_list":["post-6620","post","type-post","status-publish","format-standard","has-post-thumbnail","category-economia"],"acf":{"antetitulo":""},"yoast_head":"<!-- This site is optimized with the Yoast SEO plugin v28.3 - https:\/\/yoast.com\/product\/yoast-seo-wordpress\/ -->\n<title>CNI lanza concurso \u201cideas innovadoras de negocios verdes\u201d - El Diario - Bolivia<\/title>\n<meta name=\"robots\" content=\"index, follow, max-snippet:-1, max-image-preview:large, max-video-preview:-1\" \/>\n<link rel=\"canonical\" href=\"https:\/\/www.eldiario.net\/portal\/2021\/05\/27\/cni-lanza-concurso-ideas-innovadoras-de-negocios-verdes\/\" \/>\n<meta property=\"og:locale\" content=\"es_ES\" \/>\n<meta property=\"og:type\" content=\"article\" \/>\n<meta property=\"og:title\" content=\"CNI lanza concurso \u201cideas innovadoras de negocios verdes\u201d - El Diario - Bolivia\" \/>\n<meta property=\"og:description\" content=\"La C\u00e1mara Nacional de Industrias (CNI) lanz\u00f3 concurso \u201cideas innovadoras de negocios verdes\u201d, en el marco del componente de desarrollo de negocios amigables con el medio ambiente del proyecto REDEmpleo, que es ejecutado por la entidad gremial, junto a las fundaciones Ser Familia y Codespa, con financiamiento de la Uni\u00f3n Europea, y est\u00e1 orientado a [&hellip;]\" \/>\n<meta property=\"og:url\" content=\"https:\/\/www.eldiario.net\/portal\/2021\/05\/27\/cni-lanza-concurso-ideas-innovadoras-de-negocios-verdes\/\" \/>\n<meta property=\"og:site_name\" content=\"El Diario - Bolivia\" \/>\n<meta property=\"article:publisher\" content=\"https:\/\/www.facebook.com\/eldiario.bolivia\/\" \/>\n<meta property=\"article:published_time\" content=\"2021-05-27T10:06:33+00:00\" \/>\n<meta name=\"author\" content=\"Jeanette\" \/>\n<meta name=\"twitter:card\" content=\"summary_large_image\" \/>\n<meta name=\"twitter:creator\" content=\"@eldiario_net\" \/>\n<meta name=\"twitter:site\" content=\"@eldiario_net\" \/>\n<meta name=\"twitter:label1\" content=\"Escrito por\" \/>\n\t<meta name=\"twitter:data1\" content=\"Jeanette\" \/>\n\t<meta name=\"twitter:label2\" content=\"Tiempo de lectura\" \/>\n\t<meta name=\"twitter:data2\" content=\"2 minutos\" \/>\n<script type=\"application\/ld+json\" class=\"yoast-schema-graph\">{\"@context\":\"https:\\\/\\\/schema.org\",\"@graph\":[{\"@type\":\"Article\",\"@id\":\"https:\\\/\\\/www.eldiario.net\\\/portal\\\/2021\\\/05\\\/27\\\/cni-lanza-concurso-ideas-innovadoras-de-negocios-verdes\\\/#article\",\"isPartOf\":{\"@id\":\"https:\\\/\\\/www.eldiario.net\\\/portal\\\/2021\\\/05\\\/27\\\/cni-lanza-concurso-ideas-innovadoras-de-negocios-verdes\\\/\"},\"author\":{\"name\":\"Jeanette\",\"@id\":\"https:\\\/\\\/www.eldiario.net\\\/portal\\\/#\\\/schema\\\/person\\\/f46445640444750d7d753ccd04ae01b7\"},\"headline\":\"CNI lanza concurso \u201cideas innovadoras de negocios verdes\u201d\",\"datePublished\":\"2021-05-27T10:06:33+00:00\",\"mainEntityOfPage\":{\"@id\":\"https:\\\/\\\/www.eldiario.net\\\/portal\\\/2021\\\/05\\\/27\\\/cni-lanza-concurso-ideas-innovadoras-de-negocios-verdes\\\/\"},\"wordCount\":364,\"publisher\":{\"@id\":\"https:\\\/\\\/www.eldiario.net\\\/portal\\\/#organization\"},\"image\":{\"@id\":\"https:\\\/\\\/www.eldiario.net\\\/portal\\\/2021\\\/05\\\/27\\\/cni-lanza-concurso-ideas-innovadoras-de-negocios-verdes\\\/#primaryimage\"},\"thumbnailUrl\":\"\",\"articleSection\":[\"Econom\u00eda\"],\"inLanguage\":\"es\"},{\"@type\":\"WebPage\",\"@id\":\"https:\\\/\\\/www.eldiario.net\\\/portal\\\/2021\\\/05\\\/27\\\/cni-lanza-concurso-ideas-innovadoras-de-negocios-verdes\\\/\",\"url\":\"https:\\\/\\\/www.eldiario.net\\\/portal\\\/2021\\\/05\\\/27\\\/cni-lanza-concurso-ideas-innovadoras-de-negocios-verdes\\\/\",\"name\":\"CNI lanza concurso \u201cideas innovadoras de negocios verdes\u201d - El Diario - Bolivia\",\"isPartOf\":{\"@id\":\"https:\\\/\\\/www.eldiario.net\\\/portal\\\/#website\"},\"primaryImageOfPage\":{\"@id\":\"https:\\\/\\\/www.eldiario.net\\\/portal\\\/2021\\\/05\\\/27\\\/cni-lanza-concurso-ideas-innovadoras-de-negocios-verdes\\\/#primaryimage\"},\"image\":{\"@id\":\"https:\\\/\\\/www.eldiario.net\\\/portal\\\/2021\\\/05\\\/27\\\/cni-lanza-concurso-ideas-innovadoras-de-negocios-verdes\\\/#primaryimage\"},\"thumbnailUrl\":\"\",\"datePublished\":\"2021-05-27T10:06:33+00:00\",\"breadcrumb\":{\"@id\":\"https:\\\/\\\/www.eldiario.net\\\/portal\\\/2021\\\/05\\\/27\\\/cni-lanza-concurso-ideas-innovadoras-de-negocios-verdes\\\/#breadcrumb\"},\"inLanguage\":\"es\",\"potentialAction\":[{\"@type\":\"ReadAction\",\"target\":[\"https:\\\/\\\/www.eldiario.net\\\/portal\\\/2021\\\/05\\\/27\\\/cni-lanza-concurso-ideas-innovadoras-de-negocios-verdes\\\/\"]}]},{\"@type\":\"ImageObject\",\"inLanguage\":\"es\",\"@id\":\"https:\\\/\\\/www.eldiario.net\\\/portal\\\/2021\\\/05\\\/27\\\/cni-lanza-concurso-ideas-innovadoras-de-negocios-verdes\\\/#primaryimage\",\"url\":\"\",\"contentUrl\":\"\"},{\"@type\":\"BreadcrumbList\",\"@id\":\"https:\\\/\\\/www.eldiario.net\\\/portal\\\/2021\\\/05\\\/27\\\/cni-lanza-concurso-ideas-innovadoras-de-negocios-verdes\\\/#breadcrumb\",\"itemListElement\":[{\"@type\":\"ListItem\",\"position\":1,\"name\":\"Portada\",\"item\":\"https:\\\/\\\/www.eldiario.net\\\/portal\\\/\"},{\"@type\":\"ListItem\",\"position\":2,\"name\":\"CNI lanza concurso \u201cideas innovadoras de negocios verdes\u201d\"}]},{\"@type\":\"WebSite\",\"@id\":\"https:\\\/\\\/www.eldiario.net\\\/portal\\\/#website\",\"url\":\"https:\\\/\\\/www.eldiario.net\\\/portal\\\/\",\"name\":\"El Diario - Decano de la prensa nacional\",\"description\":\"El Diario - Decano de la prensa nacional\",\"publisher\":{\"@id\":\"https:\\\/\\\/www.eldiario.net\\\/portal\\\/#organization\"},\"potentialAction\":[{\"@type\":\"SearchAction\",\"target\":{\"@type\":\"EntryPoint\",\"urlTemplate\":\"https:\\\/\\\/www.eldiario.net\\\/portal\\\/?s={search_term_string}\"},\"query-input\":{\"@type\":\"PropertyValueSpecification\",\"valueRequired\":true,\"valueName\":\"search_term_string\"}}],\"inLanguage\":\"es\"},{\"@type\":\"Organization\",\"@id\":\"https:\\\/\\\/www.eldiario.net\\\/portal\\\/#organization\",\"name\":\"El Diario - Decano de la prensa nacional\",\"url\":\"https:\\\/\\\/www.eldiario.net\\\/portal\\\/\",\"logo\":{\"@type\":\"ImageObject\",\"inLanguage\":\"es\",\"@id\":\"https:\\\/\\\/www.eldiario.net\\\/portal\\\/#\\\/schema\\\/logo\\\/image\\\/\",\"url\":\"https:\\\/\\\/www.eldiario.net\\\/portal\\\/wp-content\\\/uploads\\\/2023\\\/07\\\/logo_ED.jpg\",\"contentUrl\":\"https:\\\/\\\/www.eldiario.net\\\/portal\\\/wp-content\\\/uploads\\\/2023\\\/07\\\/logo_ED.jpg\",\"width\":272,\"height\":52,\"caption\":\"El Diario - Decano de la prensa nacional\"},\"image\":{\"@id\":\"https:\\\/\\\/www.eldiario.net\\\/portal\\\/#\\\/schema\\\/logo\\\/image\\\/\"},\"sameAs\":[\"https:\\\/\\\/www.facebook.com\\\/eldiario.bolivia\\\/\",\"https:\\\/\\\/x.com\\\/eldiario_net\"]},{\"@type\":\"Person\",\"@id\":\"https:\\\/\\\/www.eldiario.net\\\/portal\\\/#\\\/schema\\\/person\\\/f46445640444750d7d753ccd04ae01b7\",\"name\":\"Jeanette\",\"image\":{\"@type\":\"ImageObject\",\"inLanguage\":\"es\",\"@id\":\"https:\\\/\\\/secure.gravatar.com\\\/avatar\\\/3ea2118a5f7dad2b7138b1187a6b7ee55f160b9968b66013c3a3ef39dd7e5798?s=96&d=mm&r=g\",\"url\":\"https:\\\/\\\/secure.gravatar.com\\\/avatar\\\/3ea2118a5f7dad2b7138b1187a6b7ee55f160b9968b66013c3a3ef39dd7e5798?s=96&d=mm&r=g\",\"contentUrl\":\"https:\\\/\\\/secure.gravatar.com\\\/avatar\\\/3ea2118a5f7dad2b7138b1187a6b7ee55f160b9968b66013c3a3ef39dd7e5798?s=96&d=mm&r=g\",\"caption\":\"Jeanette\"},\"sameAs\":[\"https:\\\/\\\/www.eldiario.net\\\/portal\"],\"url\":\"https:\\\/\\\/www.eldiario.net\\\/portal\\\/author\\\/jeanette\\\/\"}]}<\/script>\n<!-- \/ Yoast SEO plugin. -->","yoast_head_json":{"title":"CNI lanza concurso \u201cideas innovadoras de negocios verdes\u201d - El Diario - Bolivia","robots":{"index":"index","follow":"follow","max-snippet":"max-snippet:-1","max-image-preview":"max-image-preview:large","max-video-preview":"max-video-preview:-1"},"canonical":"https:\/\/www.eldiario.net\/portal\/2021\/05\/27\/cni-lanza-concurso-ideas-innovadoras-de-negocios-verdes\/","og_locale":"es_ES","og_type":"article","og_title":"CNI lanza concurso \u201cideas innovadoras de negocios verdes\u201d - El Diario - Bolivia","og_description":"La C\u00e1mara Nacional de Industrias (CNI) lanz\u00f3 concurso \u201cideas innovadoras de negocios verdes\u201d, en el marco del componente de desarrollo de negocios amigables con el medio ambiente del proyecto REDEmpleo, que es ejecutado por la entidad gremial, junto a las fundaciones Ser Familia y Codespa, con financiamiento de la Uni\u00f3n Europea, y est\u00e1 orientado a [&hellip;]","og_url":"https:\/\/www.eldiario.net\/portal\/2021\/05\/27\/cni-lanza-concurso-ideas-innovadoras-de-negocios-verdes\/","og_site_name":"El Diario - Bolivia","article_publisher":"https:\/\/www.facebook.com\/eldiario.bolivia\/","article_published_time":"2021-05-27T10:06:33+00:00","author":"Jeanette","twitter_card":"summary_large_image","twitter_creator":"@eldiario_net","twitter_site":"@eldiario_net","twitter_misc":{"Escrito por":"Jeanette","Tiempo de lectura":"2 minutos"},"schema":{"@context":"https:\/\/schema.org","@graph":[{"@type":"Article","@id":"https:\/\/www.eldiario.net\/portal\/2021\/05\/27\/cni-lanza-concurso-ideas-innovadoras-de-negocios-verdes\/#article","isPartOf":{"@id":"https:\/\/www.eldiario.net\/portal\/2021\/05\/27\/cni-lanza-concurso-ideas-innovadoras-de-negocios-verdes\/"},"author":{"name":"Jeanette","@id":"https:\/\/www.eldiario.net\/portal\/#\/schema\/person\/f46445640444750d7d753ccd04ae01b7"},"headline":"CNI lanza concurso \u201cideas innovadoras de negocios verdes\u201d","datePublished":"2021-05-27T10:06:33+00:00","mainEntityOfPage":{"@id":"https:\/\/www.eldiario.net\/portal\/2021\/05\/27\/cni-lanza-concurso-ideas-innovadoras-de-negocios-verdes\/"},"wordCount":364,"publisher":{"@id":"https:\/\/www.eldiario.net\/portal\/#organization"},"image":{"@id":"https:\/\/www.eldiario.net\/portal\/2021\/05\/27\/cni-lanza-concurso-ideas-innovadoras-de-negocios-verdes\/#primaryimage"},"thumbnailUrl":"","articleSection":["Econom\u00eda"],"inLanguage":"es"},{"@type":"WebPage","@id":"https:\/\/www.eldiario.net\/portal\/2021\/05\/27\/cni-lanza-concurso-ideas-innovadoras-de-negocios-verdes\/","url":"https:\/\/www.eldiario.net\/portal\/2021\/05\/27\/cni-lanza-concurso-ideas-innovadoras-de-negocios-verdes\/","name":"CNI lanza concurso \u201cideas innovadoras de negocios verdes\u201d - El Diario - Bolivia","isPartOf":{"@id":"https:\/\/www.eldiario.net\/portal\/#website"},"primaryImageOfPage":{"@id":"https:\/\/www.eldiario.net\/portal\/2021\/05\/27\/cni-lanza-concurso-ideas-innovadoras-de-negocios-verdes\/#primaryimage"},"image":{"@id":"https:\/\/www.eldiario.net\/portal\/2021\/05\/27\/cni-lanza-concurso-ideas-innovadoras-de-negocios-verdes\/#primaryimage"},"thumbnailUrl":"","datePublished":"2021-05-27T10:06:33+00:00","breadcrumb":{"@id":"https:\/\/www.eldiario.net\/portal\/2021\/05\/27\/cni-lanza-concurso-ideas-innovadoras-de-negocios-verdes\/#breadcrumb"},"inLanguage":"es","potentialAction":[{"@type":"ReadAction","target":["https:\/\/www.eldiario.net\/portal\/2021\/05\/27\/cni-lanza-concurso-ideas-innovadoras-de-negocios-verdes\/"]}]},{"@type":"ImageObject","inLanguage":"es","@id":"https:\/\/www.eldiario.net\/portal\/2021\/05\/27\/cni-lanza-concurso-ideas-innovadoras-de-negocios-verdes\/#primaryimage","url":"","contentUrl":""},{"@type":"BreadcrumbList","@id":"https:\/\/www.eldiario.net\/portal\/2021\/05\/27\/cni-lanza-concurso-ideas-innovadoras-de-negocios-verdes\/#breadcrumb","itemListElement":[{"@type":"ListItem","position":1,"name":"Portada","item":"https:\/\/www.eldiario.net\/portal\/"},{"@type":"ListItem","position":2,"name":"CNI lanza concurso \u201cideas innovadoras de negocios verdes\u201d"}]},{"@type":"WebSite","@id":"https:\/\/www.eldiario.net\/portal\/#website","url":"https:\/\/www.eldiario.net\/portal\/","name":"El Diario - Decano de la prensa nacional","description":"El Diario - Decano de la prensa nacional","publisher":{"@id":"https:\/\/www.eldiario.net\/portal\/#organization"},"potentialAction":[{"@type":"SearchAction","target":{"@type":"EntryPoint","urlTemplate":"https:\/\/www.eldiario.net\/portal\/?s={search_term_string}"},"query-input":{"@type":"PropertyValueSpecification","valueRequired":true,"valueName":"search_term_string"}}],"inLanguage":"es"},{"@type":"Organization","@id":"https:\/\/www.eldiario.net\/portal\/#organization","name":"El Diario - Decano de la prensa nacional","url":"https:\/\/www.eldiario.net\/portal\/","logo":{"@type":"ImageObject","inLanguage":"es","@id":"https:\/\/www.eldiario.net\/portal\/#\/schema\/logo\/image\/","url":"https:\/\/www.eldiario.net\/portal\/wp-content\/uploads\/2023\/07\/logo_ED.jpg","contentUrl":"https:\/\/www.eldiario.net\/portal\/wp-content\/uploads\/2023\/07\/logo_ED.jpg","width":272,"height":52,"caption":"El Diario - Decano de la prensa nacional"},"image":{"@id":"https:\/\/www.eldiario.net\/portal\/#\/schema\/logo\/image\/"},"sameAs":["https:\/\/www.facebook.com\/eldiario.bolivia\/","https:\/\/x.com\/eldiario_net"]},{"@type":"Person","@id":"https:\/\/www.eldiario.net\/portal\/#\/schema\/person\/f46445640444750d7d753ccd04ae01b7","name":"Jeanette","image":{"@type":"ImageObject","inLanguage":"es","@id":"https:\/\/secure.gravatar.com\/avatar\/3ea2118a5f7dad2b7138b1187a6b7ee55f160b9968b66013c3a3ef39dd7e5798?s=96&d=mm&r=g","url":"https:\/\/secure.gravatar.com\/avatar\/3ea2118a5f7dad2b7138b1187a6b7ee55f160b9968b66013c3a3ef39dd7e5798?s=96&d=mm&r=g","contentUrl":"https:\/\/secure.gravatar.com\/avatar\/3ea2118a5f7dad2b7138b1187a6b7ee55f160b9968b66013c3a3ef39dd7e5798?s=96&d=mm&r=g","caption":"Jeanette"},"sameAs":["https:\/\/www.eldiario.net\/portal"],"url":"https:\/\/www.eldiario.net\/portal\/author\/jeanette\/"}]}},"_links":{"self":[{"href":"https:\/\/www.eldiario.net\/portal\/wp-json\/wp\/v2\/posts\/6620","targetHints":{"allow":["GET"]}}],"collection":[{"href":"https:\/\/www.eldiario.net\/portal\/wp-json\/wp\/v2\/posts"}],"about":[{"href":"https:\/\/www.eldiario.net\/portal\/wp-json\/wp\/v2\/types\/post"}],"author":[{"embeddable":true,"href":"https:\/\/www.eldiario.net\/portal\/wp-json\/wp\/v2\/users\/1"}],"replies":[{"embeddable":true,"href":"https:\/\/www.eldiario.net\/portal\/wp-json\/wp\/v2\/comments?post=6620"}],"version-history":[{"count":0,"href":"https:\/\/www.eldiario.net\/portal\/wp-json\/wp\/v2\/posts\/6620\/revisions"}],"wp:attachment":[{"href":"https:\/\/www.eldiario.net\/portal\/wp-json\/wp\/v2\/media?parent=6620"}],"wp:term":[{"taxonomy":"category","embeddable":true,"href":"https:\/\/www.eldiario.net\/portal\/wp-json\/wp\/v2\/categories?post=6620"},{"taxonomy":"post_tag","embeddable":true,"href":"https:\/\/www.eldiario.net\/portal\/wp-json\/wp\/v2\/tags?post=6620"}],"curies":[{"name":"wp","href":"https:\/\/api.w.org\/{rel}","templated":true}]}}