{"id":6614,"date":"2021-05-27T06:04:35","date_gmt":"2021-05-27T10:04:35","guid":{"rendered":"https:\/\/www.eldiario.net\/portal\/?p=6614"},"modified":"2021-05-27T06:04:35","modified_gmt":"2021-05-27T10:04:35","slug":"presentaron-programa-de-rse-bolivia-con-agua","status":"publish","type":"post","link":"https:\/\/www.eldiario.net\/portal\/2021\/05\/27\/presentaron-programa-de-rse-bolivia-con-agua\/","title":{"rendered":"Presentaron programa de RSE \u201cBolivia con agua\u201d"},"content":{"rendered":"<p>Cuatro organizaciones coordinar\u00e1n la instalaci\u00f3n de piletas y la construcci\u00f3n de lavander\u00edas en hogares de familias vulnerables sin acceso al agua que se financiar\u00e1n con fondos del \u201cs\u00ed quiero\u201d a nivel nacional.<\/p>\n<p>Farmacorp presenta el programa de Responsabilidad Social Empresarial (RSE), \u201cBolivia con Agua\u201d, en alianza con H\u00e1bitat para la Humanidad, la Fundaci\u00f3n para la Humanidad Bolivia y Water for People para mejorar la calidad de vida de las familias bolivianas en estado de vulnerabilidad en \u00e1reas rurales y periurbanas, a trav\u00e9s del acceso a agua de calidad con la construcci\u00f3n de piletas, lavander\u00edas y pozos de agua potable.<\/p>\n<p>Para hacer posible el acceso al agua segura, Farmacorp destinar\u00e1 la recaudaci\u00f3n del Programa s\u00ed quiero de ocho departamentos y que beneficiar\u00e1 a m\u00e1s de 800 familias en Chuquisaca, Cochabamba, Potos\u00ed y La Paz, estim\u00e1ndose una inversi\u00f3n de 2.000 bolivianos para mejorar la calidad del agua por familia.<\/p>\n<p>\u201cUno de los problemas m\u00e1s graves de la pobreza es la falta de acceso al agua, elemento indispensable para vivir. Desde Farmacorp consideramos que resolver el problema del agua, familia por familia nos permitir\u00e1 mejorar las condiciones de vida de familias vulnerables en las \u00e1reas rurales y periurbanas en cuatro departamentos. Este gran desaf\u00edo que estamos asumiendo con H\u00e1bitat para la Humanidad, la Fundaci\u00f3n para la Humanidad Bolivia y Water for People s\u00f3lo es posible con la generosidad de todos nuestros clientes que aportan al programa s\u00ed quiero en cada compra que realizan\u201d, se\u00f1ala Sissi A\u00f1ez. gerente de comunicaci\u00f3n y RSE.<\/p>\n<p>Para promover la recaudaci\u00f3n de fondos para el s\u00ed quiero ayudar a Bolivia con Agua, han comprometido su participaci\u00f3n como embajadores tres destacadas figuras, la reconocida cantautora Enriqueta Ulloa y los periodistas C\u00e9sar Galindo y Carmen Melgar.<\/p>\n<p>La meta de las alianzas de Farmacorp con las tres organizaciones que promueven este proyecto es llegar a 800 familias, pero el impacto directo es para m\u00e1s de 4 mil personas y se espera superar las expectativas.<\/p>\n<p>Seg\u00fan datos de \u201cBolivia con Agua\u201d, en el pa\u00eds 44 de cada 100 familias vulnerables no tienen acceso a agua segura en el \u00e1rea rural; 57 de cada 100 no tienen acceso a un ba\u00f1o digno. El 14.1% de la poblaci\u00f3n infantil menor de cinco a\u00f1os se ve afectada con infecciones diarreicas agudas, que son la causa de la morbimortalidad infantil.<\/p>\n<p>La situaci\u00f3n empeora con la pandemia de coronavirus que exige lavado de manos frecuente y la higiene permanente en domicilios y ambientes cerrados.<\/p>\n<p>&nbsp;<\/p>\n","protected":false},"excerpt":{"rendered":"<p>Cuatro organizaciones coordinar\u00e1n la instalaci\u00f3n de piletas y la construcci\u00f3n de lavander\u00edas en hogares de familias vulnerables sin acceso al agua que se financiar\u00e1n con fondos del \u201cs\u00ed quiero\u201d a nivel nacional. Farmacorp presenta el programa de Responsabilidad Social Empresarial (RSE), \u201cBolivia con Agua\u201d, en alianza con H\u00e1bitat para la Humanidad, la Fundaci\u00f3n para la [&hellip;]<\/p>\n","protected":false},"author":1,"featured_media":6615,"comment_status":"closed","ping_status":"closed","sticky":false,"template":"","format":"standard","meta":{"_acf_changed":false,"footnotes":""},"categories":[7],"tags":[],"class_list":["post-6614","post","type-post","status-publish","format-standard","has-post-thumbnail","category-economia"],"acf":{"antetitulo":""},"yoast_head":"<!-- This site is optimized with the Yoast SEO plugin v28.3 - https:\/\/yoast.com\/product\/yoast-seo-wordpress\/ -->\n<title>Presentaron programa de RSE \u201cBolivia con agua\u201d - El Diario - Bolivia<\/title>\n<meta name=\"robots\" content=\"index, follow, max-snippet:-1, max-image-preview:large, max-video-preview:-1\" \/>\n<link rel=\"canonical\" href=\"https:\/\/www.eldiario.net\/portal\/2021\/05\/27\/presentaron-programa-de-rse-bolivia-con-agua\/\" \/>\n<meta property=\"og:locale\" content=\"es_ES\" \/>\n<meta property=\"og:type\" content=\"article\" \/>\n<meta property=\"og:title\" content=\"Presentaron programa de RSE \u201cBolivia con agua\u201d - El Diario - Bolivia\" \/>\n<meta property=\"og:description\" content=\"Cuatro organizaciones coordinar\u00e1n la instalaci\u00f3n de piletas y la construcci\u00f3n de lavander\u00edas en hogares de familias vulnerables sin acceso al agua que se financiar\u00e1n con fondos del \u201cs\u00ed quiero\u201d a nivel nacional. Farmacorp presenta el programa de Responsabilidad Social Empresarial (RSE), \u201cBolivia con Agua\u201d, en alianza con H\u00e1bitat para la Humanidad, la Fundaci\u00f3n para la [&hellip;]\" \/>\n<meta property=\"og:url\" content=\"https:\/\/www.eldiario.net\/portal\/2021\/05\/27\/presentaron-programa-de-rse-bolivia-con-agua\/\" \/>\n<meta property=\"og:site_name\" content=\"El Diario - Bolivia\" \/>\n<meta property=\"article:publisher\" content=\"https:\/\/www.facebook.com\/eldiario.bolivia\/\" \/>\n<meta property=\"article:published_time\" content=\"2021-05-27T10:04:35+00:00\" \/>\n<meta name=\"author\" content=\"Jeanette\" \/>\n<meta name=\"twitter:card\" content=\"summary_large_image\" \/>\n<meta name=\"twitter:creator\" content=\"@eldiario_net\" \/>\n<meta name=\"twitter:site\" content=\"@eldiario_net\" \/>\n<meta name=\"twitter:label1\" content=\"Escrito por\" \/>\n\t<meta name=\"twitter:data1\" content=\"Jeanette\" \/>\n\t<meta name=\"twitter:label2\" content=\"Tiempo de lectura\" \/>\n\t<meta name=\"twitter:data2\" content=\"2 minutos\" \/>\n<script type=\"application\/ld+json\" class=\"yoast-schema-graph\">{\"@context\":\"https:\\\/\\\/schema.org\",\"@graph\":[{\"@type\":\"Article\",\"@id\":\"https:\\\/\\\/www.eldiario.net\\\/portal\\\/2021\\\/05\\\/27\\\/presentaron-programa-de-rse-bolivia-con-agua\\\/#article\",\"isPartOf\":{\"@id\":\"https:\\\/\\\/www.eldiario.net\\\/portal\\\/2021\\\/05\\\/27\\\/presentaron-programa-de-rse-bolivia-con-agua\\\/\"},\"author\":{\"name\":\"Jeanette\",\"@id\":\"https:\\\/\\\/www.eldiario.net\\\/portal\\\/#\\\/schema\\\/person\\\/f46445640444750d7d753ccd04ae01b7\"},\"headline\":\"Presentaron programa de RSE \u201cBolivia con agua\u201d\",\"datePublished\":\"2021-05-27T10:04:35+00:00\",\"mainEntityOfPage\":{\"@id\":\"https:\\\/\\\/www.eldiario.net\\\/portal\\\/2021\\\/05\\\/27\\\/presentaron-programa-de-rse-bolivia-con-agua\\\/\"},\"wordCount\":437,\"publisher\":{\"@id\":\"https:\\\/\\\/www.eldiario.net\\\/portal\\\/#organization\"},\"image\":{\"@id\":\"https:\\\/\\\/www.eldiario.net\\\/portal\\\/2021\\\/05\\\/27\\\/presentaron-programa-de-rse-bolivia-con-agua\\\/#primaryimage\"},\"thumbnailUrl\":\"\",\"articleSection\":[\"Econom\u00eda\"],\"inLanguage\":\"es\"},{\"@type\":\"WebPage\",\"@id\":\"https:\\\/\\\/www.eldiario.net\\\/portal\\\/2021\\\/05\\\/27\\\/presentaron-programa-de-rse-bolivia-con-agua\\\/\",\"url\":\"https:\\\/\\\/www.eldiario.net\\\/portal\\\/2021\\\/05\\\/27\\\/presentaron-programa-de-rse-bolivia-con-agua\\\/\",\"name\":\"Presentaron programa de RSE \u201cBolivia con agua\u201d - El Diario - Bolivia\",\"isPartOf\":{\"@id\":\"https:\\\/\\\/www.eldiario.net\\\/portal\\\/#website\"},\"primaryImageOfPage\":{\"@id\":\"https:\\\/\\\/www.eldiario.net\\\/portal\\\/2021\\\/05\\\/27\\\/presentaron-programa-de-rse-bolivia-con-agua\\\/#primaryimage\"},\"image\":{\"@id\":\"https:\\\/\\\/www.eldiario.net\\\/portal\\\/2021\\\/05\\\/27\\\/presentaron-programa-de-rse-bolivia-con-agua\\\/#primaryimage\"},\"thumbnailUrl\":\"\",\"datePublished\":\"2021-05-27T10:04:35+00:00\",\"breadcrumb\":{\"@id\":\"https:\\\/\\\/www.eldiario.net\\\/portal\\\/2021\\\/05\\\/27\\\/presentaron-programa-de-rse-bolivia-con-agua\\\/#breadcrumb\"},\"inLanguage\":\"es\",\"potentialAction\":[{\"@type\":\"ReadAction\",\"target\":[\"https:\\\/\\\/www.eldiario.net\\\/portal\\\/2021\\\/05\\\/27\\\/presentaron-programa-de-rse-bolivia-con-agua\\\/\"]}]},{\"@type\":\"ImageObject\",\"inLanguage\":\"es\",\"@id\":\"https:\\\/\\\/www.eldiario.net\\\/portal\\\/2021\\\/05\\\/27\\\/presentaron-programa-de-rse-bolivia-con-agua\\\/#primaryimage\",\"url\":\"\",\"contentUrl\":\"\"},{\"@type\":\"BreadcrumbList\",\"@id\":\"https:\\\/\\\/www.eldiario.net\\\/portal\\\/2021\\\/05\\\/27\\\/presentaron-programa-de-rse-bolivia-con-agua\\\/#breadcrumb\",\"itemListElement\":[{\"@type\":\"ListItem\",\"position\":1,\"name\":\"Portada\",\"item\":\"https:\\\/\\\/www.eldiario.net\\\/portal\\\/\"},{\"@type\":\"ListItem\",\"position\":2,\"name\":\"Presentaron programa de RSE \u201cBolivia con agua\u201d\"}]},{\"@type\":\"WebSite\",\"@id\":\"https:\\\/\\\/www.eldiario.net\\\/portal\\\/#website\",\"url\":\"https:\\\/\\\/www.eldiario.net\\\/portal\\\/\",\"name\":\"El Diario - Decano de la prensa nacional\",\"description\":\"El Diario - Decano de la prensa nacional\",\"publisher\":{\"@id\":\"https:\\\/\\\/www.eldiario.net\\\/portal\\\/#organization\"},\"potentialAction\":[{\"@type\":\"SearchAction\",\"target\":{\"@type\":\"EntryPoint\",\"urlTemplate\":\"https:\\\/\\\/www.eldiario.net\\\/portal\\\/?s={search_term_string}\"},\"query-input\":{\"@type\":\"PropertyValueSpecification\",\"valueRequired\":true,\"valueName\":\"search_term_string\"}}],\"inLanguage\":\"es\"},{\"@type\":\"Organization\",\"@id\":\"https:\\\/\\\/www.eldiario.net\\\/portal\\\/#organization\",\"name\":\"El Diario - Decano de la prensa nacional\",\"url\":\"https:\\\/\\\/www.eldiario.net\\\/portal\\\/\",\"logo\":{\"@type\":\"ImageObject\",\"inLanguage\":\"es\",\"@id\":\"https:\\\/\\\/www.eldiario.net\\\/portal\\\/#\\\/schema\\\/logo\\\/image\\\/\",\"url\":\"https:\\\/\\\/www.eldiario.net\\\/portal\\\/wp-content\\\/uploads\\\/2023\\\/07\\\/logo_ED.jpg\",\"contentUrl\":\"https:\\\/\\\/www.eldiario.net\\\/portal\\\/wp-content\\\/uploads\\\/2023\\\/07\\\/logo_ED.jpg\",\"width\":272,\"height\":52,\"caption\":\"El Diario - Decano de la prensa nacional\"},\"image\":{\"@id\":\"https:\\\/\\\/www.eldiario.net\\\/portal\\\/#\\\/schema\\\/logo\\\/image\\\/\"},\"sameAs\":[\"https:\\\/\\\/www.facebook.com\\\/eldiario.bolivia\\\/\",\"https:\\\/\\\/x.com\\\/eldiario_net\"]},{\"@type\":\"Person\",\"@id\":\"https:\\\/\\\/www.eldiario.net\\\/portal\\\/#\\\/schema\\\/person\\\/f46445640444750d7d753ccd04ae01b7\",\"name\":\"Jeanette\",\"image\":{\"@type\":\"ImageObject\",\"inLanguage\":\"es\",\"@id\":\"https:\\\/\\\/secure.gravatar.com\\\/avatar\\\/3ea2118a5f7dad2b7138b1187a6b7ee55f160b9968b66013c3a3ef39dd7e5798?s=96&d=mm&r=g\",\"url\":\"https:\\\/\\\/secure.gravatar.com\\\/avatar\\\/3ea2118a5f7dad2b7138b1187a6b7ee55f160b9968b66013c3a3ef39dd7e5798?s=96&d=mm&r=g\",\"contentUrl\":\"https:\\\/\\\/secure.gravatar.com\\\/avatar\\\/3ea2118a5f7dad2b7138b1187a6b7ee55f160b9968b66013c3a3ef39dd7e5798?s=96&d=mm&r=g\",\"caption\":\"Jeanette\"},\"sameAs\":[\"https:\\\/\\\/www.eldiario.net\\\/portal\"],\"url\":\"https:\\\/\\\/www.eldiario.net\\\/portal\\\/author\\\/jeanette\\\/\"}]}<\/script>\n<!-- \/ Yoast SEO plugin. -->","yoast_head_json":{"title":"Presentaron programa de RSE \u201cBolivia con agua\u201d - El Diario - Bolivia","robots":{"index":"index","follow":"follow","max-snippet":"max-snippet:-1","max-image-preview":"max-image-preview:large","max-video-preview":"max-video-preview:-1"},"canonical":"https:\/\/www.eldiario.net\/portal\/2021\/05\/27\/presentaron-programa-de-rse-bolivia-con-agua\/","og_locale":"es_ES","og_type":"article","og_title":"Presentaron programa de RSE \u201cBolivia con agua\u201d - El Diario - Bolivia","og_description":"Cuatro organizaciones coordinar\u00e1n la instalaci\u00f3n de piletas y la construcci\u00f3n de lavander\u00edas en hogares de familias vulnerables sin acceso al agua que se financiar\u00e1n con fondos del \u201cs\u00ed quiero\u201d a nivel nacional. Farmacorp presenta el programa de Responsabilidad Social Empresarial (RSE), \u201cBolivia con Agua\u201d, en alianza con H\u00e1bitat para la Humanidad, la Fundaci\u00f3n para la [&hellip;]","og_url":"https:\/\/www.eldiario.net\/portal\/2021\/05\/27\/presentaron-programa-de-rse-bolivia-con-agua\/","og_site_name":"El Diario - Bolivia","article_publisher":"https:\/\/www.facebook.com\/eldiario.bolivia\/","article_published_time":"2021-05-27T10:04:35+00:00","author":"Jeanette","twitter_card":"summary_large_image","twitter_creator":"@eldiario_net","twitter_site":"@eldiario_net","twitter_misc":{"Escrito por":"Jeanette","Tiempo de lectura":"2 minutos"},"schema":{"@context":"https:\/\/schema.org","@graph":[{"@type":"Article","@id":"https:\/\/www.eldiario.net\/portal\/2021\/05\/27\/presentaron-programa-de-rse-bolivia-con-agua\/#article","isPartOf":{"@id":"https:\/\/www.eldiario.net\/portal\/2021\/05\/27\/presentaron-programa-de-rse-bolivia-con-agua\/"},"author":{"name":"Jeanette","@id":"https:\/\/www.eldiario.net\/portal\/#\/schema\/person\/f46445640444750d7d753ccd04ae01b7"},"headline":"Presentaron programa de RSE \u201cBolivia con agua\u201d","datePublished":"2021-05-27T10:04:35+00:00","mainEntityOfPage":{"@id":"https:\/\/www.eldiario.net\/portal\/2021\/05\/27\/presentaron-programa-de-rse-bolivia-con-agua\/"},"wordCount":437,"publisher":{"@id":"https:\/\/www.eldiario.net\/portal\/#organization"},"image":{"@id":"https:\/\/www.eldiario.net\/portal\/2021\/05\/27\/presentaron-programa-de-rse-bolivia-con-agua\/#primaryimage"},"thumbnailUrl":"","articleSection":["Econom\u00eda"],"inLanguage":"es"},{"@type":"WebPage","@id":"https:\/\/www.eldiario.net\/portal\/2021\/05\/27\/presentaron-programa-de-rse-bolivia-con-agua\/","url":"https:\/\/www.eldiario.net\/portal\/2021\/05\/27\/presentaron-programa-de-rse-bolivia-con-agua\/","name":"Presentaron programa de RSE \u201cBolivia con agua\u201d - El Diario - Bolivia","isPartOf":{"@id":"https:\/\/www.eldiario.net\/portal\/#website"},"primaryImageOfPage":{"@id":"https:\/\/www.eldiario.net\/portal\/2021\/05\/27\/presentaron-programa-de-rse-bolivia-con-agua\/#primaryimage"},"image":{"@id":"https:\/\/www.eldiario.net\/portal\/2021\/05\/27\/presentaron-programa-de-rse-bolivia-con-agua\/#primaryimage"},"thumbnailUrl":"","datePublished":"2021-05-27T10:04:35+00:00","breadcrumb":{"@id":"https:\/\/www.eldiario.net\/portal\/2021\/05\/27\/presentaron-programa-de-rse-bolivia-con-agua\/#breadcrumb"},"inLanguage":"es","potentialAction":[{"@type":"ReadAction","target":["https:\/\/www.eldiario.net\/portal\/2021\/05\/27\/presentaron-programa-de-rse-bolivia-con-agua\/"]}]},{"@type":"ImageObject","inLanguage":"es","@id":"https:\/\/www.eldiario.net\/portal\/2021\/05\/27\/presentaron-programa-de-rse-bolivia-con-agua\/#primaryimage","url":"","contentUrl":""},{"@type":"BreadcrumbList","@id":"https:\/\/www.eldiario.net\/portal\/2021\/05\/27\/presentaron-programa-de-rse-bolivia-con-agua\/#breadcrumb","itemListElement":[{"@type":"ListItem","position":1,"name":"Portada","item":"https:\/\/www.eldiario.net\/portal\/"},{"@type":"ListItem","position":2,"name":"Presentaron programa de RSE \u201cBolivia con agua\u201d"}]},{"@type":"WebSite","@id":"https:\/\/www.eldiario.net\/portal\/#website","url":"https:\/\/www.eldiario.net\/portal\/","name":"El Diario - Decano de la prensa nacional","description":"El Diario - Decano de la prensa nacional","publisher":{"@id":"https:\/\/www.eldiario.net\/portal\/#organization"},"potentialAction":[{"@type":"SearchAction","target":{"@type":"EntryPoint","urlTemplate":"https:\/\/www.eldiario.net\/portal\/?s={search_term_string}"},"query-input":{"@type":"PropertyValueSpecification","valueRequired":true,"valueName":"search_term_string"}}],"inLanguage":"es"},{"@type":"Organization","@id":"https:\/\/www.eldiario.net\/portal\/#organization","name":"El Diario - Decano de la prensa nacional","url":"https:\/\/www.eldiario.net\/portal\/","logo":{"@type":"ImageObject","inLanguage":"es","@id":"https:\/\/www.eldiario.net\/portal\/#\/schema\/logo\/image\/","url":"https:\/\/www.eldiario.net\/portal\/wp-content\/uploads\/2023\/07\/logo_ED.jpg","contentUrl":"https:\/\/www.eldiario.net\/portal\/wp-content\/uploads\/2023\/07\/logo_ED.jpg","width":272,"height":52,"caption":"El Diario - Decano de la prensa nacional"},"image":{"@id":"https:\/\/www.eldiario.net\/portal\/#\/schema\/logo\/image\/"},"sameAs":["https:\/\/www.facebook.com\/eldiario.bolivia\/","https:\/\/x.com\/eldiario_net"]},{"@type":"Person","@id":"https:\/\/www.eldiario.net\/portal\/#\/schema\/person\/f46445640444750d7d753ccd04ae01b7","name":"Jeanette","image":{"@type":"ImageObject","inLanguage":"es","@id":"https:\/\/secure.gravatar.com\/avatar\/3ea2118a5f7dad2b7138b1187a6b7ee55f160b9968b66013c3a3ef39dd7e5798?s=96&d=mm&r=g","url":"https:\/\/secure.gravatar.com\/avatar\/3ea2118a5f7dad2b7138b1187a6b7ee55f160b9968b66013c3a3ef39dd7e5798?s=96&d=mm&r=g","contentUrl":"https:\/\/secure.gravatar.com\/avatar\/3ea2118a5f7dad2b7138b1187a6b7ee55f160b9968b66013c3a3ef39dd7e5798?s=96&d=mm&r=g","caption":"Jeanette"},"sameAs":["https:\/\/www.eldiario.net\/portal"],"url":"https:\/\/www.eldiario.net\/portal\/author\/jeanette\/"}]}},"_links":{"self":[{"href":"https:\/\/www.eldiario.net\/portal\/wp-json\/wp\/v2\/posts\/6614","targetHints":{"allow":["GET"]}}],"collection":[{"href":"https:\/\/www.eldiario.net\/portal\/wp-json\/wp\/v2\/posts"}],"about":[{"href":"https:\/\/www.eldiario.net\/portal\/wp-json\/wp\/v2\/types\/post"}],"author":[{"embeddable":true,"href":"https:\/\/www.eldiario.net\/portal\/wp-json\/wp\/v2\/users\/1"}],"replies":[{"embeddable":true,"href":"https:\/\/www.eldiario.net\/portal\/wp-json\/wp\/v2\/comments?post=6614"}],"version-history":[{"count":0,"href":"https:\/\/www.eldiario.net\/portal\/wp-json\/wp\/v2\/posts\/6614\/revisions"}],"wp:attachment":[{"href":"https:\/\/www.eldiario.net\/portal\/wp-json\/wp\/v2\/media?parent=6614"}],"wp:term":[{"taxonomy":"category","embeddable":true,"href":"https:\/\/www.eldiario.net\/portal\/wp-json\/wp\/v2\/categories?post=6614"},{"taxonomy":"post_tag","embeddable":true,"href":"https:\/\/www.eldiario.net\/portal\/wp-json\/wp\/v2\/tags?post=6614"}],"curies":[{"name":"wp","href":"https:\/\/api.w.org\/{rel}","templated":true}]}}