{"id":6611,"date":"2021-05-27T06:03:44","date_gmt":"2021-05-27T10:03:44","guid":{"rendered":"https:\/\/www.eldiario.net\/portal\/?p=6611"},"modified":"2021-05-27T06:03:44","modified_gmt":"2021-05-27T10:03:44","slug":"el-alto-contara-con-camara-gesell-donado-por-la-embajada-de-japon","status":"publish","type":"post","link":"https:\/\/www.eldiario.net\/portal\/2021\/05\/27\/el-alto-contara-con-camara-gesell-donado-por-la-embajada-de-japon\/","title":{"rendered":"El Alto contar\u00e1 con c\u00e1mara Gesell  donado por la Embajada de Jap\u00f3n"},"content":{"rendered":"<p>La alcaldesa Eva Copa anunci\u00f3 que en pocos d\u00edas m\u00e1s la urbe alte\u00f1a contar\u00e1 con una c\u00e1mara Gesell donada por la Embajada de Jap\u00f3n, la misma que ser\u00e1 empleada para v\u00edctimas de violencia y ser\u00e1 instalada en el distrito 5.<\/p>\n<p>De acuerdo con las versiones de la alcaldesa, el equipo tendr\u00e1 un valor de Bs 500.000, donado por el embajador japon\u00e9s en Bolivia, Hokida Osumo, quien adelant\u00f3 que no ser\u00e1 la primera vez que tenga este apoyo la Ciudad de El Alto.<\/p>\n<p>Cumpliendo con los protocolos correspondientes, la alcaldesa de Copa dijo que se firmar\u00e1 un convenio de manera oficial, a tiempo de agradecer este gesto que tiene con la urbe alte\u00f1a, por parte de los representantes de ese pa\u00eds.<\/p>\n<p>\u201cEsta c\u00e1mara Gesell, que estar\u00e1 en el distrito 5, en pocos d\u00edas m\u00e1s ya tendremos en nuestra ciudad, ser\u00e1 de mucha utilidad, porque servir\u00e1 para que muchas mujeres y ni\u00f1os, v\u00edctimas de violencia, podr\u00e1n identificar a sus agresores sin ser vistos\u201d, sostuvo la autoridad municipal, a tiempo de agradecer la ayuda de los diplom\u00e1ticos.<\/p>\n<p>La autoridad edil asegur\u00f3 que en este sentido existe, otros proyectos que ser\u00e1n canalizadas ante sus similares de Jap\u00f3n, para el cual se tiene planificado una coordinaci\u00f3n de la implementaci\u00f3n de otros proyectos integrales, en temas de infraestructura y equipamiento de uno de los hospitales que pr\u00f3ximamente ser\u00e1 inaugurado en la urbe alte\u00f1a.<\/p>\n<p>\u00abTenemos el apoyo en el equipamiento e infraestructura en uno de los hospitales que vamos a inaugurar en junio, para el fortalecimiento de la agricultura tambi\u00e9n contamos con la donaci\u00f3n de mobiliario para las unidades educativas y nuestros t\u00e9cnicos est\u00e1n trabajando para acordar nuevos proyectos\u00bb, explic\u00f3 la autoridad.<\/p>\n<p>Todos estos proyectos que se ha planificado en coordinaci\u00f3n con las autoridades de dicho pa\u00eds ser\u00e1n oficializados en los pr\u00f3ximos d\u00edas, en beneficio de los habitantes de la Ciudad de El Alto.<\/p>\n","protected":false},"excerpt":{"rendered":"<p>La alcaldesa Eva Copa anunci\u00f3 que en pocos d\u00edas m\u00e1s la urbe alte\u00f1a contar\u00e1 con una c\u00e1mara Gesell donada por la Embajada de Jap\u00f3n, la misma que ser\u00e1 empleada para v\u00edctimas de violencia y ser\u00e1 instalada en el distrito 5. De acuerdo con las versiones de la alcaldesa, el equipo tendr\u00e1 un valor de Bs [&hellip;]<\/p>\n","protected":false},"author":1,"featured_media":6612,"comment_status":"closed","ping_status":"closed","sticky":false,"template":"","format":"standard","meta":{"_acf_changed":false,"footnotes":""},"categories":[12],"tags":[],"class_list":["post-6611","post","type-post","status-publish","format-standard","has-post-thumbnail","category-nacional"],"acf":{"antetitulo":""},"yoast_head":"<!-- This site is optimized with the Yoast SEO plugin v28.3 - https:\/\/yoast.com\/product\/yoast-seo-wordpress\/ -->\n<title>El Alto contar\u00e1 con c\u00e1mara Gesell donado por la Embajada de Jap\u00f3n - El Diario - Bolivia<\/title>\n<meta name=\"robots\" content=\"index, follow, max-snippet:-1, max-image-preview:large, max-video-preview:-1\" \/>\n<link rel=\"canonical\" href=\"https:\/\/www.eldiario.net\/portal\/2021\/05\/27\/el-alto-contara-con-camara-gesell-donado-por-la-embajada-de-japon\/\" \/>\n<meta property=\"og:locale\" content=\"es_ES\" \/>\n<meta property=\"og:type\" content=\"article\" \/>\n<meta property=\"og:title\" content=\"El Alto contar\u00e1 con c\u00e1mara Gesell donado por la Embajada de Jap\u00f3n - El Diario - Bolivia\" \/>\n<meta property=\"og:description\" content=\"La alcaldesa Eva Copa anunci\u00f3 que en pocos d\u00edas m\u00e1s la urbe alte\u00f1a contar\u00e1 con una c\u00e1mara Gesell donada por la Embajada de Jap\u00f3n, la misma que ser\u00e1 empleada para v\u00edctimas de violencia y ser\u00e1 instalada en el distrito 5. De acuerdo con las versiones de la alcaldesa, el equipo tendr\u00e1 un valor de Bs [&hellip;]\" \/>\n<meta property=\"og:url\" content=\"https:\/\/www.eldiario.net\/portal\/2021\/05\/27\/el-alto-contara-con-camara-gesell-donado-por-la-embajada-de-japon\/\" \/>\n<meta property=\"og:site_name\" content=\"El Diario - Bolivia\" \/>\n<meta property=\"article:publisher\" content=\"https:\/\/www.facebook.com\/eldiario.bolivia\/\" \/>\n<meta property=\"article:published_time\" content=\"2021-05-27T10:03:44+00:00\" \/>\n<meta name=\"author\" content=\"Jeanette\" \/>\n<meta name=\"twitter:card\" content=\"summary_large_image\" \/>\n<meta name=\"twitter:creator\" content=\"@eldiario_net\" \/>\n<meta name=\"twitter:site\" content=\"@eldiario_net\" \/>\n<meta name=\"twitter:label1\" content=\"Escrito por\" \/>\n\t<meta name=\"twitter:data1\" content=\"Jeanette\" \/>\n\t<meta name=\"twitter:label2\" content=\"Tiempo de lectura\" \/>\n\t<meta name=\"twitter:data2\" content=\"2 minutos\" \/>\n<script type=\"application\/ld+json\" class=\"yoast-schema-graph\">{\"@context\":\"https:\\\/\\\/schema.org\",\"@graph\":[{\"@type\":\"Article\",\"@id\":\"https:\\\/\\\/www.eldiario.net\\\/portal\\\/2021\\\/05\\\/27\\\/el-alto-contara-con-camara-gesell-donado-por-la-embajada-de-japon\\\/#article\",\"isPartOf\":{\"@id\":\"https:\\\/\\\/www.eldiario.net\\\/portal\\\/2021\\\/05\\\/27\\\/el-alto-contara-con-camara-gesell-donado-por-la-embajada-de-japon\\\/\"},\"author\":{\"name\":\"Jeanette\",\"@id\":\"https:\\\/\\\/www.eldiario.net\\\/portal\\\/#\\\/schema\\\/person\\\/f46445640444750d7d753ccd04ae01b7\"},\"headline\":\"El Alto contar\u00e1 con c\u00e1mara Gesell donado por la Embajada de Jap\u00f3n\",\"datePublished\":\"2021-05-27T10:03:44+00:00\",\"mainEntityOfPage\":{\"@id\":\"https:\\\/\\\/www.eldiario.net\\\/portal\\\/2021\\\/05\\\/27\\\/el-alto-contara-con-camara-gesell-donado-por-la-embajada-de-japon\\\/\"},\"wordCount\":349,\"publisher\":{\"@id\":\"https:\\\/\\\/www.eldiario.net\\\/portal\\\/#organization\"},\"image\":{\"@id\":\"https:\\\/\\\/www.eldiario.net\\\/portal\\\/2021\\\/05\\\/27\\\/el-alto-contara-con-camara-gesell-donado-por-la-embajada-de-japon\\\/#primaryimage\"},\"thumbnailUrl\":\"\",\"articleSection\":[\"Nacional\"],\"inLanguage\":\"es\"},{\"@type\":\"WebPage\",\"@id\":\"https:\\\/\\\/www.eldiario.net\\\/portal\\\/2021\\\/05\\\/27\\\/el-alto-contara-con-camara-gesell-donado-por-la-embajada-de-japon\\\/\",\"url\":\"https:\\\/\\\/www.eldiario.net\\\/portal\\\/2021\\\/05\\\/27\\\/el-alto-contara-con-camara-gesell-donado-por-la-embajada-de-japon\\\/\",\"name\":\"El Alto contar\u00e1 con c\u00e1mara Gesell donado por la Embajada de Jap\u00f3n - El Diario - Bolivia\",\"isPartOf\":{\"@id\":\"https:\\\/\\\/www.eldiario.net\\\/portal\\\/#website\"},\"primaryImageOfPage\":{\"@id\":\"https:\\\/\\\/www.eldiario.net\\\/portal\\\/2021\\\/05\\\/27\\\/el-alto-contara-con-camara-gesell-donado-por-la-embajada-de-japon\\\/#primaryimage\"},\"image\":{\"@id\":\"https:\\\/\\\/www.eldiario.net\\\/portal\\\/2021\\\/05\\\/27\\\/el-alto-contara-con-camara-gesell-donado-por-la-embajada-de-japon\\\/#primaryimage\"},\"thumbnailUrl\":\"\",\"datePublished\":\"2021-05-27T10:03:44+00:00\",\"breadcrumb\":{\"@id\":\"https:\\\/\\\/www.eldiario.net\\\/portal\\\/2021\\\/05\\\/27\\\/el-alto-contara-con-camara-gesell-donado-por-la-embajada-de-japon\\\/#breadcrumb\"},\"inLanguage\":\"es\",\"potentialAction\":[{\"@type\":\"ReadAction\",\"target\":[\"https:\\\/\\\/www.eldiario.net\\\/portal\\\/2021\\\/05\\\/27\\\/el-alto-contara-con-camara-gesell-donado-por-la-embajada-de-japon\\\/\"]}]},{\"@type\":\"ImageObject\",\"inLanguage\":\"es\",\"@id\":\"https:\\\/\\\/www.eldiario.net\\\/portal\\\/2021\\\/05\\\/27\\\/el-alto-contara-con-camara-gesell-donado-por-la-embajada-de-japon\\\/#primaryimage\",\"url\":\"\",\"contentUrl\":\"\"},{\"@type\":\"BreadcrumbList\",\"@id\":\"https:\\\/\\\/www.eldiario.net\\\/portal\\\/2021\\\/05\\\/27\\\/el-alto-contara-con-camara-gesell-donado-por-la-embajada-de-japon\\\/#breadcrumb\",\"itemListElement\":[{\"@type\":\"ListItem\",\"position\":1,\"name\":\"Portada\",\"item\":\"https:\\\/\\\/www.eldiario.net\\\/portal\\\/\"},{\"@type\":\"ListItem\",\"position\":2,\"name\":\"El Alto contar\u00e1 con c\u00e1mara Gesell donado por la Embajada de Jap\u00f3n\"}]},{\"@type\":\"WebSite\",\"@id\":\"https:\\\/\\\/www.eldiario.net\\\/portal\\\/#website\",\"url\":\"https:\\\/\\\/www.eldiario.net\\\/portal\\\/\",\"name\":\"El Diario - Decano de la prensa nacional\",\"description\":\"El Diario - Decano de la prensa nacional\",\"publisher\":{\"@id\":\"https:\\\/\\\/www.eldiario.net\\\/portal\\\/#organization\"},\"potentialAction\":[{\"@type\":\"SearchAction\",\"target\":{\"@type\":\"EntryPoint\",\"urlTemplate\":\"https:\\\/\\\/www.eldiario.net\\\/portal\\\/?s={search_term_string}\"},\"query-input\":{\"@type\":\"PropertyValueSpecification\",\"valueRequired\":true,\"valueName\":\"search_term_string\"}}],\"inLanguage\":\"es\"},{\"@type\":\"Organization\",\"@id\":\"https:\\\/\\\/www.eldiario.net\\\/portal\\\/#organization\",\"name\":\"El Diario - Decano de la prensa nacional\",\"url\":\"https:\\\/\\\/www.eldiario.net\\\/portal\\\/\",\"logo\":{\"@type\":\"ImageObject\",\"inLanguage\":\"es\",\"@id\":\"https:\\\/\\\/www.eldiario.net\\\/portal\\\/#\\\/schema\\\/logo\\\/image\\\/\",\"url\":\"https:\\\/\\\/www.eldiario.net\\\/portal\\\/wp-content\\\/uploads\\\/2023\\\/07\\\/logo_ED.jpg\",\"contentUrl\":\"https:\\\/\\\/www.eldiario.net\\\/portal\\\/wp-content\\\/uploads\\\/2023\\\/07\\\/logo_ED.jpg\",\"width\":272,\"height\":52,\"caption\":\"El Diario - Decano de la prensa nacional\"},\"image\":{\"@id\":\"https:\\\/\\\/www.eldiario.net\\\/portal\\\/#\\\/schema\\\/logo\\\/image\\\/\"},\"sameAs\":[\"https:\\\/\\\/www.facebook.com\\\/eldiario.bolivia\\\/\",\"https:\\\/\\\/x.com\\\/eldiario_net\"]},{\"@type\":\"Person\",\"@id\":\"https:\\\/\\\/www.eldiario.net\\\/portal\\\/#\\\/schema\\\/person\\\/f46445640444750d7d753ccd04ae01b7\",\"name\":\"Jeanette\",\"image\":{\"@type\":\"ImageObject\",\"inLanguage\":\"es\",\"@id\":\"https:\\\/\\\/secure.gravatar.com\\\/avatar\\\/3ea2118a5f7dad2b7138b1187a6b7ee55f160b9968b66013c3a3ef39dd7e5798?s=96&d=mm&r=g\",\"url\":\"https:\\\/\\\/secure.gravatar.com\\\/avatar\\\/3ea2118a5f7dad2b7138b1187a6b7ee55f160b9968b66013c3a3ef39dd7e5798?s=96&d=mm&r=g\",\"contentUrl\":\"https:\\\/\\\/secure.gravatar.com\\\/avatar\\\/3ea2118a5f7dad2b7138b1187a6b7ee55f160b9968b66013c3a3ef39dd7e5798?s=96&d=mm&r=g\",\"caption\":\"Jeanette\"},\"sameAs\":[\"https:\\\/\\\/www.eldiario.net\\\/portal\"],\"url\":\"https:\\\/\\\/www.eldiario.net\\\/portal\\\/author\\\/jeanette\\\/\"}]}<\/script>\n<!-- \/ Yoast SEO plugin. -->","yoast_head_json":{"title":"El Alto contar\u00e1 con c\u00e1mara Gesell donado por la Embajada de Jap\u00f3n - El Diario - Bolivia","robots":{"index":"index","follow":"follow","max-snippet":"max-snippet:-1","max-image-preview":"max-image-preview:large","max-video-preview":"max-video-preview:-1"},"canonical":"https:\/\/www.eldiario.net\/portal\/2021\/05\/27\/el-alto-contara-con-camara-gesell-donado-por-la-embajada-de-japon\/","og_locale":"es_ES","og_type":"article","og_title":"El Alto contar\u00e1 con c\u00e1mara Gesell donado por la Embajada de Jap\u00f3n - El Diario - Bolivia","og_description":"La alcaldesa Eva Copa anunci\u00f3 que en pocos d\u00edas m\u00e1s la urbe alte\u00f1a contar\u00e1 con una c\u00e1mara Gesell donada por la Embajada de Jap\u00f3n, la misma que ser\u00e1 empleada para v\u00edctimas de violencia y ser\u00e1 instalada en el distrito 5. De acuerdo con las versiones de la alcaldesa, el equipo tendr\u00e1 un valor de Bs [&hellip;]","og_url":"https:\/\/www.eldiario.net\/portal\/2021\/05\/27\/el-alto-contara-con-camara-gesell-donado-por-la-embajada-de-japon\/","og_site_name":"El Diario - Bolivia","article_publisher":"https:\/\/www.facebook.com\/eldiario.bolivia\/","article_published_time":"2021-05-27T10:03:44+00:00","author":"Jeanette","twitter_card":"summary_large_image","twitter_creator":"@eldiario_net","twitter_site":"@eldiario_net","twitter_misc":{"Escrito por":"Jeanette","Tiempo de lectura":"2 minutos"},"schema":{"@context":"https:\/\/schema.org","@graph":[{"@type":"Article","@id":"https:\/\/www.eldiario.net\/portal\/2021\/05\/27\/el-alto-contara-con-camara-gesell-donado-por-la-embajada-de-japon\/#article","isPartOf":{"@id":"https:\/\/www.eldiario.net\/portal\/2021\/05\/27\/el-alto-contara-con-camara-gesell-donado-por-la-embajada-de-japon\/"},"author":{"name":"Jeanette","@id":"https:\/\/www.eldiario.net\/portal\/#\/schema\/person\/f46445640444750d7d753ccd04ae01b7"},"headline":"El Alto contar\u00e1 con c\u00e1mara Gesell donado por la Embajada de Jap\u00f3n","datePublished":"2021-05-27T10:03:44+00:00","mainEntityOfPage":{"@id":"https:\/\/www.eldiario.net\/portal\/2021\/05\/27\/el-alto-contara-con-camara-gesell-donado-por-la-embajada-de-japon\/"},"wordCount":349,"publisher":{"@id":"https:\/\/www.eldiario.net\/portal\/#organization"},"image":{"@id":"https:\/\/www.eldiario.net\/portal\/2021\/05\/27\/el-alto-contara-con-camara-gesell-donado-por-la-embajada-de-japon\/#primaryimage"},"thumbnailUrl":"","articleSection":["Nacional"],"inLanguage":"es"},{"@type":"WebPage","@id":"https:\/\/www.eldiario.net\/portal\/2021\/05\/27\/el-alto-contara-con-camara-gesell-donado-por-la-embajada-de-japon\/","url":"https:\/\/www.eldiario.net\/portal\/2021\/05\/27\/el-alto-contara-con-camara-gesell-donado-por-la-embajada-de-japon\/","name":"El Alto contar\u00e1 con c\u00e1mara Gesell donado por la Embajada de Jap\u00f3n - El Diario - Bolivia","isPartOf":{"@id":"https:\/\/www.eldiario.net\/portal\/#website"},"primaryImageOfPage":{"@id":"https:\/\/www.eldiario.net\/portal\/2021\/05\/27\/el-alto-contara-con-camara-gesell-donado-por-la-embajada-de-japon\/#primaryimage"},"image":{"@id":"https:\/\/www.eldiario.net\/portal\/2021\/05\/27\/el-alto-contara-con-camara-gesell-donado-por-la-embajada-de-japon\/#primaryimage"},"thumbnailUrl":"","datePublished":"2021-05-27T10:03:44+00:00","breadcrumb":{"@id":"https:\/\/www.eldiario.net\/portal\/2021\/05\/27\/el-alto-contara-con-camara-gesell-donado-por-la-embajada-de-japon\/#breadcrumb"},"inLanguage":"es","potentialAction":[{"@type":"ReadAction","target":["https:\/\/www.eldiario.net\/portal\/2021\/05\/27\/el-alto-contara-con-camara-gesell-donado-por-la-embajada-de-japon\/"]}]},{"@type":"ImageObject","inLanguage":"es","@id":"https:\/\/www.eldiario.net\/portal\/2021\/05\/27\/el-alto-contara-con-camara-gesell-donado-por-la-embajada-de-japon\/#primaryimage","url":"","contentUrl":""},{"@type":"BreadcrumbList","@id":"https:\/\/www.eldiario.net\/portal\/2021\/05\/27\/el-alto-contara-con-camara-gesell-donado-por-la-embajada-de-japon\/#breadcrumb","itemListElement":[{"@type":"ListItem","position":1,"name":"Portada","item":"https:\/\/www.eldiario.net\/portal\/"},{"@type":"ListItem","position":2,"name":"El Alto contar\u00e1 con c\u00e1mara Gesell donado por la Embajada de Jap\u00f3n"}]},{"@type":"WebSite","@id":"https:\/\/www.eldiario.net\/portal\/#website","url":"https:\/\/www.eldiario.net\/portal\/","name":"El Diario - Decano de la prensa nacional","description":"El Diario - Decano de la prensa nacional","publisher":{"@id":"https:\/\/www.eldiario.net\/portal\/#organization"},"potentialAction":[{"@type":"SearchAction","target":{"@type":"EntryPoint","urlTemplate":"https:\/\/www.eldiario.net\/portal\/?s={search_term_string}"},"query-input":{"@type":"PropertyValueSpecification","valueRequired":true,"valueName":"search_term_string"}}],"inLanguage":"es"},{"@type":"Organization","@id":"https:\/\/www.eldiario.net\/portal\/#organization","name":"El Diario - Decano de la prensa nacional","url":"https:\/\/www.eldiario.net\/portal\/","logo":{"@type":"ImageObject","inLanguage":"es","@id":"https:\/\/www.eldiario.net\/portal\/#\/schema\/logo\/image\/","url":"https:\/\/www.eldiario.net\/portal\/wp-content\/uploads\/2023\/07\/logo_ED.jpg","contentUrl":"https:\/\/www.eldiario.net\/portal\/wp-content\/uploads\/2023\/07\/logo_ED.jpg","width":272,"height":52,"caption":"El Diario - Decano de la prensa nacional"},"image":{"@id":"https:\/\/www.eldiario.net\/portal\/#\/schema\/logo\/image\/"},"sameAs":["https:\/\/www.facebook.com\/eldiario.bolivia\/","https:\/\/x.com\/eldiario_net"]},{"@type":"Person","@id":"https:\/\/www.eldiario.net\/portal\/#\/schema\/person\/f46445640444750d7d753ccd04ae01b7","name":"Jeanette","image":{"@type":"ImageObject","inLanguage":"es","@id":"https:\/\/secure.gravatar.com\/avatar\/3ea2118a5f7dad2b7138b1187a6b7ee55f160b9968b66013c3a3ef39dd7e5798?s=96&d=mm&r=g","url":"https:\/\/secure.gravatar.com\/avatar\/3ea2118a5f7dad2b7138b1187a6b7ee55f160b9968b66013c3a3ef39dd7e5798?s=96&d=mm&r=g","contentUrl":"https:\/\/secure.gravatar.com\/avatar\/3ea2118a5f7dad2b7138b1187a6b7ee55f160b9968b66013c3a3ef39dd7e5798?s=96&d=mm&r=g","caption":"Jeanette"},"sameAs":["https:\/\/www.eldiario.net\/portal"],"url":"https:\/\/www.eldiario.net\/portal\/author\/jeanette\/"}]}},"_links":{"self":[{"href":"https:\/\/www.eldiario.net\/portal\/wp-json\/wp\/v2\/posts\/6611","targetHints":{"allow":["GET"]}}],"collection":[{"href":"https:\/\/www.eldiario.net\/portal\/wp-json\/wp\/v2\/posts"}],"about":[{"href":"https:\/\/www.eldiario.net\/portal\/wp-json\/wp\/v2\/types\/post"}],"author":[{"embeddable":true,"href":"https:\/\/www.eldiario.net\/portal\/wp-json\/wp\/v2\/users\/1"}],"replies":[{"embeddable":true,"href":"https:\/\/www.eldiario.net\/portal\/wp-json\/wp\/v2\/comments?post=6611"}],"version-history":[{"count":0,"href":"https:\/\/www.eldiario.net\/portal\/wp-json\/wp\/v2\/posts\/6611\/revisions"}],"wp:attachment":[{"href":"https:\/\/www.eldiario.net\/portal\/wp-json\/wp\/v2\/media?parent=6611"}],"wp:term":[{"taxonomy":"category","embeddable":true,"href":"https:\/\/www.eldiario.net\/portal\/wp-json\/wp\/v2\/categories?post=6611"},{"taxonomy":"post_tag","embeddable":true,"href":"https:\/\/www.eldiario.net\/portal\/wp-json\/wp\/v2\/tags?post=6611"}],"curies":[{"name":"wp","href":"https:\/\/api.w.org\/{rel}","templated":true}]}}