{"id":6608,"date":"2021-05-27T06:02:30","date_gmt":"2021-05-27T10:02:30","guid":{"rendered":"https:\/\/www.eldiario.net\/portal\/?p=6608"},"modified":"2021-05-27T06:02:30","modified_gmt":"2021-05-27T10:02:30","slug":"implementan-medidas-preventivas-para-reducir-colapso-en-hospitales","status":"publish","type":"post","link":"https:\/\/www.eldiario.net\/portal\/2021\/05\/27\/implementan-medidas-preventivas-para-reducir-colapso-en-hospitales\/","title":{"rendered":"Implementan medidas preventivas  para reducir colapso en hospitales"},"content":{"rendered":"<p>Con el objetivo de reducir el colapso en las Unidades de Terapia Intensiva (UTI), en los hospitales de la Ciudad de El Alto, el Gobierno Municipal decidi\u00f3 implementar el plan de contenci\u00f3n y diagn\u00f3stico masivo, para todos los habitantes alte\u00f1os.<\/p>\n<p>De acuerdo con la concejala Paola Quispe, este trabajo se tiene previsto efectuar en los dos nosocomios, denominados centinela como son el hospital del Norte de la zona de Rio Seco y del Sur de la zona de Santiago I, y de esta forma lograr que estos recintos no den lugar a un colapso a causa del incremento de casos positivos de Covid-19 que se han presentado en los \u00faltimos d\u00edas.<\/p>\n<p>Se tiene conocimiento que, en el momento en estos dos nosocomios, solamente se cuenta con 18 camas para UTI, las mismas que dependen del Gobierno Departamental; entretanto, en el Hospital del Sur se cuenta con 11 camas administradas por el Ministerio de Salud, hasta el d\u00eda lunes, ambos hospitales abastec\u00edan la demanda de la ciudad, pero desde el lunes colapsaron y ya no existen camas disponibles.<\/p>\n<p>\u201cNo podemos quedarnos con los brazos cruzados, dejando sin opci\u00f3n a la poblaci\u00f3n, es por eso que en el hospital Boliviano Holand\u00e9s, hemos habilitado 12 camas de cuidados intermedios, actualmente tiene 8 pacientes internados, por lo que tenemos 4 camas de cuidados intermedios libres\u201d, explic\u00f3 la concejala Quispe.<\/p>\n<p>De la misma forma se pudo conocer que en estos cuidados de terapia intermedia, son destinados, pacientes en estado leve o moderado cuando tiene todos los s\u00edntomas y seguramente alguna otra sensaci\u00f3n de falta de aire, quienes pueden ser atendidos en estos centros con oxigenaci\u00f3n, medicamentos y vigilancia permanente.<\/p>\n<p>\u201cMuchos de los pacientes salen con este tratamiento, y lo que queremos es ampliar esta cobertura con m\u00e1s centros de oxigenaci\u00f3n o de cuidados intermedios, se ha dado el primer paso\u201d, dijo la concejala Secretaria.<\/p>\n<p>&nbsp;<\/p>\n<p>DIAGNOSTICO MASIVO<\/p>\n<p>Seg\u00fan declaraciones de la legisladora, el plan de contenci\u00f3n se basa en el diagnostico masivo, desplegando las unidades m\u00f3viles odontol\u00f3gicos\u00a0 en ferias, plazas y lugares donde exista mayor afluencia de personas \u201cEste procedimiento de diagn\u00f3stico masivo, nos ayuda a identificar de manera temprana si hay alguien que est\u00e1 mal o presenta alg\u00fan malestar, de manera oportuna podremos darle tratamiento o brindarle oxigenaci\u00f3n en el Hospital\u00a0 Holand\u00e9s o en cualquier centro de cuidados intermedios proporcionando oxigenaci\u00f3n de hasta 15 libras por minuto\u201d, se\u00f1al\u00f3.<\/p>\n<p>En estos cuidados est\u00e1n incluidos tambi\u00e9n, la vaporizaci\u00f3n y medicaci\u00f3n antibi\u00f3tica, muchos pacientes requieren s\u00f3lo eso, y no se complican en sus s\u00edntomas y es una forma de contenerlos para que no lleguen a terapia intensiva de los hospitales del Norte y Sur.<\/p>\n<p>&nbsp;<\/p>\n","protected":false},"excerpt":{"rendered":"<p>Con el objetivo de reducir el colapso en las Unidades de Terapia Intensiva (UTI), en los hospitales de la Ciudad de El Alto, el Gobierno Municipal decidi\u00f3 implementar el plan de contenci\u00f3n y diagn\u00f3stico masivo, para todos los habitantes alte\u00f1os. De acuerdo con la concejala Paola Quispe, este trabajo se tiene previsto efectuar en los [&hellip;]<\/p>\n","protected":false},"author":1,"featured_media":6609,"comment_status":"closed","ping_status":"closed","sticky":false,"template":"","format":"standard","meta":{"_acf_changed":false,"footnotes":""},"categories":[12],"tags":[],"class_list":["post-6608","post","type-post","status-publish","format-standard","has-post-thumbnail","category-nacional"],"acf":{"antetitulo":""},"yoast_head":"<!-- This site is optimized with the Yoast SEO plugin v28.3 - https:\/\/yoast.com\/product\/yoast-seo-wordpress\/ -->\n<title>Implementan medidas preventivas para reducir colapso en hospitales - El Diario - Bolivia<\/title>\n<meta name=\"robots\" content=\"index, follow, max-snippet:-1, max-image-preview:large, max-video-preview:-1\" \/>\n<link rel=\"canonical\" href=\"https:\/\/www.eldiario.net\/portal\/2021\/05\/27\/implementan-medidas-preventivas-para-reducir-colapso-en-hospitales\/\" \/>\n<meta property=\"og:locale\" content=\"es_ES\" \/>\n<meta property=\"og:type\" content=\"article\" \/>\n<meta property=\"og:title\" content=\"Implementan medidas preventivas para reducir colapso en hospitales - El Diario - Bolivia\" \/>\n<meta property=\"og:description\" content=\"Con el objetivo de reducir el colapso en las Unidades de Terapia Intensiva (UTI), en los hospitales de la Ciudad de El Alto, el Gobierno Municipal decidi\u00f3 implementar el plan de contenci\u00f3n y diagn\u00f3stico masivo, para todos los habitantes alte\u00f1os. De acuerdo con la concejala Paola Quispe, este trabajo se tiene previsto efectuar en los [&hellip;]\" \/>\n<meta property=\"og:url\" content=\"https:\/\/www.eldiario.net\/portal\/2021\/05\/27\/implementan-medidas-preventivas-para-reducir-colapso-en-hospitales\/\" \/>\n<meta property=\"og:site_name\" content=\"El Diario - Bolivia\" \/>\n<meta property=\"article:publisher\" content=\"https:\/\/www.facebook.com\/eldiario.bolivia\/\" \/>\n<meta property=\"article:published_time\" content=\"2021-05-27T10:02:30+00:00\" \/>\n<meta property=\"og:image\" content=\"https:\/\/www.eldiario.net\/portal\/wp-content\/uploads\/2021\/05\/EL-ALTO-Implementan-medidas-preventivas.jpg\" \/>\n\t<meta property=\"og:image:width\" content=\"770\" \/>\n\t<meta property=\"og:image:height\" content=\"430\" \/>\n\t<meta property=\"og:image:type\" content=\"image\/jpeg\" \/>\n<meta name=\"author\" content=\"Jeanette\" \/>\n<meta name=\"twitter:card\" content=\"summary_large_image\" \/>\n<meta name=\"twitter:creator\" content=\"@eldiario_net\" \/>\n<meta name=\"twitter:site\" content=\"@eldiario_net\" \/>\n<meta name=\"twitter:label1\" content=\"Escrito por\" \/>\n\t<meta name=\"twitter:data1\" content=\"Jeanette\" \/>\n\t<meta name=\"twitter:label2\" content=\"Tiempo de lectura\" \/>\n\t<meta name=\"twitter:data2\" content=\"2 minutos\" \/>\n<script type=\"application\/ld+json\" class=\"yoast-schema-graph\">{\"@context\":\"https:\\\/\\\/schema.org\",\"@graph\":[{\"@type\":\"Article\",\"@id\":\"https:\\\/\\\/www.eldiario.net\\\/portal\\\/2021\\\/05\\\/27\\\/implementan-medidas-preventivas-para-reducir-colapso-en-hospitales\\\/#article\",\"isPartOf\":{\"@id\":\"https:\\\/\\\/www.eldiario.net\\\/portal\\\/2021\\\/05\\\/27\\\/implementan-medidas-preventivas-para-reducir-colapso-en-hospitales\\\/\"},\"author\":{\"name\":\"Jeanette\",\"@id\":\"https:\\\/\\\/www.eldiario.net\\\/portal\\\/#\\\/schema\\\/person\\\/f46445640444750d7d753ccd04ae01b7\"},\"headline\":\"Implementan medidas preventivas para reducir colapso en hospitales\",\"datePublished\":\"2021-05-27T10:02:30+00:00\",\"mainEntityOfPage\":{\"@id\":\"https:\\\/\\\/www.eldiario.net\\\/portal\\\/2021\\\/05\\\/27\\\/implementan-medidas-preventivas-para-reducir-colapso-en-hospitales\\\/\"},\"wordCount\":471,\"publisher\":{\"@id\":\"https:\\\/\\\/www.eldiario.net\\\/portal\\\/#organization\"},\"image\":{\"@id\":\"https:\\\/\\\/www.eldiario.net\\\/portal\\\/2021\\\/05\\\/27\\\/implementan-medidas-preventivas-para-reducir-colapso-en-hospitales\\\/#primaryimage\"},\"thumbnailUrl\":\"https:\\\/\\\/www.eldiario.net\\\/portal\\\/wp-content\\\/uploads\\\/2021\\\/05\\\/EL-ALTO-Implementan-medidas-preventivas.jpg\",\"articleSection\":[\"Nacional\"],\"inLanguage\":\"es\"},{\"@type\":\"WebPage\",\"@id\":\"https:\\\/\\\/www.eldiario.net\\\/portal\\\/2021\\\/05\\\/27\\\/implementan-medidas-preventivas-para-reducir-colapso-en-hospitales\\\/\",\"url\":\"https:\\\/\\\/www.eldiario.net\\\/portal\\\/2021\\\/05\\\/27\\\/implementan-medidas-preventivas-para-reducir-colapso-en-hospitales\\\/\",\"name\":\"Implementan medidas preventivas para reducir colapso en hospitales - El Diario - Bolivia\",\"isPartOf\":{\"@id\":\"https:\\\/\\\/www.eldiario.net\\\/portal\\\/#website\"},\"primaryImageOfPage\":{\"@id\":\"https:\\\/\\\/www.eldiario.net\\\/portal\\\/2021\\\/05\\\/27\\\/implementan-medidas-preventivas-para-reducir-colapso-en-hospitales\\\/#primaryimage\"},\"image\":{\"@id\":\"https:\\\/\\\/www.eldiario.net\\\/portal\\\/2021\\\/05\\\/27\\\/implementan-medidas-preventivas-para-reducir-colapso-en-hospitales\\\/#primaryimage\"},\"thumbnailUrl\":\"https:\\\/\\\/www.eldiario.net\\\/portal\\\/wp-content\\\/uploads\\\/2021\\\/05\\\/EL-ALTO-Implementan-medidas-preventivas.jpg\",\"datePublished\":\"2021-05-27T10:02:30+00:00\",\"breadcrumb\":{\"@id\":\"https:\\\/\\\/www.eldiario.net\\\/portal\\\/2021\\\/05\\\/27\\\/implementan-medidas-preventivas-para-reducir-colapso-en-hospitales\\\/#breadcrumb\"},\"inLanguage\":\"es\",\"potentialAction\":[{\"@type\":\"ReadAction\",\"target\":[\"https:\\\/\\\/www.eldiario.net\\\/portal\\\/2021\\\/05\\\/27\\\/implementan-medidas-preventivas-para-reducir-colapso-en-hospitales\\\/\"]}]},{\"@type\":\"ImageObject\",\"inLanguage\":\"es\",\"@id\":\"https:\\\/\\\/www.eldiario.net\\\/portal\\\/2021\\\/05\\\/27\\\/implementan-medidas-preventivas-para-reducir-colapso-en-hospitales\\\/#primaryimage\",\"url\":\"https:\\\/\\\/www.eldiario.net\\\/portal\\\/wp-content\\\/uploads\\\/2021\\\/05\\\/EL-ALTO-Implementan-medidas-preventivas.jpg\",\"contentUrl\":\"https:\\\/\\\/www.eldiario.net\\\/portal\\\/wp-content\\\/uploads\\\/2021\\\/05\\\/EL-ALTO-Implementan-medidas-preventivas.jpg\",\"width\":770,\"height\":430},{\"@type\":\"BreadcrumbList\",\"@id\":\"https:\\\/\\\/www.eldiario.net\\\/portal\\\/2021\\\/05\\\/27\\\/implementan-medidas-preventivas-para-reducir-colapso-en-hospitales\\\/#breadcrumb\",\"itemListElement\":[{\"@type\":\"ListItem\",\"position\":1,\"name\":\"Portada\",\"item\":\"https:\\\/\\\/www.eldiario.net\\\/portal\\\/\"},{\"@type\":\"ListItem\",\"position\":2,\"name\":\"Implementan medidas preventivas para reducir colapso en hospitales\"}]},{\"@type\":\"WebSite\",\"@id\":\"https:\\\/\\\/www.eldiario.net\\\/portal\\\/#website\",\"url\":\"https:\\\/\\\/www.eldiario.net\\\/portal\\\/\",\"name\":\"El Diario - Decano de la prensa nacional\",\"description\":\"El Diario - Decano de la prensa nacional\",\"publisher\":{\"@id\":\"https:\\\/\\\/www.eldiario.net\\\/portal\\\/#organization\"},\"potentialAction\":[{\"@type\":\"SearchAction\",\"target\":{\"@type\":\"EntryPoint\",\"urlTemplate\":\"https:\\\/\\\/www.eldiario.net\\\/portal\\\/?s={search_term_string}\"},\"query-input\":{\"@type\":\"PropertyValueSpecification\",\"valueRequired\":true,\"valueName\":\"search_term_string\"}}],\"inLanguage\":\"es\"},{\"@type\":\"Organization\",\"@id\":\"https:\\\/\\\/www.eldiario.net\\\/portal\\\/#organization\",\"name\":\"El Diario - Decano de la prensa nacional\",\"url\":\"https:\\\/\\\/www.eldiario.net\\\/portal\\\/\",\"logo\":{\"@type\":\"ImageObject\",\"inLanguage\":\"es\",\"@id\":\"https:\\\/\\\/www.eldiario.net\\\/portal\\\/#\\\/schema\\\/logo\\\/image\\\/\",\"url\":\"https:\\\/\\\/www.eldiario.net\\\/portal\\\/wp-content\\\/uploads\\\/2023\\\/07\\\/logo_ED.jpg\",\"contentUrl\":\"https:\\\/\\\/www.eldiario.net\\\/portal\\\/wp-content\\\/uploads\\\/2023\\\/07\\\/logo_ED.jpg\",\"width\":272,\"height\":52,\"caption\":\"El Diario - Decano de la prensa nacional\"},\"image\":{\"@id\":\"https:\\\/\\\/www.eldiario.net\\\/portal\\\/#\\\/schema\\\/logo\\\/image\\\/\"},\"sameAs\":[\"https:\\\/\\\/www.facebook.com\\\/eldiario.bolivia\\\/\",\"https:\\\/\\\/x.com\\\/eldiario_net\"]},{\"@type\":\"Person\",\"@id\":\"https:\\\/\\\/www.eldiario.net\\\/portal\\\/#\\\/schema\\\/person\\\/f46445640444750d7d753ccd04ae01b7\",\"name\":\"Jeanette\",\"image\":{\"@type\":\"ImageObject\",\"inLanguage\":\"es\",\"@id\":\"https:\\\/\\\/secure.gravatar.com\\\/avatar\\\/3ea2118a5f7dad2b7138b1187a6b7ee55f160b9968b66013c3a3ef39dd7e5798?s=96&d=mm&r=g\",\"url\":\"https:\\\/\\\/secure.gravatar.com\\\/avatar\\\/3ea2118a5f7dad2b7138b1187a6b7ee55f160b9968b66013c3a3ef39dd7e5798?s=96&d=mm&r=g\",\"contentUrl\":\"https:\\\/\\\/secure.gravatar.com\\\/avatar\\\/3ea2118a5f7dad2b7138b1187a6b7ee55f160b9968b66013c3a3ef39dd7e5798?s=96&d=mm&r=g\",\"caption\":\"Jeanette\"},\"sameAs\":[\"https:\\\/\\\/www.eldiario.net\\\/portal\"],\"url\":\"https:\\\/\\\/www.eldiario.net\\\/portal\\\/author\\\/jeanette\\\/\"}]}<\/script>\n<!-- \/ Yoast SEO plugin. -->","yoast_head_json":{"title":"Implementan medidas preventivas para reducir colapso en hospitales - El Diario - Bolivia","robots":{"index":"index","follow":"follow","max-snippet":"max-snippet:-1","max-image-preview":"max-image-preview:large","max-video-preview":"max-video-preview:-1"},"canonical":"https:\/\/www.eldiario.net\/portal\/2021\/05\/27\/implementan-medidas-preventivas-para-reducir-colapso-en-hospitales\/","og_locale":"es_ES","og_type":"article","og_title":"Implementan medidas preventivas para reducir colapso en hospitales - El Diario - Bolivia","og_description":"Con el objetivo de reducir el colapso en las Unidades de Terapia Intensiva (UTI), en los hospitales de la Ciudad de El Alto, el Gobierno Municipal decidi\u00f3 implementar el plan de contenci\u00f3n y diagn\u00f3stico masivo, para todos los habitantes alte\u00f1os. De acuerdo con la concejala Paola Quispe, este trabajo se tiene previsto efectuar en los [&hellip;]","og_url":"https:\/\/www.eldiario.net\/portal\/2021\/05\/27\/implementan-medidas-preventivas-para-reducir-colapso-en-hospitales\/","og_site_name":"El Diario - Bolivia","article_publisher":"https:\/\/www.facebook.com\/eldiario.bolivia\/","article_published_time":"2021-05-27T10:02:30+00:00","og_image":[{"width":770,"height":430,"url":"https:\/\/www.eldiario.net\/portal\/wp-content\/uploads\/2021\/05\/EL-ALTO-Implementan-medidas-preventivas.jpg","type":"image\/jpeg"}],"author":"Jeanette","twitter_card":"summary_large_image","twitter_creator":"@eldiario_net","twitter_site":"@eldiario_net","twitter_misc":{"Escrito por":"Jeanette","Tiempo de lectura":"2 minutos"},"schema":{"@context":"https:\/\/schema.org","@graph":[{"@type":"Article","@id":"https:\/\/www.eldiario.net\/portal\/2021\/05\/27\/implementan-medidas-preventivas-para-reducir-colapso-en-hospitales\/#article","isPartOf":{"@id":"https:\/\/www.eldiario.net\/portal\/2021\/05\/27\/implementan-medidas-preventivas-para-reducir-colapso-en-hospitales\/"},"author":{"name":"Jeanette","@id":"https:\/\/www.eldiario.net\/portal\/#\/schema\/person\/f46445640444750d7d753ccd04ae01b7"},"headline":"Implementan medidas preventivas para reducir colapso en hospitales","datePublished":"2021-05-27T10:02:30+00:00","mainEntityOfPage":{"@id":"https:\/\/www.eldiario.net\/portal\/2021\/05\/27\/implementan-medidas-preventivas-para-reducir-colapso-en-hospitales\/"},"wordCount":471,"publisher":{"@id":"https:\/\/www.eldiario.net\/portal\/#organization"},"image":{"@id":"https:\/\/www.eldiario.net\/portal\/2021\/05\/27\/implementan-medidas-preventivas-para-reducir-colapso-en-hospitales\/#primaryimage"},"thumbnailUrl":"https:\/\/www.eldiario.net\/portal\/wp-content\/uploads\/2021\/05\/EL-ALTO-Implementan-medidas-preventivas.jpg","articleSection":["Nacional"],"inLanguage":"es"},{"@type":"WebPage","@id":"https:\/\/www.eldiario.net\/portal\/2021\/05\/27\/implementan-medidas-preventivas-para-reducir-colapso-en-hospitales\/","url":"https:\/\/www.eldiario.net\/portal\/2021\/05\/27\/implementan-medidas-preventivas-para-reducir-colapso-en-hospitales\/","name":"Implementan medidas preventivas para reducir colapso en hospitales - El Diario - Bolivia","isPartOf":{"@id":"https:\/\/www.eldiario.net\/portal\/#website"},"primaryImageOfPage":{"@id":"https:\/\/www.eldiario.net\/portal\/2021\/05\/27\/implementan-medidas-preventivas-para-reducir-colapso-en-hospitales\/#primaryimage"},"image":{"@id":"https:\/\/www.eldiario.net\/portal\/2021\/05\/27\/implementan-medidas-preventivas-para-reducir-colapso-en-hospitales\/#primaryimage"},"thumbnailUrl":"https:\/\/www.eldiario.net\/portal\/wp-content\/uploads\/2021\/05\/EL-ALTO-Implementan-medidas-preventivas.jpg","datePublished":"2021-05-27T10:02:30+00:00","breadcrumb":{"@id":"https:\/\/www.eldiario.net\/portal\/2021\/05\/27\/implementan-medidas-preventivas-para-reducir-colapso-en-hospitales\/#breadcrumb"},"inLanguage":"es","potentialAction":[{"@type":"ReadAction","target":["https:\/\/www.eldiario.net\/portal\/2021\/05\/27\/implementan-medidas-preventivas-para-reducir-colapso-en-hospitales\/"]}]},{"@type":"ImageObject","inLanguage":"es","@id":"https:\/\/www.eldiario.net\/portal\/2021\/05\/27\/implementan-medidas-preventivas-para-reducir-colapso-en-hospitales\/#primaryimage","url":"https:\/\/www.eldiario.net\/portal\/wp-content\/uploads\/2021\/05\/EL-ALTO-Implementan-medidas-preventivas.jpg","contentUrl":"https:\/\/www.eldiario.net\/portal\/wp-content\/uploads\/2021\/05\/EL-ALTO-Implementan-medidas-preventivas.jpg","width":770,"height":430},{"@type":"BreadcrumbList","@id":"https:\/\/www.eldiario.net\/portal\/2021\/05\/27\/implementan-medidas-preventivas-para-reducir-colapso-en-hospitales\/#breadcrumb","itemListElement":[{"@type":"ListItem","position":1,"name":"Portada","item":"https:\/\/www.eldiario.net\/portal\/"},{"@type":"ListItem","position":2,"name":"Implementan medidas preventivas para reducir colapso en hospitales"}]},{"@type":"WebSite","@id":"https:\/\/www.eldiario.net\/portal\/#website","url":"https:\/\/www.eldiario.net\/portal\/","name":"El Diario - Decano de la prensa nacional","description":"El Diario - Decano de la prensa nacional","publisher":{"@id":"https:\/\/www.eldiario.net\/portal\/#organization"},"potentialAction":[{"@type":"SearchAction","target":{"@type":"EntryPoint","urlTemplate":"https:\/\/www.eldiario.net\/portal\/?s={search_term_string}"},"query-input":{"@type":"PropertyValueSpecification","valueRequired":true,"valueName":"search_term_string"}}],"inLanguage":"es"},{"@type":"Organization","@id":"https:\/\/www.eldiario.net\/portal\/#organization","name":"El Diario - Decano de la prensa nacional","url":"https:\/\/www.eldiario.net\/portal\/","logo":{"@type":"ImageObject","inLanguage":"es","@id":"https:\/\/www.eldiario.net\/portal\/#\/schema\/logo\/image\/","url":"https:\/\/www.eldiario.net\/portal\/wp-content\/uploads\/2023\/07\/logo_ED.jpg","contentUrl":"https:\/\/www.eldiario.net\/portal\/wp-content\/uploads\/2023\/07\/logo_ED.jpg","width":272,"height":52,"caption":"El Diario - Decano de la prensa nacional"},"image":{"@id":"https:\/\/www.eldiario.net\/portal\/#\/schema\/logo\/image\/"},"sameAs":["https:\/\/www.facebook.com\/eldiario.bolivia\/","https:\/\/x.com\/eldiario_net"]},{"@type":"Person","@id":"https:\/\/www.eldiario.net\/portal\/#\/schema\/person\/f46445640444750d7d753ccd04ae01b7","name":"Jeanette","image":{"@type":"ImageObject","inLanguage":"es","@id":"https:\/\/secure.gravatar.com\/avatar\/3ea2118a5f7dad2b7138b1187a6b7ee55f160b9968b66013c3a3ef39dd7e5798?s=96&d=mm&r=g","url":"https:\/\/secure.gravatar.com\/avatar\/3ea2118a5f7dad2b7138b1187a6b7ee55f160b9968b66013c3a3ef39dd7e5798?s=96&d=mm&r=g","contentUrl":"https:\/\/secure.gravatar.com\/avatar\/3ea2118a5f7dad2b7138b1187a6b7ee55f160b9968b66013c3a3ef39dd7e5798?s=96&d=mm&r=g","caption":"Jeanette"},"sameAs":["https:\/\/www.eldiario.net\/portal"],"url":"https:\/\/www.eldiario.net\/portal\/author\/jeanette\/"}]}},"_links":{"self":[{"href":"https:\/\/www.eldiario.net\/portal\/wp-json\/wp\/v2\/posts\/6608","targetHints":{"allow":["GET"]}}],"collection":[{"href":"https:\/\/www.eldiario.net\/portal\/wp-json\/wp\/v2\/posts"}],"about":[{"href":"https:\/\/www.eldiario.net\/portal\/wp-json\/wp\/v2\/types\/post"}],"author":[{"embeddable":true,"href":"https:\/\/www.eldiario.net\/portal\/wp-json\/wp\/v2\/users\/1"}],"replies":[{"embeddable":true,"href":"https:\/\/www.eldiario.net\/portal\/wp-json\/wp\/v2\/comments?post=6608"}],"version-history":[{"count":0,"href":"https:\/\/www.eldiario.net\/portal\/wp-json\/wp\/v2\/posts\/6608\/revisions"}],"wp:featuredmedia":[{"embeddable":true,"href":"https:\/\/www.eldiario.net\/portal\/wp-json\/wp\/v2\/media\/6609"}],"wp:attachment":[{"href":"https:\/\/www.eldiario.net\/portal\/wp-json\/wp\/v2\/media?parent=6608"}],"wp:term":[{"taxonomy":"category","embeddable":true,"href":"https:\/\/www.eldiario.net\/portal\/wp-json\/wp\/v2\/categories?post=6608"},{"taxonomy":"post_tag","embeddable":true,"href":"https:\/\/www.eldiario.net\/portal\/wp-json\/wp\/v2\/tags?post=6608"}],"curies":[{"name":"wp","href":"https:\/\/api.w.org\/{rel}","templated":true}]}}