{"id":6605,"date":"2021-05-27T06:01:06","date_gmt":"2021-05-27T10:01:06","guid":{"rendered":"https:\/\/www.eldiario.net\/portal\/?p=6605"},"modified":"2021-05-27T06:01:06","modified_gmt":"2021-05-27T10:01:06","slug":"intendencia-clausura-chifa-hong-kong-por-falta-de-higiene","status":"publish","type":"post","link":"https:\/\/www.eldiario.net\/portal\/2021\/05\/27\/intendencia-clausura-chifa-hong-kong-por-falta-de-higiene\/","title":{"rendered":"Intendencia clausura chifa  Hong Kong por falta de higiene"},"content":{"rendered":"<p>Debido a la falta de higiene y mala manipulaci\u00f3n de productos, la Intendencia Municipal de la Ciudad de El Alto decidi\u00f3 clausurar la chifa Hong Kong, que funcionaba en la Extranca de la zona de Senkata, del distrito 8.<\/p>\n<p>El operativo realizado a actividad econ\u00f3mica se dio debido a varias denuncias sobre estas irregularidades, en el que los propietarios del mismo no preven\u00edan el tema de la manipulaci\u00f3n de los alimentos, poniendo en riesgo la salud de las personas que asist\u00edan a consumir pollos al spiedo y brosther.<\/p>\n<p>De esta forma el intendente municipal Mayor Miguel \u00c1ngel Rocabado, tambi\u00e9n dio a conocer que incluso se evidenci\u00f3 que cerca al lugar donde se preparan los alimentos se encuentra el ba\u00f1o que no ten\u00eda puerta y no cumpl\u00eda con las medidas de prevenci\u00f3n en salud.<\/p>\n<p>\u201cRecibimos la denuncia de una persona a quien se le habr\u00eda servido alimentos en estado de descomposici\u00f3n. El operativo se realiz\u00f3 verificando la inocuidad y manipulaci\u00f3n de los alimentos, llegando a la conclusi\u00f3n de en ese lugar la comida est\u00e1 contaminada, se ha encontrado alimentos guardados y en estado de putrefacci\u00f3n que eran vendidos\u201d, explic\u00f3 Rocabado.<\/p>\n<p>La autoridad detall\u00f3 que la sanci\u00f3n est\u00e1 enmarcada en la Ley Municipal 458, el que establece que se deben clausurar las actividades econ\u00f3micas que atenten contra la salud de la poblaci\u00f3n y que no cuenten con los requisitos para operar.<\/p>\n<p>Los propietarios son ciudadanos de origen asi\u00e1tico, que ahora deber\u00e1n responder ante la justicia por el delito de atentado contra la salud p\u00fablica; adem\u00e1s, se tiene previsto verificar la condici\u00f3n de permanencia de los extranjeros en el pa\u00eds, tema para el cual se deber\u00e1 coordinar con Migraciones.<\/p>\n<p>La Intendencia procedi\u00f3 a la confiscaci\u00f3n de todos los muebles del local, entre ellos, sillas y mesas para evitar la reapertura del restaurante y advirti\u00f3 que los operativos ser\u00e1n permanentes en los lugares de expendio de alimentos.<\/p>\n<p>\u201cNo podemos permitir que este tipo de negocios contin\u00faen operando en la Ciudad de El Alto, porque es un atentado a la salud p\u00fablica y con mayor raz\u00f3n en esta etapa de la pandemia del coronavirus que debemos cuidar nuestra salud con todos los pormenores significan\u201d, dijo el Intendente Municipal.<\/p>\n<p>Por otro lado, se pudo verificar que este negocio de la zona de Senkata, tampoco cumpl\u00eda con las normas de bioseguridad, ni siquiera con el aforo, donde las mesas se encontraban sin la distancia que debe existir entre las mismas, donde el usuario tambi\u00e9n ten\u00eda que utilizar las mismas sin la posibilidad de poder cumplir estas normas.<\/p>\n<p>&nbsp;<\/p>\n","protected":false},"excerpt":{"rendered":"<p>Debido a la falta de higiene y mala manipulaci\u00f3n de productos, la Intendencia Municipal de la Ciudad de El Alto decidi\u00f3 clausurar la chifa Hong Kong, que funcionaba en la Extranca de la zona de Senkata, del distrito 8. El operativo realizado a actividad econ\u00f3mica se dio debido a varias denuncias sobre estas irregularidades, en [&hellip;]<\/p>\n","protected":false},"author":1,"featured_media":6606,"comment_status":"closed","ping_status":"closed","sticky":false,"template":"","format":"standard","meta":{"_acf_changed":false,"footnotes":""},"categories":[12],"tags":[],"class_list":["post-6605","post","type-post","status-publish","format-standard","has-post-thumbnail","category-nacional"],"acf":{"antetitulo":""},"yoast_head":"<!-- This site is optimized with the Yoast SEO plugin v28.3 - https:\/\/yoast.com\/product\/yoast-seo-wordpress\/ -->\n<title>Intendencia clausura chifa Hong Kong por falta de higiene - El Diario - Bolivia<\/title>\n<meta name=\"robots\" content=\"index, follow, max-snippet:-1, max-image-preview:large, max-video-preview:-1\" \/>\n<link rel=\"canonical\" href=\"https:\/\/www.eldiario.net\/portal\/2021\/05\/27\/intendencia-clausura-chifa-hong-kong-por-falta-de-higiene\/\" \/>\n<meta property=\"og:locale\" content=\"es_ES\" \/>\n<meta property=\"og:type\" content=\"article\" \/>\n<meta property=\"og:title\" content=\"Intendencia clausura chifa Hong Kong por falta de higiene - El Diario - Bolivia\" \/>\n<meta property=\"og:description\" content=\"Debido a la falta de higiene y mala manipulaci\u00f3n de productos, la Intendencia Municipal de la Ciudad de El Alto decidi\u00f3 clausurar la chifa Hong Kong, que funcionaba en la Extranca de la zona de Senkata, del distrito 8. El operativo realizado a actividad econ\u00f3mica se dio debido a varias denuncias sobre estas irregularidades, en [&hellip;]\" \/>\n<meta property=\"og:url\" content=\"https:\/\/www.eldiario.net\/portal\/2021\/05\/27\/intendencia-clausura-chifa-hong-kong-por-falta-de-higiene\/\" \/>\n<meta property=\"og:site_name\" content=\"El Diario - Bolivia\" \/>\n<meta property=\"article:publisher\" content=\"https:\/\/www.facebook.com\/eldiario.bolivia\/\" \/>\n<meta property=\"article:published_time\" content=\"2021-05-27T10:01:06+00:00\" \/>\n<meta name=\"author\" content=\"Jeanette\" \/>\n<meta name=\"twitter:card\" content=\"summary_large_image\" \/>\n<meta name=\"twitter:creator\" content=\"@eldiario_net\" \/>\n<meta name=\"twitter:site\" content=\"@eldiario_net\" \/>\n<meta name=\"twitter:label1\" content=\"Escrito por\" \/>\n\t<meta name=\"twitter:data1\" content=\"Jeanette\" \/>\n\t<meta name=\"twitter:label2\" content=\"Tiempo de lectura\" \/>\n\t<meta name=\"twitter:data2\" content=\"2 minutos\" \/>\n<script type=\"application\/ld+json\" class=\"yoast-schema-graph\">{\"@context\":\"https:\\\/\\\/schema.org\",\"@graph\":[{\"@type\":\"Article\",\"@id\":\"https:\\\/\\\/www.eldiario.net\\\/portal\\\/2021\\\/05\\\/27\\\/intendencia-clausura-chifa-hong-kong-por-falta-de-higiene\\\/#article\",\"isPartOf\":{\"@id\":\"https:\\\/\\\/www.eldiario.net\\\/portal\\\/2021\\\/05\\\/27\\\/intendencia-clausura-chifa-hong-kong-por-falta-de-higiene\\\/\"},\"author\":{\"name\":\"Jeanette\",\"@id\":\"https:\\\/\\\/www.eldiario.net\\\/portal\\\/#\\\/schema\\\/person\\\/f46445640444750d7d753ccd04ae01b7\"},\"headline\":\"Intendencia clausura chifa Hong Kong por falta de higiene\",\"datePublished\":\"2021-05-27T10:01:06+00:00\",\"mainEntityOfPage\":{\"@id\":\"https:\\\/\\\/www.eldiario.net\\\/portal\\\/2021\\\/05\\\/27\\\/intendencia-clausura-chifa-hong-kong-por-falta-de-higiene\\\/\"},\"wordCount\":460,\"publisher\":{\"@id\":\"https:\\\/\\\/www.eldiario.net\\\/portal\\\/#organization\"},\"image\":{\"@id\":\"https:\\\/\\\/www.eldiario.net\\\/portal\\\/2021\\\/05\\\/27\\\/intendencia-clausura-chifa-hong-kong-por-falta-de-higiene\\\/#primaryimage\"},\"thumbnailUrl\":\"\",\"articleSection\":[\"Nacional\"],\"inLanguage\":\"es\"},{\"@type\":\"WebPage\",\"@id\":\"https:\\\/\\\/www.eldiario.net\\\/portal\\\/2021\\\/05\\\/27\\\/intendencia-clausura-chifa-hong-kong-por-falta-de-higiene\\\/\",\"url\":\"https:\\\/\\\/www.eldiario.net\\\/portal\\\/2021\\\/05\\\/27\\\/intendencia-clausura-chifa-hong-kong-por-falta-de-higiene\\\/\",\"name\":\"Intendencia clausura chifa Hong Kong por falta de higiene - El Diario - Bolivia\",\"isPartOf\":{\"@id\":\"https:\\\/\\\/www.eldiario.net\\\/portal\\\/#website\"},\"primaryImageOfPage\":{\"@id\":\"https:\\\/\\\/www.eldiario.net\\\/portal\\\/2021\\\/05\\\/27\\\/intendencia-clausura-chifa-hong-kong-por-falta-de-higiene\\\/#primaryimage\"},\"image\":{\"@id\":\"https:\\\/\\\/www.eldiario.net\\\/portal\\\/2021\\\/05\\\/27\\\/intendencia-clausura-chifa-hong-kong-por-falta-de-higiene\\\/#primaryimage\"},\"thumbnailUrl\":\"\",\"datePublished\":\"2021-05-27T10:01:06+00:00\",\"breadcrumb\":{\"@id\":\"https:\\\/\\\/www.eldiario.net\\\/portal\\\/2021\\\/05\\\/27\\\/intendencia-clausura-chifa-hong-kong-por-falta-de-higiene\\\/#breadcrumb\"},\"inLanguage\":\"es\",\"potentialAction\":[{\"@type\":\"ReadAction\",\"target\":[\"https:\\\/\\\/www.eldiario.net\\\/portal\\\/2021\\\/05\\\/27\\\/intendencia-clausura-chifa-hong-kong-por-falta-de-higiene\\\/\"]}]},{\"@type\":\"ImageObject\",\"inLanguage\":\"es\",\"@id\":\"https:\\\/\\\/www.eldiario.net\\\/portal\\\/2021\\\/05\\\/27\\\/intendencia-clausura-chifa-hong-kong-por-falta-de-higiene\\\/#primaryimage\",\"url\":\"\",\"contentUrl\":\"\"},{\"@type\":\"BreadcrumbList\",\"@id\":\"https:\\\/\\\/www.eldiario.net\\\/portal\\\/2021\\\/05\\\/27\\\/intendencia-clausura-chifa-hong-kong-por-falta-de-higiene\\\/#breadcrumb\",\"itemListElement\":[{\"@type\":\"ListItem\",\"position\":1,\"name\":\"Portada\",\"item\":\"https:\\\/\\\/www.eldiario.net\\\/portal\\\/\"},{\"@type\":\"ListItem\",\"position\":2,\"name\":\"Intendencia clausura chifa Hong Kong por falta de higiene\"}]},{\"@type\":\"WebSite\",\"@id\":\"https:\\\/\\\/www.eldiario.net\\\/portal\\\/#website\",\"url\":\"https:\\\/\\\/www.eldiario.net\\\/portal\\\/\",\"name\":\"El Diario - Decano de la prensa nacional\",\"description\":\"El Diario - Decano de la prensa nacional\",\"publisher\":{\"@id\":\"https:\\\/\\\/www.eldiario.net\\\/portal\\\/#organization\"},\"potentialAction\":[{\"@type\":\"SearchAction\",\"target\":{\"@type\":\"EntryPoint\",\"urlTemplate\":\"https:\\\/\\\/www.eldiario.net\\\/portal\\\/?s={search_term_string}\"},\"query-input\":{\"@type\":\"PropertyValueSpecification\",\"valueRequired\":true,\"valueName\":\"search_term_string\"}}],\"inLanguage\":\"es\"},{\"@type\":\"Organization\",\"@id\":\"https:\\\/\\\/www.eldiario.net\\\/portal\\\/#organization\",\"name\":\"El Diario - Decano de la prensa nacional\",\"url\":\"https:\\\/\\\/www.eldiario.net\\\/portal\\\/\",\"logo\":{\"@type\":\"ImageObject\",\"inLanguage\":\"es\",\"@id\":\"https:\\\/\\\/www.eldiario.net\\\/portal\\\/#\\\/schema\\\/logo\\\/image\\\/\",\"url\":\"https:\\\/\\\/www.eldiario.net\\\/portal\\\/wp-content\\\/uploads\\\/2023\\\/07\\\/logo_ED.jpg\",\"contentUrl\":\"https:\\\/\\\/www.eldiario.net\\\/portal\\\/wp-content\\\/uploads\\\/2023\\\/07\\\/logo_ED.jpg\",\"width\":272,\"height\":52,\"caption\":\"El Diario - Decano de la prensa nacional\"},\"image\":{\"@id\":\"https:\\\/\\\/www.eldiario.net\\\/portal\\\/#\\\/schema\\\/logo\\\/image\\\/\"},\"sameAs\":[\"https:\\\/\\\/www.facebook.com\\\/eldiario.bolivia\\\/\",\"https:\\\/\\\/x.com\\\/eldiario_net\"]},{\"@type\":\"Person\",\"@id\":\"https:\\\/\\\/www.eldiario.net\\\/portal\\\/#\\\/schema\\\/person\\\/f46445640444750d7d753ccd04ae01b7\",\"name\":\"Jeanette\",\"image\":{\"@type\":\"ImageObject\",\"inLanguage\":\"es\",\"@id\":\"https:\\\/\\\/secure.gravatar.com\\\/avatar\\\/3ea2118a5f7dad2b7138b1187a6b7ee55f160b9968b66013c3a3ef39dd7e5798?s=96&d=mm&r=g\",\"url\":\"https:\\\/\\\/secure.gravatar.com\\\/avatar\\\/3ea2118a5f7dad2b7138b1187a6b7ee55f160b9968b66013c3a3ef39dd7e5798?s=96&d=mm&r=g\",\"contentUrl\":\"https:\\\/\\\/secure.gravatar.com\\\/avatar\\\/3ea2118a5f7dad2b7138b1187a6b7ee55f160b9968b66013c3a3ef39dd7e5798?s=96&d=mm&r=g\",\"caption\":\"Jeanette\"},\"sameAs\":[\"https:\\\/\\\/www.eldiario.net\\\/portal\"],\"url\":\"https:\\\/\\\/www.eldiario.net\\\/portal\\\/author\\\/jeanette\\\/\"}]}<\/script>\n<!-- \/ Yoast SEO plugin. -->","yoast_head_json":{"title":"Intendencia clausura chifa Hong Kong por falta de higiene - El Diario - Bolivia","robots":{"index":"index","follow":"follow","max-snippet":"max-snippet:-1","max-image-preview":"max-image-preview:large","max-video-preview":"max-video-preview:-1"},"canonical":"https:\/\/www.eldiario.net\/portal\/2021\/05\/27\/intendencia-clausura-chifa-hong-kong-por-falta-de-higiene\/","og_locale":"es_ES","og_type":"article","og_title":"Intendencia clausura chifa Hong Kong por falta de higiene - El Diario - Bolivia","og_description":"Debido a la falta de higiene y mala manipulaci\u00f3n de productos, la Intendencia Municipal de la Ciudad de El Alto decidi\u00f3 clausurar la chifa Hong Kong, que funcionaba en la Extranca de la zona de Senkata, del distrito 8. El operativo realizado a actividad econ\u00f3mica se dio debido a varias denuncias sobre estas irregularidades, en [&hellip;]","og_url":"https:\/\/www.eldiario.net\/portal\/2021\/05\/27\/intendencia-clausura-chifa-hong-kong-por-falta-de-higiene\/","og_site_name":"El Diario - Bolivia","article_publisher":"https:\/\/www.facebook.com\/eldiario.bolivia\/","article_published_time":"2021-05-27T10:01:06+00:00","author":"Jeanette","twitter_card":"summary_large_image","twitter_creator":"@eldiario_net","twitter_site":"@eldiario_net","twitter_misc":{"Escrito por":"Jeanette","Tiempo de lectura":"2 minutos"},"schema":{"@context":"https:\/\/schema.org","@graph":[{"@type":"Article","@id":"https:\/\/www.eldiario.net\/portal\/2021\/05\/27\/intendencia-clausura-chifa-hong-kong-por-falta-de-higiene\/#article","isPartOf":{"@id":"https:\/\/www.eldiario.net\/portal\/2021\/05\/27\/intendencia-clausura-chifa-hong-kong-por-falta-de-higiene\/"},"author":{"name":"Jeanette","@id":"https:\/\/www.eldiario.net\/portal\/#\/schema\/person\/f46445640444750d7d753ccd04ae01b7"},"headline":"Intendencia clausura chifa Hong Kong por falta de higiene","datePublished":"2021-05-27T10:01:06+00:00","mainEntityOfPage":{"@id":"https:\/\/www.eldiario.net\/portal\/2021\/05\/27\/intendencia-clausura-chifa-hong-kong-por-falta-de-higiene\/"},"wordCount":460,"publisher":{"@id":"https:\/\/www.eldiario.net\/portal\/#organization"},"image":{"@id":"https:\/\/www.eldiario.net\/portal\/2021\/05\/27\/intendencia-clausura-chifa-hong-kong-por-falta-de-higiene\/#primaryimage"},"thumbnailUrl":"","articleSection":["Nacional"],"inLanguage":"es"},{"@type":"WebPage","@id":"https:\/\/www.eldiario.net\/portal\/2021\/05\/27\/intendencia-clausura-chifa-hong-kong-por-falta-de-higiene\/","url":"https:\/\/www.eldiario.net\/portal\/2021\/05\/27\/intendencia-clausura-chifa-hong-kong-por-falta-de-higiene\/","name":"Intendencia clausura chifa Hong Kong por falta de higiene - El Diario - Bolivia","isPartOf":{"@id":"https:\/\/www.eldiario.net\/portal\/#website"},"primaryImageOfPage":{"@id":"https:\/\/www.eldiario.net\/portal\/2021\/05\/27\/intendencia-clausura-chifa-hong-kong-por-falta-de-higiene\/#primaryimage"},"image":{"@id":"https:\/\/www.eldiario.net\/portal\/2021\/05\/27\/intendencia-clausura-chifa-hong-kong-por-falta-de-higiene\/#primaryimage"},"thumbnailUrl":"","datePublished":"2021-05-27T10:01:06+00:00","breadcrumb":{"@id":"https:\/\/www.eldiario.net\/portal\/2021\/05\/27\/intendencia-clausura-chifa-hong-kong-por-falta-de-higiene\/#breadcrumb"},"inLanguage":"es","potentialAction":[{"@type":"ReadAction","target":["https:\/\/www.eldiario.net\/portal\/2021\/05\/27\/intendencia-clausura-chifa-hong-kong-por-falta-de-higiene\/"]}]},{"@type":"ImageObject","inLanguage":"es","@id":"https:\/\/www.eldiario.net\/portal\/2021\/05\/27\/intendencia-clausura-chifa-hong-kong-por-falta-de-higiene\/#primaryimage","url":"","contentUrl":""},{"@type":"BreadcrumbList","@id":"https:\/\/www.eldiario.net\/portal\/2021\/05\/27\/intendencia-clausura-chifa-hong-kong-por-falta-de-higiene\/#breadcrumb","itemListElement":[{"@type":"ListItem","position":1,"name":"Portada","item":"https:\/\/www.eldiario.net\/portal\/"},{"@type":"ListItem","position":2,"name":"Intendencia clausura chifa Hong Kong por falta de higiene"}]},{"@type":"WebSite","@id":"https:\/\/www.eldiario.net\/portal\/#website","url":"https:\/\/www.eldiario.net\/portal\/","name":"El Diario - Decano de la prensa nacional","description":"El Diario - Decano de la prensa nacional","publisher":{"@id":"https:\/\/www.eldiario.net\/portal\/#organization"},"potentialAction":[{"@type":"SearchAction","target":{"@type":"EntryPoint","urlTemplate":"https:\/\/www.eldiario.net\/portal\/?s={search_term_string}"},"query-input":{"@type":"PropertyValueSpecification","valueRequired":true,"valueName":"search_term_string"}}],"inLanguage":"es"},{"@type":"Organization","@id":"https:\/\/www.eldiario.net\/portal\/#organization","name":"El Diario - Decano de la prensa nacional","url":"https:\/\/www.eldiario.net\/portal\/","logo":{"@type":"ImageObject","inLanguage":"es","@id":"https:\/\/www.eldiario.net\/portal\/#\/schema\/logo\/image\/","url":"https:\/\/www.eldiario.net\/portal\/wp-content\/uploads\/2023\/07\/logo_ED.jpg","contentUrl":"https:\/\/www.eldiario.net\/portal\/wp-content\/uploads\/2023\/07\/logo_ED.jpg","width":272,"height":52,"caption":"El Diario - Decano de la prensa nacional"},"image":{"@id":"https:\/\/www.eldiario.net\/portal\/#\/schema\/logo\/image\/"},"sameAs":["https:\/\/www.facebook.com\/eldiario.bolivia\/","https:\/\/x.com\/eldiario_net"]},{"@type":"Person","@id":"https:\/\/www.eldiario.net\/portal\/#\/schema\/person\/f46445640444750d7d753ccd04ae01b7","name":"Jeanette","image":{"@type":"ImageObject","inLanguage":"es","@id":"https:\/\/secure.gravatar.com\/avatar\/3ea2118a5f7dad2b7138b1187a6b7ee55f160b9968b66013c3a3ef39dd7e5798?s=96&d=mm&r=g","url":"https:\/\/secure.gravatar.com\/avatar\/3ea2118a5f7dad2b7138b1187a6b7ee55f160b9968b66013c3a3ef39dd7e5798?s=96&d=mm&r=g","contentUrl":"https:\/\/secure.gravatar.com\/avatar\/3ea2118a5f7dad2b7138b1187a6b7ee55f160b9968b66013c3a3ef39dd7e5798?s=96&d=mm&r=g","caption":"Jeanette"},"sameAs":["https:\/\/www.eldiario.net\/portal"],"url":"https:\/\/www.eldiario.net\/portal\/author\/jeanette\/"}]}},"_links":{"self":[{"href":"https:\/\/www.eldiario.net\/portal\/wp-json\/wp\/v2\/posts\/6605","targetHints":{"allow":["GET"]}}],"collection":[{"href":"https:\/\/www.eldiario.net\/portal\/wp-json\/wp\/v2\/posts"}],"about":[{"href":"https:\/\/www.eldiario.net\/portal\/wp-json\/wp\/v2\/types\/post"}],"author":[{"embeddable":true,"href":"https:\/\/www.eldiario.net\/portal\/wp-json\/wp\/v2\/users\/1"}],"replies":[{"embeddable":true,"href":"https:\/\/www.eldiario.net\/portal\/wp-json\/wp\/v2\/comments?post=6605"}],"version-history":[{"count":0,"href":"https:\/\/www.eldiario.net\/portal\/wp-json\/wp\/v2\/posts\/6605\/revisions"}],"wp:attachment":[{"href":"https:\/\/www.eldiario.net\/portal\/wp-json\/wp\/v2\/media?parent=6605"}],"wp:term":[{"taxonomy":"category","embeddable":true,"href":"https:\/\/www.eldiario.net\/portal\/wp-json\/wp\/v2\/categories?post=6605"},{"taxonomy":"post_tag","embeddable":true,"href":"https:\/\/www.eldiario.net\/portal\/wp-json\/wp\/v2\/tags?post=6605"}],"curies":[{"name":"wp","href":"https:\/\/api.w.org\/{rel}","templated":true}]}}