{"id":6602,"date":"2021-05-27T05:59:55","date_gmt":"2021-05-27T09:59:55","guid":{"rendered":"https:\/\/www.eldiario.net\/portal\/?p=6602"},"modified":"2021-05-27T05:59:55","modified_gmt":"2021-05-27T09:59:55","slug":"pandemia-limita-acceso-a-derechos-de-refugiados","status":"publish","type":"post","link":"https:\/\/www.eldiario.net\/portal\/2021\/05\/27\/pandemia-limita-acceso-a-derechos-de-refugiados\/","title":{"rendered":"Pandemia limita acceso  a derechos de refugiados"},"content":{"rendered":"<p>La pandemia de Covid-19 perjudica el bienestar y limita el acceso a derechos y servicios vitales de los adultos mayores refugiados en Am\u00e9rica Latina, seg\u00fan alert\u00f3 este mi\u00e9rcoles la Agencia de la ONU para los Refugiados (ACNUR) y HelpAge International.<\/p>\n<p>Seg\u00fan una evaluaci\u00f3n llevada a cabo en Colombia, Ecuador, El Salvador, Honduras y Per\u00fa, la pandemia exacerba las amenazas preexistentes a la salud f\u00edsica y mental, la nutrici\u00f3n, la autonom\u00eda financiera y el estatus legal de las personas adultas mayores refugiadas y otras personas en situaci\u00f3n de movilidad humana.<\/p>\n<p>As\u00ed, la mitad de las personas entrevistadas declar\u00f3 haber sufrido \u00abdiscriminaci\u00f3n\u00bb, mientras que un n\u00famero preocupante describi\u00f3 incidentes de \u00ababuso\u00bb.<\/p>\n<p>Adem\u00e1s, la mayor\u00eda de las personas mayores encuestadas informaron de que han tenido un acceso limitado a la atenci\u00f3n m\u00e9dica durante la pandemia. En concreto, el 42 por ciento no recibi\u00f3 tratamiento por problemas de salud previos y el 6 por ciento de las personas contagiadas de Covid-19 asegur\u00f3 que no obtuvo la atenci\u00f3n m\u00e9dica \u00abadecuada\u00bb.<\/p>\n<p>Por otro lado, seg\u00fan ACNUR y HelpAge International, la pandemia ha generado una disminuci\u00f3n del contacto diario que las personas mayores desplazadas ten\u00edan con sus familias, del 39 al 26 por ciento. Tambi\u00e9n ha limitado las actividades comunitarias y las oportunidades de recreaci\u00f3n y participaci\u00f3n, agravando significativamente sus sentimientos de aislamiento y soledad.<\/p>\n<p>El acceso a los alimentos para las personas mayores en situaci\u00f3n de movilidad humana tambi\u00e9n ha empeorado en todos los pa\u00edses objeto del estudio. Ya antes de la pandemia, una de cada cuatro personas mayores ten\u00eda que saltarse las comidas. Con la llegada de la Covid-19, el 41 por ciento tuvo que reducir a\u00fan m\u00e1s su ingesta de alimentos.<\/p>\n<p>En referencia a los ingresos, alrededor del 64 por ciento de las personas mayores entrevistadas no ten\u00edan ingresos mensuales antes de la pandemia. De quienes s\u00ed ten\u00edan ingresos, el 62 por ciento consider\u00f3 que no eran suficientes para satisfacer sus necesidades b\u00e1sicas.<\/p>\n<p>Pero la Covid-19 ha agravado a\u00fan m\u00e1s su situaci\u00f3n econ\u00f3mica, dejando a muchas m\u00e1s personas sin empleo. En Honduras y El Salvador, un tercio de las personas encuestadas inform\u00f3 de que hab\u00eda perdido su trabajo. En los pa\u00edses de la regi\u00f3n andina, fueron casi la mitad.<\/p>\n<p>A pesar del aumento de su vulnerabilidad, muchas de las personas entrevistadas a\u00fan ten\u00edan que actuar como sost\u00e9n de sus hogares y cuidar de otros miembros de la familia, como ni\u00f1os y adolescentes -60 por ciento- y personas con discapacidad -5 por ciento-. Mientras tanto, las condiciones de vivienda tambi\u00e9n empeoraron para una quinta parte de los entrevistados, ya que no pod\u00edan pagar el alquiler. El cinco por ciento de los encuestados fue desahuciada durante la pandemia.<\/p>\n<p>Tambi\u00e9n, la pandemia ha aumentado los desaf\u00edos a los que se enfrentan las personas mayores en situaci\u00f3n de movilidad humana para obtener documentaci\u00f3n. En la regi\u00f3n andina, casi una cuarta parte se encuentra en situaci\u00f3n irregular, lo que aumenta su marginaci\u00f3n. Esta cifra aumenta al 32 por ciento entre las personas mayores desplazadas con discapacidad.<\/p>\n<p>&nbsp;<\/p>\n<p>FALTA DE PROTECCI\u00d3N<\/p>\n<p>El director del Bur\u00f3 Regional de ACNUR para las Am\u00e9ricas, Jos\u00e9 Samaniego, denunci\u00f3 que \u00ablas personas mayores que est\u00e1n en situaci\u00f3n de desplazamiento forzado se han encontrado durante mucho tiempo en abandono y sin protecci\u00f3n suficiente\u00bb.<\/p>\n<p>\u00abSu plena inclusi\u00f3n en las respuestas nacionales a la pandemia, incluidos los programas de vacunaci\u00f3n contra la Covid-19, es clave para salvaguardar su dignidad y sus derechos\u00bb, ha agregado.<\/p>\n<p>En este sentido, y adem\u00e1s de una mayor ayuda humanitaria, Samaniego ha incidido en que las personas mayores desplazadas necesitan \u00abm\u00e1s oportunidades de medios de vida para ser econ\u00f3micamente independientes\u00bb.<\/p>\n<p>\u00abEl envejecimiento y la movilidad humana son tendencias globales, cuya interseccionalidad se manifiesta en la pobreza y la exclusi\u00f3n, mientras que las personas mayores son tratadas como si fueran invisibles\u00bb, lament\u00f3, por su parte, la representante regional de HelpAge para Am\u00e9rica Latina y el Caribe, Marcela Bustamente.<\/p>\n<p>Bustamente ha se\u00f1alado que gobiernos y comunidad internacional deben hacer \u00abtodo lo posible\u00bb para que las personas mayores en situaci\u00f3n de movilidad humana puedan vivir \u00abcon dignidad\u00bb. \u00abSe necesita un cambio urgente\u00bb, ha remachado. (Europa Press)<\/p>\n","protected":false},"excerpt":{"rendered":"<p>La pandemia de Covid-19 perjudica el bienestar y limita el acceso a derechos y servicios vitales de los adultos mayores refugiados en Am\u00e9rica Latina, seg\u00fan alert\u00f3 este mi\u00e9rcoles la Agencia de la ONU para los Refugiados (ACNUR) y HelpAge International. Seg\u00fan una evaluaci\u00f3n llevada a cabo en Colombia, Ecuador, El Salvador, Honduras y Per\u00fa, la [&hellip;]<\/p>\n","protected":false},"author":1,"featured_media":6603,"comment_status":"closed","ping_status":"closed","sticky":false,"template":"","format":"standard","meta":{"_acf_changed":false,"footnotes":""},"categories":[3],"tags":[],"class_list":["post-6602","post","type-post","status-publish","format-standard","has-post-thumbnail","category-internacional"],"acf":{"antetitulo":""},"yoast_head":"<!-- This site is optimized with the Yoast SEO plugin v28.3 - https:\/\/yoast.com\/product\/yoast-seo-wordpress\/ -->\n<title>Pandemia limita acceso a derechos de refugiados - El Diario - Bolivia<\/title>\n<meta name=\"robots\" content=\"index, follow, max-snippet:-1, max-image-preview:large, max-video-preview:-1\" \/>\n<link rel=\"canonical\" href=\"https:\/\/www.eldiario.net\/portal\/2021\/05\/27\/pandemia-limita-acceso-a-derechos-de-refugiados\/\" \/>\n<meta property=\"og:locale\" content=\"es_ES\" \/>\n<meta property=\"og:type\" content=\"article\" \/>\n<meta property=\"og:title\" content=\"Pandemia limita acceso a derechos de refugiados - El Diario - Bolivia\" \/>\n<meta property=\"og:description\" content=\"La pandemia de Covid-19 perjudica el bienestar y limita el acceso a derechos y servicios vitales de los adultos mayores refugiados en Am\u00e9rica Latina, seg\u00fan alert\u00f3 este mi\u00e9rcoles la Agencia de la ONU para los Refugiados (ACNUR) y HelpAge International. Seg\u00fan una evaluaci\u00f3n llevada a cabo en Colombia, Ecuador, El Salvador, Honduras y Per\u00fa, la [&hellip;]\" \/>\n<meta property=\"og:url\" content=\"https:\/\/www.eldiario.net\/portal\/2021\/05\/27\/pandemia-limita-acceso-a-derechos-de-refugiados\/\" \/>\n<meta property=\"og:site_name\" content=\"El Diario - Bolivia\" \/>\n<meta property=\"article:publisher\" content=\"https:\/\/www.facebook.com\/eldiario.bolivia\/\" \/>\n<meta property=\"article:published_time\" content=\"2021-05-27T09:59:55+00:00\" \/>\n<meta name=\"author\" content=\"Jeanette\" \/>\n<meta name=\"twitter:card\" content=\"summary_large_image\" \/>\n<meta name=\"twitter:creator\" content=\"@eldiario_net\" \/>\n<meta name=\"twitter:site\" content=\"@eldiario_net\" \/>\n<meta name=\"twitter:label1\" content=\"Escrito por\" \/>\n\t<meta name=\"twitter:data1\" content=\"Jeanette\" \/>\n\t<meta name=\"twitter:label2\" content=\"Tiempo de lectura\" \/>\n\t<meta name=\"twitter:data2\" content=\"3 minutos\" \/>\n<script type=\"application\/ld+json\" class=\"yoast-schema-graph\">{\"@context\":\"https:\\\/\\\/schema.org\",\"@graph\":[{\"@type\":\"Article\",\"@id\":\"https:\\\/\\\/www.eldiario.net\\\/portal\\\/2021\\\/05\\\/27\\\/pandemia-limita-acceso-a-derechos-de-refugiados\\\/#article\",\"isPartOf\":{\"@id\":\"https:\\\/\\\/www.eldiario.net\\\/portal\\\/2021\\\/05\\\/27\\\/pandemia-limita-acceso-a-derechos-de-refugiados\\\/\"},\"author\":{\"name\":\"Jeanette\",\"@id\":\"https:\\\/\\\/www.eldiario.net\\\/portal\\\/#\\\/schema\\\/person\\\/f46445640444750d7d753ccd04ae01b7\"},\"headline\":\"Pandemia limita acceso a derechos de refugiados\",\"datePublished\":\"2021-05-27T09:59:55+00:00\",\"mainEntityOfPage\":{\"@id\":\"https:\\\/\\\/www.eldiario.net\\\/portal\\\/2021\\\/05\\\/27\\\/pandemia-limita-acceso-a-derechos-de-refugiados\\\/\"},\"wordCount\":745,\"publisher\":{\"@id\":\"https:\\\/\\\/www.eldiario.net\\\/portal\\\/#organization\"},\"image\":{\"@id\":\"https:\\\/\\\/www.eldiario.net\\\/portal\\\/2021\\\/05\\\/27\\\/pandemia-limita-acceso-a-derechos-de-refugiados\\\/#primaryimage\"},\"thumbnailUrl\":\"\",\"articleSection\":[\"Internacional\"],\"inLanguage\":\"es\"},{\"@type\":\"WebPage\",\"@id\":\"https:\\\/\\\/www.eldiario.net\\\/portal\\\/2021\\\/05\\\/27\\\/pandemia-limita-acceso-a-derechos-de-refugiados\\\/\",\"url\":\"https:\\\/\\\/www.eldiario.net\\\/portal\\\/2021\\\/05\\\/27\\\/pandemia-limita-acceso-a-derechos-de-refugiados\\\/\",\"name\":\"Pandemia limita acceso a derechos de refugiados - El Diario - Bolivia\",\"isPartOf\":{\"@id\":\"https:\\\/\\\/www.eldiario.net\\\/portal\\\/#website\"},\"primaryImageOfPage\":{\"@id\":\"https:\\\/\\\/www.eldiario.net\\\/portal\\\/2021\\\/05\\\/27\\\/pandemia-limita-acceso-a-derechos-de-refugiados\\\/#primaryimage\"},\"image\":{\"@id\":\"https:\\\/\\\/www.eldiario.net\\\/portal\\\/2021\\\/05\\\/27\\\/pandemia-limita-acceso-a-derechos-de-refugiados\\\/#primaryimage\"},\"thumbnailUrl\":\"\",\"datePublished\":\"2021-05-27T09:59:55+00:00\",\"breadcrumb\":{\"@id\":\"https:\\\/\\\/www.eldiario.net\\\/portal\\\/2021\\\/05\\\/27\\\/pandemia-limita-acceso-a-derechos-de-refugiados\\\/#breadcrumb\"},\"inLanguage\":\"es\",\"potentialAction\":[{\"@type\":\"ReadAction\",\"target\":[\"https:\\\/\\\/www.eldiario.net\\\/portal\\\/2021\\\/05\\\/27\\\/pandemia-limita-acceso-a-derechos-de-refugiados\\\/\"]}]},{\"@type\":\"ImageObject\",\"inLanguage\":\"es\",\"@id\":\"https:\\\/\\\/www.eldiario.net\\\/portal\\\/2021\\\/05\\\/27\\\/pandemia-limita-acceso-a-derechos-de-refugiados\\\/#primaryimage\",\"url\":\"\",\"contentUrl\":\"\"},{\"@type\":\"BreadcrumbList\",\"@id\":\"https:\\\/\\\/www.eldiario.net\\\/portal\\\/2021\\\/05\\\/27\\\/pandemia-limita-acceso-a-derechos-de-refugiados\\\/#breadcrumb\",\"itemListElement\":[{\"@type\":\"ListItem\",\"position\":1,\"name\":\"Portada\",\"item\":\"https:\\\/\\\/www.eldiario.net\\\/portal\\\/\"},{\"@type\":\"ListItem\",\"position\":2,\"name\":\"Pandemia limita acceso a derechos de refugiados\"}]},{\"@type\":\"WebSite\",\"@id\":\"https:\\\/\\\/www.eldiario.net\\\/portal\\\/#website\",\"url\":\"https:\\\/\\\/www.eldiario.net\\\/portal\\\/\",\"name\":\"El Diario - Decano de la prensa nacional\",\"description\":\"El Diario - Decano de la prensa nacional\",\"publisher\":{\"@id\":\"https:\\\/\\\/www.eldiario.net\\\/portal\\\/#organization\"},\"potentialAction\":[{\"@type\":\"SearchAction\",\"target\":{\"@type\":\"EntryPoint\",\"urlTemplate\":\"https:\\\/\\\/www.eldiario.net\\\/portal\\\/?s={search_term_string}\"},\"query-input\":{\"@type\":\"PropertyValueSpecification\",\"valueRequired\":true,\"valueName\":\"search_term_string\"}}],\"inLanguage\":\"es\"},{\"@type\":\"Organization\",\"@id\":\"https:\\\/\\\/www.eldiario.net\\\/portal\\\/#organization\",\"name\":\"El Diario - Decano de la prensa nacional\",\"url\":\"https:\\\/\\\/www.eldiario.net\\\/portal\\\/\",\"logo\":{\"@type\":\"ImageObject\",\"inLanguage\":\"es\",\"@id\":\"https:\\\/\\\/www.eldiario.net\\\/portal\\\/#\\\/schema\\\/logo\\\/image\\\/\",\"url\":\"https:\\\/\\\/www.eldiario.net\\\/portal\\\/wp-content\\\/uploads\\\/2023\\\/07\\\/logo_ED.jpg\",\"contentUrl\":\"https:\\\/\\\/www.eldiario.net\\\/portal\\\/wp-content\\\/uploads\\\/2023\\\/07\\\/logo_ED.jpg\",\"width\":272,\"height\":52,\"caption\":\"El Diario - Decano de la prensa nacional\"},\"image\":{\"@id\":\"https:\\\/\\\/www.eldiario.net\\\/portal\\\/#\\\/schema\\\/logo\\\/image\\\/\"},\"sameAs\":[\"https:\\\/\\\/www.facebook.com\\\/eldiario.bolivia\\\/\",\"https:\\\/\\\/x.com\\\/eldiario_net\"]},{\"@type\":\"Person\",\"@id\":\"https:\\\/\\\/www.eldiario.net\\\/portal\\\/#\\\/schema\\\/person\\\/f46445640444750d7d753ccd04ae01b7\",\"name\":\"Jeanette\",\"image\":{\"@type\":\"ImageObject\",\"inLanguage\":\"es\",\"@id\":\"https:\\\/\\\/secure.gravatar.com\\\/avatar\\\/3ea2118a5f7dad2b7138b1187a6b7ee55f160b9968b66013c3a3ef39dd7e5798?s=96&d=mm&r=g\",\"url\":\"https:\\\/\\\/secure.gravatar.com\\\/avatar\\\/3ea2118a5f7dad2b7138b1187a6b7ee55f160b9968b66013c3a3ef39dd7e5798?s=96&d=mm&r=g\",\"contentUrl\":\"https:\\\/\\\/secure.gravatar.com\\\/avatar\\\/3ea2118a5f7dad2b7138b1187a6b7ee55f160b9968b66013c3a3ef39dd7e5798?s=96&d=mm&r=g\",\"caption\":\"Jeanette\"},\"sameAs\":[\"https:\\\/\\\/www.eldiario.net\\\/portal\"],\"url\":\"https:\\\/\\\/www.eldiario.net\\\/portal\\\/author\\\/jeanette\\\/\"}]}<\/script>\n<!-- \/ Yoast SEO plugin. -->","yoast_head_json":{"title":"Pandemia limita acceso a derechos de refugiados - El Diario - Bolivia","robots":{"index":"index","follow":"follow","max-snippet":"max-snippet:-1","max-image-preview":"max-image-preview:large","max-video-preview":"max-video-preview:-1"},"canonical":"https:\/\/www.eldiario.net\/portal\/2021\/05\/27\/pandemia-limita-acceso-a-derechos-de-refugiados\/","og_locale":"es_ES","og_type":"article","og_title":"Pandemia limita acceso a derechos de refugiados - El Diario - Bolivia","og_description":"La pandemia de Covid-19 perjudica el bienestar y limita el acceso a derechos y servicios vitales de los adultos mayores refugiados en Am\u00e9rica Latina, seg\u00fan alert\u00f3 este mi\u00e9rcoles la Agencia de la ONU para los Refugiados (ACNUR) y HelpAge International. Seg\u00fan una evaluaci\u00f3n llevada a cabo en Colombia, Ecuador, El Salvador, Honduras y Per\u00fa, la [&hellip;]","og_url":"https:\/\/www.eldiario.net\/portal\/2021\/05\/27\/pandemia-limita-acceso-a-derechos-de-refugiados\/","og_site_name":"El Diario - Bolivia","article_publisher":"https:\/\/www.facebook.com\/eldiario.bolivia\/","article_published_time":"2021-05-27T09:59:55+00:00","author":"Jeanette","twitter_card":"summary_large_image","twitter_creator":"@eldiario_net","twitter_site":"@eldiario_net","twitter_misc":{"Escrito por":"Jeanette","Tiempo de lectura":"3 minutos"},"schema":{"@context":"https:\/\/schema.org","@graph":[{"@type":"Article","@id":"https:\/\/www.eldiario.net\/portal\/2021\/05\/27\/pandemia-limita-acceso-a-derechos-de-refugiados\/#article","isPartOf":{"@id":"https:\/\/www.eldiario.net\/portal\/2021\/05\/27\/pandemia-limita-acceso-a-derechos-de-refugiados\/"},"author":{"name":"Jeanette","@id":"https:\/\/www.eldiario.net\/portal\/#\/schema\/person\/f46445640444750d7d753ccd04ae01b7"},"headline":"Pandemia limita acceso a derechos de refugiados","datePublished":"2021-05-27T09:59:55+00:00","mainEntityOfPage":{"@id":"https:\/\/www.eldiario.net\/portal\/2021\/05\/27\/pandemia-limita-acceso-a-derechos-de-refugiados\/"},"wordCount":745,"publisher":{"@id":"https:\/\/www.eldiario.net\/portal\/#organization"},"image":{"@id":"https:\/\/www.eldiario.net\/portal\/2021\/05\/27\/pandemia-limita-acceso-a-derechos-de-refugiados\/#primaryimage"},"thumbnailUrl":"","articleSection":["Internacional"],"inLanguage":"es"},{"@type":"WebPage","@id":"https:\/\/www.eldiario.net\/portal\/2021\/05\/27\/pandemia-limita-acceso-a-derechos-de-refugiados\/","url":"https:\/\/www.eldiario.net\/portal\/2021\/05\/27\/pandemia-limita-acceso-a-derechos-de-refugiados\/","name":"Pandemia limita acceso a derechos de refugiados - El Diario - Bolivia","isPartOf":{"@id":"https:\/\/www.eldiario.net\/portal\/#website"},"primaryImageOfPage":{"@id":"https:\/\/www.eldiario.net\/portal\/2021\/05\/27\/pandemia-limita-acceso-a-derechos-de-refugiados\/#primaryimage"},"image":{"@id":"https:\/\/www.eldiario.net\/portal\/2021\/05\/27\/pandemia-limita-acceso-a-derechos-de-refugiados\/#primaryimage"},"thumbnailUrl":"","datePublished":"2021-05-27T09:59:55+00:00","breadcrumb":{"@id":"https:\/\/www.eldiario.net\/portal\/2021\/05\/27\/pandemia-limita-acceso-a-derechos-de-refugiados\/#breadcrumb"},"inLanguage":"es","potentialAction":[{"@type":"ReadAction","target":["https:\/\/www.eldiario.net\/portal\/2021\/05\/27\/pandemia-limita-acceso-a-derechos-de-refugiados\/"]}]},{"@type":"ImageObject","inLanguage":"es","@id":"https:\/\/www.eldiario.net\/portal\/2021\/05\/27\/pandemia-limita-acceso-a-derechos-de-refugiados\/#primaryimage","url":"","contentUrl":""},{"@type":"BreadcrumbList","@id":"https:\/\/www.eldiario.net\/portal\/2021\/05\/27\/pandemia-limita-acceso-a-derechos-de-refugiados\/#breadcrumb","itemListElement":[{"@type":"ListItem","position":1,"name":"Portada","item":"https:\/\/www.eldiario.net\/portal\/"},{"@type":"ListItem","position":2,"name":"Pandemia limita acceso a derechos de refugiados"}]},{"@type":"WebSite","@id":"https:\/\/www.eldiario.net\/portal\/#website","url":"https:\/\/www.eldiario.net\/portal\/","name":"El Diario - Decano de la prensa nacional","description":"El Diario - Decano de la prensa nacional","publisher":{"@id":"https:\/\/www.eldiario.net\/portal\/#organization"},"potentialAction":[{"@type":"SearchAction","target":{"@type":"EntryPoint","urlTemplate":"https:\/\/www.eldiario.net\/portal\/?s={search_term_string}"},"query-input":{"@type":"PropertyValueSpecification","valueRequired":true,"valueName":"search_term_string"}}],"inLanguage":"es"},{"@type":"Organization","@id":"https:\/\/www.eldiario.net\/portal\/#organization","name":"El Diario - Decano de la prensa nacional","url":"https:\/\/www.eldiario.net\/portal\/","logo":{"@type":"ImageObject","inLanguage":"es","@id":"https:\/\/www.eldiario.net\/portal\/#\/schema\/logo\/image\/","url":"https:\/\/www.eldiario.net\/portal\/wp-content\/uploads\/2023\/07\/logo_ED.jpg","contentUrl":"https:\/\/www.eldiario.net\/portal\/wp-content\/uploads\/2023\/07\/logo_ED.jpg","width":272,"height":52,"caption":"El Diario - Decano de la prensa nacional"},"image":{"@id":"https:\/\/www.eldiario.net\/portal\/#\/schema\/logo\/image\/"},"sameAs":["https:\/\/www.facebook.com\/eldiario.bolivia\/","https:\/\/x.com\/eldiario_net"]},{"@type":"Person","@id":"https:\/\/www.eldiario.net\/portal\/#\/schema\/person\/f46445640444750d7d753ccd04ae01b7","name":"Jeanette","image":{"@type":"ImageObject","inLanguage":"es","@id":"https:\/\/secure.gravatar.com\/avatar\/3ea2118a5f7dad2b7138b1187a6b7ee55f160b9968b66013c3a3ef39dd7e5798?s=96&d=mm&r=g","url":"https:\/\/secure.gravatar.com\/avatar\/3ea2118a5f7dad2b7138b1187a6b7ee55f160b9968b66013c3a3ef39dd7e5798?s=96&d=mm&r=g","contentUrl":"https:\/\/secure.gravatar.com\/avatar\/3ea2118a5f7dad2b7138b1187a6b7ee55f160b9968b66013c3a3ef39dd7e5798?s=96&d=mm&r=g","caption":"Jeanette"},"sameAs":["https:\/\/www.eldiario.net\/portal"],"url":"https:\/\/www.eldiario.net\/portal\/author\/jeanette\/"}]}},"_links":{"self":[{"href":"https:\/\/www.eldiario.net\/portal\/wp-json\/wp\/v2\/posts\/6602","targetHints":{"allow":["GET"]}}],"collection":[{"href":"https:\/\/www.eldiario.net\/portal\/wp-json\/wp\/v2\/posts"}],"about":[{"href":"https:\/\/www.eldiario.net\/portal\/wp-json\/wp\/v2\/types\/post"}],"author":[{"embeddable":true,"href":"https:\/\/www.eldiario.net\/portal\/wp-json\/wp\/v2\/users\/1"}],"replies":[{"embeddable":true,"href":"https:\/\/www.eldiario.net\/portal\/wp-json\/wp\/v2\/comments?post=6602"}],"version-history":[{"count":0,"href":"https:\/\/www.eldiario.net\/portal\/wp-json\/wp\/v2\/posts\/6602\/revisions"}],"wp:attachment":[{"href":"https:\/\/www.eldiario.net\/portal\/wp-json\/wp\/v2\/media?parent=6602"}],"wp:term":[{"taxonomy":"category","embeddable":true,"href":"https:\/\/www.eldiario.net\/portal\/wp-json\/wp\/v2\/categories?post=6602"},{"taxonomy":"post_tag","embeddable":true,"href":"https:\/\/www.eldiario.net\/portal\/wp-json\/wp\/v2\/tags?post=6602"}],"curies":[{"name":"wp","href":"https:\/\/api.w.org\/{rel}","templated":true}]}}