{"id":6599,"date":"2021-05-27T05:58:36","date_gmt":"2021-05-27T09:58:36","guid":{"rendered":"https:\/\/www.eldiario.net\/portal\/?p=6599"},"modified":"2021-05-27T05:58:36","modified_gmt":"2021-05-27T09:58:36","slug":"persisten-protestas-por-ayuda-economica-y-cambio-social","status":"publish","type":"post","link":"https:\/\/www.eldiario.net\/portal\/2021\/05\/27\/persisten-protestas-por-ayuda-economica-y-cambio-social\/","title":{"rendered":"Persisten protestas por ayuda  econ\u00f3mica y cambio social"},"content":{"rendered":"<p>Bogot\u00e1.- Sindicatos y grupos de estudiantes marcharon este mi\u00e9rcoles en las capitales de los 32 departamentos de Colombia para exigir al Gobierno apoyo econ\u00f3mico a los pobres y otras medidas sociales, en una nueva jornada de las protestas generalizadas que completan casi un mes.<\/p>\n<p>Las protestas, que comenzaron a finales de abril, presionaron al Gobierno y al Congreso a archivar una reforma fiscal para subir los impuestos y otra a la salud, mientras que provocaron la renuncia del anterior ministro de Hacienda.<\/p>\n<p>Pero los manifestantes continuaron las protestas y ampliaron sus demandas para incluir una renta b\u00e1sica para las familias pobres, educaci\u00f3n y empleo para los j\u00f3venes, as\u00ed como el fin de la violencia policial, incluyendo la eliminaci\u00f3n del Escuadr\u00f3n M\u00f3vil Antidisturbios (ESMAD).<\/p>\n<p>En las protestas del mi\u00e9rcoles los manifestantes exigieron avances en lo que el Comit\u00e9 Nacional de Paro, conformado por sindicatos, grupos de estudiantes y otras organizaciones sociales, denomina un pliego nacional de emergencia.<\/p>\n<p>Las demandas incluyen el fortalecimiento de los derechos de las mujeres, una moratoria en el pago de hipotecas y servicios p\u00fablicos durante cuatro meses y la derogaci\u00f3n de las medidas de emergencia que, seg\u00fan los l\u00edderes de la protesta, han empeorado las condiciones de trabajo durante la pandemia.<\/p>\n<p>El empleado bancario Eduard Barrag\u00e1n, de 29 a\u00f1os, vio a un peque\u00f1o grupo de manifestantes marchar en el centro de Bogot\u00e1. Aunque no se uni\u00f3 a las protestas del mi\u00e9rcoles, dijo que apoya las manifestaciones y que previamente particip\u00f3 en tres.<\/p>\n<p>\u00abLa verdad es que la protesta afecta, pero es preferible parar uno, dos, tres meses, a seguir toda la vida igual con tanta corrupci\u00f3n, sin el apoyo del Estado\u00bb, afirm\u00f3.<\/p>\n<p>La petrolera estatal Ecopetrol dijo que no espera que las protestas afecten su plan de inversiones para el a\u00f1o, aunque no pudo predecir cu\u00e1nto tiempo durar\u00e1n.<\/p>\n<p>Ecopetrol denunci\u00f3 este mi\u00e9rcoles bloqueos que imped\u00edan el acceso de los trabajadores a la refiner\u00eda de Barrancabermeja, la m\u00e1s importante del pa\u00eds, que seg\u00fan dijo contaban con el apoyo del principal sindicato de trabajadores petroleros que respaldan las protestas, y advirti\u00f3 que la situaci\u00f3n pone en riesgo el abastecimiento normal de combustibles.<\/p>\n<p>La violencia ha marcado las manifestaciones de las \u00faltimas cuatro semanas con saqueos de establecimientos comerciales, actos de vandalismo contra bienes p\u00fablicos y privados, adem\u00e1s de enfrentamientos entre grupos de encapuchados y la polic\u00eda.<\/p>\n<p>El Gobierno asegura que s\u00f3lo 17 muertes de civiles est\u00e1n directamente relacionadas con las protestas, mientras que grupos de derechos humanos afirman que la cifra es superior. Dos polic\u00edas tambi\u00e9n fallecieron.<\/p>\n<p>M\u00e1s de una semana de conversaciones entre el Gobierno y los l\u00edderes de la protesta dieron como resultado acuerdos previos a \u00faltima hora del lunes, que ahora est\u00e1n siendo revisados por las partes. Una vez sean aprobados se espera el inicio de una negociaci\u00f3n. (Reuters)<\/p>\n","protected":false},"excerpt":{"rendered":"<p>Bogot\u00e1.- Sindicatos y grupos de estudiantes marcharon este mi\u00e9rcoles en las capitales de los 32 departamentos de Colombia para exigir al Gobierno apoyo econ\u00f3mico a los pobres y otras medidas sociales, en una nueva jornada de las protestas generalizadas que completan casi un mes. Las protestas, que comenzaron a finales de abril, presionaron al Gobierno [&hellip;]<\/p>\n","protected":false},"author":1,"featured_media":6600,"comment_status":"closed","ping_status":"closed","sticky":false,"template":"","format":"standard","meta":{"_acf_changed":false,"footnotes":""},"categories":[3],"tags":[],"class_list":["post-6599","post","type-post","status-publish","format-standard","has-post-thumbnail","category-internacional"],"acf":{"antetitulo":""},"yoast_head":"<!-- This site is optimized with the Yoast SEO plugin v28.3 - https:\/\/yoast.com\/product\/yoast-seo-wordpress\/ -->\n<title>Persisten protestas por ayuda econ\u00f3mica y cambio social - El Diario - Bolivia<\/title>\n<meta name=\"robots\" content=\"index, follow, max-snippet:-1, max-image-preview:large, max-video-preview:-1\" \/>\n<link rel=\"canonical\" href=\"https:\/\/www.eldiario.net\/portal\/2021\/05\/27\/persisten-protestas-por-ayuda-economica-y-cambio-social\/\" \/>\n<meta property=\"og:locale\" content=\"es_ES\" \/>\n<meta property=\"og:type\" content=\"article\" \/>\n<meta property=\"og:title\" content=\"Persisten protestas por ayuda econ\u00f3mica y cambio social - El Diario - Bolivia\" \/>\n<meta property=\"og:description\" content=\"Bogot\u00e1.- Sindicatos y grupos de estudiantes marcharon este mi\u00e9rcoles en las capitales de los 32 departamentos de Colombia para exigir al Gobierno apoyo econ\u00f3mico a los pobres y otras medidas sociales, en una nueva jornada de las protestas generalizadas que completan casi un mes. Las protestas, que comenzaron a finales de abril, presionaron al Gobierno [&hellip;]\" \/>\n<meta property=\"og:url\" content=\"https:\/\/www.eldiario.net\/portal\/2021\/05\/27\/persisten-protestas-por-ayuda-economica-y-cambio-social\/\" \/>\n<meta property=\"og:site_name\" content=\"El Diario - Bolivia\" \/>\n<meta property=\"article:publisher\" content=\"https:\/\/www.facebook.com\/eldiario.bolivia\/\" \/>\n<meta property=\"article:published_time\" content=\"2021-05-27T09:58:36+00:00\" \/>\n<meta name=\"author\" content=\"Jeanette\" \/>\n<meta name=\"twitter:card\" content=\"summary_large_image\" \/>\n<meta name=\"twitter:creator\" content=\"@eldiario_net\" \/>\n<meta name=\"twitter:site\" content=\"@eldiario_net\" \/>\n<meta name=\"twitter:label1\" content=\"Escrito por\" \/>\n\t<meta name=\"twitter:data1\" content=\"Jeanette\" \/>\n\t<meta name=\"twitter:label2\" content=\"Tiempo de lectura\" \/>\n\t<meta name=\"twitter:data2\" content=\"3 minutos\" \/>\n<script type=\"application\/ld+json\" class=\"yoast-schema-graph\">{\"@context\":\"https:\\\/\\\/schema.org\",\"@graph\":[{\"@type\":\"Article\",\"@id\":\"https:\\\/\\\/www.eldiario.net\\\/portal\\\/2021\\\/05\\\/27\\\/persisten-protestas-por-ayuda-economica-y-cambio-social\\\/#article\",\"isPartOf\":{\"@id\":\"https:\\\/\\\/www.eldiario.net\\\/portal\\\/2021\\\/05\\\/27\\\/persisten-protestas-por-ayuda-economica-y-cambio-social\\\/\"},\"author\":{\"name\":\"Jeanette\",\"@id\":\"https:\\\/\\\/www.eldiario.net\\\/portal\\\/#\\\/schema\\\/person\\\/f46445640444750d7d753ccd04ae01b7\"},\"headline\":\"Persisten protestas por ayuda econ\u00f3mica y cambio social\",\"datePublished\":\"2021-05-27T09:58:36+00:00\",\"mainEntityOfPage\":{\"@id\":\"https:\\\/\\\/www.eldiario.net\\\/portal\\\/2021\\\/05\\\/27\\\/persisten-protestas-por-ayuda-economica-y-cambio-social\\\/\"},\"wordCount\":509,\"publisher\":{\"@id\":\"https:\\\/\\\/www.eldiario.net\\\/portal\\\/#organization\"},\"image\":{\"@id\":\"https:\\\/\\\/www.eldiario.net\\\/portal\\\/2021\\\/05\\\/27\\\/persisten-protestas-por-ayuda-economica-y-cambio-social\\\/#primaryimage\"},\"thumbnailUrl\":\"\",\"articleSection\":[\"Internacional\"],\"inLanguage\":\"es\"},{\"@type\":\"WebPage\",\"@id\":\"https:\\\/\\\/www.eldiario.net\\\/portal\\\/2021\\\/05\\\/27\\\/persisten-protestas-por-ayuda-economica-y-cambio-social\\\/\",\"url\":\"https:\\\/\\\/www.eldiario.net\\\/portal\\\/2021\\\/05\\\/27\\\/persisten-protestas-por-ayuda-economica-y-cambio-social\\\/\",\"name\":\"Persisten protestas por ayuda econ\u00f3mica y cambio social - El Diario - Bolivia\",\"isPartOf\":{\"@id\":\"https:\\\/\\\/www.eldiario.net\\\/portal\\\/#website\"},\"primaryImageOfPage\":{\"@id\":\"https:\\\/\\\/www.eldiario.net\\\/portal\\\/2021\\\/05\\\/27\\\/persisten-protestas-por-ayuda-economica-y-cambio-social\\\/#primaryimage\"},\"image\":{\"@id\":\"https:\\\/\\\/www.eldiario.net\\\/portal\\\/2021\\\/05\\\/27\\\/persisten-protestas-por-ayuda-economica-y-cambio-social\\\/#primaryimage\"},\"thumbnailUrl\":\"\",\"datePublished\":\"2021-05-27T09:58:36+00:00\",\"breadcrumb\":{\"@id\":\"https:\\\/\\\/www.eldiario.net\\\/portal\\\/2021\\\/05\\\/27\\\/persisten-protestas-por-ayuda-economica-y-cambio-social\\\/#breadcrumb\"},\"inLanguage\":\"es\",\"potentialAction\":[{\"@type\":\"ReadAction\",\"target\":[\"https:\\\/\\\/www.eldiario.net\\\/portal\\\/2021\\\/05\\\/27\\\/persisten-protestas-por-ayuda-economica-y-cambio-social\\\/\"]}]},{\"@type\":\"ImageObject\",\"inLanguage\":\"es\",\"@id\":\"https:\\\/\\\/www.eldiario.net\\\/portal\\\/2021\\\/05\\\/27\\\/persisten-protestas-por-ayuda-economica-y-cambio-social\\\/#primaryimage\",\"url\":\"\",\"contentUrl\":\"\"},{\"@type\":\"BreadcrumbList\",\"@id\":\"https:\\\/\\\/www.eldiario.net\\\/portal\\\/2021\\\/05\\\/27\\\/persisten-protestas-por-ayuda-economica-y-cambio-social\\\/#breadcrumb\",\"itemListElement\":[{\"@type\":\"ListItem\",\"position\":1,\"name\":\"Portada\",\"item\":\"https:\\\/\\\/www.eldiario.net\\\/portal\\\/\"},{\"@type\":\"ListItem\",\"position\":2,\"name\":\"Persisten protestas por ayuda econ\u00f3mica y cambio social\"}]},{\"@type\":\"WebSite\",\"@id\":\"https:\\\/\\\/www.eldiario.net\\\/portal\\\/#website\",\"url\":\"https:\\\/\\\/www.eldiario.net\\\/portal\\\/\",\"name\":\"El Diario - Decano de la prensa nacional\",\"description\":\"El Diario - Decano de la prensa nacional\",\"publisher\":{\"@id\":\"https:\\\/\\\/www.eldiario.net\\\/portal\\\/#organization\"},\"potentialAction\":[{\"@type\":\"SearchAction\",\"target\":{\"@type\":\"EntryPoint\",\"urlTemplate\":\"https:\\\/\\\/www.eldiario.net\\\/portal\\\/?s={search_term_string}\"},\"query-input\":{\"@type\":\"PropertyValueSpecification\",\"valueRequired\":true,\"valueName\":\"search_term_string\"}}],\"inLanguage\":\"es\"},{\"@type\":\"Organization\",\"@id\":\"https:\\\/\\\/www.eldiario.net\\\/portal\\\/#organization\",\"name\":\"El Diario - Decano de la prensa nacional\",\"url\":\"https:\\\/\\\/www.eldiario.net\\\/portal\\\/\",\"logo\":{\"@type\":\"ImageObject\",\"inLanguage\":\"es\",\"@id\":\"https:\\\/\\\/www.eldiario.net\\\/portal\\\/#\\\/schema\\\/logo\\\/image\\\/\",\"url\":\"https:\\\/\\\/www.eldiario.net\\\/portal\\\/wp-content\\\/uploads\\\/2023\\\/07\\\/logo_ED.jpg\",\"contentUrl\":\"https:\\\/\\\/www.eldiario.net\\\/portal\\\/wp-content\\\/uploads\\\/2023\\\/07\\\/logo_ED.jpg\",\"width\":272,\"height\":52,\"caption\":\"El Diario - Decano de la prensa nacional\"},\"image\":{\"@id\":\"https:\\\/\\\/www.eldiario.net\\\/portal\\\/#\\\/schema\\\/logo\\\/image\\\/\"},\"sameAs\":[\"https:\\\/\\\/www.facebook.com\\\/eldiario.bolivia\\\/\",\"https:\\\/\\\/x.com\\\/eldiario_net\"]},{\"@type\":\"Person\",\"@id\":\"https:\\\/\\\/www.eldiario.net\\\/portal\\\/#\\\/schema\\\/person\\\/f46445640444750d7d753ccd04ae01b7\",\"name\":\"Jeanette\",\"image\":{\"@type\":\"ImageObject\",\"inLanguage\":\"es\",\"@id\":\"https:\\\/\\\/secure.gravatar.com\\\/avatar\\\/3ea2118a5f7dad2b7138b1187a6b7ee55f160b9968b66013c3a3ef39dd7e5798?s=96&d=mm&r=g\",\"url\":\"https:\\\/\\\/secure.gravatar.com\\\/avatar\\\/3ea2118a5f7dad2b7138b1187a6b7ee55f160b9968b66013c3a3ef39dd7e5798?s=96&d=mm&r=g\",\"contentUrl\":\"https:\\\/\\\/secure.gravatar.com\\\/avatar\\\/3ea2118a5f7dad2b7138b1187a6b7ee55f160b9968b66013c3a3ef39dd7e5798?s=96&d=mm&r=g\",\"caption\":\"Jeanette\"},\"sameAs\":[\"https:\\\/\\\/www.eldiario.net\\\/portal\"],\"url\":\"https:\\\/\\\/www.eldiario.net\\\/portal\\\/author\\\/jeanette\\\/\"}]}<\/script>\n<!-- \/ Yoast SEO plugin. -->","yoast_head_json":{"title":"Persisten protestas por ayuda econ\u00f3mica y cambio social - El Diario - Bolivia","robots":{"index":"index","follow":"follow","max-snippet":"max-snippet:-1","max-image-preview":"max-image-preview:large","max-video-preview":"max-video-preview:-1"},"canonical":"https:\/\/www.eldiario.net\/portal\/2021\/05\/27\/persisten-protestas-por-ayuda-economica-y-cambio-social\/","og_locale":"es_ES","og_type":"article","og_title":"Persisten protestas por ayuda econ\u00f3mica y cambio social - El Diario - Bolivia","og_description":"Bogot\u00e1.- Sindicatos y grupos de estudiantes marcharon este mi\u00e9rcoles en las capitales de los 32 departamentos de Colombia para exigir al Gobierno apoyo econ\u00f3mico a los pobres y otras medidas sociales, en una nueva jornada de las protestas generalizadas que completan casi un mes. Las protestas, que comenzaron a finales de abril, presionaron al Gobierno [&hellip;]","og_url":"https:\/\/www.eldiario.net\/portal\/2021\/05\/27\/persisten-protestas-por-ayuda-economica-y-cambio-social\/","og_site_name":"El Diario - Bolivia","article_publisher":"https:\/\/www.facebook.com\/eldiario.bolivia\/","article_published_time":"2021-05-27T09:58:36+00:00","author":"Jeanette","twitter_card":"summary_large_image","twitter_creator":"@eldiario_net","twitter_site":"@eldiario_net","twitter_misc":{"Escrito por":"Jeanette","Tiempo de lectura":"3 minutos"},"schema":{"@context":"https:\/\/schema.org","@graph":[{"@type":"Article","@id":"https:\/\/www.eldiario.net\/portal\/2021\/05\/27\/persisten-protestas-por-ayuda-economica-y-cambio-social\/#article","isPartOf":{"@id":"https:\/\/www.eldiario.net\/portal\/2021\/05\/27\/persisten-protestas-por-ayuda-economica-y-cambio-social\/"},"author":{"name":"Jeanette","@id":"https:\/\/www.eldiario.net\/portal\/#\/schema\/person\/f46445640444750d7d753ccd04ae01b7"},"headline":"Persisten protestas por ayuda econ\u00f3mica y cambio social","datePublished":"2021-05-27T09:58:36+00:00","mainEntityOfPage":{"@id":"https:\/\/www.eldiario.net\/portal\/2021\/05\/27\/persisten-protestas-por-ayuda-economica-y-cambio-social\/"},"wordCount":509,"publisher":{"@id":"https:\/\/www.eldiario.net\/portal\/#organization"},"image":{"@id":"https:\/\/www.eldiario.net\/portal\/2021\/05\/27\/persisten-protestas-por-ayuda-economica-y-cambio-social\/#primaryimage"},"thumbnailUrl":"","articleSection":["Internacional"],"inLanguage":"es"},{"@type":"WebPage","@id":"https:\/\/www.eldiario.net\/portal\/2021\/05\/27\/persisten-protestas-por-ayuda-economica-y-cambio-social\/","url":"https:\/\/www.eldiario.net\/portal\/2021\/05\/27\/persisten-protestas-por-ayuda-economica-y-cambio-social\/","name":"Persisten protestas por ayuda econ\u00f3mica y cambio social - El Diario - Bolivia","isPartOf":{"@id":"https:\/\/www.eldiario.net\/portal\/#website"},"primaryImageOfPage":{"@id":"https:\/\/www.eldiario.net\/portal\/2021\/05\/27\/persisten-protestas-por-ayuda-economica-y-cambio-social\/#primaryimage"},"image":{"@id":"https:\/\/www.eldiario.net\/portal\/2021\/05\/27\/persisten-protestas-por-ayuda-economica-y-cambio-social\/#primaryimage"},"thumbnailUrl":"","datePublished":"2021-05-27T09:58:36+00:00","breadcrumb":{"@id":"https:\/\/www.eldiario.net\/portal\/2021\/05\/27\/persisten-protestas-por-ayuda-economica-y-cambio-social\/#breadcrumb"},"inLanguage":"es","potentialAction":[{"@type":"ReadAction","target":["https:\/\/www.eldiario.net\/portal\/2021\/05\/27\/persisten-protestas-por-ayuda-economica-y-cambio-social\/"]}]},{"@type":"ImageObject","inLanguage":"es","@id":"https:\/\/www.eldiario.net\/portal\/2021\/05\/27\/persisten-protestas-por-ayuda-economica-y-cambio-social\/#primaryimage","url":"","contentUrl":""},{"@type":"BreadcrumbList","@id":"https:\/\/www.eldiario.net\/portal\/2021\/05\/27\/persisten-protestas-por-ayuda-economica-y-cambio-social\/#breadcrumb","itemListElement":[{"@type":"ListItem","position":1,"name":"Portada","item":"https:\/\/www.eldiario.net\/portal\/"},{"@type":"ListItem","position":2,"name":"Persisten protestas por ayuda econ\u00f3mica y cambio social"}]},{"@type":"WebSite","@id":"https:\/\/www.eldiario.net\/portal\/#website","url":"https:\/\/www.eldiario.net\/portal\/","name":"El Diario - Decano de la prensa nacional","description":"El Diario - Decano de la prensa nacional","publisher":{"@id":"https:\/\/www.eldiario.net\/portal\/#organization"},"potentialAction":[{"@type":"SearchAction","target":{"@type":"EntryPoint","urlTemplate":"https:\/\/www.eldiario.net\/portal\/?s={search_term_string}"},"query-input":{"@type":"PropertyValueSpecification","valueRequired":true,"valueName":"search_term_string"}}],"inLanguage":"es"},{"@type":"Organization","@id":"https:\/\/www.eldiario.net\/portal\/#organization","name":"El Diario - Decano de la prensa nacional","url":"https:\/\/www.eldiario.net\/portal\/","logo":{"@type":"ImageObject","inLanguage":"es","@id":"https:\/\/www.eldiario.net\/portal\/#\/schema\/logo\/image\/","url":"https:\/\/www.eldiario.net\/portal\/wp-content\/uploads\/2023\/07\/logo_ED.jpg","contentUrl":"https:\/\/www.eldiario.net\/portal\/wp-content\/uploads\/2023\/07\/logo_ED.jpg","width":272,"height":52,"caption":"El Diario - Decano de la prensa nacional"},"image":{"@id":"https:\/\/www.eldiario.net\/portal\/#\/schema\/logo\/image\/"},"sameAs":["https:\/\/www.facebook.com\/eldiario.bolivia\/","https:\/\/x.com\/eldiario_net"]},{"@type":"Person","@id":"https:\/\/www.eldiario.net\/portal\/#\/schema\/person\/f46445640444750d7d753ccd04ae01b7","name":"Jeanette","image":{"@type":"ImageObject","inLanguage":"es","@id":"https:\/\/secure.gravatar.com\/avatar\/3ea2118a5f7dad2b7138b1187a6b7ee55f160b9968b66013c3a3ef39dd7e5798?s=96&d=mm&r=g","url":"https:\/\/secure.gravatar.com\/avatar\/3ea2118a5f7dad2b7138b1187a6b7ee55f160b9968b66013c3a3ef39dd7e5798?s=96&d=mm&r=g","contentUrl":"https:\/\/secure.gravatar.com\/avatar\/3ea2118a5f7dad2b7138b1187a6b7ee55f160b9968b66013c3a3ef39dd7e5798?s=96&d=mm&r=g","caption":"Jeanette"},"sameAs":["https:\/\/www.eldiario.net\/portal"],"url":"https:\/\/www.eldiario.net\/portal\/author\/jeanette\/"}]}},"_links":{"self":[{"href":"https:\/\/www.eldiario.net\/portal\/wp-json\/wp\/v2\/posts\/6599","targetHints":{"allow":["GET"]}}],"collection":[{"href":"https:\/\/www.eldiario.net\/portal\/wp-json\/wp\/v2\/posts"}],"about":[{"href":"https:\/\/www.eldiario.net\/portal\/wp-json\/wp\/v2\/types\/post"}],"author":[{"embeddable":true,"href":"https:\/\/www.eldiario.net\/portal\/wp-json\/wp\/v2\/users\/1"}],"replies":[{"embeddable":true,"href":"https:\/\/www.eldiario.net\/portal\/wp-json\/wp\/v2\/comments?post=6599"}],"version-history":[{"count":0,"href":"https:\/\/www.eldiario.net\/portal\/wp-json\/wp\/v2\/posts\/6599\/revisions"}],"wp:attachment":[{"href":"https:\/\/www.eldiario.net\/portal\/wp-json\/wp\/v2\/media?parent=6599"}],"wp:term":[{"taxonomy":"category","embeddable":true,"href":"https:\/\/www.eldiario.net\/portal\/wp-json\/wp\/v2\/categories?post=6599"},{"taxonomy":"post_tag","embeddable":true,"href":"https:\/\/www.eldiario.net\/portal\/wp-json\/wp\/v2\/tags?post=6599"}],"curies":[{"name":"wp","href":"https:\/\/api.w.org\/{rel}","templated":true}]}}