{"id":6593,"date":"2021-05-27T05:56:21","date_gmt":"2021-05-27T09:56:21","guid":{"rendered":"https:\/\/www.eldiario.net\/portal\/?p=6593"},"modified":"2021-05-27T05:56:21","modified_gmt":"2021-05-27T09:56:21","slug":"piden-aplicar-medidas-sanitarias-en-visita-al-cementerio-general","status":"publish","type":"post","link":"https:\/\/www.eldiario.net\/portal\/2021\/05\/27\/piden-aplicar-medidas-sanitarias-en-visita-al-cementerio-general\/","title":{"rendered":"Piden aplicar medidas sanitarias en visita al Cementerio General"},"content":{"rendered":"<p>La Alcald\u00eda de La Paz present\u00f3 un plan de apertura al p\u00fablico del Cementerio General para este 27 de mayo, D\u00eda de la Madre, el que incluye acciones de cuidado sanitario contra el Covid-19, en plena tercera ola.<\/p>\n<p>El objetivo es que la participaci\u00f3n de las personas tenga un fin: evitar la propagaci\u00f3n de Covid-19\u201d, inform\u00f3 el secretario Municipal de Desarrollo Econ\u00f3mico, Marco Agramont.<\/p>\n<p>\u201cEn la anterior gesti\u00f3n estaba cerrado el Cementerio General y las personas no pudieron ingresar al mismo. Sin embargo, este a\u00f1o hemos establecido un plan para que puedan visitar las personas a sus seres queridos\u201d, asever\u00f3.<\/p>\n<p>Explic\u00f3 que este plan permitir\u00e1 regular a 100.000 visitantes con el respectivo control del cumplimiento de las medidas de bioseguridad. Anunci\u00f3 que se restringir\u00e1 el ingreso de cualquier tipo de alimentos, habr\u00e1 control del comercio en v\u00eda p\u00fablica y los exteriores del camposanto. Adem\u00e1s, dijo que se evitar\u00e1 que haya consumo y expendio de bebidas alcoh\u00f3licas.<\/p>\n<p>Agramont adelant\u00f3 que habr\u00e1 regulaci\u00f3n del tr\u00e1fico vehicular en v\u00edas aleda\u00f1as y el personal municipal se encargar\u00e1 de mantener limpios los espacios de la necr\u00f3polis. Es esta l\u00ednea del plan, dijo que tambi\u00e9n se garantizar\u00e1 el alquiler de escaleras \u201clibre de riesgos\u201d, se evitar\u00e1 aglomeraciones. Dijo que se garantizar\u00e1n las inhumaciones y cremaciones por coronavirus.<\/p>\n<p>La autoridad municipal explic\u00f3 que el ingreso al camposanto, para este 27 de mayo, ser\u00e1 sin restricci\u00f3n de la c\u00e9dula de identidad, desde las 07:30 hasta 16:30 horas y el retiro de los visitantes terminar\u00e1 una hora despu\u00e9s.<\/p>\n<p>Este plan prev\u00e9 que las puertas uno y cuatro sean habilitadas para el ingreso, y, en tanto, la ocho y dos ser\u00e1n de salida; y, la cinco y la nueve ser\u00e1n para ingresos y salidas.<\/p>\n<p>Agramont insisti\u00f3 en que se debe respetar la distancia f\u00edsica de un metro y medio entre las personas que asistan al camposanto, adem\u00e1s que ser\u00e1 obligatorio el uso del barbijo y como opci\u00f3n adicional, la mascarilla; precis\u00f3 que la permanencia dentro del cementerio ser\u00e1 de 45 minutos.<\/p>\n<p>\u201cEst\u00e1 prohibido el ingreso de personas sin barbijo y las medidas de bioseguridad, y recomendamos cumplir el distanciamiento social, evitando las aglomeraciones\u201d, se\u00f1al\u00f3 el funcionario municipal.<\/p>\n<p>&nbsp;<\/p>\n","protected":false},"excerpt":{"rendered":"<p>La Alcald\u00eda de La Paz present\u00f3 un plan de apertura al p\u00fablico del Cementerio General para este 27 de mayo, D\u00eda de la Madre, el que incluye acciones de cuidado sanitario contra el Covid-19, en plena tercera ola. El objetivo es que la participaci\u00f3n de las personas tenga un fin: evitar la propagaci\u00f3n de Covid-19\u201d, [&hellip;]<\/p>\n","protected":false},"author":1,"featured_media":6594,"comment_status":"closed","ping_status":"closed","sticky":false,"template":"","format":"standard","meta":{"_acf_changed":false,"footnotes":""},"categories":[12],"tags":[],"class_list":["post-6593","post","type-post","status-publish","format-standard","has-post-thumbnail","category-nacional"],"acf":{"antetitulo":""},"yoast_head":"<!-- This site is optimized with the Yoast SEO plugin v28.3 - https:\/\/yoast.com\/product\/yoast-seo-wordpress\/ -->\n<title>Piden aplicar medidas sanitarias en visita al Cementerio General - El Diario - Bolivia<\/title>\n<meta name=\"robots\" content=\"index, follow, max-snippet:-1, max-image-preview:large, max-video-preview:-1\" \/>\n<link rel=\"canonical\" href=\"https:\/\/www.eldiario.net\/portal\/2021\/05\/27\/piden-aplicar-medidas-sanitarias-en-visita-al-cementerio-general\/\" \/>\n<meta property=\"og:locale\" content=\"es_ES\" \/>\n<meta property=\"og:type\" content=\"article\" \/>\n<meta property=\"og:title\" content=\"Piden aplicar medidas sanitarias en visita al Cementerio General - El Diario - Bolivia\" \/>\n<meta property=\"og:description\" content=\"La Alcald\u00eda de La Paz present\u00f3 un plan de apertura al p\u00fablico del Cementerio General para este 27 de mayo, D\u00eda de la Madre, el que incluye acciones de cuidado sanitario contra el Covid-19, en plena tercera ola. El objetivo es que la participaci\u00f3n de las personas tenga un fin: evitar la propagaci\u00f3n de Covid-19\u201d, [&hellip;]\" \/>\n<meta property=\"og:url\" content=\"https:\/\/www.eldiario.net\/portal\/2021\/05\/27\/piden-aplicar-medidas-sanitarias-en-visita-al-cementerio-general\/\" \/>\n<meta property=\"og:site_name\" content=\"El Diario - Bolivia\" \/>\n<meta property=\"article:publisher\" content=\"https:\/\/www.facebook.com\/eldiario.bolivia\/\" \/>\n<meta property=\"article:published_time\" content=\"2021-05-27T09:56:21+00:00\" \/>\n<meta name=\"author\" content=\"Jeanette\" \/>\n<meta name=\"twitter:card\" content=\"summary_large_image\" \/>\n<meta name=\"twitter:creator\" content=\"@eldiario_net\" \/>\n<meta name=\"twitter:site\" content=\"@eldiario_net\" \/>\n<meta name=\"twitter:label1\" content=\"Escrito por\" \/>\n\t<meta name=\"twitter:data1\" content=\"Jeanette\" \/>\n\t<meta name=\"twitter:label2\" content=\"Tiempo de lectura\" \/>\n\t<meta name=\"twitter:data2\" content=\"2 minutos\" \/>\n<script type=\"application\/ld+json\" class=\"yoast-schema-graph\">{\"@context\":\"https:\\\/\\\/schema.org\",\"@graph\":[{\"@type\":\"Article\",\"@id\":\"https:\\\/\\\/www.eldiario.net\\\/portal\\\/2021\\\/05\\\/27\\\/piden-aplicar-medidas-sanitarias-en-visita-al-cementerio-general\\\/#article\",\"isPartOf\":{\"@id\":\"https:\\\/\\\/www.eldiario.net\\\/portal\\\/2021\\\/05\\\/27\\\/piden-aplicar-medidas-sanitarias-en-visita-al-cementerio-general\\\/\"},\"author\":{\"name\":\"Jeanette\",\"@id\":\"https:\\\/\\\/www.eldiario.net\\\/portal\\\/#\\\/schema\\\/person\\\/f46445640444750d7d753ccd04ae01b7\"},\"headline\":\"Piden aplicar medidas sanitarias en visita al Cementerio General\",\"datePublished\":\"2021-05-27T09:56:21+00:00\",\"mainEntityOfPage\":{\"@id\":\"https:\\\/\\\/www.eldiario.net\\\/portal\\\/2021\\\/05\\\/27\\\/piden-aplicar-medidas-sanitarias-en-visita-al-cementerio-general\\\/\"},\"wordCount\":390,\"publisher\":{\"@id\":\"https:\\\/\\\/www.eldiario.net\\\/portal\\\/#organization\"},\"image\":{\"@id\":\"https:\\\/\\\/www.eldiario.net\\\/portal\\\/2021\\\/05\\\/27\\\/piden-aplicar-medidas-sanitarias-en-visita-al-cementerio-general\\\/#primaryimage\"},\"thumbnailUrl\":\"\",\"articleSection\":[\"Nacional\"],\"inLanguage\":\"es\"},{\"@type\":\"WebPage\",\"@id\":\"https:\\\/\\\/www.eldiario.net\\\/portal\\\/2021\\\/05\\\/27\\\/piden-aplicar-medidas-sanitarias-en-visita-al-cementerio-general\\\/\",\"url\":\"https:\\\/\\\/www.eldiario.net\\\/portal\\\/2021\\\/05\\\/27\\\/piden-aplicar-medidas-sanitarias-en-visita-al-cementerio-general\\\/\",\"name\":\"Piden aplicar medidas sanitarias en visita al Cementerio General - El Diario - Bolivia\",\"isPartOf\":{\"@id\":\"https:\\\/\\\/www.eldiario.net\\\/portal\\\/#website\"},\"primaryImageOfPage\":{\"@id\":\"https:\\\/\\\/www.eldiario.net\\\/portal\\\/2021\\\/05\\\/27\\\/piden-aplicar-medidas-sanitarias-en-visita-al-cementerio-general\\\/#primaryimage\"},\"image\":{\"@id\":\"https:\\\/\\\/www.eldiario.net\\\/portal\\\/2021\\\/05\\\/27\\\/piden-aplicar-medidas-sanitarias-en-visita-al-cementerio-general\\\/#primaryimage\"},\"thumbnailUrl\":\"\",\"datePublished\":\"2021-05-27T09:56:21+00:00\",\"breadcrumb\":{\"@id\":\"https:\\\/\\\/www.eldiario.net\\\/portal\\\/2021\\\/05\\\/27\\\/piden-aplicar-medidas-sanitarias-en-visita-al-cementerio-general\\\/#breadcrumb\"},\"inLanguage\":\"es\",\"potentialAction\":[{\"@type\":\"ReadAction\",\"target\":[\"https:\\\/\\\/www.eldiario.net\\\/portal\\\/2021\\\/05\\\/27\\\/piden-aplicar-medidas-sanitarias-en-visita-al-cementerio-general\\\/\"]}]},{\"@type\":\"ImageObject\",\"inLanguage\":\"es\",\"@id\":\"https:\\\/\\\/www.eldiario.net\\\/portal\\\/2021\\\/05\\\/27\\\/piden-aplicar-medidas-sanitarias-en-visita-al-cementerio-general\\\/#primaryimage\",\"url\":\"\",\"contentUrl\":\"\"},{\"@type\":\"BreadcrumbList\",\"@id\":\"https:\\\/\\\/www.eldiario.net\\\/portal\\\/2021\\\/05\\\/27\\\/piden-aplicar-medidas-sanitarias-en-visita-al-cementerio-general\\\/#breadcrumb\",\"itemListElement\":[{\"@type\":\"ListItem\",\"position\":1,\"name\":\"Portada\",\"item\":\"https:\\\/\\\/www.eldiario.net\\\/portal\\\/\"},{\"@type\":\"ListItem\",\"position\":2,\"name\":\"Piden aplicar medidas sanitarias en visita al Cementerio General\"}]},{\"@type\":\"WebSite\",\"@id\":\"https:\\\/\\\/www.eldiario.net\\\/portal\\\/#website\",\"url\":\"https:\\\/\\\/www.eldiario.net\\\/portal\\\/\",\"name\":\"El Diario - Decano de la prensa nacional\",\"description\":\"El Diario - Decano de la prensa nacional\",\"publisher\":{\"@id\":\"https:\\\/\\\/www.eldiario.net\\\/portal\\\/#organization\"},\"potentialAction\":[{\"@type\":\"SearchAction\",\"target\":{\"@type\":\"EntryPoint\",\"urlTemplate\":\"https:\\\/\\\/www.eldiario.net\\\/portal\\\/?s={search_term_string}\"},\"query-input\":{\"@type\":\"PropertyValueSpecification\",\"valueRequired\":true,\"valueName\":\"search_term_string\"}}],\"inLanguage\":\"es\"},{\"@type\":\"Organization\",\"@id\":\"https:\\\/\\\/www.eldiario.net\\\/portal\\\/#organization\",\"name\":\"El Diario - Decano de la prensa nacional\",\"url\":\"https:\\\/\\\/www.eldiario.net\\\/portal\\\/\",\"logo\":{\"@type\":\"ImageObject\",\"inLanguage\":\"es\",\"@id\":\"https:\\\/\\\/www.eldiario.net\\\/portal\\\/#\\\/schema\\\/logo\\\/image\\\/\",\"url\":\"https:\\\/\\\/www.eldiario.net\\\/portal\\\/wp-content\\\/uploads\\\/2023\\\/07\\\/logo_ED.jpg\",\"contentUrl\":\"https:\\\/\\\/www.eldiario.net\\\/portal\\\/wp-content\\\/uploads\\\/2023\\\/07\\\/logo_ED.jpg\",\"width\":272,\"height\":52,\"caption\":\"El Diario - Decano de la prensa nacional\"},\"image\":{\"@id\":\"https:\\\/\\\/www.eldiario.net\\\/portal\\\/#\\\/schema\\\/logo\\\/image\\\/\"},\"sameAs\":[\"https:\\\/\\\/www.facebook.com\\\/eldiario.bolivia\\\/\",\"https:\\\/\\\/x.com\\\/eldiario_net\"]},{\"@type\":\"Person\",\"@id\":\"https:\\\/\\\/www.eldiario.net\\\/portal\\\/#\\\/schema\\\/person\\\/f46445640444750d7d753ccd04ae01b7\",\"name\":\"Jeanette\",\"image\":{\"@type\":\"ImageObject\",\"inLanguage\":\"es\",\"@id\":\"https:\\\/\\\/secure.gravatar.com\\\/avatar\\\/3ea2118a5f7dad2b7138b1187a6b7ee55f160b9968b66013c3a3ef39dd7e5798?s=96&d=mm&r=g\",\"url\":\"https:\\\/\\\/secure.gravatar.com\\\/avatar\\\/3ea2118a5f7dad2b7138b1187a6b7ee55f160b9968b66013c3a3ef39dd7e5798?s=96&d=mm&r=g\",\"contentUrl\":\"https:\\\/\\\/secure.gravatar.com\\\/avatar\\\/3ea2118a5f7dad2b7138b1187a6b7ee55f160b9968b66013c3a3ef39dd7e5798?s=96&d=mm&r=g\",\"caption\":\"Jeanette\"},\"sameAs\":[\"https:\\\/\\\/www.eldiario.net\\\/portal\"],\"url\":\"https:\\\/\\\/www.eldiario.net\\\/portal\\\/author\\\/jeanette\\\/\"}]}<\/script>\n<!-- \/ Yoast SEO plugin. -->","yoast_head_json":{"title":"Piden aplicar medidas sanitarias en visita al Cementerio General - El Diario - Bolivia","robots":{"index":"index","follow":"follow","max-snippet":"max-snippet:-1","max-image-preview":"max-image-preview:large","max-video-preview":"max-video-preview:-1"},"canonical":"https:\/\/www.eldiario.net\/portal\/2021\/05\/27\/piden-aplicar-medidas-sanitarias-en-visita-al-cementerio-general\/","og_locale":"es_ES","og_type":"article","og_title":"Piden aplicar medidas sanitarias en visita al Cementerio General - El Diario - Bolivia","og_description":"La Alcald\u00eda de La Paz present\u00f3 un plan de apertura al p\u00fablico del Cementerio General para este 27 de mayo, D\u00eda de la Madre, el que incluye acciones de cuidado sanitario contra el Covid-19, en plena tercera ola. El objetivo es que la participaci\u00f3n de las personas tenga un fin: evitar la propagaci\u00f3n de Covid-19\u201d, [&hellip;]","og_url":"https:\/\/www.eldiario.net\/portal\/2021\/05\/27\/piden-aplicar-medidas-sanitarias-en-visita-al-cementerio-general\/","og_site_name":"El Diario - Bolivia","article_publisher":"https:\/\/www.facebook.com\/eldiario.bolivia\/","article_published_time":"2021-05-27T09:56:21+00:00","author":"Jeanette","twitter_card":"summary_large_image","twitter_creator":"@eldiario_net","twitter_site":"@eldiario_net","twitter_misc":{"Escrito por":"Jeanette","Tiempo de lectura":"2 minutos"},"schema":{"@context":"https:\/\/schema.org","@graph":[{"@type":"Article","@id":"https:\/\/www.eldiario.net\/portal\/2021\/05\/27\/piden-aplicar-medidas-sanitarias-en-visita-al-cementerio-general\/#article","isPartOf":{"@id":"https:\/\/www.eldiario.net\/portal\/2021\/05\/27\/piden-aplicar-medidas-sanitarias-en-visita-al-cementerio-general\/"},"author":{"name":"Jeanette","@id":"https:\/\/www.eldiario.net\/portal\/#\/schema\/person\/f46445640444750d7d753ccd04ae01b7"},"headline":"Piden aplicar medidas sanitarias en visita al Cementerio General","datePublished":"2021-05-27T09:56:21+00:00","mainEntityOfPage":{"@id":"https:\/\/www.eldiario.net\/portal\/2021\/05\/27\/piden-aplicar-medidas-sanitarias-en-visita-al-cementerio-general\/"},"wordCount":390,"publisher":{"@id":"https:\/\/www.eldiario.net\/portal\/#organization"},"image":{"@id":"https:\/\/www.eldiario.net\/portal\/2021\/05\/27\/piden-aplicar-medidas-sanitarias-en-visita-al-cementerio-general\/#primaryimage"},"thumbnailUrl":"","articleSection":["Nacional"],"inLanguage":"es"},{"@type":"WebPage","@id":"https:\/\/www.eldiario.net\/portal\/2021\/05\/27\/piden-aplicar-medidas-sanitarias-en-visita-al-cementerio-general\/","url":"https:\/\/www.eldiario.net\/portal\/2021\/05\/27\/piden-aplicar-medidas-sanitarias-en-visita-al-cementerio-general\/","name":"Piden aplicar medidas sanitarias en visita al Cementerio General - El Diario - Bolivia","isPartOf":{"@id":"https:\/\/www.eldiario.net\/portal\/#website"},"primaryImageOfPage":{"@id":"https:\/\/www.eldiario.net\/portal\/2021\/05\/27\/piden-aplicar-medidas-sanitarias-en-visita-al-cementerio-general\/#primaryimage"},"image":{"@id":"https:\/\/www.eldiario.net\/portal\/2021\/05\/27\/piden-aplicar-medidas-sanitarias-en-visita-al-cementerio-general\/#primaryimage"},"thumbnailUrl":"","datePublished":"2021-05-27T09:56:21+00:00","breadcrumb":{"@id":"https:\/\/www.eldiario.net\/portal\/2021\/05\/27\/piden-aplicar-medidas-sanitarias-en-visita-al-cementerio-general\/#breadcrumb"},"inLanguage":"es","potentialAction":[{"@type":"ReadAction","target":["https:\/\/www.eldiario.net\/portal\/2021\/05\/27\/piden-aplicar-medidas-sanitarias-en-visita-al-cementerio-general\/"]}]},{"@type":"ImageObject","inLanguage":"es","@id":"https:\/\/www.eldiario.net\/portal\/2021\/05\/27\/piden-aplicar-medidas-sanitarias-en-visita-al-cementerio-general\/#primaryimage","url":"","contentUrl":""},{"@type":"BreadcrumbList","@id":"https:\/\/www.eldiario.net\/portal\/2021\/05\/27\/piden-aplicar-medidas-sanitarias-en-visita-al-cementerio-general\/#breadcrumb","itemListElement":[{"@type":"ListItem","position":1,"name":"Portada","item":"https:\/\/www.eldiario.net\/portal\/"},{"@type":"ListItem","position":2,"name":"Piden aplicar medidas sanitarias en visita al Cementerio General"}]},{"@type":"WebSite","@id":"https:\/\/www.eldiario.net\/portal\/#website","url":"https:\/\/www.eldiario.net\/portal\/","name":"El Diario - Decano de la prensa nacional","description":"El Diario - Decano de la prensa nacional","publisher":{"@id":"https:\/\/www.eldiario.net\/portal\/#organization"},"potentialAction":[{"@type":"SearchAction","target":{"@type":"EntryPoint","urlTemplate":"https:\/\/www.eldiario.net\/portal\/?s={search_term_string}"},"query-input":{"@type":"PropertyValueSpecification","valueRequired":true,"valueName":"search_term_string"}}],"inLanguage":"es"},{"@type":"Organization","@id":"https:\/\/www.eldiario.net\/portal\/#organization","name":"El Diario - Decano de la prensa nacional","url":"https:\/\/www.eldiario.net\/portal\/","logo":{"@type":"ImageObject","inLanguage":"es","@id":"https:\/\/www.eldiario.net\/portal\/#\/schema\/logo\/image\/","url":"https:\/\/www.eldiario.net\/portal\/wp-content\/uploads\/2023\/07\/logo_ED.jpg","contentUrl":"https:\/\/www.eldiario.net\/portal\/wp-content\/uploads\/2023\/07\/logo_ED.jpg","width":272,"height":52,"caption":"El Diario - Decano de la prensa nacional"},"image":{"@id":"https:\/\/www.eldiario.net\/portal\/#\/schema\/logo\/image\/"},"sameAs":["https:\/\/www.facebook.com\/eldiario.bolivia\/","https:\/\/x.com\/eldiario_net"]},{"@type":"Person","@id":"https:\/\/www.eldiario.net\/portal\/#\/schema\/person\/f46445640444750d7d753ccd04ae01b7","name":"Jeanette","image":{"@type":"ImageObject","inLanguage":"es","@id":"https:\/\/secure.gravatar.com\/avatar\/3ea2118a5f7dad2b7138b1187a6b7ee55f160b9968b66013c3a3ef39dd7e5798?s=96&d=mm&r=g","url":"https:\/\/secure.gravatar.com\/avatar\/3ea2118a5f7dad2b7138b1187a6b7ee55f160b9968b66013c3a3ef39dd7e5798?s=96&d=mm&r=g","contentUrl":"https:\/\/secure.gravatar.com\/avatar\/3ea2118a5f7dad2b7138b1187a6b7ee55f160b9968b66013c3a3ef39dd7e5798?s=96&d=mm&r=g","caption":"Jeanette"},"sameAs":["https:\/\/www.eldiario.net\/portal"],"url":"https:\/\/www.eldiario.net\/portal\/author\/jeanette\/"}]}},"_links":{"self":[{"href":"https:\/\/www.eldiario.net\/portal\/wp-json\/wp\/v2\/posts\/6593","targetHints":{"allow":["GET"]}}],"collection":[{"href":"https:\/\/www.eldiario.net\/portal\/wp-json\/wp\/v2\/posts"}],"about":[{"href":"https:\/\/www.eldiario.net\/portal\/wp-json\/wp\/v2\/types\/post"}],"author":[{"embeddable":true,"href":"https:\/\/www.eldiario.net\/portal\/wp-json\/wp\/v2\/users\/1"}],"replies":[{"embeddable":true,"href":"https:\/\/www.eldiario.net\/portal\/wp-json\/wp\/v2\/comments?post=6593"}],"version-history":[{"count":0,"href":"https:\/\/www.eldiario.net\/portal\/wp-json\/wp\/v2\/posts\/6593\/revisions"}],"wp:attachment":[{"href":"https:\/\/www.eldiario.net\/portal\/wp-json\/wp\/v2\/media?parent=6593"}],"wp:term":[{"taxonomy":"category","embeddable":true,"href":"https:\/\/www.eldiario.net\/portal\/wp-json\/wp\/v2\/categories?post=6593"},{"taxonomy":"post_tag","embeddable":true,"href":"https:\/\/www.eldiario.net\/portal\/wp-json\/wp\/v2\/tags?post=6593"}],"curies":[{"name":"wp","href":"https:\/\/api.w.org\/{rel}","templated":true}]}}