{"id":6584,"date":"2021-05-27T05:51:48","date_gmt":"2021-05-27T09:51:48","guid":{"rendered":"https:\/\/www.eldiario.net\/portal\/?p=6584"},"modified":"2021-05-27T05:51:48","modified_gmt":"2021-05-27T09:51:48","slug":"empresarios-de-tarija-piden-incentivo-a-industria-privada","status":"publish","type":"post","link":"https:\/\/www.eldiario.net\/portal\/2021\/05\/27\/empresarios-de-tarija-piden-incentivo-a-industria-privada\/","title":{"rendered":"Empresarios de Tarija piden incentivo a industria privada"},"content":{"rendered":"<p>Con la finalidad de aminorar la crisis econ\u00f3mica que golpea al departamento, el vicepresidente de la Federaci\u00f3n de Empresarios Privados de Tarija, Daniel Beccar, sostiene que se debe incentivar a la industria privada; por lo que, pidi\u00f3 que dejen de ver al sector como si fuera \u00abel malo de la pel\u00edcula\u00bb cuando es el que a pesar de las circunstancias genera trabajo.<\/p>\n<p>Seg\u00fan Beccar, la C\u00e1mara Hotelera y el turismo son afectados duramente, pero \u201cyo como vicepresidente de la Federaci\u00f3n de Empresarios Privados me preocupo por todos los empresarios privados, este no son solamente las personas de traje o que supuestamente tienen una empresa grande, el empresario privado somos todos, taxistas, se\u00f1oras que venden jugos, son personas que no le deben nada a nadie y todos los d\u00edas deben levantarse para ganarse el pan\u201d, manifest\u00f3.<\/p>\n<p>Adem\u00e1s, explic\u00f3 que apoyarse en bonos o discursos pol\u00edticos no har\u00e1n mucho por Tarija para salir de esta crisis lacerante. \u201cEl sector privado est\u00e1 muy golpeado, para aminorarla se debe generar econom\u00eda, trabajo, condiciones,\u00a0incentivando la industria privada porque no se saldr\u00e1 de esta crisis econ\u00f3mica con bonos y demagogia, ni discursos pol\u00edticos\u201d, indic\u00f3.<\/p>\n<p>Por otro lado, lament\u00f3 que solo se fiscalice y se multe a las empresas legalmente establecidas cuando las zonas de El Campesino y la Loma est\u00e1n repletas de ilegalidad.<\/p>\n<p>\u201cTienen que dejar de vernos como el malo de la pel\u00edcula cuando somos los buenos, el que genera impuestos y trabajo, nosotros no estamos explotando a nadie,\u00a0nosotros cumplimos con nuestros deberes, cumplimos con todas las exigencias, pero solo nos fiscalizan a los legales, \u00bfy los ilegales?\u201d, enfatiz\u00f3. (La Voz de Tarija).<\/p>\n<p>&nbsp;<\/p>\n","protected":false},"excerpt":{"rendered":"<p>Con la finalidad de aminorar la crisis econ\u00f3mica que golpea al departamento, el vicepresidente de la Federaci\u00f3n de Empresarios Privados de Tarija, Daniel Beccar, sostiene que se debe incentivar a la industria privada; por lo que, pidi\u00f3 que dejen de ver al sector como si fuera \u00abel malo de la pel\u00edcula\u00bb cuando es el que [&hellip;]<\/p>\n","protected":false},"author":1,"featured_media":6585,"comment_status":"closed","ping_status":"closed","sticky":false,"template":"","format":"standard","meta":{"_acf_changed":false,"footnotes":""},"categories":[12],"tags":[],"class_list":["post-6584","post","type-post","status-publish","format-standard","has-post-thumbnail","category-nacional"],"acf":{"antetitulo":""},"yoast_head":"<!-- This site is optimized with the Yoast SEO plugin v28.3 - https:\/\/yoast.com\/product\/yoast-seo-wordpress\/ -->\n<title>Empresarios de Tarija piden incentivo a industria privada - El Diario - Bolivia<\/title>\n<meta name=\"robots\" content=\"index, follow, max-snippet:-1, max-image-preview:large, max-video-preview:-1\" \/>\n<link rel=\"canonical\" href=\"https:\/\/www.eldiario.net\/portal\/2021\/05\/27\/empresarios-de-tarija-piden-incentivo-a-industria-privada\/\" \/>\n<meta property=\"og:locale\" content=\"es_ES\" \/>\n<meta property=\"og:type\" content=\"article\" \/>\n<meta property=\"og:title\" content=\"Empresarios de Tarija piden incentivo a industria privada - El Diario - Bolivia\" \/>\n<meta property=\"og:description\" content=\"Con la finalidad de aminorar la crisis econ\u00f3mica que golpea al departamento, el vicepresidente de la Federaci\u00f3n de Empresarios Privados de Tarija, Daniel Beccar, sostiene que se debe incentivar a la industria privada; por lo que, pidi\u00f3 que dejen de ver al sector como si fuera \u00abel malo de la pel\u00edcula\u00bb cuando es el que [&hellip;]\" \/>\n<meta property=\"og:url\" content=\"https:\/\/www.eldiario.net\/portal\/2021\/05\/27\/empresarios-de-tarija-piden-incentivo-a-industria-privada\/\" \/>\n<meta property=\"og:site_name\" content=\"El Diario - Bolivia\" \/>\n<meta property=\"article:publisher\" content=\"https:\/\/www.facebook.com\/eldiario.bolivia\/\" \/>\n<meta property=\"article:published_time\" content=\"2021-05-27T09:51:48+00:00\" \/>\n<meta name=\"author\" content=\"Jeanette\" \/>\n<meta name=\"twitter:card\" content=\"summary_large_image\" \/>\n<meta name=\"twitter:creator\" content=\"@eldiario_net\" \/>\n<meta name=\"twitter:site\" content=\"@eldiario_net\" \/>\n<meta name=\"twitter:label1\" content=\"Escrito por\" \/>\n\t<meta name=\"twitter:data1\" content=\"Jeanette\" \/>\n\t<meta name=\"twitter:label2\" content=\"Tiempo de lectura\" \/>\n\t<meta name=\"twitter:data2\" content=\"2 minutos\" \/>\n<script type=\"application\/ld+json\" class=\"yoast-schema-graph\">{\"@context\":\"https:\\\/\\\/schema.org\",\"@graph\":[{\"@type\":\"Article\",\"@id\":\"https:\\\/\\\/www.eldiario.net\\\/portal\\\/2021\\\/05\\\/27\\\/empresarios-de-tarija-piden-incentivo-a-industria-privada\\\/#article\",\"isPartOf\":{\"@id\":\"https:\\\/\\\/www.eldiario.net\\\/portal\\\/2021\\\/05\\\/27\\\/empresarios-de-tarija-piden-incentivo-a-industria-privada\\\/\"},\"author\":{\"name\":\"Jeanette\",\"@id\":\"https:\\\/\\\/www.eldiario.net\\\/portal\\\/#\\\/schema\\\/person\\\/f46445640444750d7d753ccd04ae01b7\"},\"headline\":\"Empresarios de Tarija piden incentivo a industria privada\",\"datePublished\":\"2021-05-27T09:51:48+00:00\",\"mainEntityOfPage\":{\"@id\":\"https:\\\/\\\/www.eldiario.net\\\/portal\\\/2021\\\/05\\\/27\\\/empresarios-de-tarija-piden-incentivo-a-industria-privada\\\/\"},\"wordCount\":295,\"publisher\":{\"@id\":\"https:\\\/\\\/www.eldiario.net\\\/portal\\\/#organization\"},\"image\":{\"@id\":\"https:\\\/\\\/www.eldiario.net\\\/portal\\\/2021\\\/05\\\/27\\\/empresarios-de-tarija-piden-incentivo-a-industria-privada\\\/#primaryimage\"},\"thumbnailUrl\":\"\",\"articleSection\":[\"Nacional\"],\"inLanguage\":\"es\"},{\"@type\":\"WebPage\",\"@id\":\"https:\\\/\\\/www.eldiario.net\\\/portal\\\/2021\\\/05\\\/27\\\/empresarios-de-tarija-piden-incentivo-a-industria-privada\\\/\",\"url\":\"https:\\\/\\\/www.eldiario.net\\\/portal\\\/2021\\\/05\\\/27\\\/empresarios-de-tarija-piden-incentivo-a-industria-privada\\\/\",\"name\":\"Empresarios de Tarija piden incentivo a industria privada - El Diario - Bolivia\",\"isPartOf\":{\"@id\":\"https:\\\/\\\/www.eldiario.net\\\/portal\\\/#website\"},\"primaryImageOfPage\":{\"@id\":\"https:\\\/\\\/www.eldiario.net\\\/portal\\\/2021\\\/05\\\/27\\\/empresarios-de-tarija-piden-incentivo-a-industria-privada\\\/#primaryimage\"},\"image\":{\"@id\":\"https:\\\/\\\/www.eldiario.net\\\/portal\\\/2021\\\/05\\\/27\\\/empresarios-de-tarija-piden-incentivo-a-industria-privada\\\/#primaryimage\"},\"thumbnailUrl\":\"\",\"datePublished\":\"2021-05-27T09:51:48+00:00\",\"breadcrumb\":{\"@id\":\"https:\\\/\\\/www.eldiario.net\\\/portal\\\/2021\\\/05\\\/27\\\/empresarios-de-tarija-piden-incentivo-a-industria-privada\\\/#breadcrumb\"},\"inLanguage\":\"es\",\"potentialAction\":[{\"@type\":\"ReadAction\",\"target\":[\"https:\\\/\\\/www.eldiario.net\\\/portal\\\/2021\\\/05\\\/27\\\/empresarios-de-tarija-piden-incentivo-a-industria-privada\\\/\"]}]},{\"@type\":\"ImageObject\",\"inLanguage\":\"es\",\"@id\":\"https:\\\/\\\/www.eldiario.net\\\/portal\\\/2021\\\/05\\\/27\\\/empresarios-de-tarija-piden-incentivo-a-industria-privada\\\/#primaryimage\",\"url\":\"\",\"contentUrl\":\"\"},{\"@type\":\"BreadcrumbList\",\"@id\":\"https:\\\/\\\/www.eldiario.net\\\/portal\\\/2021\\\/05\\\/27\\\/empresarios-de-tarija-piden-incentivo-a-industria-privada\\\/#breadcrumb\",\"itemListElement\":[{\"@type\":\"ListItem\",\"position\":1,\"name\":\"Portada\",\"item\":\"https:\\\/\\\/www.eldiario.net\\\/portal\\\/\"},{\"@type\":\"ListItem\",\"position\":2,\"name\":\"Empresarios de Tarija piden incentivo a industria privada\"}]},{\"@type\":\"WebSite\",\"@id\":\"https:\\\/\\\/www.eldiario.net\\\/portal\\\/#website\",\"url\":\"https:\\\/\\\/www.eldiario.net\\\/portal\\\/\",\"name\":\"El Diario - Decano de la prensa nacional\",\"description\":\"El Diario - Decano de la prensa nacional\",\"publisher\":{\"@id\":\"https:\\\/\\\/www.eldiario.net\\\/portal\\\/#organization\"},\"potentialAction\":[{\"@type\":\"SearchAction\",\"target\":{\"@type\":\"EntryPoint\",\"urlTemplate\":\"https:\\\/\\\/www.eldiario.net\\\/portal\\\/?s={search_term_string}\"},\"query-input\":{\"@type\":\"PropertyValueSpecification\",\"valueRequired\":true,\"valueName\":\"search_term_string\"}}],\"inLanguage\":\"es\"},{\"@type\":\"Organization\",\"@id\":\"https:\\\/\\\/www.eldiario.net\\\/portal\\\/#organization\",\"name\":\"El Diario - Decano de la prensa nacional\",\"url\":\"https:\\\/\\\/www.eldiario.net\\\/portal\\\/\",\"logo\":{\"@type\":\"ImageObject\",\"inLanguage\":\"es\",\"@id\":\"https:\\\/\\\/www.eldiario.net\\\/portal\\\/#\\\/schema\\\/logo\\\/image\\\/\",\"url\":\"https:\\\/\\\/www.eldiario.net\\\/portal\\\/wp-content\\\/uploads\\\/2023\\\/07\\\/logo_ED.jpg\",\"contentUrl\":\"https:\\\/\\\/www.eldiario.net\\\/portal\\\/wp-content\\\/uploads\\\/2023\\\/07\\\/logo_ED.jpg\",\"width\":272,\"height\":52,\"caption\":\"El Diario - Decano de la prensa nacional\"},\"image\":{\"@id\":\"https:\\\/\\\/www.eldiario.net\\\/portal\\\/#\\\/schema\\\/logo\\\/image\\\/\"},\"sameAs\":[\"https:\\\/\\\/www.facebook.com\\\/eldiario.bolivia\\\/\",\"https:\\\/\\\/x.com\\\/eldiario_net\"]},{\"@type\":\"Person\",\"@id\":\"https:\\\/\\\/www.eldiario.net\\\/portal\\\/#\\\/schema\\\/person\\\/f46445640444750d7d753ccd04ae01b7\",\"name\":\"Jeanette\",\"image\":{\"@type\":\"ImageObject\",\"inLanguage\":\"es\",\"@id\":\"https:\\\/\\\/secure.gravatar.com\\\/avatar\\\/3ea2118a5f7dad2b7138b1187a6b7ee55f160b9968b66013c3a3ef39dd7e5798?s=96&d=mm&r=g\",\"url\":\"https:\\\/\\\/secure.gravatar.com\\\/avatar\\\/3ea2118a5f7dad2b7138b1187a6b7ee55f160b9968b66013c3a3ef39dd7e5798?s=96&d=mm&r=g\",\"contentUrl\":\"https:\\\/\\\/secure.gravatar.com\\\/avatar\\\/3ea2118a5f7dad2b7138b1187a6b7ee55f160b9968b66013c3a3ef39dd7e5798?s=96&d=mm&r=g\",\"caption\":\"Jeanette\"},\"sameAs\":[\"https:\\\/\\\/www.eldiario.net\\\/portal\"],\"url\":\"https:\\\/\\\/www.eldiario.net\\\/portal\\\/author\\\/jeanette\\\/\"}]}<\/script>\n<!-- \/ Yoast SEO plugin. -->","yoast_head_json":{"title":"Empresarios de Tarija piden incentivo a industria privada - El Diario - Bolivia","robots":{"index":"index","follow":"follow","max-snippet":"max-snippet:-1","max-image-preview":"max-image-preview:large","max-video-preview":"max-video-preview:-1"},"canonical":"https:\/\/www.eldiario.net\/portal\/2021\/05\/27\/empresarios-de-tarija-piden-incentivo-a-industria-privada\/","og_locale":"es_ES","og_type":"article","og_title":"Empresarios de Tarija piden incentivo a industria privada - El Diario - Bolivia","og_description":"Con la finalidad de aminorar la crisis econ\u00f3mica que golpea al departamento, el vicepresidente de la Federaci\u00f3n de Empresarios Privados de Tarija, Daniel Beccar, sostiene que se debe incentivar a la industria privada; por lo que, pidi\u00f3 que dejen de ver al sector como si fuera \u00abel malo de la pel\u00edcula\u00bb cuando es el que [&hellip;]","og_url":"https:\/\/www.eldiario.net\/portal\/2021\/05\/27\/empresarios-de-tarija-piden-incentivo-a-industria-privada\/","og_site_name":"El Diario - Bolivia","article_publisher":"https:\/\/www.facebook.com\/eldiario.bolivia\/","article_published_time":"2021-05-27T09:51:48+00:00","author":"Jeanette","twitter_card":"summary_large_image","twitter_creator":"@eldiario_net","twitter_site":"@eldiario_net","twitter_misc":{"Escrito por":"Jeanette","Tiempo de lectura":"2 minutos"},"schema":{"@context":"https:\/\/schema.org","@graph":[{"@type":"Article","@id":"https:\/\/www.eldiario.net\/portal\/2021\/05\/27\/empresarios-de-tarija-piden-incentivo-a-industria-privada\/#article","isPartOf":{"@id":"https:\/\/www.eldiario.net\/portal\/2021\/05\/27\/empresarios-de-tarija-piden-incentivo-a-industria-privada\/"},"author":{"name":"Jeanette","@id":"https:\/\/www.eldiario.net\/portal\/#\/schema\/person\/f46445640444750d7d753ccd04ae01b7"},"headline":"Empresarios de Tarija piden incentivo a industria privada","datePublished":"2021-05-27T09:51:48+00:00","mainEntityOfPage":{"@id":"https:\/\/www.eldiario.net\/portal\/2021\/05\/27\/empresarios-de-tarija-piden-incentivo-a-industria-privada\/"},"wordCount":295,"publisher":{"@id":"https:\/\/www.eldiario.net\/portal\/#organization"},"image":{"@id":"https:\/\/www.eldiario.net\/portal\/2021\/05\/27\/empresarios-de-tarija-piden-incentivo-a-industria-privada\/#primaryimage"},"thumbnailUrl":"","articleSection":["Nacional"],"inLanguage":"es"},{"@type":"WebPage","@id":"https:\/\/www.eldiario.net\/portal\/2021\/05\/27\/empresarios-de-tarija-piden-incentivo-a-industria-privada\/","url":"https:\/\/www.eldiario.net\/portal\/2021\/05\/27\/empresarios-de-tarija-piden-incentivo-a-industria-privada\/","name":"Empresarios de Tarija piden incentivo a industria privada - El Diario - Bolivia","isPartOf":{"@id":"https:\/\/www.eldiario.net\/portal\/#website"},"primaryImageOfPage":{"@id":"https:\/\/www.eldiario.net\/portal\/2021\/05\/27\/empresarios-de-tarija-piden-incentivo-a-industria-privada\/#primaryimage"},"image":{"@id":"https:\/\/www.eldiario.net\/portal\/2021\/05\/27\/empresarios-de-tarija-piden-incentivo-a-industria-privada\/#primaryimage"},"thumbnailUrl":"","datePublished":"2021-05-27T09:51:48+00:00","breadcrumb":{"@id":"https:\/\/www.eldiario.net\/portal\/2021\/05\/27\/empresarios-de-tarija-piden-incentivo-a-industria-privada\/#breadcrumb"},"inLanguage":"es","potentialAction":[{"@type":"ReadAction","target":["https:\/\/www.eldiario.net\/portal\/2021\/05\/27\/empresarios-de-tarija-piden-incentivo-a-industria-privada\/"]}]},{"@type":"ImageObject","inLanguage":"es","@id":"https:\/\/www.eldiario.net\/portal\/2021\/05\/27\/empresarios-de-tarija-piden-incentivo-a-industria-privada\/#primaryimage","url":"","contentUrl":""},{"@type":"BreadcrumbList","@id":"https:\/\/www.eldiario.net\/portal\/2021\/05\/27\/empresarios-de-tarija-piden-incentivo-a-industria-privada\/#breadcrumb","itemListElement":[{"@type":"ListItem","position":1,"name":"Portada","item":"https:\/\/www.eldiario.net\/portal\/"},{"@type":"ListItem","position":2,"name":"Empresarios de Tarija piden incentivo a industria privada"}]},{"@type":"WebSite","@id":"https:\/\/www.eldiario.net\/portal\/#website","url":"https:\/\/www.eldiario.net\/portal\/","name":"El Diario - Decano de la prensa nacional","description":"El Diario - Decano de la prensa nacional","publisher":{"@id":"https:\/\/www.eldiario.net\/portal\/#organization"},"potentialAction":[{"@type":"SearchAction","target":{"@type":"EntryPoint","urlTemplate":"https:\/\/www.eldiario.net\/portal\/?s={search_term_string}"},"query-input":{"@type":"PropertyValueSpecification","valueRequired":true,"valueName":"search_term_string"}}],"inLanguage":"es"},{"@type":"Organization","@id":"https:\/\/www.eldiario.net\/portal\/#organization","name":"El Diario - Decano de la prensa nacional","url":"https:\/\/www.eldiario.net\/portal\/","logo":{"@type":"ImageObject","inLanguage":"es","@id":"https:\/\/www.eldiario.net\/portal\/#\/schema\/logo\/image\/","url":"https:\/\/www.eldiario.net\/portal\/wp-content\/uploads\/2023\/07\/logo_ED.jpg","contentUrl":"https:\/\/www.eldiario.net\/portal\/wp-content\/uploads\/2023\/07\/logo_ED.jpg","width":272,"height":52,"caption":"El Diario - Decano de la prensa nacional"},"image":{"@id":"https:\/\/www.eldiario.net\/portal\/#\/schema\/logo\/image\/"},"sameAs":["https:\/\/www.facebook.com\/eldiario.bolivia\/","https:\/\/x.com\/eldiario_net"]},{"@type":"Person","@id":"https:\/\/www.eldiario.net\/portal\/#\/schema\/person\/f46445640444750d7d753ccd04ae01b7","name":"Jeanette","image":{"@type":"ImageObject","inLanguage":"es","@id":"https:\/\/secure.gravatar.com\/avatar\/3ea2118a5f7dad2b7138b1187a6b7ee55f160b9968b66013c3a3ef39dd7e5798?s=96&d=mm&r=g","url":"https:\/\/secure.gravatar.com\/avatar\/3ea2118a5f7dad2b7138b1187a6b7ee55f160b9968b66013c3a3ef39dd7e5798?s=96&d=mm&r=g","contentUrl":"https:\/\/secure.gravatar.com\/avatar\/3ea2118a5f7dad2b7138b1187a6b7ee55f160b9968b66013c3a3ef39dd7e5798?s=96&d=mm&r=g","caption":"Jeanette"},"sameAs":["https:\/\/www.eldiario.net\/portal"],"url":"https:\/\/www.eldiario.net\/portal\/author\/jeanette\/"}]}},"_links":{"self":[{"href":"https:\/\/www.eldiario.net\/portal\/wp-json\/wp\/v2\/posts\/6584","targetHints":{"allow":["GET"]}}],"collection":[{"href":"https:\/\/www.eldiario.net\/portal\/wp-json\/wp\/v2\/posts"}],"about":[{"href":"https:\/\/www.eldiario.net\/portal\/wp-json\/wp\/v2\/types\/post"}],"author":[{"embeddable":true,"href":"https:\/\/www.eldiario.net\/portal\/wp-json\/wp\/v2\/users\/1"}],"replies":[{"embeddable":true,"href":"https:\/\/www.eldiario.net\/portal\/wp-json\/wp\/v2\/comments?post=6584"}],"version-history":[{"count":0,"href":"https:\/\/www.eldiario.net\/portal\/wp-json\/wp\/v2\/posts\/6584\/revisions"}],"wp:attachment":[{"href":"https:\/\/www.eldiario.net\/portal\/wp-json\/wp\/v2\/media?parent=6584"}],"wp:term":[{"taxonomy":"category","embeddable":true,"href":"https:\/\/www.eldiario.net\/portal\/wp-json\/wp\/v2\/categories?post=6584"},{"taxonomy":"post_tag","embeddable":true,"href":"https:\/\/www.eldiario.net\/portal\/wp-json\/wp\/v2\/tags?post=6584"}],"curies":[{"name":"wp","href":"https:\/\/api.w.org\/{rel}","templated":true}]}}