{"id":6578,"date":"2021-05-27T05:49:00","date_gmt":"2021-05-27T09:49:00","guid":{"rendered":"https:\/\/www.eldiario.net\/portal\/?p=6578"},"modified":"2021-05-27T05:49:00","modified_gmt":"2021-05-27T09:49:00","slug":"la-seleccion-sub-20-inicia-el-modulo-de-trabajo-hasta-el-30-de-mayo","status":"publish","type":"post","link":"https:\/\/www.eldiario.net\/portal\/2021\/05\/27\/la-seleccion-sub-20-inicia-el-modulo-de-trabajo-hasta-el-30-de-mayo\/","title":{"rendered":"La Selecci\u00f3n Sub-20 inicia el m\u00f3dulo de trabajo hasta el 30 de mayo"},"content":{"rendered":"<p>La Selecci\u00f3n boliviana de f\u00fatbol Sub-20 inici\u00f3 ayer un m\u00f3dulo de preparaci\u00f3n. El trabajo del equipo nacional lo dirige Pablo Escobar quien convoc\u00f3 a 19 jugadores que entrenar\u00e1n hasta el 30 de mayo.<\/p>\n<p>El cuadro nacional cumplir\u00e1 esta preparaci\u00f3n a orillas del Lago Titicaca (Huarina) en el departamento de La Paz donde tambi\u00e9n concentra la Selecci\u00f3n absoluta con siete futbolistas. Seg\u00fan un comunicado de la Federaci\u00f3n Boliviana de F\u00fatbol (FBF) la Sub-20 tendr\u00e1 algunas pr\u00e1cticas con el combinado mayor.<\/p>\n<p>\u201cInfelizmente estamos muy atrasados a comparaci\u00f3n de todas las selecciones en tiempo de trabajo porque se imposibilita mucho los m\u00f3dulos por la negativa de los clubes de ceder a los chicos, este tiempo es muy importante y debemos aprovecharlo\u201d, sostuvo Escobar.<\/p>\n<p>Escobar, quien es asistente t\u00e9cnico de C\u00e9sar Far\u00edas, \u00a0subray\u00f3 que esta lista no es definitiva: \u201cHay muy buenos jugadores en esta categor\u00eda y debemos inculcarles el valor que significa defender a tu pa\u00eds, es lo m\u00e1ximo y eso los debe motivar. No hay ninguna lista a\u00fan definitiva en este m\u00f3dulo, por ejemplo, no est\u00e1n los jugadores de los equipos que est\u00e1n participando en los torneos de clubes internacionales, Conmebol Libertadores y Sudamericana, porque deben estar a disposici\u00f3n de su entrenador. Ojal\u00e1 podamos darle m\u00e1s continuidad al trabajo porque es necesario y urgente\u201d, complement\u00f3.<\/p>\n<p><strong>LOS 19 CONVOCADOS<\/strong><\/p>\n<p>Los convocados son: Mariano de Souza (Real Tomayapo), Daniel Sandy (Wilstermann), Sebasti\u00e1n \u00c1lvarez (Oriente Petrolero), Eduardo \u00c1lvarez (Bol\u00edvar), Daniel Lino (Blooming), Marcelo Su\u00e1rez (Oriente Petrolero), Raimundo Garc\u00eda (Oriente Petrolero), Rom\u00e1n Diego (Always Ready), Miyhel Anyelo Ortiz (Real Potos\u00ed), Jos\u00e9 Carlos Mart\u00ednez (Always Ready), Mirko Tomianovic (Royal Pari), Pablo Vaca (Always Ready), Jos\u00e9 Berdecio (Oriente Petrolero), Clody Menacho (Blooming), Jos\u00e9 Ni\u00f1o de Guzm\u00e1n (Oriente Petrolero), Javier Uzeda (Always Ready), David Ribera (Royal Pari), Jos\u00e9 Brice\u00f1o (Oriente Petrolero) y Claudio\u00a0 Crescencio (Real Potos\u00ed).<\/p>\n","protected":false},"excerpt":{"rendered":"<p>La Selecci\u00f3n boliviana de f\u00fatbol Sub-20 inici\u00f3 ayer un m\u00f3dulo de preparaci\u00f3n. El trabajo del equipo nacional lo dirige Pablo Escobar quien convoc\u00f3 a 19 jugadores que entrenar\u00e1n hasta el 30 de mayo. El cuadro nacional cumplir\u00e1 esta preparaci\u00f3n a orillas del Lago Titicaca (Huarina) en el departamento de La Paz donde tambi\u00e9n concentra la [&hellip;]<\/p>\n","protected":false},"author":1,"featured_media":6579,"comment_status":"closed","ping_status":"closed","sticky":false,"template":"","format":"standard","meta":{"_acf_changed":false,"footnotes":""},"categories":[6],"tags":[],"class_list":["post-6578","post","type-post","status-publish","format-standard","has-post-thumbnail","category-deportes"],"acf":{"antetitulo":""},"yoast_head":"<!-- This site is optimized with the Yoast SEO plugin v28.3 - https:\/\/yoast.com\/product\/yoast-seo-wordpress\/ -->\n<title>La Selecci\u00f3n Sub-20 inicia el m\u00f3dulo de trabajo hasta el 30 de mayo - El Diario - Bolivia<\/title>\n<meta name=\"robots\" content=\"index, follow, max-snippet:-1, max-image-preview:large, max-video-preview:-1\" \/>\n<link rel=\"canonical\" href=\"https:\/\/www.eldiario.net\/portal\/2021\/05\/27\/la-seleccion-sub-20-inicia-el-modulo-de-trabajo-hasta-el-30-de-mayo\/\" \/>\n<meta property=\"og:locale\" content=\"es_ES\" \/>\n<meta property=\"og:type\" content=\"article\" \/>\n<meta property=\"og:title\" content=\"La Selecci\u00f3n Sub-20 inicia el m\u00f3dulo de trabajo hasta el 30 de mayo - El Diario - Bolivia\" \/>\n<meta property=\"og:description\" content=\"La Selecci\u00f3n boliviana de f\u00fatbol Sub-20 inici\u00f3 ayer un m\u00f3dulo de preparaci\u00f3n. El trabajo del equipo nacional lo dirige Pablo Escobar quien convoc\u00f3 a 19 jugadores que entrenar\u00e1n hasta el 30 de mayo. El cuadro nacional cumplir\u00e1 esta preparaci\u00f3n a orillas del Lago Titicaca (Huarina) en el departamento de La Paz donde tambi\u00e9n concentra la [&hellip;]\" \/>\n<meta property=\"og:url\" content=\"https:\/\/www.eldiario.net\/portal\/2021\/05\/27\/la-seleccion-sub-20-inicia-el-modulo-de-trabajo-hasta-el-30-de-mayo\/\" \/>\n<meta property=\"og:site_name\" content=\"El Diario - Bolivia\" \/>\n<meta property=\"article:publisher\" content=\"https:\/\/www.facebook.com\/eldiario.bolivia\/\" \/>\n<meta property=\"article:published_time\" content=\"2021-05-27T09:49:00+00:00\" \/>\n<meta name=\"author\" content=\"Jeanette\" \/>\n<meta name=\"twitter:card\" content=\"summary_large_image\" \/>\n<meta name=\"twitter:creator\" content=\"@eldiario_net\" \/>\n<meta name=\"twitter:site\" content=\"@eldiario_net\" \/>\n<meta name=\"twitter:label1\" content=\"Escrito por\" \/>\n\t<meta name=\"twitter:data1\" content=\"Jeanette\" \/>\n\t<meta name=\"twitter:label2\" content=\"Tiempo de lectura\" \/>\n\t<meta name=\"twitter:data2\" content=\"2 minutos\" \/>\n<script type=\"application\/ld+json\" class=\"yoast-schema-graph\">{\"@context\":\"https:\\\/\\\/schema.org\",\"@graph\":[{\"@type\":\"Article\",\"@id\":\"https:\\\/\\\/www.eldiario.net\\\/portal\\\/2021\\\/05\\\/27\\\/la-seleccion-sub-20-inicia-el-modulo-de-trabajo-hasta-el-30-de-mayo\\\/#article\",\"isPartOf\":{\"@id\":\"https:\\\/\\\/www.eldiario.net\\\/portal\\\/2021\\\/05\\\/27\\\/la-seleccion-sub-20-inicia-el-modulo-de-trabajo-hasta-el-30-de-mayo\\\/\"},\"author\":{\"name\":\"Jeanette\",\"@id\":\"https:\\\/\\\/www.eldiario.net\\\/portal\\\/#\\\/schema\\\/person\\\/f46445640444750d7d753ccd04ae01b7\"},\"headline\":\"La Selecci\u00f3n Sub-20 inicia el m\u00f3dulo de trabajo hasta el 30 de mayo\",\"datePublished\":\"2021-05-27T09:49:00+00:00\",\"mainEntityOfPage\":{\"@id\":\"https:\\\/\\\/www.eldiario.net\\\/portal\\\/2021\\\/05\\\/27\\\/la-seleccion-sub-20-inicia-el-modulo-de-trabajo-hasta-el-30-de-mayo\\\/\"},\"wordCount\":343,\"publisher\":{\"@id\":\"https:\\\/\\\/www.eldiario.net\\\/portal\\\/#organization\"},\"image\":{\"@id\":\"https:\\\/\\\/www.eldiario.net\\\/portal\\\/2021\\\/05\\\/27\\\/la-seleccion-sub-20-inicia-el-modulo-de-trabajo-hasta-el-30-de-mayo\\\/#primaryimage\"},\"thumbnailUrl\":\"\",\"articleSection\":[\"Deportes\"],\"inLanguage\":\"es\"},{\"@type\":\"WebPage\",\"@id\":\"https:\\\/\\\/www.eldiario.net\\\/portal\\\/2021\\\/05\\\/27\\\/la-seleccion-sub-20-inicia-el-modulo-de-trabajo-hasta-el-30-de-mayo\\\/\",\"url\":\"https:\\\/\\\/www.eldiario.net\\\/portal\\\/2021\\\/05\\\/27\\\/la-seleccion-sub-20-inicia-el-modulo-de-trabajo-hasta-el-30-de-mayo\\\/\",\"name\":\"La Selecci\u00f3n Sub-20 inicia el m\u00f3dulo de trabajo hasta el 30 de mayo - El Diario - Bolivia\",\"isPartOf\":{\"@id\":\"https:\\\/\\\/www.eldiario.net\\\/portal\\\/#website\"},\"primaryImageOfPage\":{\"@id\":\"https:\\\/\\\/www.eldiario.net\\\/portal\\\/2021\\\/05\\\/27\\\/la-seleccion-sub-20-inicia-el-modulo-de-trabajo-hasta-el-30-de-mayo\\\/#primaryimage\"},\"image\":{\"@id\":\"https:\\\/\\\/www.eldiario.net\\\/portal\\\/2021\\\/05\\\/27\\\/la-seleccion-sub-20-inicia-el-modulo-de-trabajo-hasta-el-30-de-mayo\\\/#primaryimage\"},\"thumbnailUrl\":\"\",\"datePublished\":\"2021-05-27T09:49:00+00:00\",\"breadcrumb\":{\"@id\":\"https:\\\/\\\/www.eldiario.net\\\/portal\\\/2021\\\/05\\\/27\\\/la-seleccion-sub-20-inicia-el-modulo-de-trabajo-hasta-el-30-de-mayo\\\/#breadcrumb\"},\"inLanguage\":\"es\",\"potentialAction\":[{\"@type\":\"ReadAction\",\"target\":[\"https:\\\/\\\/www.eldiario.net\\\/portal\\\/2021\\\/05\\\/27\\\/la-seleccion-sub-20-inicia-el-modulo-de-trabajo-hasta-el-30-de-mayo\\\/\"]}]},{\"@type\":\"ImageObject\",\"inLanguage\":\"es\",\"@id\":\"https:\\\/\\\/www.eldiario.net\\\/portal\\\/2021\\\/05\\\/27\\\/la-seleccion-sub-20-inicia-el-modulo-de-trabajo-hasta-el-30-de-mayo\\\/#primaryimage\",\"url\":\"\",\"contentUrl\":\"\"},{\"@type\":\"BreadcrumbList\",\"@id\":\"https:\\\/\\\/www.eldiario.net\\\/portal\\\/2021\\\/05\\\/27\\\/la-seleccion-sub-20-inicia-el-modulo-de-trabajo-hasta-el-30-de-mayo\\\/#breadcrumb\",\"itemListElement\":[{\"@type\":\"ListItem\",\"position\":1,\"name\":\"Portada\",\"item\":\"https:\\\/\\\/www.eldiario.net\\\/portal\\\/\"},{\"@type\":\"ListItem\",\"position\":2,\"name\":\"La Selecci\u00f3n Sub-20 inicia el m\u00f3dulo de trabajo hasta el 30 de mayo\"}]},{\"@type\":\"WebSite\",\"@id\":\"https:\\\/\\\/www.eldiario.net\\\/portal\\\/#website\",\"url\":\"https:\\\/\\\/www.eldiario.net\\\/portal\\\/\",\"name\":\"El Diario - Decano de la prensa nacional\",\"description\":\"El Diario - Decano de la prensa nacional\",\"publisher\":{\"@id\":\"https:\\\/\\\/www.eldiario.net\\\/portal\\\/#organization\"},\"potentialAction\":[{\"@type\":\"SearchAction\",\"target\":{\"@type\":\"EntryPoint\",\"urlTemplate\":\"https:\\\/\\\/www.eldiario.net\\\/portal\\\/?s={search_term_string}\"},\"query-input\":{\"@type\":\"PropertyValueSpecification\",\"valueRequired\":true,\"valueName\":\"search_term_string\"}}],\"inLanguage\":\"es\"},{\"@type\":\"Organization\",\"@id\":\"https:\\\/\\\/www.eldiario.net\\\/portal\\\/#organization\",\"name\":\"El Diario - Decano de la prensa nacional\",\"url\":\"https:\\\/\\\/www.eldiario.net\\\/portal\\\/\",\"logo\":{\"@type\":\"ImageObject\",\"inLanguage\":\"es\",\"@id\":\"https:\\\/\\\/www.eldiario.net\\\/portal\\\/#\\\/schema\\\/logo\\\/image\\\/\",\"url\":\"https:\\\/\\\/www.eldiario.net\\\/portal\\\/wp-content\\\/uploads\\\/2023\\\/07\\\/logo_ED.jpg\",\"contentUrl\":\"https:\\\/\\\/www.eldiario.net\\\/portal\\\/wp-content\\\/uploads\\\/2023\\\/07\\\/logo_ED.jpg\",\"width\":272,\"height\":52,\"caption\":\"El Diario - Decano de la prensa nacional\"},\"image\":{\"@id\":\"https:\\\/\\\/www.eldiario.net\\\/portal\\\/#\\\/schema\\\/logo\\\/image\\\/\"},\"sameAs\":[\"https:\\\/\\\/www.facebook.com\\\/eldiario.bolivia\\\/\",\"https:\\\/\\\/x.com\\\/eldiario_net\"]},{\"@type\":\"Person\",\"@id\":\"https:\\\/\\\/www.eldiario.net\\\/portal\\\/#\\\/schema\\\/person\\\/f46445640444750d7d753ccd04ae01b7\",\"name\":\"Jeanette\",\"image\":{\"@type\":\"ImageObject\",\"inLanguage\":\"es\",\"@id\":\"https:\\\/\\\/secure.gravatar.com\\\/avatar\\\/3ea2118a5f7dad2b7138b1187a6b7ee55f160b9968b66013c3a3ef39dd7e5798?s=96&d=mm&r=g\",\"url\":\"https:\\\/\\\/secure.gravatar.com\\\/avatar\\\/3ea2118a5f7dad2b7138b1187a6b7ee55f160b9968b66013c3a3ef39dd7e5798?s=96&d=mm&r=g\",\"contentUrl\":\"https:\\\/\\\/secure.gravatar.com\\\/avatar\\\/3ea2118a5f7dad2b7138b1187a6b7ee55f160b9968b66013c3a3ef39dd7e5798?s=96&d=mm&r=g\",\"caption\":\"Jeanette\"},\"sameAs\":[\"https:\\\/\\\/www.eldiario.net\\\/portal\"],\"url\":\"https:\\\/\\\/www.eldiario.net\\\/portal\\\/author\\\/jeanette\\\/\"}]}<\/script>\n<!-- \/ Yoast SEO plugin. -->","yoast_head_json":{"title":"La Selecci\u00f3n Sub-20 inicia el m\u00f3dulo de trabajo hasta el 30 de mayo - El Diario - Bolivia","robots":{"index":"index","follow":"follow","max-snippet":"max-snippet:-1","max-image-preview":"max-image-preview:large","max-video-preview":"max-video-preview:-1"},"canonical":"https:\/\/www.eldiario.net\/portal\/2021\/05\/27\/la-seleccion-sub-20-inicia-el-modulo-de-trabajo-hasta-el-30-de-mayo\/","og_locale":"es_ES","og_type":"article","og_title":"La Selecci\u00f3n Sub-20 inicia el m\u00f3dulo de trabajo hasta el 30 de mayo - El Diario - Bolivia","og_description":"La Selecci\u00f3n boliviana de f\u00fatbol Sub-20 inici\u00f3 ayer un m\u00f3dulo de preparaci\u00f3n. El trabajo del equipo nacional lo dirige Pablo Escobar quien convoc\u00f3 a 19 jugadores que entrenar\u00e1n hasta el 30 de mayo. El cuadro nacional cumplir\u00e1 esta preparaci\u00f3n a orillas del Lago Titicaca (Huarina) en el departamento de La Paz donde tambi\u00e9n concentra la [&hellip;]","og_url":"https:\/\/www.eldiario.net\/portal\/2021\/05\/27\/la-seleccion-sub-20-inicia-el-modulo-de-trabajo-hasta-el-30-de-mayo\/","og_site_name":"El Diario - Bolivia","article_publisher":"https:\/\/www.facebook.com\/eldiario.bolivia\/","article_published_time":"2021-05-27T09:49:00+00:00","author":"Jeanette","twitter_card":"summary_large_image","twitter_creator":"@eldiario_net","twitter_site":"@eldiario_net","twitter_misc":{"Escrito por":"Jeanette","Tiempo de lectura":"2 minutos"},"schema":{"@context":"https:\/\/schema.org","@graph":[{"@type":"Article","@id":"https:\/\/www.eldiario.net\/portal\/2021\/05\/27\/la-seleccion-sub-20-inicia-el-modulo-de-trabajo-hasta-el-30-de-mayo\/#article","isPartOf":{"@id":"https:\/\/www.eldiario.net\/portal\/2021\/05\/27\/la-seleccion-sub-20-inicia-el-modulo-de-trabajo-hasta-el-30-de-mayo\/"},"author":{"name":"Jeanette","@id":"https:\/\/www.eldiario.net\/portal\/#\/schema\/person\/f46445640444750d7d753ccd04ae01b7"},"headline":"La Selecci\u00f3n Sub-20 inicia el m\u00f3dulo de trabajo hasta el 30 de mayo","datePublished":"2021-05-27T09:49:00+00:00","mainEntityOfPage":{"@id":"https:\/\/www.eldiario.net\/portal\/2021\/05\/27\/la-seleccion-sub-20-inicia-el-modulo-de-trabajo-hasta-el-30-de-mayo\/"},"wordCount":343,"publisher":{"@id":"https:\/\/www.eldiario.net\/portal\/#organization"},"image":{"@id":"https:\/\/www.eldiario.net\/portal\/2021\/05\/27\/la-seleccion-sub-20-inicia-el-modulo-de-trabajo-hasta-el-30-de-mayo\/#primaryimage"},"thumbnailUrl":"","articleSection":["Deportes"],"inLanguage":"es"},{"@type":"WebPage","@id":"https:\/\/www.eldiario.net\/portal\/2021\/05\/27\/la-seleccion-sub-20-inicia-el-modulo-de-trabajo-hasta-el-30-de-mayo\/","url":"https:\/\/www.eldiario.net\/portal\/2021\/05\/27\/la-seleccion-sub-20-inicia-el-modulo-de-trabajo-hasta-el-30-de-mayo\/","name":"La Selecci\u00f3n Sub-20 inicia el m\u00f3dulo de trabajo hasta el 30 de mayo - El Diario - Bolivia","isPartOf":{"@id":"https:\/\/www.eldiario.net\/portal\/#website"},"primaryImageOfPage":{"@id":"https:\/\/www.eldiario.net\/portal\/2021\/05\/27\/la-seleccion-sub-20-inicia-el-modulo-de-trabajo-hasta-el-30-de-mayo\/#primaryimage"},"image":{"@id":"https:\/\/www.eldiario.net\/portal\/2021\/05\/27\/la-seleccion-sub-20-inicia-el-modulo-de-trabajo-hasta-el-30-de-mayo\/#primaryimage"},"thumbnailUrl":"","datePublished":"2021-05-27T09:49:00+00:00","breadcrumb":{"@id":"https:\/\/www.eldiario.net\/portal\/2021\/05\/27\/la-seleccion-sub-20-inicia-el-modulo-de-trabajo-hasta-el-30-de-mayo\/#breadcrumb"},"inLanguage":"es","potentialAction":[{"@type":"ReadAction","target":["https:\/\/www.eldiario.net\/portal\/2021\/05\/27\/la-seleccion-sub-20-inicia-el-modulo-de-trabajo-hasta-el-30-de-mayo\/"]}]},{"@type":"ImageObject","inLanguage":"es","@id":"https:\/\/www.eldiario.net\/portal\/2021\/05\/27\/la-seleccion-sub-20-inicia-el-modulo-de-trabajo-hasta-el-30-de-mayo\/#primaryimage","url":"","contentUrl":""},{"@type":"BreadcrumbList","@id":"https:\/\/www.eldiario.net\/portal\/2021\/05\/27\/la-seleccion-sub-20-inicia-el-modulo-de-trabajo-hasta-el-30-de-mayo\/#breadcrumb","itemListElement":[{"@type":"ListItem","position":1,"name":"Portada","item":"https:\/\/www.eldiario.net\/portal\/"},{"@type":"ListItem","position":2,"name":"La Selecci\u00f3n Sub-20 inicia el m\u00f3dulo de trabajo hasta el 30 de mayo"}]},{"@type":"WebSite","@id":"https:\/\/www.eldiario.net\/portal\/#website","url":"https:\/\/www.eldiario.net\/portal\/","name":"El Diario - Decano de la prensa nacional","description":"El Diario - Decano de la prensa nacional","publisher":{"@id":"https:\/\/www.eldiario.net\/portal\/#organization"},"potentialAction":[{"@type":"SearchAction","target":{"@type":"EntryPoint","urlTemplate":"https:\/\/www.eldiario.net\/portal\/?s={search_term_string}"},"query-input":{"@type":"PropertyValueSpecification","valueRequired":true,"valueName":"search_term_string"}}],"inLanguage":"es"},{"@type":"Organization","@id":"https:\/\/www.eldiario.net\/portal\/#organization","name":"El Diario - Decano de la prensa nacional","url":"https:\/\/www.eldiario.net\/portal\/","logo":{"@type":"ImageObject","inLanguage":"es","@id":"https:\/\/www.eldiario.net\/portal\/#\/schema\/logo\/image\/","url":"https:\/\/www.eldiario.net\/portal\/wp-content\/uploads\/2023\/07\/logo_ED.jpg","contentUrl":"https:\/\/www.eldiario.net\/portal\/wp-content\/uploads\/2023\/07\/logo_ED.jpg","width":272,"height":52,"caption":"El Diario - Decano de la prensa nacional"},"image":{"@id":"https:\/\/www.eldiario.net\/portal\/#\/schema\/logo\/image\/"},"sameAs":["https:\/\/www.facebook.com\/eldiario.bolivia\/","https:\/\/x.com\/eldiario_net"]},{"@type":"Person","@id":"https:\/\/www.eldiario.net\/portal\/#\/schema\/person\/f46445640444750d7d753ccd04ae01b7","name":"Jeanette","image":{"@type":"ImageObject","inLanguage":"es","@id":"https:\/\/secure.gravatar.com\/avatar\/3ea2118a5f7dad2b7138b1187a6b7ee55f160b9968b66013c3a3ef39dd7e5798?s=96&d=mm&r=g","url":"https:\/\/secure.gravatar.com\/avatar\/3ea2118a5f7dad2b7138b1187a6b7ee55f160b9968b66013c3a3ef39dd7e5798?s=96&d=mm&r=g","contentUrl":"https:\/\/secure.gravatar.com\/avatar\/3ea2118a5f7dad2b7138b1187a6b7ee55f160b9968b66013c3a3ef39dd7e5798?s=96&d=mm&r=g","caption":"Jeanette"},"sameAs":["https:\/\/www.eldiario.net\/portal"],"url":"https:\/\/www.eldiario.net\/portal\/author\/jeanette\/"}]}},"_links":{"self":[{"href":"https:\/\/www.eldiario.net\/portal\/wp-json\/wp\/v2\/posts\/6578","targetHints":{"allow":["GET"]}}],"collection":[{"href":"https:\/\/www.eldiario.net\/portal\/wp-json\/wp\/v2\/posts"}],"about":[{"href":"https:\/\/www.eldiario.net\/portal\/wp-json\/wp\/v2\/types\/post"}],"author":[{"embeddable":true,"href":"https:\/\/www.eldiario.net\/portal\/wp-json\/wp\/v2\/users\/1"}],"replies":[{"embeddable":true,"href":"https:\/\/www.eldiario.net\/portal\/wp-json\/wp\/v2\/comments?post=6578"}],"version-history":[{"count":0,"href":"https:\/\/www.eldiario.net\/portal\/wp-json\/wp\/v2\/posts\/6578\/revisions"}],"wp:attachment":[{"href":"https:\/\/www.eldiario.net\/portal\/wp-json\/wp\/v2\/media?parent=6578"}],"wp:term":[{"taxonomy":"category","embeddable":true,"href":"https:\/\/www.eldiario.net\/portal\/wp-json\/wp\/v2\/categories?post=6578"},{"taxonomy":"post_tag","embeddable":true,"href":"https:\/\/www.eldiario.net\/portal\/wp-json\/wp\/v2\/tags?post=6578"}],"curies":[{"name":"wp","href":"https:\/\/api.w.org\/{rel}","templated":true}]}}