{"id":6575,"date":"2021-05-27T05:48:07","date_gmt":"2021-05-27T09:48:07","guid":{"rendered":"https:\/\/www.eldiario.net\/portal\/?p=6575"},"modified":"2021-05-27T05:48:07","modified_gmt":"2021-05-27T09:48:07","slug":"always-ready-se-despide-con-empate-y-lamentos","status":"publish","type":"post","link":"https:\/\/www.eldiario.net\/portal\/2021\/05\/27\/always-ready-se-despide-con-empate-y-lamentos\/","title":{"rendered":"Always Ready se despide con empate y lamentos"},"content":{"rendered":"<p>Always Ready qued\u00f3 fuera de la Copa Libertadores y Sudamericana, luego de empatar anoche (0-0) frente al Internacional de Porto Alegre, con lo que se despidi\u00f3 de torneos internacionales con las manos vac\u00edas.<\/p>\n<p>La historia que arranc\u00f3 con mucha ilusi\u00f3n hace un mes, concluy\u00f3 estrepitosamente al solo sumar 7 unidades y una goleada ante Deportivo T\u00e1chira la semana pasada que dejaba casi sin opci\u00f3n de poder acceder a la siguiente fase, tras perder por 7-2. El \u201cmillonario\u201d ten\u00eda un camino, ganar el cual no pudo concretar en un estadio m\u00e1s que complicado y ante un rival que en la Copa tuvo dos derrotas de visita y de local era casi invencible.<\/p>\n<p>Always Ready, en el primer tiempo, se dedic\u00f3 a defender y poder apelar al contraataque para sorprender al due\u00f1o de casa. El cuadro \u201ccolorado\u201d al minuto 9 prob\u00f3 a Carlos Lampe tras un remate de fuera del \u00e1rea de Lindoso que despej\u00f3 el guardameta nacional, minutos m\u00e1s tarde Galhardo sac\u00f3 un remate a quemarropa donde Lampe desvi\u00f3 el esf\u00e9rico. Tras\u00a0 esas acciones de riesgo la visita se cuid\u00f3 m\u00e1s para no tener ingratas sorpresas y solo pudo construir una jugada de peligro entre Vieira y Jorge Flores que meti\u00f3 un centro pero la defensa del Porto Alegre despej\u00f3 sin problema.<\/p>\n<p>Los de la \u201cbanda roja\u201d salieron al segundo tiempo con un poco m\u00e1s de agresividad, ya que la urgencia de ganar era imperiosa porque Olimpia ganaba con holgura al Deportivo T\u00e1chira y quedaba fuera de toda opci\u00f3n de seguir en la Libertadores. La mejor jugada del cotejo fue hilvanada por los alte\u00f1os tras un pase de Marcos Ovejero que pas\u00f3 a John Mosquera que gan\u00f3 a los defensores locales y dispar\u00f3 a media altura pero el portero Lomba rechaz\u00f3 a medias para que sus compa\u00f1eros controlen el bal\u00f3n.<\/p>\n<p>En los \u00faltimos tramos del cotejo Always trat\u00f3 de anotar el gol que le permita seguir en carrera, pero el tanto no lleg\u00f3 y la derrota ante Olimpia por la\u00a0 cuarta fecha en La Paz pes\u00f3 mucho para que el sue\u00f1o copero se desmorone tr\u00e1gicamente.<\/p>\n<p>El grupo termin\u00f3 con Inter de Porto Alegre l\u00edder con 10 puntos, segundo Olimpia con 9 unidades, tercero Deportivo T\u00e1chira con 9 puntos pero con una diferencia de 3 goles en contra y \u00faltimo con 7 Always\u00a0 Ready. (Luis Sandoval).<\/p>\n<p>&nbsp;<\/p>\n<p>&nbsp;<\/p>\n","protected":false},"excerpt":{"rendered":"<p>Always Ready qued\u00f3 fuera de la Copa Libertadores y Sudamericana, luego de empatar anoche (0-0) frente al Internacional de Porto Alegre, con lo que se despidi\u00f3 de torneos internacionales con las manos vac\u00edas. La historia que arranc\u00f3 con mucha ilusi\u00f3n hace un mes, concluy\u00f3 estrepitosamente al solo sumar 7 unidades y una goleada ante Deportivo [&hellip;]<\/p>\n","protected":false},"author":1,"featured_media":6576,"comment_status":"closed","ping_status":"closed","sticky":false,"template":"","format":"standard","meta":{"_acf_changed":false,"footnotes":""},"categories":[6],"tags":[],"class_list":["post-6575","post","type-post","status-publish","format-standard","has-post-thumbnail","category-deportes"],"acf":{"antetitulo":""},"yoast_head":"<!-- This site is optimized with the Yoast SEO plugin v28.3 - https:\/\/yoast.com\/product\/yoast-seo-wordpress\/ -->\n<title>Always Ready se despide con empate y lamentos - El Diario - Bolivia<\/title>\n<meta name=\"robots\" content=\"index, follow, max-snippet:-1, max-image-preview:large, max-video-preview:-1\" \/>\n<link rel=\"canonical\" href=\"https:\/\/www.eldiario.net\/portal\/2021\/05\/27\/always-ready-se-despide-con-empate-y-lamentos\/\" \/>\n<meta property=\"og:locale\" content=\"es_ES\" \/>\n<meta property=\"og:type\" content=\"article\" \/>\n<meta property=\"og:title\" content=\"Always Ready se despide con empate y lamentos - El Diario - Bolivia\" \/>\n<meta property=\"og:description\" content=\"Always Ready qued\u00f3 fuera de la Copa Libertadores y Sudamericana, luego de empatar anoche (0-0) frente al Internacional de Porto Alegre, con lo que se despidi\u00f3 de torneos internacionales con las manos vac\u00edas. La historia que arranc\u00f3 con mucha ilusi\u00f3n hace un mes, concluy\u00f3 estrepitosamente al solo sumar 7 unidades y una goleada ante Deportivo [&hellip;]\" \/>\n<meta property=\"og:url\" content=\"https:\/\/www.eldiario.net\/portal\/2021\/05\/27\/always-ready-se-despide-con-empate-y-lamentos\/\" \/>\n<meta property=\"og:site_name\" content=\"El Diario - Bolivia\" \/>\n<meta property=\"article:publisher\" content=\"https:\/\/www.facebook.com\/eldiario.bolivia\/\" \/>\n<meta property=\"article:published_time\" content=\"2021-05-27T09:48:07+00:00\" \/>\n<meta property=\"og:image\" content=\"https:\/\/www.eldiario.net\/portal\/wp-content\/uploads\/2021\/05\/DEPO-Always-Ready-se-despide.jpg\" \/>\n\t<meta property=\"og:image:width\" content=\"1280\" \/>\n\t<meta property=\"og:image:height\" content=\"853\" \/>\n\t<meta property=\"og:image:type\" content=\"image\/jpeg\" \/>\n<meta name=\"author\" content=\"Jeanette\" \/>\n<meta name=\"twitter:card\" content=\"summary_large_image\" \/>\n<meta name=\"twitter:creator\" content=\"@eldiario_net\" \/>\n<meta name=\"twitter:site\" content=\"@eldiario_net\" \/>\n<meta name=\"twitter:label1\" content=\"Escrito por\" \/>\n\t<meta name=\"twitter:data1\" content=\"Jeanette\" \/>\n\t<meta name=\"twitter:label2\" content=\"Tiempo de lectura\" \/>\n\t<meta name=\"twitter:data2\" content=\"2 minutos\" \/>\n<script type=\"application\/ld+json\" class=\"yoast-schema-graph\">{\"@context\":\"https:\\\/\\\/schema.org\",\"@graph\":[{\"@type\":\"Article\",\"@id\":\"https:\\\/\\\/www.eldiario.net\\\/portal\\\/2021\\\/05\\\/27\\\/always-ready-se-despide-con-empate-y-lamentos\\\/#article\",\"isPartOf\":{\"@id\":\"https:\\\/\\\/www.eldiario.net\\\/portal\\\/2021\\\/05\\\/27\\\/always-ready-se-despide-con-empate-y-lamentos\\\/\"},\"author\":{\"name\":\"Jeanette\",\"@id\":\"https:\\\/\\\/www.eldiario.net\\\/portal\\\/#\\\/schema\\\/person\\\/f46445640444750d7d753ccd04ae01b7\"},\"headline\":\"Always Ready se despide con empate y lamentos\",\"datePublished\":\"2021-05-27T09:48:07+00:00\",\"mainEntityOfPage\":{\"@id\":\"https:\\\/\\\/www.eldiario.net\\\/portal\\\/2021\\\/05\\\/27\\\/always-ready-se-despide-con-empate-y-lamentos\\\/\"},\"wordCount\":407,\"publisher\":{\"@id\":\"https:\\\/\\\/www.eldiario.net\\\/portal\\\/#organization\"},\"image\":{\"@id\":\"https:\\\/\\\/www.eldiario.net\\\/portal\\\/2021\\\/05\\\/27\\\/always-ready-se-despide-con-empate-y-lamentos\\\/#primaryimage\"},\"thumbnailUrl\":\"https:\\\/\\\/www.eldiario.net\\\/portal\\\/wp-content\\\/uploads\\\/2021\\\/05\\\/DEPO-Always-Ready-se-despide.jpg\",\"articleSection\":[\"Deportes\"],\"inLanguage\":\"es\"},{\"@type\":\"WebPage\",\"@id\":\"https:\\\/\\\/www.eldiario.net\\\/portal\\\/2021\\\/05\\\/27\\\/always-ready-se-despide-con-empate-y-lamentos\\\/\",\"url\":\"https:\\\/\\\/www.eldiario.net\\\/portal\\\/2021\\\/05\\\/27\\\/always-ready-se-despide-con-empate-y-lamentos\\\/\",\"name\":\"Always Ready se despide con empate y lamentos - El Diario - Bolivia\",\"isPartOf\":{\"@id\":\"https:\\\/\\\/www.eldiario.net\\\/portal\\\/#website\"},\"primaryImageOfPage\":{\"@id\":\"https:\\\/\\\/www.eldiario.net\\\/portal\\\/2021\\\/05\\\/27\\\/always-ready-se-despide-con-empate-y-lamentos\\\/#primaryimage\"},\"image\":{\"@id\":\"https:\\\/\\\/www.eldiario.net\\\/portal\\\/2021\\\/05\\\/27\\\/always-ready-se-despide-con-empate-y-lamentos\\\/#primaryimage\"},\"thumbnailUrl\":\"https:\\\/\\\/www.eldiario.net\\\/portal\\\/wp-content\\\/uploads\\\/2021\\\/05\\\/DEPO-Always-Ready-se-despide.jpg\",\"datePublished\":\"2021-05-27T09:48:07+00:00\",\"breadcrumb\":{\"@id\":\"https:\\\/\\\/www.eldiario.net\\\/portal\\\/2021\\\/05\\\/27\\\/always-ready-se-despide-con-empate-y-lamentos\\\/#breadcrumb\"},\"inLanguage\":\"es\",\"potentialAction\":[{\"@type\":\"ReadAction\",\"target\":[\"https:\\\/\\\/www.eldiario.net\\\/portal\\\/2021\\\/05\\\/27\\\/always-ready-se-despide-con-empate-y-lamentos\\\/\"]}]},{\"@type\":\"ImageObject\",\"inLanguage\":\"es\",\"@id\":\"https:\\\/\\\/www.eldiario.net\\\/portal\\\/2021\\\/05\\\/27\\\/always-ready-se-despide-con-empate-y-lamentos\\\/#primaryimage\",\"url\":\"https:\\\/\\\/www.eldiario.net\\\/portal\\\/wp-content\\\/uploads\\\/2021\\\/05\\\/DEPO-Always-Ready-se-despide.jpg\",\"contentUrl\":\"https:\\\/\\\/www.eldiario.net\\\/portal\\\/wp-content\\\/uploads\\\/2021\\\/05\\\/DEPO-Always-Ready-se-despide.jpg\",\"width\":1280,\"height\":853},{\"@type\":\"BreadcrumbList\",\"@id\":\"https:\\\/\\\/www.eldiario.net\\\/portal\\\/2021\\\/05\\\/27\\\/always-ready-se-despide-con-empate-y-lamentos\\\/#breadcrumb\",\"itemListElement\":[{\"@type\":\"ListItem\",\"position\":1,\"name\":\"Portada\",\"item\":\"https:\\\/\\\/www.eldiario.net\\\/portal\\\/\"},{\"@type\":\"ListItem\",\"position\":2,\"name\":\"Always Ready se despide con empate y lamentos\"}]},{\"@type\":\"WebSite\",\"@id\":\"https:\\\/\\\/www.eldiario.net\\\/portal\\\/#website\",\"url\":\"https:\\\/\\\/www.eldiario.net\\\/portal\\\/\",\"name\":\"El Diario - Decano de la prensa nacional\",\"description\":\"El Diario - Decano de la prensa nacional\",\"publisher\":{\"@id\":\"https:\\\/\\\/www.eldiario.net\\\/portal\\\/#organization\"},\"potentialAction\":[{\"@type\":\"SearchAction\",\"target\":{\"@type\":\"EntryPoint\",\"urlTemplate\":\"https:\\\/\\\/www.eldiario.net\\\/portal\\\/?s={search_term_string}\"},\"query-input\":{\"@type\":\"PropertyValueSpecification\",\"valueRequired\":true,\"valueName\":\"search_term_string\"}}],\"inLanguage\":\"es\"},{\"@type\":\"Organization\",\"@id\":\"https:\\\/\\\/www.eldiario.net\\\/portal\\\/#organization\",\"name\":\"El Diario - Decano de la prensa nacional\",\"url\":\"https:\\\/\\\/www.eldiario.net\\\/portal\\\/\",\"logo\":{\"@type\":\"ImageObject\",\"inLanguage\":\"es\",\"@id\":\"https:\\\/\\\/www.eldiario.net\\\/portal\\\/#\\\/schema\\\/logo\\\/image\\\/\",\"url\":\"https:\\\/\\\/www.eldiario.net\\\/portal\\\/wp-content\\\/uploads\\\/2023\\\/07\\\/logo_ED.jpg\",\"contentUrl\":\"https:\\\/\\\/www.eldiario.net\\\/portal\\\/wp-content\\\/uploads\\\/2023\\\/07\\\/logo_ED.jpg\",\"width\":272,\"height\":52,\"caption\":\"El Diario - Decano de la prensa nacional\"},\"image\":{\"@id\":\"https:\\\/\\\/www.eldiario.net\\\/portal\\\/#\\\/schema\\\/logo\\\/image\\\/\"},\"sameAs\":[\"https:\\\/\\\/www.facebook.com\\\/eldiario.bolivia\\\/\",\"https:\\\/\\\/x.com\\\/eldiario_net\"]},{\"@type\":\"Person\",\"@id\":\"https:\\\/\\\/www.eldiario.net\\\/portal\\\/#\\\/schema\\\/person\\\/f46445640444750d7d753ccd04ae01b7\",\"name\":\"Jeanette\",\"image\":{\"@type\":\"ImageObject\",\"inLanguage\":\"es\",\"@id\":\"https:\\\/\\\/secure.gravatar.com\\\/avatar\\\/3ea2118a5f7dad2b7138b1187a6b7ee55f160b9968b66013c3a3ef39dd7e5798?s=96&d=mm&r=g\",\"url\":\"https:\\\/\\\/secure.gravatar.com\\\/avatar\\\/3ea2118a5f7dad2b7138b1187a6b7ee55f160b9968b66013c3a3ef39dd7e5798?s=96&d=mm&r=g\",\"contentUrl\":\"https:\\\/\\\/secure.gravatar.com\\\/avatar\\\/3ea2118a5f7dad2b7138b1187a6b7ee55f160b9968b66013c3a3ef39dd7e5798?s=96&d=mm&r=g\",\"caption\":\"Jeanette\"},\"sameAs\":[\"https:\\\/\\\/www.eldiario.net\\\/portal\"],\"url\":\"https:\\\/\\\/www.eldiario.net\\\/portal\\\/author\\\/jeanette\\\/\"}]}<\/script>\n<!-- \/ Yoast SEO plugin. -->","yoast_head_json":{"title":"Always Ready se despide con empate y lamentos - El Diario - Bolivia","robots":{"index":"index","follow":"follow","max-snippet":"max-snippet:-1","max-image-preview":"max-image-preview:large","max-video-preview":"max-video-preview:-1"},"canonical":"https:\/\/www.eldiario.net\/portal\/2021\/05\/27\/always-ready-se-despide-con-empate-y-lamentos\/","og_locale":"es_ES","og_type":"article","og_title":"Always Ready se despide con empate y lamentos - El Diario - Bolivia","og_description":"Always Ready qued\u00f3 fuera de la Copa Libertadores y Sudamericana, luego de empatar anoche (0-0) frente al Internacional de Porto Alegre, con lo que se despidi\u00f3 de torneos internacionales con las manos vac\u00edas. La historia que arranc\u00f3 con mucha ilusi\u00f3n hace un mes, concluy\u00f3 estrepitosamente al solo sumar 7 unidades y una goleada ante Deportivo [&hellip;]","og_url":"https:\/\/www.eldiario.net\/portal\/2021\/05\/27\/always-ready-se-despide-con-empate-y-lamentos\/","og_site_name":"El Diario - Bolivia","article_publisher":"https:\/\/www.facebook.com\/eldiario.bolivia\/","article_published_time":"2021-05-27T09:48:07+00:00","og_image":[{"width":1280,"height":853,"url":"https:\/\/www.eldiario.net\/portal\/wp-content\/uploads\/2021\/05\/DEPO-Always-Ready-se-despide.jpg","type":"image\/jpeg"}],"author":"Jeanette","twitter_card":"summary_large_image","twitter_creator":"@eldiario_net","twitter_site":"@eldiario_net","twitter_misc":{"Escrito por":"Jeanette","Tiempo de lectura":"2 minutos"},"schema":{"@context":"https:\/\/schema.org","@graph":[{"@type":"Article","@id":"https:\/\/www.eldiario.net\/portal\/2021\/05\/27\/always-ready-se-despide-con-empate-y-lamentos\/#article","isPartOf":{"@id":"https:\/\/www.eldiario.net\/portal\/2021\/05\/27\/always-ready-se-despide-con-empate-y-lamentos\/"},"author":{"name":"Jeanette","@id":"https:\/\/www.eldiario.net\/portal\/#\/schema\/person\/f46445640444750d7d753ccd04ae01b7"},"headline":"Always Ready se despide con empate y lamentos","datePublished":"2021-05-27T09:48:07+00:00","mainEntityOfPage":{"@id":"https:\/\/www.eldiario.net\/portal\/2021\/05\/27\/always-ready-se-despide-con-empate-y-lamentos\/"},"wordCount":407,"publisher":{"@id":"https:\/\/www.eldiario.net\/portal\/#organization"},"image":{"@id":"https:\/\/www.eldiario.net\/portal\/2021\/05\/27\/always-ready-se-despide-con-empate-y-lamentos\/#primaryimage"},"thumbnailUrl":"https:\/\/www.eldiario.net\/portal\/wp-content\/uploads\/2021\/05\/DEPO-Always-Ready-se-despide.jpg","articleSection":["Deportes"],"inLanguage":"es"},{"@type":"WebPage","@id":"https:\/\/www.eldiario.net\/portal\/2021\/05\/27\/always-ready-se-despide-con-empate-y-lamentos\/","url":"https:\/\/www.eldiario.net\/portal\/2021\/05\/27\/always-ready-se-despide-con-empate-y-lamentos\/","name":"Always Ready se despide con empate y lamentos - El Diario - Bolivia","isPartOf":{"@id":"https:\/\/www.eldiario.net\/portal\/#website"},"primaryImageOfPage":{"@id":"https:\/\/www.eldiario.net\/portal\/2021\/05\/27\/always-ready-se-despide-con-empate-y-lamentos\/#primaryimage"},"image":{"@id":"https:\/\/www.eldiario.net\/portal\/2021\/05\/27\/always-ready-se-despide-con-empate-y-lamentos\/#primaryimage"},"thumbnailUrl":"https:\/\/www.eldiario.net\/portal\/wp-content\/uploads\/2021\/05\/DEPO-Always-Ready-se-despide.jpg","datePublished":"2021-05-27T09:48:07+00:00","breadcrumb":{"@id":"https:\/\/www.eldiario.net\/portal\/2021\/05\/27\/always-ready-se-despide-con-empate-y-lamentos\/#breadcrumb"},"inLanguage":"es","potentialAction":[{"@type":"ReadAction","target":["https:\/\/www.eldiario.net\/portal\/2021\/05\/27\/always-ready-se-despide-con-empate-y-lamentos\/"]}]},{"@type":"ImageObject","inLanguage":"es","@id":"https:\/\/www.eldiario.net\/portal\/2021\/05\/27\/always-ready-se-despide-con-empate-y-lamentos\/#primaryimage","url":"https:\/\/www.eldiario.net\/portal\/wp-content\/uploads\/2021\/05\/DEPO-Always-Ready-se-despide.jpg","contentUrl":"https:\/\/www.eldiario.net\/portal\/wp-content\/uploads\/2021\/05\/DEPO-Always-Ready-se-despide.jpg","width":1280,"height":853},{"@type":"BreadcrumbList","@id":"https:\/\/www.eldiario.net\/portal\/2021\/05\/27\/always-ready-se-despide-con-empate-y-lamentos\/#breadcrumb","itemListElement":[{"@type":"ListItem","position":1,"name":"Portada","item":"https:\/\/www.eldiario.net\/portal\/"},{"@type":"ListItem","position":2,"name":"Always Ready se despide con empate y lamentos"}]},{"@type":"WebSite","@id":"https:\/\/www.eldiario.net\/portal\/#website","url":"https:\/\/www.eldiario.net\/portal\/","name":"El Diario - Decano de la prensa nacional","description":"El Diario - Decano de la prensa nacional","publisher":{"@id":"https:\/\/www.eldiario.net\/portal\/#organization"},"potentialAction":[{"@type":"SearchAction","target":{"@type":"EntryPoint","urlTemplate":"https:\/\/www.eldiario.net\/portal\/?s={search_term_string}"},"query-input":{"@type":"PropertyValueSpecification","valueRequired":true,"valueName":"search_term_string"}}],"inLanguage":"es"},{"@type":"Organization","@id":"https:\/\/www.eldiario.net\/portal\/#organization","name":"El Diario - Decano de la prensa nacional","url":"https:\/\/www.eldiario.net\/portal\/","logo":{"@type":"ImageObject","inLanguage":"es","@id":"https:\/\/www.eldiario.net\/portal\/#\/schema\/logo\/image\/","url":"https:\/\/www.eldiario.net\/portal\/wp-content\/uploads\/2023\/07\/logo_ED.jpg","contentUrl":"https:\/\/www.eldiario.net\/portal\/wp-content\/uploads\/2023\/07\/logo_ED.jpg","width":272,"height":52,"caption":"El Diario - Decano de la prensa nacional"},"image":{"@id":"https:\/\/www.eldiario.net\/portal\/#\/schema\/logo\/image\/"},"sameAs":["https:\/\/www.facebook.com\/eldiario.bolivia\/","https:\/\/x.com\/eldiario_net"]},{"@type":"Person","@id":"https:\/\/www.eldiario.net\/portal\/#\/schema\/person\/f46445640444750d7d753ccd04ae01b7","name":"Jeanette","image":{"@type":"ImageObject","inLanguage":"es","@id":"https:\/\/secure.gravatar.com\/avatar\/3ea2118a5f7dad2b7138b1187a6b7ee55f160b9968b66013c3a3ef39dd7e5798?s=96&d=mm&r=g","url":"https:\/\/secure.gravatar.com\/avatar\/3ea2118a5f7dad2b7138b1187a6b7ee55f160b9968b66013c3a3ef39dd7e5798?s=96&d=mm&r=g","contentUrl":"https:\/\/secure.gravatar.com\/avatar\/3ea2118a5f7dad2b7138b1187a6b7ee55f160b9968b66013c3a3ef39dd7e5798?s=96&d=mm&r=g","caption":"Jeanette"},"sameAs":["https:\/\/www.eldiario.net\/portal"],"url":"https:\/\/www.eldiario.net\/portal\/author\/jeanette\/"}]}},"_links":{"self":[{"href":"https:\/\/www.eldiario.net\/portal\/wp-json\/wp\/v2\/posts\/6575","targetHints":{"allow":["GET"]}}],"collection":[{"href":"https:\/\/www.eldiario.net\/portal\/wp-json\/wp\/v2\/posts"}],"about":[{"href":"https:\/\/www.eldiario.net\/portal\/wp-json\/wp\/v2\/types\/post"}],"author":[{"embeddable":true,"href":"https:\/\/www.eldiario.net\/portal\/wp-json\/wp\/v2\/users\/1"}],"replies":[{"embeddable":true,"href":"https:\/\/www.eldiario.net\/portal\/wp-json\/wp\/v2\/comments?post=6575"}],"version-history":[{"count":0,"href":"https:\/\/www.eldiario.net\/portal\/wp-json\/wp\/v2\/posts\/6575\/revisions"}],"wp:featuredmedia":[{"embeddable":true,"href":"https:\/\/www.eldiario.net\/portal\/wp-json\/wp\/v2\/media\/6576"}],"wp:attachment":[{"href":"https:\/\/www.eldiario.net\/portal\/wp-json\/wp\/v2\/media?parent=6575"}],"wp:term":[{"taxonomy":"category","embeddable":true,"href":"https:\/\/www.eldiario.net\/portal\/wp-json\/wp\/v2\/categories?post=6575"},{"taxonomy":"post_tag","embeddable":true,"href":"https:\/\/www.eldiario.net\/portal\/wp-json\/wp\/v2\/tags?post=6575"}],"curies":[{"name":"wp","href":"https:\/\/api.w.org\/{rel}","templated":true}]}}