{"id":6572,"date":"2021-05-27T05:46:59","date_gmt":"2021-05-27T09:46:59","guid":{"rendered":"https:\/\/www.eldiario.net\/portal\/?p=6572"},"modified":"2021-05-27T05:46:59","modified_gmt":"2021-05-27T09:46:59","slug":"argentina-da-otro-paso-clave-para-ser-sede-total-de-la-copa-america","status":"publish","type":"post","link":"https:\/\/www.eldiario.net\/portal\/2021\/05\/27\/argentina-da-otro-paso-clave-para-ser-sede-total-de-la-copa-america\/","title":{"rendered":"Argentina da otro paso clave para ser sede total de la Copa Am\u00e9rica"},"content":{"rendered":"<p style=\"line-height: 15.6pt; background: #EDEDED; vertical-align: baseline; margin: 0cm 0cm 7.5pt 0cm;\"><span lang=\"ES-BO\" style=\"font-size: 10.0pt; font-family: 'Arial','sans-serif'; color: #262626; letter-spacing: .1pt;\">El gobierno de Argentina present\u00f3 ayer a la Conmebol un \u00abestricto protocolo\u00bb para recibir la totalidad de los partidos de la Copa Am\u00e9rica 2021, en medio del peor momento de la pandemia del covid-19.\u00a0<\/span><\/p>\n<p style=\"line-height: 15.6pt; background: #EDEDED; vertical-align: baseline; margin: 0cm 0cm 7.5pt 0cm;\"><span lang=\"ES-BO\" style=\"font-size: 10.0pt; font-family: 'Arial','sans-serif'; color: #262626; letter-spacing: .1pt;\">En un encuentro en la residencia oficial de Olivos (periferia norte de Buenos Aires), el presidente Alberto Fern\u00e1ndez y el titular de la Conmebol, Alejandro Dom\u00ednguez, evaluaron \u00ablos aspectos organizativos y log\u00edsticos -con la eventual habilitaci\u00f3n de sedes adicionales- y todo lo concerniente a los protocolos sanitarios\u00bb, indic\u00f3 un comunicado de la Conmebol.<\/span><\/p>\n<p style=\"line-height: 15.6pt; background: #EDEDED; vertical-align: baseline; margin: 0cm 0cm 7.5pt 0cm;\"><span lang=\"ES-BO\" style=\"font-size: 10.0pt; font-family: 'Arial','sans-serif'; color: #262626; letter-spacing: .1pt;\">A menos de tres semanas del inicio de la Copa, previsto para el 13 de junio, a\u00fan se analiza si Argentina est\u00e1 en condiciones sanitarias de recibir la totalidad del torneo, luego de la exclusi\u00f3n de Colombia como coorganizador ante el estallido social con decenas de muertos que vive ese pa\u00eds.<\/span><\/p>\n<p style=\"line-height: 15.6pt; background: #EDEDED; vertical-align: baseline; margin: 0cm 0cm 7.5pt 0cm;\"><span lang=\"ES-BO\" style=\"font-size: 10.0pt; font-family: 'Arial','sans-serif'; color: #262626; letter-spacing: .1pt;\">Representantes de la Conmebol han estado inspeccionando estadios en los \u00faltimos d\u00edas en Argentina para agregar posibles sedes para los partidos originalmente programados en Colombia, entre ellos la final del 10 de julio.<\/span><\/p>\n<p style=\"line-height: 15.6pt; background: #EDEDED; vertical-align: baseline; margin: 0cm 0cm 7.5pt 0cm;\"><span lang=\"ES-BO\" style=\"font-size: 10.0pt; font-family: 'Arial','sans-serif'; color: #262626; letter-spacing: .1pt;\">De todos modos, la realizaci\u00f3n de la Copa Am\u00e9rica \u00aby sus protocolos sanitarios para que se pueda organizar en el pa\u00eds quedar\u00e1 bajo el riguroso estudio de funcionarios del ministerio de Salud de la Rep\u00fablica Argentina\u00bb, advirti\u00f3 la Conmebol.<\/span><\/p>\n<p style=\"line-height: 15.6pt; background: #EDEDED; vertical-align: baseline; margin: 0cm 0cm 7.5pt 0cm;\"><span lang=\"ES-BO\" style=\"font-size: 10.0pt; font-family: 'Arial','sans-serif'; color: #262626; letter-spacing: .1pt;\">Argentina atraviesa un momento sanitario cr\u00edtico con 75.588 muertos por covid-19 y m\u00e1s de 3,6 millones de contagios sobre 45 millones de habitantes.<\/span><\/p>\n<p style=\"line-height: 15.6pt; background: #EDEDED; vertical-align: baseline; margin: 0cm 0cm 7.5pt 0cm;\"><span lang=\"ES-BO\" style=\"font-size: 10.0pt; font-family: 'Arial','sans-serif'; color: #262626; letter-spacing: .1pt;\">Este mi\u00e9rcoles se registraron 35.399 contagios y 532 decesos por covid, inform\u00f3 el Ministerio de Salud.<\/span><\/p>\n<p style=\"line-height: 15.6pt; background: #EDEDED; vertical-align: baseline; margin: 0cm 0cm 7.5pt 0cm;\"><span lang=\"ES-BO\" style=\"font-size: 10.0pt; font-family: 'Arial','sans-serif'; color: #262626; letter-spacing: .1pt;\">El gobierno de Alberto Fern\u00e1ndez apuesta que el confinamiento de 9 d\u00edas que comenz\u00f3 el s\u00e1bado pasado y termina el pr\u00f3ximo domingo permitir\u00e1 frenar la curva de contagios, una de las m\u00e1s altas del mundo en relaci\u00f3n con la cantidad de habitantes.<\/span><\/p>\n<p style=\"line-height: 15.6pt; background: #EDEDED; vertical-align: baseline; margin: 0cm 0cm 7.5pt 0cm;\"><span lang=\"ES-BO\" style=\"font-size: 10.0pt; font-family: 'Arial','sans-serif'; color: #262626; letter-spacing: .1pt;\">\u00a0<\/span><\/p>\n","protected":false},"excerpt":{"rendered":"<p>El gobierno de Argentina present\u00f3 ayer a la Conmebol un \u00abestricto protocolo\u00bb para recibir la totalidad de los partidos de la Copa Am\u00e9rica 2021, en medio del peor momento de la pandemia del covid-19.\u00a0 En un encuentro en la residencia oficial de Olivos (periferia norte de Buenos Aires), el presidente Alberto Fern\u00e1ndez y el titular [&hellip;]<\/p>\n","protected":false},"author":1,"featured_media":6573,"comment_status":"closed","ping_status":"closed","sticky":false,"template":"","format":"standard","meta":{"_acf_changed":false,"footnotes":""},"categories":[6],"tags":[],"class_list":["post-6572","post","type-post","status-publish","format-standard","has-post-thumbnail","category-deportes"],"acf":{"antetitulo":""},"yoast_head":"<!-- This site is optimized with the Yoast SEO plugin v28.3 - https:\/\/yoast.com\/product\/yoast-seo-wordpress\/ -->\n<title>Argentina da otro paso clave para ser sede total de la Copa Am\u00e9rica - El Diario - Bolivia<\/title>\n<meta name=\"robots\" content=\"index, follow, max-snippet:-1, max-image-preview:large, max-video-preview:-1\" \/>\n<link rel=\"canonical\" href=\"https:\/\/www.eldiario.net\/portal\/2021\/05\/27\/argentina-da-otro-paso-clave-para-ser-sede-total-de-la-copa-america\/\" \/>\n<meta property=\"og:locale\" content=\"es_ES\" \/>\n<meta property=\"og:type\" content=\"article\" \/>\n<meta property=\"og:title\" content=\"Argentina da otro paso clave para ser sede total de la Copa Am\u00e9rica - El Diario - Bolivia\" \/>\n<meta property=\"og:description\" content=\"El gobierno de Argentina present\u00f3 ayer a la Conmebol un \u00abestricto protocolo\u00bb para recibir la totalidad de los partidos de la Copa Am\u00e9rica 2021, en medio del peor momento de la pandemia del covid-19.\u00a0 En un encuentro en la residencia oficial de Olivos (periferia norte de Buenos Aires), el presidente Alberto Fern\u00e1ndez y el titular [&hellip;]\" \/>\n<meta property=\"og:url\" content=\"https:\/\/www.eldiario.net\/portal\/2021\/05\/27\/argentina-da-otro-paso-clave-para-ser-sede-total-de-la-copa-america\/\" \/>\n<meta property=\"og:site_name\" content=\"El Diario - Bolivia\" \/>\n<meta property=\"article:publisher\" content=\"https:\/\/www.facebook.com\/eldiario.bolivia\/\" \/>\n<meta property=\"article:published_time\" content=\"2021-05-27T09:46:59+00:00\" \/>\n<meta name=\"author\" content=\"Jeanette\" \/>\n<meta name=\"twitter:card\" content=\"summary_large_image\" \/>\n<meta name=\"twitter:creator\" content=\"@eldiario_net\" \/>\n<meta name=\"twitter:site\" content=\"@eldiario_net\" \/>\n<meta name=\"twitter:label1\" content=\"Escrito por\" \/>\n\t<meta name=\"twitter:data1\" content=\"Jeanette\" \/>\n\t<meta name=\"twitter:label2\" content=\"Tiempo de lectura\" \/>\n\t<meta name=\"twitter:data2\" content=\"2 minutos\" \/>\n<script type=\"application\/ld+json\" class=\"yoast-schema-graph\">{\"@context\":\"https:\\\/\\\/schema.org\",\"@graph\":[{\"@type\":\"Article\",\"@id\":\"https:\\\/\\\/www.eldiario.net\\\/portal\\\/2021\\\/05\\\/27\\\/argentina-da-otro-paso-clave-para-ser-sede-total-de-la-copa-america\\\/#article\",\"isPartOf\":{\"@id\":\"https:\\\/\\\/www.eldiario.net\\\/portal\\\/2021\\\/05\\\/27\\\/argentina-da-otro-paso-clave-para-ser-sede-total-de-la-copa-america\\\/\"},\"author\":{\"name\":\"Jeanette\",\"@id\":\"https:\\\/\\\/www.eldiario.net\\\/portal\\\/#\\\/schema\\\/person\\\/f46445640444750d7d753ccd04ae01b7\"},\"headline\":\"Argentina da otro paso clave para ser sede total de la Copa Am\u00e9rica\",\"datePublished\":\"2021-05-27T09:46:59+00:00\",\"mainEntityOfPage\":{\"@id\":\"https:\\\/\\\/www.eldiario.net\\\/portal\\\/2021\\\/05\\\/27\\\/argentina-da-otro-paso-clave-para-ser-sede-total-de-la-copa-america\\\/\"},\"wordCount\":318,\"publisher\":{\"@id\":\"https:\\\/\\\/www.eldiario.net\\\/portal\\\/#organization\"},\"image\":{\"@id\":\"https:\\\/\\\/www.eldiario.net\\\/portal\\\/2021\\\/05\\\/27\\\/argentina-da-otro-paso-clave-para-ser-sede-total-de-la-copa-america\\\/#primaryimage\"},\"thumbnailUrl\":\"\",\"articleSection\":[\"Deportes\"],\"inLanguage\":\"es\"},{\"@type\":\"WebPage\",\"@id\":\"https:\\\/\\\/www.eldiario.net\\\/portal\\\/2021\\\/05\\\/27\\\/argentina-da-otro-paso-clave-para-ser-sede-total-de-la-copa-america\\\/\",\"url\":\"https:\\\/\\\/www.eldiario.net\\\/portal\\\/2021\\\/05\\\/27\\\/argentina-da-otro-paso-clave-para-ser-sede-total-de-la-copa-america\\\/\",\"name\":\"Argentina da otro paso clave para ser sede total de la Copa Am\u00e9rica - El Diario - Bolivia\",\"isPartOf\":{\"@id\":\"https:\\\/\\\/www.eldiario.net\\\/portal\\\/#website\"},\"primaryImageOfPage\":{\"@id\":\"https:\\\/\\\/www.eldiario.net\\\/portal\\\/2021\\\/05\\\/27\\\/argentina-da-otro-paso-clave-para-ser-sede-total-de-la-copa-america\\\/#primaryimage\"},\"image\":{\"@id\":\"https:\\\/\\\/www.eldiario.net\\\/portal\\\/2021\\\/05\\\/27\\\/argentina-da-otro-paso-clave-para-ser-sede-total-de-la-copa-america\\\/#primaryimage\"},\"thumbnailUrl\":\"\",\"datePublished\":\"2021-05-27T09:46:59+00:00\",\"breadcrumb\":{\"@id\":\"https:\\\/\\\/www.eldiario.net\\\/portal\\\/2021\\\/05\\\/27\\\/argentina-da-otro-paso-clave-para-ser-sede-total-de-la-copa-america\\\/#breadcrumb\"},\"inLanguage\":\"es\",\"potentialAction\":[{\"@type\":\"ReadAction\",\"target\":[\"https:\\\/\\\/www.eldiario.net\\\/portal\\\/2021\\\/05\\\/27\\\/argentina-da-otro-paso-clave-para-ser-sede-total-de-la-copa-america\\\/\"]}]},{\"@type\":\"ImageObject\",\"inLanguage\":\"es\",\"@id\":\"https:\\\/\\\/www.eldiario.net\\\/portal\\\/2021\\\/05\\\/27\\\/argentina-da-otro-paso-clave-para-ser-sede-total-de-la-copa-america\\\/#primaryimage\",\"url\":\"\",\"contentUrl\":\"\"},{\"@type\":\"BreadcrumbList\",\"@id\":\"https:\\\/\\\/www.eldiario.net\\\/portal\\\/2021\\\/05\\\/27\\\/argentina-da-otro-paso-clave-para-ser-sede-total-de-la-copa-america\\\/#breadcrumb\",\"itemListElement\":[{\"@type\":\"ListItem\",\"position\":1,\"name\":\"Portada\",\"item\":\"https:\\\/\\\/www.eldiario.net\\\/portal\\\/\"},{\"@type\":\"ListItem\",\"position\":2,\"name\":\"Argentina da otro paso clave para ser sede total de la Copa Am\u00e9rica\"}]},{\"@type\":\"WebSite\",\"@id\":\"https:\\\/\\\/www.eldiario.net\\\/portal\\\/#website\",\"url\":\"https:\\\/\\\/www.eldiario.net\\\/portal\\\/\",\"name\":\"El Diario - Decano de la prensa nacional\",\"description\":\"El Diario - Decano de la prensa nacional\",\"publisher\":{\"@id\":\"https:\\\/\\\/www.eldiario.net\\\/portal\\\/#organization\"},\"potentialAction\":[{\"@type\":\"SearchAction\",\"target\":{\"@type\":\"EntryPoint\",\"urlTemplate\":\"https:\\\/\\\/www.eldiario.net\\\/portal\\\/?s={search_term_string}\"},\"query-input\":{\"@type\":\"PropertyValueSpecification\",\"valueRequired\":true,\"valueName\":\"search_term_string\"}}],\"inLanguage\":\"es\"},{\"@type\":\"Organization\",\"@id\":\"https:\\\/\\\/www.eldiario.net\\\/portal\\\/#organization\",\"name\":\"El Diario - Decano de la prensa nacional\",\"url\":\"https:\\\/\\\/www.eldiario.net\\\/portal\\\/\",\"logo\":{\"@type\":\"ImageObject\",\"inLanguage\":\"es\",\"@id\":\"https:\\\/\\\/www.eldiario.net\\\/portal\\\/#\\\/schema\\\/logo\\\/image\\\/\",\"url\":\"https:\\\/\\\/www.eldiario.net\\\/portal\\\/wp-content\\\/uploads\\\/2023\\\/07\\\/logo_ED.jpg\",\"contentUrl\":\"https:\\\/\\\/www.eldiario.net\\\/portal\\\/wp-content\\\/uploads\\\/2023\\\/07\\\/logo_ED.jpg\",\"width\":272,\"height\":52,\"caption\":\"El Diario - Decano de la prensa nacional\"},\"image\":{\"@id\":\"https:\\\/\\\/www.eldiario.net\\\/portal\\\/#\\\/schema\\\/logo\\\/image\\\/\"},\"sameAs\":[\"https:\\\/\\\/www.facebook.com\\\/eldiario.bolivia\\\/\",\"https:\\\/\\\/x.com\\\/eldiario_net\"]},{\"@type\":\"Person\",\"@id\":\"https:\\\/\\\/www.eldiario.net\\\/portal\\\/#\\\/schema\\\/person\\\/f46445640444750d7d753ccd04ae01b7\",\"name\":\"Jeanette\",\"image\":{\"@type\":\"ImageObject\",\"inLanguage\":\"es\",\"@id\":\"https:\\\/\\\/secure.gravatar.com\\\/avatar\\\/3ea2118a5f7dad2b7138b1187a6b7ee55f160b9968b66013c3a3ef39dd7e5798?s=96&d=mm&r=g\",\"url\":\"https:\\\/\\\/secure.gravatar.com\\\/avatar\\\/3ea2118a5f7dad2b7138b1187a6b7ee55f160b9968b66013c3a3ef39dd7e5798?s=96&d=mm&r=g\",\"contentUrl\":\"https:\\\/\\\/secure.gravatar.com\\\/avatar\\\/3ea2118a5f7dad2b7138b1187a6b7ee55f160b9968b66013c3a3ef39dd7e5798?s=96&d=mm&r=g\",\"caption\":\"Jeanette\"},\"sameAs\":[\"https:\\\/\\\/www.eldiario.net\\\/portal\"],\"url\":\"https:\\\/\\\/www.eldiario.net\\\/portal\\\/author\\\/jeanette\\\/\"}]}<\/script>\n<!-- \/ Yoast SEO plugin. -->","yoast_head_json":{"title":"Argentina da otro paso clave para ser sede total de la Copa Am\u00e9rica - El Diario - Bolivia","robots":{"index":"index","follow":"follow","max-snippet":"max-snippet:-1","max-image-preview":"max-image-preview:large","max-video-preview":"max-video-preview:-1"},"canonical":"https:\/\/www.eldiario.net\/portal\/2021\/05\/27\/argentina-da-otro-paso-clave-para-ser-sede-total-de-la-copa-america\/","og_locale":"es_ES","og_type":"article","og_title":"Argentina da otro paso clave para ser sede total de la Copa Am\u00e9rica - El Diario - Bolivia","og_description":"El gobierno de Argentina present\u00f3 ayer a la Conmebol un \u00abestricto protocolo\u00bb para recibir la totalidad de los partidos de la Copa Am\u00e9rica 2021, en medio del peor momento de la pandemia del covid-19.\u00a0 En un encuentro en la residencia oficial de Olivos (periferia norte de Buenos Aires), el presidente Alberto Fern\u00e1ndez y el titular [&hellip;]","og_url":"https:\/\/www.eldiario.net\/portal\/2021\/05\/27\/argentina-da-otro-paso-clave-para-ser-sede-total-de-la-copa-america\/","og_site_name":"El Diario - Bolivia","article_publisher":"https:\/\/www.facebook.com\/eldiario.bolivia\/","article_published_time":"2021-05-27T09:46:59+00:00","author":"Jeanette","twitter_card":"summary_large_image","twitter_creator":"@eldiario_net","twitter_site":"@eldiario_net","twitter_misc":{"Escrito por":"Jeanette","Tiempo de lectura":"2 minutos"},"schema":{"@context":"https:\/\/schema.org","@graph":[{"@type":"Article","@id":"https:\/\/www.eldiario.net\/portal\/2021\/05\/27\/argentina-da-otro-paso-clave-para-ser-sede-total-de-la-copa-america\/#article","isPartOf":{"@id":"https:\/\/www.eldiario.net\/portal\/2021\/05\/27\/argentina-da-otro-paso-clave-para-ser-sede-total-de-la-copa-america\/"},"author":{"name":"Jeanette","@id":"https:\/\/www.eldiario.net\/portal\/#\/schema\/person\/f46445640444750d7d753ccd04ae01b7"},"headline":"Argentina da otro paso clave para ser sede total de la Copa Am\u00e9rica","datePublished":"2021-05-27T09:46:59+00:00","mainEntityOfPage":{"@id":"https:\/\/www.eldiario.net\/portal\/2021\/05\/27\/argentina-da-otro-paso-clave-para-ser-sede-total-de-la-copa-america\/"},"wordCount":318,"publisher":{"@id":"https:\/\/www.eldiario.net\/portal\/#organization"},"image":{"@id":"https:\/\/www.eldiario.net\/portal\/2021\/05\/27\/argentina-da-otro-paso-clave-para-ser-sede-total-de-la-copa-america\/#primaryimage"},"thumbnailUrl":"","articleSection":["Deportes"],"inLanguage":"es"},{"@type":"WebPage","@id":"https:\/\/www.eldiario.net\/portal\/2021\/05\/27\/argentina-da-otro-paso-clave-para-ser-sede-total-de-la-copa-america\/","url":"https:\/\/www.eldiario.net\/portal\/2021\/05\/27\/argentina-da-otro-paso-clave-para-ser-sede-total-de-la-copa-america\/","name":"Argentina da otro paso clave para ser sede total de la Copa Am\u00e9rica - El Diario - Bolivia","isPartOf":{"@id":"https:\/\/www.eldiario.net\/portal\/#website"},"primaryImageOfPage":{"@id":"https:\/\/www.eldiario.net\/portal\/2021\/05\/27\/argentina-da-otro-paso-clave-para-ser-sede-total-de-la-copa-america\/#primaryimage"},"image":{"@id":"https:\/\/www.eldiario.net\/portal\/2021\/05\/27\/argentina-da-otro-paso-clave-para-ser-sede-total-de-la-copa-america\/#primaryimage"},"thumbnailUrl":"","datePublished":"2021-05-27T09:46:59+00:00","breadcrumb":{"@id":"https:\/\/www.eldiario.net\/portal\/2021\/05\/27\/argentina-da-otro-paso-clave-para-ser-sede-total-de-la-copa-america\/#breadcrumb"},"inLanguage":"es","potentialAction":[{"@type":"ReadAction","target":["https:\/\/www.eldiario.net\/portal\/2021\/05\/27\/argentina-da-otro-paso-clave-para-ser-sede-total-de-la-copa-america\/"]}]},{"@type":"ImageObject","inLanguage":"es","@id":"https:\/\/www.eldiario.net\/portal\/2021\/05\/27\/argentina-da-otro-paso-clave-para-ser-sede-total-de-la-copa-america\/#primaryimage","url":"","contentUrl":""},{"@type":"BreadcrumbList","@id":"https:\/\/www.eldiario.net\/portal\/2021\/05\/27\/argentina-da-otro-paso-clave-para-ser-sede-total-de-la-copa-america\/#breadcrumb","itemListElement":[{"@type":"ListItem","position":1,"name":"Portada","item":"https:\/\/www.eldiario.net\/portal\/"},{"@type":"ListItem","position":2,"name":"Argentina da otro paso clave para ser sede total de la Copa Am\u00e9rica"}]},{"@type":"WebSite","@id":"https:\/\/www.eldiario.net\/portal\/#website","url":"https:\/\/www.eldiario.net\/portal\/","name":"El Diario - Decano de la prensa nacional","description":"El Diario - Decano de la prensa nacional","publisher":{"@id":"https:\/\/www.eldiario.net\/portal\/#organization"},"potentialAction":[{"@type":"SearchAction","target":{"@type":"EntryPoint","urlTemplate":"https:\/\/www.eldiario.net\/portal\/?s={search_term_string}"},"query-input":{"@type":"PropertyValueSpecification","valueRequired":true,"valueName":"search_term_string"}}],"inLanguage":"es"},{"@type":"Organization","@id":"https:\/\/www.eldiario.net\/portal\/#organization","name":"El Diario - Decano de la prensa nacional","url":"https:\/\/www.eldiario.net\/portal\/","logo":{"@type":"ImageObject","inLanguage":"es","@id":"https:\/\/www.eldiario.net\/portal\/#\/schema\/logo\/image\/","url":"https:\/\/www.eldiario.net\/portal\/wp-content\/uploads\/2023\/07\/logo_ED.jpg","contentUrl":"https:\/\/www.eldiario.net\/portal\/wp-content\/uploads\/2023\/07\/logo_ED.jpg","width":272,"height":52,"caption":"El Diario - Decano de la prensa nacional"},"image":{"@id":"https:\/\/www.eldiario.net\/portal\/#\/schema\/logo\/image\/"},"sameAs":["https:\/\/www.facebook.com\/eldiario.bolivia\/","https:\/\/x.com\/eldiario_net"]},{"@type":"Person","@id":"https:\/\/www.eldiario.net\/portal\/#\/schema\/person\/f46445640444750d7d753ccd04ae01b7","name":"Jeanette","image":{"@type":"ImageObject","inLanguage":"es","@id":"https:\/\/secure.gravatar.com\/avatar\/3ea2118a5f7dad2b7138b1187a6b7ee55f160b9968b66013c3a3ef39dd7e5798?s=96&d=mm&r=g","url":"https:\/\/secure.gravatar.com\/avatar\/3ea2118a5f7dad2b7138b1187a6b7ee55f160b9968b66013c3a3ef39dd7e5798?s=96&d=mm&r=g","contentUrl":"https:\/\/secure.gravatar.com\/avatar\/3ea2118a5f7dad2b7138b1187a6b7ee55f160b9968b66013c3a3ef39dd7e5798?s=96&d=mm&r=g","caption":"Jeanette"},"sameAs":["https:\/\/www.eldiario.net\/portal"],"url":"https:\/\/www.eldiario.net\/portal\/author\/jeanette\/"}]}},"_links":{"self":[{"href":"https:\/\/www.eldiario.net\/portal\/wp-json\/wp\/v2\/posts\/6572","targetHints":{"allow":["GET"]}}],"collection":[{"href":"https:\/\/www.eldiario.net\/portal\/wp-json\/wp\/v2\/posts"}],"about":[{"href":"https:\/\/www.eldiario.net\/portal\/wp-json\/wp\/v2\/types\/post"}],"author":[{"embeddable":true,"href":"https:\/\/www.eldiario.net\/portal\/wp-json\/wp\/v2\/users\/1"}],"replies":[{"embeddable":true,"href":"https:\/\/www.eldiario.net\/portal\/wp-json\/wp\/v2\/comments?post=6572"}],"version-history":[{"count":0,"href":"https:\/\/www.eldiario.net\/portal\/wp-json\/wp\/v2\/posts\/6572\/revisions"}],"wp:attachment":[{"href":"https:\/\/www.eldiario.net\/portal\/wp-json\/wp\/v2\/media?parent=6572"}],"wp:term":[{"taxonomy":"category","embeddable":true,"href":"https:\/\/www.eldiario.net\/portal\/wp-json\/wp\/v2\/categories?post=6572"},{"taxonomy":"post_tag","embeddable":true,"href":"https:\/\/www.eldiario.net\/portal\/wp-json\/wp\/v2\/tags?post=6572"}],"curies":[{"name":"wp","href":"https:\/\/api.w.org\/{rel}","templated":true}]}}