{"id":6560,"date":"2021-05-27T05:43:22","date_gmt":"2021-05-27T09:43:22","guid":{"rendered":"https:\/\/www.eldiario.net\/portal\/?p=6560"},"modified":"2021-05-27T05:43:22","modified_gmt":"2021-05-27T09:43:22","slug":"farias-dio-a-conocer-la-nomina-de-los-26-convocados-para-las-eliminatorias","status":"publish","type":"post","link":"https:\/\/www.eldiario.net\/portal\/2021\/05\/27\/farias-dio-a-conocer-la-nomina-de-los-26-convocados-para-las-eliminatorias\/","title":{"rendered":"Far\u00edas dio a conocer la n\u00f3mina de los 26 convocados para las Eliminatorias"},"content":{"rendered":"<p>El director t\u00e9cnico de la Selecci\u00f3n boliviana de f\u00fatbol, C\u00e9sar Far\u00edas, dio a conocer ayer la n\u00f3mina oficial de los 26 futbolistas convocados para las dos siguientes jornadas por Eliminatorias Sudamericanas rumbo al Mundial de Catar 2022.<\/p>\n<p>La base de la Verde son los clubes pace\u00f1os Bol\u00edvar (aporta con siete futbolistas), The Strongest y Always Ready (ambos con cuatro). Asimismo, \u00a0el jugador de 18 a\u00f1os del Tigre, Jeyson Chura (de 18 a\u00f1os), aparece como la novedad dentro de la lista de Far\u00edas.<\/p>\n<p>La Verde, que se encuentra \u00faltimo en la tabla de posiciones de las Eliminatorias con solo un punto, se medir\u00e1 el jueves 3 de junio ante su par de Venezuela en el estadio Hernando Siles de La Paz; y el martes 8 de junio visitar\u00e1 a Chile en el estadio Nacional de la ciudad de Santiago.<\/p>\n<p>El equipo nacional cumpli\u00f3 ayer su segundo d\u00eda de trabajo con siete futbolistas en el Centro de Alto Rendimiento del Club Always Ready ubicado en el municipio de Huarina a orillas del Lago Titicaca (La Paz).<\/p>\n<p>LOS 26 DE FAR\u00cdAS<\/p>\n<p>Estos son los convocados por C\u00e9sar Far\u00edas. Arqueros: Carlos Lampe (Always Ready), Bruno Rojas y Rub\u00e9n Cordano \u00a0(ambos de Bol\u00edvar).<\/p>\n<p>Defensores: Diego Bejarano (Bol\u00edvar), Oscar Ribera (Blooming), Luis Haqu\u00edn (Deportes Melipilla de Chile), Jairo Quinteros (Bol\u00edvar), Luis Barbosa (Aurora), Adri\u00e1n Jusino (AE Larissas de Grecia), Jos\u00e9 Sagredo (The Strongest) y Jorge Flores (Always Ready).<\/p>\n<p>Centrocampistas: Ramiro Vaca (The Strongest), Erwin Saavedra (Bol\u00edvar), Diego Wayar (The Strongest), Leonel Justiniano (Bol\u00edvar), Erwin Junior S\u00e1nchez (Blooming), Boris C\u00e9spedes (Servette de Suiza), Juan Carlos Arce (Always Ready), Roberto Fern\u00e1ndez (Bol\u00edvar) y Mois\u00e9s Villarroel (Wilstermann).<\/p>\n<p>Delantero: Jeyson Chura (The Strongest), Henry\u00a0 Vaca (Oriente Petrolero), Marcelo Martins (Cruzeiro de Brasil), Rodrigo Ramallo (Always Ready), Jaime Cuellar (SPAL de Italia) y Gilbert \u00c1lvarez (Wilstermann).<\/p>\n","protected":false},"excerpt":{"rendered":"<p>El director t\u00e9cnico de la Selecci\u00f3n boliviana de f\u00fatbol, C\u00e9sar Far\u00edas, dio a conocer ayer la n\u00f3mina oficial de los 26 futbolistas convocados para las dos siguientes jornadas por Eliminatorias Sudamericanas rumbo al Mundial de Catar 2022. La base de la Verde son los clubes pace\u00f1os Bol\u00edvar (aporta con siete futbolistas), The Strongest y Always [&hellip;]<\/p>\n","protected":false},"author":1,"featured_media":6561,"comment_status":"closed","ping_status":"closed","sticky":false,"template":"","format":"standard","meta":{"_acf_changed":false,"footnotes":""},"categories":[6],"tags":[],"class_list":["post-6560","post","type-post","status-publish","format-standard","has-post-thumbnail","category-deportes"],"acf":{"antetitulo":""},"yoast_head":"<!-- This site is optimized with the Yoast SEO plugin v28.3 - https:\/\/yoast.com\/product\/yoast-seo-wordpress\/ -->\n<title>Far\u00edas dio a conocer la n\u00f3mina de los 26 convocados para las Eliminatorias - El Diario - Bolivia<\/title>\n<meta name=\"robots\" content=\"index, follow, max-snippet:-1, max-image-preview:large, max-video-preview:-1\" \/>\n<link rel=\"canonical\" href=\"https:\/\/www.eldiario.net\/portal\/2021\/05\/27\/farias-dio-a-conocer-la-nomina-de-los-26-convocados-para-las-eliminatorias\/\" \/>\n<meta property=\"og:locale\" content=\"es_ES\" \/>\n<meta property=\"og:type\" content=\"article\" \/>\n<meta property=\"og:title\" content=\"Far\u00edas dio a conocer la n\u00f3mina de los 26 convocados para las Eliminatorias - El Diario - Bolivia\" \/>\n<meta property=\"og:description\" content=\"El director t\u00e9cnico de la Selecci\u00f3n boliviana de f\u00fatbol, C\u00e9sar Far\u00edas, dio a conocer ayer la n\u00f3mina oficial de los 26 futbolistas convocados para las dos siguientes jornadas por Eliminatorias Sudamericanas rumbo al Mundial de Catar 2022. La base de la Verde son los clubes pace\u00f1os Bol\u00edvar (aporta con siete futbolistas), The Strongest y Always [&hellip;]\" \/>\n<meta property=\"og:url\" content=\"https:\/\/www.eldiario.net\/portal\/2021\/05\/27\/farias-dio-a-conocer-la-nomina-de-los-26-convocados-para-las-eliminatorias\/\" \/>\n<meta property=\"og:site_name\" content=\"El Diario - Bolivia\" \/>\n<meta property=\"article:publisher\" content=\"https:\/\/www.facebook.com\/eldiario.bolivia\/\" \/>\n<meta property=\"article:published_time\" content=\"2021-05-27T09:43:22+00:00\" \/>\n<meta property=\"og:image\" content=\"https:\/\/www.eldiario.net\/portal\/wp-content\/uploads\/2021\/05\/DEPO-Farias-dio-a-conocer-la-nomina.jpg\" \/>\n\t<meta property=\"og:image:width\" content=\"950\" \/>\n\t<meta property=\"og:image:height\" content=\"475\" \/>\n\t<meta property=\"og:image:type\" content=\"image\/jpeg\" \/>\n<meta name=\"author\" content=\"Jeanette\" \/>\n<meta name=\"twitter:card\" content=\"summary_large_image\" \/>\n<meta name=\"twitter:creator\" content=\"@eldiario_net\" \/>\n<meta name=\"twitter:site\" content=\"@eldiario_net\" \/>\n<meta name=\"twitter:label1\" content=\"Escrito por\" \/>\n\t<meta name=\"twitter:data1\" content=\"Jeanette\" \/>\n\t<meta name=\"twitter:label2\" content=\"Tiempo de lectura\" \/>\n\t<meta name=\"twitter:data2\" content=\"2 minutos\" \/>\n<script type=\"application\/ld+json\" class=\"yoast-schema-graph\">{\"@context\":\"https:\\\/\\\/schema.org\",\"@graph\":[{\"@type\":\"Article\",\"@id\":\"https:\\\/\\\/www.eldiario.net\\\/portal\\\/2021\\\/05\\\/27\\\/farias-dio-a-conocer-la-nomina-de-los-26-convocados-para-las-eliminatorias\\\/#article\",\"isPartOf\":{\"@id\":\"https:\\\/\\\/www.eldiario.net\\\/portal\\\/2021\\\/05\\\/27\\\/farias-dio-a-conocer-la-nomina-de-los-26-convocados-para-las-eliminatorias\\\/\"},\"author\":{\"name\":\"Jeanette\",\"@id\":\"https:\\\/\\\/www.eldiario.net\\\/portal\\\/#\\\/schema\\\/person\\\/f46445640444750d7d753ccd04ae01b7\"},\"headline\":\"Far\u00edas dio a conocer la n\u00f3mina de los 26 convocados para las Eliminatorias\",\"datePublished\":\"2021-05-27T09:43:22+00:00\",\"mainEntityOfPage\":{\"@id\":\"https:\\\/\\\/www.eldiario.net\\\/portal\\\/2021\\\/05\\\/27\\\/farias-dio-a-conocer-la-nomina-de-los-26-convocados-para-las-eliminatorias\\\/\"},\"wordCount\":330,\"publisher\":{\"@id\":\"https:\\\/\\\/www.eldiario.net\\\/portal\\\/#organization\"},\"image\":{\"@id\":\"https:\\\/\\\/www.eldiario.net\\\/portal\\\/2021\\\/05\\\/27\\\/farias-dio-a-conocer-la-nomina-de-los-26-convocados-para-las-eliminatorias\\\/#primaryimage\"},\"thumbnailUrl\":\"https:\\\/\\\/www.eldiario.net\\\/portal\\\/wp-content\\\/uploads\\\/2021\\\/05\\\/DEPO-Farias-dio-a-conocer-la-nomina.jpg\",\"articleSection\":[\"Deportes\"],\"inLanguage\":\"es\"},{\"@type\":\"WebPage\",\"@id\":\"https:\\\/\\\/www.eldiario.net\\\/portal\\\/2021\\\/05\\\/27\\\/farias-dio-a-conocer-la-nomina-de-los-26-convocados-para-las-eliminatorias\\\/\",\"url\":\"https:\\\/\\\/www.eldiario.net\\\/portal\\\/2021\\\/05\\\/27\\\/farias-dio-a-conocer-la-nomina-de-los-26-convocados-para-las-eliminatorias\\\/\",\"name\":\"Far\u00edas dio a conocer la n\u00f3mina de los 26 convocados para las Eliminatorias - El Diario - Bolivia\",\"isPartOf\":{\"@id\":\"https:\\\/\\\/www.eldiario.net\\\/portal\\\/#website\"},\"primaryImageOfPage\":{\"@id\":\"https:\\\/\\\/www.eldiario.net\\\/portal\\\/2021\\\/05\\\/27\\\/farias-dio-a-conocer-la-nomina-de-los-26-convocados-para-las-eliminatorias\\\/#primaryimage\"},\"image\":{\"@id\":\"https:\\\/\\\/www.eldiario.net\\\/portal\\\/2021\\\/05\\\/27\\\/farias-dio-a-conocer-la-nomina-de-los-26-convocados-para-las-eliminatorias\\\/#primaryimage\"},\"thumbnailUrl\":\"https:\\\/\\\/www.eldiario.net\\\/portal\\\/wp-content\\\/uploads\\\/2021\\\/05\\\/DEPO-Farias-dio-a-conocer-la-nomina.jpg\",\"datePublished\":\"2021-05-27T09:43:22+00:00\",\"breadcrumb\":{\"@id\":\"https:\\\/\\\/www.eldiario.net\\\/portal\\\/2021\\\/05\\\/27\\\/farias-dio-a-conocer-la-nomina-de-los-26-convocados-para-las-eliminatorias\\\/#breadcrumb\"},\"inLanguage\":\"es\",\"potentialAction\":[{\"@type\":\"ReadAction\",\"target\":[\"https:\\\/\\\/www.eldiario.net\\\/portal\\\/2021\\\/05\\\/27\\\/farias-dio-a-conocer-la-nomina-de-los-26-convocados-para-las-eliminatorias\\\/\"]}]},{\"@type\":\"ImageObject\",\"inLanguage\":\"es\",\"@id\":\"https:\\\/\\\/www.eldiario.net\\\/portal\\\/2021\\\/05\\\/27\\\/farias-dio-a-conocer-la-nomina-de-los-26-convocados-para-las-eliminatorias\\\/#primaryimage\",\"url\":\"https:\\\/\\\/www.eldiario.net\\\/portal\\\/wp-content\\\/uploads\\\/2021\\\/05\\\/DEPO-Farias-dio-a-conocer-la-nomina.jpg\",\"contentUrl\":\"https:\\\/\\\/www.eldiario.net\\\/portal\\\/wp-content\\\/uploads\\\/2021\\\/05\\\/DEPO-Farias-dio-a-conocer-la-nomina.jpg\",\"width\":950,\"height\":475},{\"@type\":\"BreadcrumbList\",\"@id\":\"https:\\\/\\\/www.eldiario.net\\\/portal\\\/2021\\\/05\\\/27\\\/farias-dio-a-conocer-la-nomina-de-los-26-convocados-para-las-eliminatorias\\\/#breadcrumb\",\"itemListElement\":[{\"@type\":\"ListItem\",\"position\":1,\"name\":\"Portada\",\"item\":\"https:\\\/\\\/www.eldiario.net\\\/portal\\\/\"},{\"@type\":\"ListItem\",\"position\":2,\"name\":\"Far\u00edas dio a conocer la n\u00f3mina de los 26 convocados para las Eliminatorias\"}]},{\"@type\":\"WebSite\",\"@id\":\"https:\\\/\\\/www.eldiario.net\\\/portal\\\/#website\",\"url\":\"https:\\\/\\\/www.eldiario.net\\\/portal\\\/\",\"name\":\"El Diario - Decano de la prensa nacional\",\"description\":\"El Diario - Decano de la prensa nacional\",\"publisher\":{\"@id\":\"https:\\\/\\\/www.eldiario.net\\\/portal\\\/#organization\"},\"potentialAction\":[{\"@type\":\"SearchAction\",\"target\":{\"@type\":\"EntryPoint\",\"urlTemplate\":\"https:\\\/\\\/www.eldiario.net\\\/portal\\\/?s={search_term_string}\"},\"query-input\":{\"@type\":\"PropertyValueSpecification\",\"valueRequired\":true,\"valueName\":\"search_term_string\"}}],\"inLanguage\":\"es\"},{\"@type\":\"Organization\",\"@id\":\"https:\\\/\\\/www.eldiario.net\\\/portal\\\/#organization\",\"name\":\"El Diario - Decano de la prensa nacional\",\"url\":\"https:\\\/\\\/www.eldiario.net\\\/portal\\\/\",\"logo\":{\"@type\":\"ImageObject\",\"inLanguage\":\"es\",\"@id\":\"https:\\\/\\\/www.eldiario.net\\\/portal\\\/#\\\/schema\\\/logo\\\/image\\\/\",\"url\":\"https:\\\/\\\/www.eldiario.net\\\/portal\\\/wp-content\\\/uploads\\\/2023\\\/07\\\/logo_ED.jpg\",\"contentUrl\":\"https:\\\/\\\/www.eldiario.net\\\/portal\\\/wp-content\\\/uploads\\\/2023\\\/07\\\/logo_ED.jpg\",\"width\":272,\"height\":52,\"caption\":\"El Diario - Decano de la prensa nacional\"},\"image\":{\"@id\":\"https:\\\/\\\/www.eldiario.net\\\/portal\\\/#\\\/schema\\\/logo\\\/image\\\/\"},\"sameAs\":[\"https:\\\/\\\/www.facebook.com\\\/eldiario.bolivia\\\/\",\"https:\\\/\\\/x.com\\\/eldiario_net\"]},{\"@type\":\"Person\",\"@id\":\"https:\\\/\\\/www.eldiario.net\\\/portal\\\/#\\\/schema\\\/person\\\/f46445640444750d7d753ccd04ae01b7\",\"name\":\"Jeanette\",\"image\":{\"@type\":\"ImageObject\",\"inLanguage\":\"es\",\"@id\":\"https:\\\/\\\/secure.gravatar.com\\\/avatar\\\/3ea2118a5f7dad2b7138b1187a6b7ee55f160b9968b66013c3a3ef39dd7e5798?s=96&d=mm&r=g\",\"url\":\"https:\\\/\\\/secure.gravatar.com\\\/avatar\\\/3ea2118a5f7dad2b7138b1187a6b7ee55f160b9968b66013c3a3ef39dd7e5798?s=96&d=mm&r=g\",\"contentUrl\":\"https:\\\/\\\/secure.gravatar.com\\\/avatar\\\/3ea2118a5f7dad2b7138b1187a6b7ee55f160b9968b66013c3a3ef39dd7e5798?s=96&d=mm&r=g\",\"caption\":\"Jeanette\"},\"sameAs\":[\"https:\\\/\\\/www.eldiario.net\\\/portal\"],\"url\":\"https:\\\/\\\/www.eldiario.net\\\/portal\\\/author\\\/jeanette\\\/\"}]}<\/script>\n<!-- \/ Yoast SEO plugin. -->","yoast_head_json":{"title":"Far\u00edas dio a conocer la n\u00f3mina de los 26 convocados para las Eliminatorias - El Diario - Bolivia","robots":{"index":"index","follow":"follow","max-snippet":"max-snippet:-1","max-image-preview":"max-image-preview:large","max-video-preview":"max-video-preview:-1"},"canonical":"https:\/\/www.eldiario.net\/portal\/2021\/05\/27\/farias-dio-a-conocer-la-nomina-de-los-26-convocados-para-las-eliminatorias\/","og_locale":"es_ES","og_type":"article","og_title":"Far\u00edas dio a conocer la n\u00f3mina de los 26 convocados para las Eliminatorias - El Diario - Bolivia","og_description":"El director t\u00e9cnico de la Selecci\u00f3n boliviana de f\u00fatbol, C\u00e9sar Far\u00edas, dio a conocer ayer la n\u00f3mina oficial de los 26 futbolistas convocados para las dos siguientes jornadas por Eliminatorias Sudamericanas rumbo al Mundial de Catar 2022. La base de la Verde son los clubes pace\u00f1os Bol\u00edvar (aporta con siete futbolistas), The Strongest y Always [&hellip;]","og_url":"https:\/\/www.eldiario.net\/portal\/2021\/05\/27\/farias-dio-a-conocer-la-nomina-de-los-26-convocados-para-las-eliminatorias\/","og_site_name":"El Diario - Bolivia","article_publisher":"https:\/\/www.facebook.com\/eldiario.bolivia\/","article_published_time":"2021-05-27T09:43:22+00:00","og_image":[{"width":950,"height":475,"url":"https:\/\/www.eldiario.net\/portal\/wp-content\/uploads\/2021\/05\/DEPO-Farias-dio-a-conocer-la-nomina.jpg","type":"image\/jpeg"}],"author":"Jeanette","twitter_card":"summary_large_image","twitter_creator":"@eldiario_net","twitter_site":"@eldiario_net","twitter_misc":{"Escrito por":"Jeanette","Tiempo de lectura":"2 minutos"},"schema":{"@context":"https:\/\/schema.org","@graph":[{"@type":"Article","@id":"https:\/\/www.eldiario.net\/portal\/2021\/05\/27\/farias-dio-a-conocer-la-nomina-de-los-26-convocados-para-las-eliminatorias\/#article","isPartOf":{"@id":"https:\/\/www.eldiario.net\/portal\/2021\/05\/27\/farias-dio-a-conocer-la-nomina-de-los-26-convocados-para-las-eliminatorias\/"},"author":{"name":"Jeanette","@id":"https:\/\/www.eldiario.net\/portal\/#\/schema\/person\/f46445640444750d7d753ccd04ae01b7"},"headline":"Far\u00edas dio a conocer la n\u00f3mina de los 26 convocados para las Eliminatorias","datePublished":"2021-05-27T09:43:22+00:00","mainEntityOfPage":{"@id":"https:\/\/www.eldiario.net\/portal\/2021\/05\/27\/farias-dio-a-conocer-la-nomina-de-los-26-convocados-para-las-eliminatorias\/"},"wordCount":330,"publisher":{"@id":"https:\/\/www.eldiario.net\/portal\/#organization"},"image":{"@id":"https:\/\/www.eldiario.net\/portal\/2021\/05\/27\/farias-dio-a-conocer-la-nomina-de-los-26-convocados-para-las-eliminatorias\/#primaryimage"},"thumbnailUrl":"https:\/\/www.eldiario.net\/portal\/wp-content\/uploads\/2021\/05\/DEPO-Farias-dio-a-conocer-la-nomina.jpg","articleSection":["Deportes"],"inLanguage":"es"},{"@type":"WebPage","@id":"https:\/\/www.eldiario.net\/portal\/2021\/05\/27\/farias-dio-a-conocer-la-nomina-de-los-26-convocados-para-las-eliminatorias\/","url":"https:\/\/www.eldiario.net\/portal\/2021\/05\/27\/farias-dio-a-conocer-la-nomina-de-los-26-convocados-para-las-eliminatorias\/","name":"Far\u00edas dio a conocer la n\u00f3mina de los 26 convocados para las Eliminatorias - El Diario - Bolivia","isPartOf":{"@id":"https:\/\/www.eldiario.net\/portal\/#website"},"primaryImageOfPage":{"@id":"https:\/\/www.eldiario.net\/portal\/2021\/05\/27\/farias-dio-a-conocer-la-nomina-de-los-26-convocados-para-las-eliminatorias\/#primaryimage"},"image":{"@id":"https:\/\/www.eldiario.net\/portal\/2021\/05\/27\/farias-dio-a-conocer-la-nomina-de-los-26-convocados-para-las-eliminatorias\/#primaryimage"},"thumbnailUrl":"https:\/\/www.eldiario.net\/portal\/wp-content\/uploads\/2021\/05\/DEPO-Farias-dio-a-conocer-la-nomina.jpg","datePublished":"2021-05-27T09:43:22+00:00","breadcrumb":{"@id":"https:\/\/www.eldiario.net\/portal\/2021\/05\/27\/farias-dio-a-conocer-la-nomina-de-los-26-convocados-para-las-eliminatorias\/#breadcrumb"},"inLanguage":"es","potentialAction":[{"@type":"ReadAction","target":["https:\/\/www.eldiario.net\/portal\/2021\/05\/27\/farias-dio-a-conocer-la-nomina-de-los-26-convocados-para-las-eliminatorias\/"]}]},{"@type":"ImageObject","inLanguage":"es","@id":"https:\/\/www.eldiario.net\/portal\/2021\/05\/27\/farias-dio-a-conocer-la-nomina-de-los-26-convocados-para-las-eliminatorias\/#primaryimage","url":"https:\/\/www.eldiario.net\/portal\/wp-content\/uploads\/2021\/05\/DEPO-Farias-dio-a-conocer-la-nomina.jpg","contentUrl":"https:\/\/www.eldiario.net\/portal\/wp-content\/uploads\/2021\/05\/DEPO-Farias-dio-a-conocer-la-nomina.jpg","width":950,"height":475},{"@type":"BreadcrumbList","@id":"https:\/\/www.eldiario.net\/portal\/2021\/05\/27\/farias-dio-a-conocer-la-nomina-de-los-26-convocados-para-las-eliminatorias\/#breadcrumb","itemListElement":[{"@type":"ListItem","position":1,"name":"Portada","item":"https:\/\/www.eldiario.net\/portal\/"},{"@type":"ListItem","position":2,"name":"Far\u00edas dio a conocer la n\u00f3mina de los 26 convocados para las Eliminatorias"}]},{"@type":"WebSite","@id":"https:\/\/www.eldiario.net\/portal\/#website","url":"https:\/\/www.eldiario.net\/portal\/","name":"El Diario - Decano de la prensa nacional","description":"El Diario - Decano de la prensa nacional","publisher":{"@id":"https:\/\/www.eldiario.net\/portal\/#organization"},"potentialAction":[{"@type":"SearchAction","target":{"@type":"EntryPoint","urlTemplate":"https:\/\/www.eldiario.net\/portal\/?s={search_term_string}"},"query-input":{"@type":"PropertyValueSpecification","valueRequired":true,"valueName":"search_term_string"}}],"inLanguage":"es"},{"@type":"Organization","@id":"https:\/\/www.eldiario.net\/portal\/#organization","name":"El Diario - Decano de la prensa nacional","url":"https:\/\/www.eldiario.net\/portal\/","logo":{"@type":"ImageObject","inLanguage":"es","@id":"https:\/\/www.eldiario.net\/portal\/#\/schema\/logo\/image\/","url":"https:\/\/www.eldiario.net\/portal\/wp-content\/uploads\/2023\/07\/logo_ED.jpg","contentUrl":"https:\/\/www.eldiario.net\/portal\/wp-content\/uploads\/2023\/07\/logo_ED.jpg","width":272,"height":52,"caption":"El Diario - Decano de la prensa nacional"},"image":{"@id":"https:\/\/www.eldiario.net\/portal\/#\/schema\/logo\/image\/"},"sameAs":["https:\/\/www.facebook.com\/eldiario.bolivia\/","https:\/\/x.com\/eldiario_net"]},{"@type":"Person","@id":"https:\/\/www.eldiario.net\/portal\/#\/schema\/person\/f46445640444750d7d753ccd04ae01b7","name":"Jeanette","image":{"@type":"ImageObject","inLanguage":"es","@id":"https:\/\/secure.gravatar.com\/avatar\/3ea2118a5f7dad2b7138b1187a6b7ee55f160b9968b66013c3a3ef39dd7e5798?s=96&d=mm&r=g","url":"https:\/\/secure.gravatar.com\/avatar\/3ea2118a5f7dad2b7138b1187a6b7ee55f160b9968b66013c3a3ef39dd7e5798?s=96&d=mm&r=g","contentUrl":"https:\/\/secure.gravatar.com\/avatar\/3ea2118a5f7dad2b7138b1187a6b7ee55f160b9968b66013c3a3ef39dd7e5798?s=96&d=mm&r=g","caption":"Jeanette"},"sameAs":["https:\/\/www.eldiario.net\/portal"],"url":"https:\/\/www.eldiario.net\/portal\/author\/jeanette\/"}]}},"_links":{"self":[{"href":"https:\/\/www.eldiario.net\/portal\/wp-json\/wp\/v2\/posts\/6560","targetHints":{"allow":["GET"]}}],"collection":[{"href":"https:\/\/www.eldiario.net\/portal\/wp-json\/wp\/v2\/posts"}],"about":[{"href":"https:\/\/www.eldiario.net\/portal\/wp-json\/wp\/v2\/types\/post"}],"author":[{"embeddable":true,"href":"https:\/\/www.eldiario.net\/portal\/wp-json\/wp\/v2\/users\/1"}],"replies":[{"embeddable":true,"href":"https:\/\/www.eldiario.net\/portal\/wp-json\/wp\/v2\/comments?post=6560"}],"version-history":[{"count":0,"href":"https:\/\/www.eldiario.net\/portal\/wp-json\/wp\/v2\/posts\/6560\/revisions"}],"wp:featuredmedia":[{"embeddable":true,"href":"https:\/\/www.eldiario.net\/portal\/wp-json\/wp\/v2\/media\/6561"}],"wp:attachment":[{"href":"https:\/\/www.eldiario.net\/portal\/wp-json\/wp\/v2\/media?parent=6560"}],"wp:term":[{"taxonomy":"category","embeddable":true,"href":"https:\/\/www.eldiario.net\/portal\/wp-json\/wp\/v2\/categories?post=6560"},{"taxonomy":"post_tag","embeddable":true,"href":"https:\/\/www.eldiario.net\/portal\/wp-json\/wp\/v2\/tags?post=6560"}],"curies":[{"name":"wp","href":"https:\/\/api.w.org\/{rel}","templated":true}]}}