{"id":65473,"date":"2022-02-24T05:36:48","date_gmt":"2022-02-24T09:36:48","guid":{"rendered":"https:\/\/www.eldiario.net\/portal\/?p=65473"},"modified":"2022-02-24T05:36:48","modified_gmt":"2022-02-24T09:36:48","slug":"alcaldesa-copa-anuncia-ley-seca-para-carnaval","status":"publish","type":"post","link":"https:\/\/www.eldiario.net\/portal\/2022\/02\/24\/alcaldesa-copa-anuncia-ley-seca-para-carnaval\/","title":{"rendered":"Alcaldesa Copa anuncia  ley seca para Carnaval"},"content":{"rendered":"<p>La alcaldesa de la ciudad de El Alto, Eva Copa, anunci\u00f3 que existe la posibilidad de dictar una ley seca para los d\u00edas del festejo de Carnaval, de esta forma evitar el consumo de bebidas alcoh\u00f3licas, adem\u00e1s de la implementaci\u00f3n estricta de las normas de bioseguridad.<\/p>\n<p>Esta ley podr\u00eda tener una duraci\u00f3n de 10 d\u00edas, lo que significa que en tentaci\u00f3n que suele celebrarse despu\u00e9s de una semana a las fiestas de Carnaval, tambi\u00e9n estar\u00eda implementada esta prohibici\u00f3n, lo que, seg\u00fan la autoridad, dar\u00e1 lugar a la disminuci\u00f3n en el consumo de bebidas alcoh\u00f3licas.<\/p>\n<p>\u201cEstamos analizando la implementaci\u00f3n de todas estas prohibiciones, pero tambi\u00e9n brindaremos todas las condiciones necesarias de salud en aquellas fiestas de carnaval que generalmente se realizan al aire libre, donde enviaremos los carros pulverizadores, de esta forma prevenir la desinfecci\u00f3n necesaria de estos lugares\u201d, manifest\u00f3 la autoridad.<\/p>\n<p>En cuanto a la ley, se dio a conocer que dentro de la prohibici\u00f3n del consumo de bebidas alcoh\u00f3licas, tambi\u00e9n est\u00e1 previsto el decomiso de estos productos a trav\u00e9s de la Intendencia Municipal en coordinaci\u00f3n con la Polic\u00eda Boliviana, tal como se efectu\u00f3 en los d\u00edas de A\u00f1o Nuevo y Navidad.<\/p>\n<p>De acuerdo con la alcaldesa Copa, uno de los principales objetivos de estas prohibiciones y la implementaci\u00f3n de la ley, es que no existan problemas o hechos que causan las bebidas alcoh\u00f3licas y de esta forma las familias alte\u00f1as puedan pasar unos carnavales sin lamentaciones.<\/p>\n<p>\u201cNosotros entendemos que son tradiciones que no se pueden cortar de la noche a la ma\u00f1ana, pero tambi\u00e9n tenemos que ser responsables a la hora de tomar decisiones en cuanto al consumo de bebidas alcoh\u00f3licas que generalmente trae consecuencias y problemas en la familia, es por eso que se est\u00e1 tomando estas decisiones\u201d, explic\u00f3 la alcaldesa Copa.<\/p>\n<p>En cuanto al cumplimiento de las normas de bioseguridad, de la misma manera se deben cumplir de la manera m\u00e1s estricta, porque son d\u00edas donde no se pueden evitar la presencia masiva de personas en lugares donde se festejar\u00e1n los carnavales.<\/p>\n<p>&nbsp;<\/p>\n","protected":false},"excerpt":{"rendered":"<p>La alcaldesa de la ciudad de El Alto, Eva Copa, anunci\u00f3 que existe la posibilidad de dictar una ley seca para los d\u00edas del festejo de Carnaval, de esta forma evitar el consumo de bebidas alcoh\u00f3licas, adem\u00e1s de la implementaci\u00f3n estricta de las normas de bioseguridad. Esta ley podr\u00eda tener una duraci\u00f3n de 10 d\u00edas, [&hellip;]<\/p>\n","protected":false},"author":1,"featured_media":65474,"comment_status":"closed","ping_status":"closed","sticky":false,"template":"","format":"standard","meta":{"_acf_changed":false,"footnotes":""},"categories":[12],"tags":[],"class_list":["post-65473","post","type-post","status-publish","format-standard","has-post-thumbnail","category-nacional"],"acf":{"antetitulo":""},"yoast_head":"<!-- This site is optimized with the Yoast SEO plugin v28.4 - https:\/\/yoast.com\/product\/yoast-seo-wordpress\/ -->\n<title>Alcaldesa Copa anuncia ley seca para Carnaval - El Diario - Bolivia<\/title>\n<meta name=\"robots\" content=\"index, follow, max-snippet:-1, max-image-preview:large, max-video-preview:-1\" \/>\n<link rel=\"canonical\" href=\"https:\/\/www.eldiario.net\/portal\/2022\/02\/24\/alcaldesa-copa-anuncia-ley-seca-para-carnaval\/\" \/>\n<meta property=\"og:locale\" content=\"es_ES\" \/>\n<meta property=\"og:type\" content=\"article\" \/>\n<meta property=\"og:title\" content=\"Alcaldesa Copa anuncia ley seca para Carnaval - El Diario - Bolivia\" \/>\n<meta property=\"og:description\" content=\"La alcaldesa de la ciudad de El Alto, Eva Copa, anunci\u00f3 que existe la posibilidad de dictar una ley seca para los d\u00edas del festejo de Carnaval, de esta forma evitar el consumo de bebidas alcoh\u00f3licas, adem\u00e1s de la implementaci\u00f3n estricta de las normas de bioseguridad. Esta ley podr\u00eda tener una duraci\u00f3n de 10 d\u00edas, [&hellip;]\" \/>\n<meta property=\"og:url\" content=\"https:\/\/www.eldiario.net\/portal\/2022\/02\/24\/alcaldesa-copa-anuncia-ley-seca-para-carnaval\/\" \/>\n<meta property=\"og:site_name\" content=\"El Diario - Bolivia\" \/>\n<meta property=\"article:publisher\" content=\"https:\/\/www.facebook.com\/eldiario.bolivia\/\" \/>\n<meta property=\"article:published_time\" content=\"2022-02-24T09:36:48+00:00\" \/>\n<meta property=\"og:image\" content=\"https:\/\/www.eldiario.net\/portal\/wp-content\/uploads\/2022\/02\/Ley-foto.jpg\" \/>\n\t<meta property=\"og:image:width\" content=\"1000\" \/>\n\t<meta property=\"og:image:height\" content=\"640\" \/>\n\t<meta property=\"og:image:type\" content=\"image\/jpeg\" \/>\n<meta name=\"author\" content=\"Jeanette\" \/>\n<meta name=\"twitter:card\" content=\"summary_large_image\" \/>\n<meta name=\"twitter:creator\" content=\"@eldiario_net\" \/>\n<meta name=\"twitter:site\" content=\"@eldiario_net\" \/>\n<meta name=\"twitter:label1\" content=\"Escrito por\" \/>\n\t<meta name=\"twitter:data1\" content=\"Jeanette\" \/>\n\t<meta name=\"twitter:label2\" content=\"Tiempo de lectura\" \/>\n\t<meta name=\"twitter:data2\" content=\"2 minutos\" \/>\n<script type=\"application\/ld+json\" class=\"yoast-schema-graph\">{\"@context\":\"https:\\\/\\\/schema.org\",\"@graph\":[{\"@type\":\"Article\",\"@id\":\"https:\\\/\\\/www.eldiario.net\\\/portal\\\/2022\\\/02\\\/24\\\/alcaldesa-copa-anuncia-ley-seca-para-carnaval\\\/#article\",\"isPartOf\":{\"@id\":\"https:\\\/\\\/www.eldiario.net\\\/portal\\\/2022\\\/02\\\/24\\\/alcaldesa-copa-anuncia-ley-seca-para-carnaval\\\/\"},\"author\":{\"name\":\"Jeanette\",\"@id\":\"https:\\\/\\\/www.eldiario.net\\\/portal\\\/#\\\/schema\\\/person\\\/2c57cf2b7a7ae032e449e4c9b1019eac\"},\"headline\":\"Alcaldesa Copa anuncia ley seca para Carnaval\",\"datePublished\":\"2022-02-24T09:36:48+00:00\",\"mainEntityOfPage\":{\"@id\":\"https:\\\/\\\/www.eldiario.net\\\/portal\\\/2022\\\/02\\\/24\\\/alcaldesa-copa-anuncia-ley-seca-para-carnaval\\\/\"},\"wordCount\":377,\"publisher\":{\"@id\":\"https:\\\/\\\/www.eldiario.net\\\/portal\\\/#organization\"},\"image\":{\"@id\":\"https:\\\/\\\/www.eldiario.net\\\/portal\\\/2022\\\/02\\\/24\\\/alcaldesa-copa-anuncia-ley-seca-para-carnaval\\\/#primaryimage\"},\"thumbnailUrl\":\"https:\\\/\\\/www.eldiario.net\\\/portal\\\/wp-content\\\/uploads\\\/2022\\\/02\\\/Ley-foto.jpg\",\"articleSection\":[\"Nacional\"],\"inLanguage\":\"es\"},{\"@type\":\"WebPage\",\"@id\":\"https:\\\/\\\/www.eldiario.net\\\/portal\\\/2022\\\/02\\\/24\\\/alcaldesa-copa-anuncia-ley-seca-para-carnaval\\\/\",\"url\":\"https:\\\/\\\/www.eldiario.net\\\/portal\\\/2022\\\/02\\\/24\\\/alcaldesa-copa-anuncia-ley-seca-para-carnaval\\\/\",\"name\":\"Alcaldesa Copa anuncia ley seca para Carnaval - El Diario - Bolivia\",\"isPartOf\":{\"@id\":\"https:\\\/\\\/www.eldiario.net\\\/portal\\\/#website\"},\"primaryImageOfPage\":{\"@id\":\"https:\\\/\\\/www.eldiario.net\\\/portal\\\/2022\\\/02\\\/24\\\/alcaldesa-copa-anuncia-ley-seca-para-carnaval\\\/#primaryimage\"},\"image\":{\"@id\":\"https:\\\/\\\/www.eldiario.net\\\/portal\\\/2022\\\/02\\\/24\\\/alcaldesa-copa-anuncia-ley-seca-para-carnaval\\\/#primaryimage\"},\"thumbnailUrl\":\"https:\\\/\\\/www.eldiario.net\\\/portal\\\/wp-content\\\/uploads\\\/2022\\\/02\\\/Ley-foto.jpg\",\"datePublished\":\"2022-02-24T09:36:48+00:00\",\"breadcrumb\":{\"@id\":\"https:\\\/\\\/www.eldiario.net\\\/portal\\\/2022\\\/02\\\/24\\\/alcaldesa-copa-anuncia-ley-seca-para-carnaval\\\/#breadcrumb\"},\"inLanguage\":\"es\",\"potentialAction\":[{\"@type\":\"ReadAction\",\"target\":[\"https:\\\/\\\/www.eldiario.net\\\/portal\\\/2022\\\/02\\\/24\\\/alcaldesa-copa-anuncia-ley-seca-para-carnaval\\\/\"]}]},{\"@type\":\"ImageObject\",\"inLanguage\":\"es\",\"@id\":\"https:\\\/\\\/www.eldiario.net\\\/portal\\\/2022\\\/02\\\/24\\\/alcaldesa-copa-anuncia-ley-seca-para-carnaval\\\/#primaryimage\",\"url\":\"https:\\\/\\\/www.eldiario.net\\\/portal\\\/wp-content\\\/uploads\\\/2022\\\/02\\\/Ley-foto.jpg\",\"contentUrl\":\"https:\\\/\\\/www.eldiario.net\\\/portal\\\/wp-content\\\/uploads\\\/2022\\\/02\\\/Ley-foto.jpg\",\"width\":1000,\"height\":640,\"caption\":\"Durante el Carnaval, algunos grupos consumen bebidas alcoh\u00f3licas con exceso. Foto: RRSS\"},{\"@type\":\"BreadcrumbList\",\"@id\":\"https:\\\/\\\/www.eldiario.net\\\/portal\\\/2022\\\/02\\\/24\\\/alcaldesa-copa-anuncia-ley-seca-para-carnaval\\\/#breadcrumb\",\"itemListElement\":[{\"@type\":\"ListItem\",\"position\":1,\"name\":\"Portada\",\"item\":\"https:\\\/\\\/www.eldiario.net\\\/portal\\\/\"},{\"@type\":\"ListItem\",\"position\":2,\"name\":\"Alcaldesa Copa anuncia ley seca para Carnaval\"}]},{\"@type\":\"WebSite\",\"@id\":\"https:\\\/\\\/www.eldiario.net\\\/portal\\\/#website\",\"url\":\"https:\\\/\\\/www.eldiario.net\\\/portal\\\/\",\"name\":\"El Diario - Decano de la prensa nacional\",\"description\":\"El Diario - Decano de la prensa nacional\",\"publisher\":{\"@id\":\"https:\\\/\\\/www.eldiario.net\\\/portal\\\/#organization\"},\"potentialAction\":[{\"@type\":\"SearchAction\",\"target\":{\"@type\":\"EntryPoint\",\"urlTemplate\":\"https:\\\/\\\/www.eldiario.net\\\/portal\\\/?s={search_term_string}\"},\"query-input\":{\"@type\":\"PropertyValueSpecification\",\"valueRequired\":true,\"valueName\":\"search_term_string\"}}],\"inLanguage\":\"es\"},{\"@type\":\"Organization\",\"@id\":\"https:\\\/\\\/www.eldiario.net\\\/portal\\\/#organization\",\"name\":\"El Diario - Decano de la prensa nacional\",\"url\":\"https:\\\/\\\/www.eldiario.net\\\/portal\\\/\",\"logo\":{\"@type\":\"ImageObject\",\"inLanguage\":\"es\",\"@id\":\"https:\\\/\\\/www.eldiario.net\\\/portal\\\/#\\\/schema\\\/logo\\\/image\\\/\",\"url\":\"https:\\\/\\\/www.eldiario.net\\\/portal\\\/wp-content\\\/uploads\\\/2023\\\/07\\\/logo_ED.jpg\",\"contentUrl\":\"https:\\\/\\\/www.eldiario.net\\\/portal\\\/wp-content\\\/uploads\\\/2023\\\/07\\\/logo_ED.jpg\",\"width\":272,\"height\":52,\"caption\":\"El Diario - Decano de la prensa nacional\"},\"image\":{\"@id\":\"https:\\\/\\\/www.eldiario.net\\\/portal\\\/#\\\/schema\\\/logo\\\/image\\\/\"},\"sameAs\":[\"https:\\\/\\\/www.facebook.com\\\/eldiario.bolivia\\\/\",\"https:\\\/\\\/x.com\\\/eldiario_net\"]},{\"@type\":\"Person\",\"@id\":\"https:\\\/\\\/www.eldiario.net\\\/portal\\\/#\\\/schema\\\/person\\\/2c57cf2b7a7ae032e449e4c9b1019eac\",\"name\":\"Jeanette\",\"image\":{\"@type\":\"ImageObject\",\"inLanguage\":\"es\",\"@id\":\"https:\\\/\\\/secure.gravatar.com\\\/avatar\\\/3ea2118a5f7dad2b7138b1187a6b7ee55f160b9968b66013c3a3ef39dd7e5798?s=96&d=mm&r=g\",\"url\":\"https:\\\/\\\/secure.gravatar.com\\\/avatar\\\/3ea2118a5f7dad2b7138b1187a6b7ee55f160b9968b66013c3a3ef39dd7e5798?s=96&d=mm&r=g\",\"contentUrl\":\"https:\\\/\\\/secure.gravatar.com\\\/avatar\\\/3ea2118a5f7dad2b7138b1187a6b7ee55f160b9968b66013c3a3ef39dd7e5798?s=96&d=mm&r=g\",\"caption\":\"Jeanette\"},\"sameAs\":[\"https:\\\/\\\/www.eldiario.net\\\/portal\"],\"url\":\"https:\\\/\\\/www.eldiario.net\\\/portal\\\/author\\\/jeanette\\\/\"}]}<\/script>\n<!-- \/ Yoast SEO plugin. -->","yoast_head_json":{"title":"Alcaldesa Copa anuncia ley seca para Carnaval - El Diario - Bolivia","robots":{"index":"index","follow":"follow","max-snippet":"max-snippet:-1","max-image-preview":"max-image-preview:large","max-video-preview":"max-video-preview:-1"},"canonical":"https:\/\/www.eldiario.net\/portal\/2022\/02\/24\/alcaldesa-copa-anuncia-ley-seca-para-carnaval\/","og_locale":"es_ES","og_type":"article","og_title":"Alcaldesa Copa anuncia ley seca para Carnaval - El Diario - Bolivia","og_description":"La alcaldesa de la ciudad de El Alto, Eva Copa, anunci\u00f3 que existe la posibilidad de dictar una ley seca para los d\u00edas del festejo de Carnaval, de esta forma evitar el consumo de bebidas alcoh\u00f3licas, adem\u00e1s de la implementaci\u00f3n estricta de las normas de bioseguridad. Esta ley podr\u00eda tener una duraci\u00f3n de 10 d\u00edas, [&hellip;]","og_url":"https:\/\/www.eldiario.net\/portal\/2022\/02\/24\/alcaldesa-copa-anuncia-ley-seca-para-carnaval\/","og_site_name":"El Diario - Bolivia","article_publisher":"https:\/\/www.facebook.com\/eldiario.bolivia\/","article_published_time":"2022-02-24T09:36:48+00:00","og_image":[{"width":1000,"height":640,"url":"https:\/\/www.eldiario.net\/portal\/wp-content\/uploads\/2022\/02\/Ley-foto.jpg","type":"image\/jpeg"}],"author":"Jeanette","twitter_card":"summary_large_image","twitter_creator":"@eldiario_net","twitter_site":"@eldiario_net","twitter_misc":{"Escrito por":"Jeanette","Tiempo de lectura":"2 minutos"},"schema":{"@context":"https:\/\/schema.org","@graph":[{"@type":"Article","@id":"https:\/\/www.eldiario.net\/portal\/2022\/02\/24\/alcaldesa-copa-anuncia-ley-seca-para-carnaval\/#article","isPartOf":{"@id":"https:\/\/www.eldiario.net\/portal\/2022\/02\/24\/alcaldesa-copa-anuncia-ley-seca-para-carnaval\/"},"author":{"name":"Jeanette","@id":"https:\/\/www.eldiario.net\/portal\/#\/schema\/person\/2c57cf2b7a7ae032e449e4c9b1019eac"},"headline":"Alcaldesa Copa anuncia ley seca para Carnaval","datePublished":"2022-02-24T09:36:48+00:00","mainEntityOfPage":{"@id":"https:\/\/www.eldiario.net\/portal\/2022\/02\/24\/alcaldesa-copa-anuncia-ley-seca-para-carnaval\/"},"wordCount":377,"publisher":{"@id":"https:\/\/www.eldiario.net\/portal\/#organization"},"image":{"@id":"https:\/\/www.eldiario.net\/portal\/2022\/02\/24\/alcaldesa-copa-anuncia-ley-seca-para-carnaval\/#primaryimage"},"thumbnailUrl":"https:\/\/www.eldiario.net\/portal\/wp-content\/uploads\/2022\/02\/Ley-foto.jpg","articleSection":["Nacional"],"inLanguage":"es"},{"@type":"WebPage","@id":"https:\/\/www.eldiario.net\/portal\/2022\/02\/24\/alcaldesa-copa-anuncia-ley-seca-para-carnaval\/","url":"https:\/\/www.eldiario.net\/portal\/2022\/02\/24\/alcaldesa-copa-anuncia-ley-seca-para-carnaval\/","name":"Alcaldesa Copa anuncia ley seca para Carnaval - El Diario - Bolivia","isPartOf":{"@id":"https:\/\/www.eldiario.net\/portal\/#website"},"primaryImageOfPage":{"@id":"https:\/\/www.eldiario.net\/portal\/2022\/02\/24\/alcaldesa-copa-anuncia-ley-seca-para-carnaval\/#primaryimage"},"image":{"@id":"https:\/\/www.eldiario.net\/portal\/2022\/02\/24\/alcaldesa-copa-anuncia-ley-seca-para-carnaval\/#primaryimage"},"thumbnailUrl":"https:\/\/www.eldiario.net\/portal\/wp-content\/uploads\/2022\/02\/Ley-foto.jpg","datePublished":"2022-02-24T09:36:48+00:00","breadcrumb":{"@id":"https:\/\/www.eldiario.net\/portal\/2022\/02\/24\/alcaldesa-copa-anuncia-ley-seca-para-carnaval\/#breadcrumb"},"inLanguage":"es","potentialAction":[{"@type":"ReadAction","target":["https:\/\/www.eldiario.net\/portal\/2022\/02\/24\/alcaldesa-copa-anuncia-ley-seca-para-carnaval\/"]}]},{"@type":"ImageObject","inLanguage":"es","@id":"https:\/\/www.eldiario.net\/portal\/2022\/02\/24\/alcaldesa-copa-anuncia-ley-seca-para-carnaval\/#primaryimage","url":"https:\/\/www.eldiario.net\/portal\/wp-content\/uploads\/2022\/02\/Ley-foto.jpg","contentUrl":"https:\/\/www.eldiario.net\/portal\/wp-content\/uploads\/2022\/02\/Ley-foto.jpg","width":1000,"height":640,"caption":"Durante el Carnaval, algunos grupos consumen bebidas alcoh\u00f3licas con exceso. Foto: RRSS"},{"@type":"BreadcrumbList","@id":"https:\/\/www.eldiario.net\/portal\/2022\/02\/24\/alcaldesa-copa-anuncia-ley-seca-para-carnaval\/#breadcrumb","itemListElement":[{"@type":"ListItem","position":1,"name":"Portada","item":"https:\/\/www.eldiario.net\/portal\/"},{"@type":"ListItem","position":2,"name":"Alcaldesa Copa anuncia ley seca para Carnaval"}]},{"@type":"WebSite","@id":"https:\/\/www.eldiario.net\/portal\/#website","url":"https:\/\/www.eldiario.net\/portal\/","name":"El Diario - Decano de la prensa nacional","description":"El Diario - Decano de la prensa nacional","publisher":{"@id":"https:\/\/www.eldiario.net\/portal\/#organization"},"potentialAction":[{"@type":"SearchAction","target":{"@type":"EntryPoint","urlTemplate":"https:\/\/www.eldiario.net\/portal\/?s={search_term_string}"},"query-input":{"@type":"PropertyValueSpecification","valueRequired":true,"valueName":"search_term_string"}}],"inLanguage":"es"},{"@type":"Organization","@id":"https:\/\/www.eldiario.net\/portal\/#organization","name":"El Diario - Decano de la prensa nacional","url":"https:\/\/www.eldiario.net\/portal\/","logo":{"@type":"ImageObject","inLanguage":"es","@id":"https:\/\/www.eldiario.net\/portal\/#\/schema\/logo\/image\/","url":"https:\/\/www.eldiario.net\/portal\/wp-content\/uploads\/2023\/07\/logo_ED.jpg","contentUrl":"https:\/\/www.eldiario.net\/portal\/wp-content\/uploads\/2023\/07\/logo_ED.jpg","width":272,"height":52,"caption":"El Diario - Decano de la prensa nacional"},"image":{"@id":"https:\/\/www.eldiario.net\/portal\/#\/schema\/logo\/image\/"},"sameAs":["https:\/\/www.facebook.com\/eldiario.bolivia\/","https:\/\/x.com\/eldiario_net"]},{"@type":"Person","@id":"https:\/\/www.eldiario.net\/portal\/#\/schema\/person\/2c57cf2b7a7ae032e449e4c9b1019eac","name":"Jeanette","image":{"@type":"ImageObject","inLanguage":"es","@id":"https:\/\/secure.gravatar.com\/avatar\/3ea2118a5f7dad2b7138b1187a6b7ee55f160b9968b66013c3a3ef39dd7e5798?s=96&d=mm&r=g","url":"https:\/\/secure.gravatar.com\/avatar\/3ea2118a5f7dad2b7138b1187a6b7ee55f160b9968b66013c3a3ef39dd7e5798?s=96&d=mm&r=g","contentUrl":"https:\/\/secure.gravatar.com\/avatar\/3ea2118a5f7dad2b7138b1187a6b7ee55f160b9968b66013c3a3ef39dd7e5798?s=96&d=mm&r=g","caption":"Jeanette"},"sameAs":["https:\/\/www.eldiario.net\/portal"],"url":"https:\/\/www.eldiario.net\/portal\/author\/jeanette\/"}]}},"_links":{"self":[{"href":"https:\/\/www.eldiario.net\/portal\/wp-json\/wp\/v2\/posts\/65473","targetHints":{"allow":["GET"]}}],"collection":[{"href":"https:\/\/www.eldiario.net\/portal\/wp-json\/wp\/v2\/posts"}],"about":[{"href":"https:\/\/www.eldiario.net\/portal\/wp-json\/wp\/v2\/types\/post"}],"author":[{"embeddable":true,"href":"https:\/\/www.eldiario.net\/portal\/wp-json\/wp\/v2\/users\/1"}],"replies":[{"embeddable":true,"href":"https:\/\/www.eldiario.net\/portal\/wp-json\/wp\/v2\/comments?post=65473"}],"version-history":[{"count":0,"href":"https:\/\/www.eldiario.net\/portal\/wp-json\/wp\/v2\/posts\/65473\/revisions"}],"wp:featuredmedia":[{"embeddable":true,"href":"https:\/\/www.eldiario.net\/portal\/wp-json\/wp\/v2\/media\/65474"}],"wp:attachment":[{"href":"https:\/\/www.eldiario.net\/portal\/wp-json\/wp\/v2\/media?parent=65473"}],"wp:term":[{"taxonomy":"category","embeddable":true,"href":"https:\/\/www.eldiario.net\/portal\/wp-json\/wp\/v2\/categories?post=65473"},{"taxonomy":"post_tag","embeddable":true,"href":"https:\/\/www.eldiario.net\/portal\/wp-json\/wp\/v2\/tags?post=65473"}],"curies":[{"name":"wp","href":"https:\/\/api.w.org\/{rel}","templated":true}]}}