{"id":65470,"date":"2022-02-24T05:36:02","date_gmt":"2022-02-24T09:36:02","guid":{"rendered":"https:\/\/www.eldiario.net\/portal\/?p=65470"},"modified":"2022-02-24T05:36:02","modified_gmt":"2022-02-24T09:36:02","slug":"menores-fueron-sepultados-en-cementerio-mercedario","status":"publish","type":"post","link":"https:\/\/www.eldiario.net\/portal\/2022\/02\/24\/menores-fueron-sepultados-en-cementerio-mercedario\/","title":{"rendered":"Menores fueron sepultados en cementerio Mercedario"},"content":{"rendered":"<p>Luego de que los cuerpos de los menores Camila (4) y Mil\u00e1n (8), victimados por su madre en la zona Atipiri del Distrito 8 de la ciudad de El Alto, fueran velados en la casa municipal, han sido enterrados en el cementerio Mercedario del Distrito 4.<\/p>\n<p>La decisi\u00f3n fue tomada por la alcaldesa Eva Copa, toda vez que los familiares de los dos menores son de escasos recursos econ\u00f3micos, adem\u00e1s antes de que sean trasladados a su \u00faltima morada se realiz\u00f3 la misa de cuerpo presente de ambas v\u00edctimas de este hecho, donde familiares, vecinos y el propio padre les dieron el \u00faltimo adi\u00f3s.<\/p>\n<p>La muerte de los menores se registr\u00f3 el pasado lunes en la zona Atipiri en el Distrito 8, luego que vecinos denunciaron que una mujer de 46 a\u00f1os hab\u00eda quitado la vida a sus dos hijos, situaci\u00f3n que constern\u00f3 a la poblaci\u00f3n alte\u00f1a.<\/p>\n<p>Sobre el caso, las investigaciones por parte de la Polic\u00eda se contin\u00faan realizando, para lo cual las autoridades de la Fuerza Especial de Lucha Contra el Crimen (Felcc) asignados al caso se encuentran a la espera que la principal sindicada del hecho pueda salir de la terapia intensiva en el hospital del Norte de la zona de R\u00edo Seco.<\/p>\n<p>Sin embargo, las hip\u00f3tesis que maneja al momento la Polic\u00eda es que la decisi\u00f3n de quitarles la vida por parte de la mujer de 46 a\u00f1os, podr\u00eda haber sido a causa de los problemas econ\u00f3micos que atravesaban al cual se sum\u00f3 las diferencias que supuestamente la progenitora ten\u00eda con el padre de sus hijos.<\/p>\n<p>Una vez en el cementerio de la zona de Mercedario del Distrito municipal 4, muchos de los asistentes entre familiares y vecinos, exigieron a las autoridades que la autora de este hecho sea sancionada con la privaci\u00f3n de libertad m\u00e1s severa y que la justicia se encargue de dictar dicha sentencia.<\/p>\n<p>Por su parte la Defensor\u00eda de la Ni\u00f1ez y la Adolescencia de El Alto (DNA) a cargo de su director Jhonnatan Condori, asegur\u00f3 que se continuar\u00e1 coadyuvando con la Polic\u00eda para que las investigaciones sobre este hecho tengan el resultado que se merece en el tema de la sanci\u00f3n.<\/p>\n<p>&nbsp;<\/p>\n","protected":false},"excerpt":{"rendered":"<p>Luego de que los cuerpos de los menores Camila (4) y Mil\u00e1n (8), victimados por su madre en la zona Atipiri del Distrito 8 de la ciudad de El Alto, fueran velados en la casa municipal, han sido enterrados en el cementerio Mercedario del Distrito 4. La decisi\u00f3n fue tomada por la alcaldesa Eva Copa, [&hellip;]<\/p>\n","protected":false},"author":1,"featured_media":65471,"comment_status":"closed","ping_status":"closed","sticky":false,"template":"","format":"standard","meta":{"_acf_changed":false,"footnotes":""},"categories":[12],"tags":[],"class_list":["post-65470","post","type-post","status-publish","format-standard","has-post-thumbnail","category-nacional"],"acf":{"antetitulo":""},"yoast_head":"<!-- This site is optimized with the Yoast SEO plugin v28.4 - https:\/\/yoast.com\/product\/yoast-seo-wordpress\/ -->\n<title>Menores fueron sepultados en cementerio Mercedario - El Diario - Bolivia<\/title>\n<meta name=\"robots\" content=\"index, follow, max-snippet:-1, max-image-preview:large, max-video-preview:-1\" \/>\n<link rel=\"canonical\" href=\"https:\/\/www.eldiario.net\/portal\/2022\/02\/24\/menores-fueron-sepultados-en-cementerio-mercedario\/\" \/>\n<meta property=\"og:locale\" content=\"es_ES\" \/>\n<meta property=\"og:type\" content=\"article\" \/>\n<meta property=\"og:title\" content=\"Menores fueron sepultados en cementerio Mercedario - El Diario - Bolivia\" \/>\n<meta property=\"og:description\" content=\"Luego de que los cuerpos de los menores Camila (4) y Mil\u00e1n (8), victimados por su madre en la zona Atipiri del Distrito 8 de la ciudad de El Alto, fueran velados en la casa municipal, han sido enterrados en el cementerio Mercedario del Distrito 4. La decisi\u00f3n fue tomada por la alcaldesa Eva Copa, [&hellip;]\" \/>\n<meta property=\"og:url\" content=\"https:\/\/www.eldiario.net\/portal\/2022\/02\/24\/menores-fueron-sepultados-en-cementerio-mercedario\/\" \/>\n<meta property=\"og:site_name\" content=\"El Diario - Bolivia\" \/>\n<meta property=\"article:publisher\" content=\"https:\/\/www.facebook.com\/eldiario.bolivia\/\" \/>\n<meta property=\"article:published_time\" content=\"2022-02-24T09:36:02+00:00\" \/>\n<meta name=\"author\" content=\"Jeanette\" \/>\n<meta name=\"twitter:card\" content=\"summary_large_image\" \/>\n<meta name=\"twitter:creator\" content=\"@eldiario_net\" \/>\n<meta name=\"twitter:site\" content=\"@eldiario_net\" \/>\n<meta name=\"twitter:label1\" content=\"Escrito por\" \/>\n\t<meta name=\"twitter:data1\" content=\"Jeanette\" \/>\n\t<meta name=\"twitter:label2\" content=\"Tiempo de lectura\" \/>\n\t<meta name=\"twitter:data2\" content=\"2 minutos\" \/>\n<script type=\"application\/ld+json\" class=\"yoast-schema-graph\">{\"@context\":\"https:\\\/\\\/schema.org\",\"@graph\":[{\"@type\":\"Article\",\"@id\":\"https:\\\/\\\/www.eldiario.net\\\/portal\\\/2022\\\/02\\\/24\\\/menores-fueron-sepultados-en-cementerio-mercedario\\\/#article\",\"isPartOf\":{\"@id\":\"https:\\\/\\\/www.eldiario.net\\\/portal\\\/2022\\\/02\\\/24\\\/menores-fueron-sepultados-en-cementerio-mercedario\\\/\"},\"author\":{\"name\":\"Jeanette\",\"@id\":\"https:\\\/\\\/www.eldiario.net\\\/portal\\\/#\\\/schema\\\/person\\\/2c57cf2b7a7ae032e449e4c9b1019eac\"},\"headline\":\"Menores fueron sepultados en cementerio Mercedario\",\"datePublished\":\"2022-02-24T09:36:02+00:00\",\"mainEntityOfPage\":{\"@id\":\"https:\\\/\\\/www.eldiario.net\\\/portal\\\/2022\\\/02\\\/24\\\/menores-fueron-sepultados-en-cementerio-mercedario\\\/\"},\"wordCount\":386,\"publisher\":{\"@id\":\"https:\\\/\\\/www.eldiario.net\\\/portal\\\/#organization\"},\"image\":{\"@id\":\"https:\\\/\\\/www.eldiario.net\\\/portal\\\/2022\\\/02\\\/24\\\/menores-fueron-sepultados-en-cementerio-mercedario\\\/#primaryimage\"},\"thumbnailUrl\":\"\",\"articleSection\":[\"Nacional\"],\"inLanguage\":\"es\"},{\"@type\":\"WebPage\",\"@id\":\"https:\\\/\\\/www.eldiario.net\\\/portal\\\/2022\\\/02\\\/24\\\/menores-fueron-sepultados-en-cementerio-mercedario\\\/\",\"url\":\"https:\\\/\\\/www.eldiario.net\\\/portal\\\/2022\\\/02\\\/24\\\/menores-fueron-sepultados-en-cementerio-mercedario\\\/\",\"name\":\"Menores fueron sepultados en cementerio Mercedario - El Diario - Bolivia\",\"isPartOf\":{\"@id\":\"https:\\\/\\\/www.eldiario.net\\\/portal\\\/#website\"},\"primaryImageOfPage\":{\"@id\":\"https:\\\/\\\/www.eldiario.net\\\/portal\\\/2022\\\/02\\\/24\\\/menores-fueron-sepultados-en-cementerio-mercedario\\\/#primaryimage\"},\"image\":{\"@id\":\"https:\\\/\\\/www.eldiario.net\\\/portal\\\/2022\\\/02\\\/24\\\/menores-fueron-sepultados-en-cementerio-mercedario\\\/#primaryimage\"},\"thumbnailUrl\":\"\",\"datePublished\":\"2022-02-24T09:36:02+00:00\",\"breadcrumb\":{\"@id\":\"https:\\\/\\\/www.eldiario.net\\\/portal\\\/2022\\\/02\\\/24\\\/menores-fueron-sepultados-en-cementerio-mercedario\\\/#breadcrumb\"},\"inLanguage\":\"es\",\"potentialAction\":[{\"@type\":\"ReadAction\",\"target\":[\"https:\\\/\\\/www.eldiario.net\\\/portal\\\/2022\\\/02\\\/24\\\/menores-fueron-sepultados-en-cementerio-mercedario\\\/\"]}]},{\"@type\":\"ImageObject\",\"inLanguage\":\"es\",\"@id\":\"https:\\\/\\\/www.eldiario.net\\\/portal\\\/2022\\\/02\\\/24\\\/menores-fueron-sepultados-en-cementerio-mercedario\\\/#primaryimage\",\"url\":\"\",\"contentUrl\":\"\"},{\"@type\":\"BreadcrumbList\",\"@id\":\"https:\\\/\\\/www.eldiario.net\\\/portal\\\/2022\\\/02\\\/24\\\/menores-fueron-sepultados-en-cementerio-mercedario\\\/#breadcrumb\",\"itemListElement\":[{\"@type\":\"ListItem\",\"position\":1,\"name\":\"Portada\",\"item\":\"https:\\\/\\\/www.eldiario.net\\\/portal\\\/\"},{\"@type\":\"ListItem\",\"position\":2,\"name\":\"Menores fueron sepultados en cementerio Mercedario\"}]},{\"@type\":\"WebSite\",\"@id\":\"https:\\\/\\\/www.eldiario.net\\\/portal\\\/#website\",\"url\":\"https:\\\/\\\/www.eldiario.net\\\/portal\\\/\",\"name\":\"El Diario - Decano de la prensa nacional\",\"description\":\"El Diario - Decano de la prensa nacional\",\"publisher\":{\"@id\":\"https:\\\/\\\/www.eldiario.net\\\/portal\\\/#organization\"},\"potentialAction\":[{\"@type\":\"SearchAction\",\"target\":{\"@type\":\"EntryPoint\",\"urlTemplate\":\"https:\\\/\\\/www.eldiario.net\\\/portal\\\/?s={search_term_string}\"},\"query-input\":{\"@type\":\"PropertyValueSpecification\",\"valueRequired\":true,\"valueName\":\"search_term_string\"}}],\"inLanguage\":\"es\"},{\"@type\":\"Organization\",\"@id\":\"https:\\\/\\\/www.eldiario.net\\\/portal\\\/#organization\",\"name\":\"El Diario - Decano de la prensa nacional\",\"url\":\"https:\\\/\\\/www.eldiario.net\\\/portal\\\/\",\"logo\":{\"@type\":\"ImageObject\",\"inLanguage\":\"es\",\"@id\":\"https:\\\/\\\/www.eldiario.net\\\/portal\\\/#\\\/schema\\\/logo\\\/image\\\/\",\"url\":\"https:\\\/\\\/www.eldiario.net\\\/portal\\\/wp-content\\\/uploads\\\/2023\\\/07\\\/logo_ED.jpg\",\"contentUrl\":\"https:\\\/\\\/www.eldiario.net\\\/portal\\\/wp-content\\\/uploads\\\/2023\\\/07\\\/logo_ED.jpg\",\"width\":272,\"height\":52,\"caption\":\"El Diario - Decano de la prensa nacional\"},\"image\":{\"@id\":\"https:\\\/\\\/www.eldiario.net\\\/portal\\\/#\\\/schema\\\/logo\\\/image\\\/\"},\"sameAs\":[\"https:\\\/\\\/www.facebook.com\\\/eldiario.bolivia\\\/\",\"https:\\\/\\\/x.com\\\/eldiario_net\"]},{\"@type\":\"Person\",\"@id\":\"https:\\\/\\\/www.eldiario.net\\\/portal\\\/#\\\/schema\\\/person\\\/2c57cf2b7a7ae032e449e4c9b1019eac\",\"name\":\"Jeanette\",\"image\":{\"@type\":\"ImageObject\",\"inLanguage\":\"es\",\"@id\":\"https:\\\/\\\/secure.gravatar.com\\\/avatar\\\/3ea2118a5f7dad2b7138b1187a6b7ee55f160b9968b66013c3a3ef39dd7e5798?s=96&d=mm&r=g\",\"url\":\"https:\\\/\\\/secure.gravatar.com\\\/avatar\\\/3ea2118a5f7dad2b7138b1187a6b7ee55f160b9968b66013c3a3ef39dd7e5798?s=96&d=mm&r=g\",\"contentUrl\":\"https:\\\/\\\/secure.gravatar.com\\\/avatar\\\/3ea2118a5f7dad2b7138b1187a6b7ee55f160b9968b66013c3a3ef39dd7e5798?s=96&d=mm&r=g\",\"caption\":\"Jeanette\"},\"sameAs\":[\"https:\\\/\\\/www.eldiario.net\\\/portal\"],\"url\":\"https:\\\/\\\/www.eldiario.net\\\/portal\\\/author\\\/jeanette\\\/\"}]}<\/script>\n<!-- \/ Yoast SEO plugin. -->","yoast_head_json":{"title":"Menores fueron sepultados en cementerio Mercedario - El Diario - Bolivia","robots":{"index":"index","follow":"follow","max-snippet":"max-snippet:-1","max-image-preview":"max-image-preview:large","max-video-preview":"max-video-preview:-1"},"canonical":"https:\/\/www.eldiario.net\/portal\/2022\/02\/24\/menores-fueron-sepultados-en-cementerio-mercedario\/","og_locale":"es_ES","og_type":"article","og_title":"Menores fueron sepultados en cementerio Mercedario - El Diario - Bolivia","og_description":"Luego de que los cuerpos de los menores Camila (4) y Mil\u00e1n (8), victimados por su madre en la zona Atipiri del Distrito 8 de la ciudad de El Alto, fueran velados en la casa municipal, han sido enterrados en el cementerio Mercedario del Distrito 4. La decisi\u00f3n fue tomada por la alcaldesa Eva Copa, [&hellip;]","og_url":"https:\/\/www.eldiario.net\/portal\/2022\/02\/24\/menores-fueron-sepultados-en-cementerio-mercedario\/","og_site_name":"El Diario - Bolivia","article_publisher":"https:\/\/www.facebook.com\/eldiario.bolivia\/","article_published_time":"2022-02-24T09:36:02+00:00","author":"Jeanette","twitter_card":"summary_large_image","twitter_creator":"@eldiario_net","twitter_site":"@eldiario_net","twitter_misc":{"Escrito por":"Jeanette","Tiempo de lectura":"2 minutos"},"schema":{"@context":"https:\/\/schema.org","@graph":[{"@type":"Article","@id":"https:\/\/www.eldiario.net\/portal\/2022\/02\/24\/menores-fueron-sepultados-en-cementerio-mercedario\/#article","isPartOf":{"@id":"https:\/\/www.eldiario.net\/portal\/2022\/02\/24\/menores-fueron-sepultados-en-cementerio-mercedario\/"},"author":{"name":"Jeanette","@id":"https:\/\/www.eldiario.net\/portal\/#\/schema\/person\/2c57cf2b7a7ae032e449e4c9b1019eac"},"headline":"Menores fueron sepultados en cementerio Mercedario","datePublished":"2022-02-24T09:36:02+00:00","mainEntityOfPage":{"@id":"https:\/\/www.eldiario.net\/portal\/2022\/02\/24\/menores-fueron-sepultados-en-cementerio-mercedario\/"},"wordCount":386,"publisher":{"@id":"https:\/\/www.eldiario.net\/portal\/#organization"},"image":{"@id":"https:\/\/www.eldiario.net\/portal\/2022\/02\/24\/menores-fueron-sepultados-en-cementerio-mercedario\/#primaryimage"},"thumbnailUrl":"","articleSection":["Nacional"],"inLanguage":"es"},{"@type":"WebPage","@id":"https:\/\/www.eldiario.net\/portal\/2022\/02\/24\/menores-fueron-sepultados-en-cementerio-mercedario\/","url":"https:\/\/www.eldiario.net\/portal\/2022\/02\/24\/menores-fueron-sepultados-en-cementerio-mercedario\/","name":"Menores fueron sepultados en cementerio Mercedario - El Diario - Bolivia","isPartOf":{"@id":"https:\/\/www.eldiario.net\/portal\/#website"},"primaryImageOfPage":{"@id":"https:\/\/www.eldiario.net\/portal\/2022\/02\/24\/menores-fueron-sepultados-en-cementerio-mercedario\/#primaryimage"},"image":{"@id":"https:\/\/www.eldiario.net\/portal\/2022\/02\/24\/menores-fueron-sepultados-en-cementerio-mercedario\/#primaryimage"},"thumbnailUrl":"","datePublished":"2022-02-24T09:36:02+00:00","breadcrumb":{"@id":"https:\/\/www.eldiario.net\/portal\/2022\/02\/24\/menores-fueron-sepultados-en-cementerio-mercedario\/#breadcrumb"},"inLanguage":"es","potentialAction":[{"@type":"ReadAction","target":["https:\/\/www.eldiario.net\/portal\/2022\/02\/24\/menores-fueron-sepultados-en-cementerio-mercedario\/"]}]},{"@type":"ImageObject","inLanguage":"es","@id":"https:\/\/www.eldiario.net\/portal\/2022\/02\/24\/menores-fueron-sepultados-en-cementerio-mercedario\/#primaryimage","url":"","contentUrl":""},{"@type":"BreadcrumbList","@id":"https:\/\/www.eldiario.net\/portal\/2022\/02\/24\/menores-fueron-sepultados-en-cementerio-mercedario\/#breadcrumb","itemListElement":[{"@type":"ListItem","position":1,"name":"Portada","item":"https:\/\/www.eldiario.net\/portal\/"},{"@type":"ListItem","position":2,"name":"Menores fueron sepultados en cementerio Mercedario"}]},{"@type":"WebSite","@id":"https:\/\/www.eldiario.net\/portal\/#website","url":"https:\/\/www.eldiario.net\/portal\/","name":"El Diario - Decano de la prensa nacional","description":"El Diario - Decano de la prensa nacional","publisher":{"@id":"https:\/\/www.eldiario.net\/portal\/#organization"},"potentialAction":[{"@type":"SearchAction","target":{"@type":"EntryPoint","urlTemplate":"https:\/\/www.eldiario.net\/portal\/?s={search_term_string}"},"query-input":{"@type":"PropertyValueSpecification","valueRequired":true,"valueName":"search_term_string"}}],"inLanguage":"es"},{"@type":"Organization","@id":"https:\/\/www.eldiario.net\/portal\/#organization","name":"El Diario - Decano de la prensa nacional","url":"https:\/\/www.eldiario.net\/portal\/","logo":{"@type":"ImageObject","inLanguage":"es","@id":"https:\/\/www.eldiario.net\/portal\/#\/schema\/logo\/image\/","url":"https:\/\/www.eldiario.net\/portal\/wp-content\/uploads\/2023\/07\/logo_ED.jpg","contentUrl":"https:\/\/www.eldiario.net\/portal\/wp-content\/uploads\/2023\/07\/logo_ED.jpg","width":272,"height":52,"caption":"El Diario - Decano de la prensa nacional"},"image":{"@id":"https:\/\/www.eldiario.net\/portal\/#\/schema\/logo\/image\/"},"sameAs":["https:\/\/www.facebook.com\/eldiario.bolivia\/","https:\/\/x.com\/eldiario_net"]},{"@type":"Person","@id":"https:\/\/www.eldiario.net\/portal\/#\/schema\/person\/2c57cf2b7a7ae032e449e4c9b1019eac","name":"Jeanette","image":{"@type":"ImageObject","inLanguage":"es","@id":"https:\/\/secure.gravatar.com\/avatar\/3ea2118a5f7dad2b7138b1187a6b7ee55f160b9968b66013c3a3ef39dd7e5798?s=96&d=mm&r=g","url":"https:\/\/secure.gravatar.com\/avatar\/3ea2118a5f7dad2b7138b1187a6b7ee55f160b9968b66013c3a3ef39dd7e5798?s=96&d=mm&r=g","contentUrl":"https:\/\/secure.gravatar.com\/avatar\/3ea2118a5f7dad2b7138b1187a6b7ee55f160b9968b66013c3a3ef39dd7e5798?s=96&d=mm&r=g","caption":"Jeanette"},"sameAs":["https:\/\/www.eldiario.net\/portal"],"url":"https:\/\/www.eldiario.net\/portal\/author\/jeanette\/"}]}},"_links":{"self":[{"href":"https:\/\/www.eldiario.net\/portal\/wp-json\/wp\/v2\/posts\/65470","targetHints":{"allow":["GET"]}}],"collection":[{"href":"https:\/\/www.eldiario.net\/portal\/wp-json\/wp\/v2\/posts"}],"about":[{"href":"https:\/\/www.eldiario.net\/portal\/wp-json\/wp\/v2\/types\/post"}],"author":[{"embeddable":true,"href":"https:\/\/www.eldiario.net\/portal\/wp-json\/wp\/v2\/users\/1"}],"replies":[{"embeddable":true,"href":"https:\/\/www.eldiario.net\/portal\/wp-json\/wp\/v2\/comments?post=65470"}],"version-history":[{"count":0,"href":"https:\/\/www.eldiario.net\/portal\/wp-json\/wp\/v2\/posts\/65470\/revisions"}],"wp:attachment":[{"href":"https:\/\/www.eldiario.net\/portal\/wp-json\/wp\/v2\/media?parent=65470"}],"wp:term":[{"taxonomy":"category","embeddable":true,"href":"https:\/\/www.eldiario.net\/portal\/wp-json\/wp\/v2\/categories?post=65470"},{"taxonomy":"post_tag","embeddable":true,"href":"https:\/\/www.eldiario.net\/portal\/wp-json\/wp\/v2\/tags?post=65470"}],"curies":[{"name":"wp","href":"https:\/\/api.w.org\/{rel}","templated":true}]}}