{"id":65467,"date":"2022-02-24T05:35:04","date_gmt":"2022-02-24T09:35:04","guid":{"rendered":"https:\/\/www.eldiario.net\/portal\/?p=65467"},"modified":"2022-02-24T05:35:04","modified_gmt":"2022-02-24T09:35:04","slug":"vecinos-del-distrito-12-exigen-edificacion-de-estacion-policial","status":"publish","type":"post","link":"https:\/\/www.eldiario.net\/portal\/2022\/02\/24\/vecinos-del-distrito-12-exigen-edificacion-de-estacion-policial\/","title":{"rendered":"Vecinos del Distrito 12 exigen  edificaci\u00f3n de estaci\u00f3n policial"},"content":{"rendered":"<p>Los vecinos de 63 barrios del Distrito 12 de la ciudad de El Alto, esperan la aprobaci\u00f3n por parte del Concejo Municipal para la construcci\u00f3n de la Estaci\u00f3n Policial Integral (EPI) que tiene un costo de Bs 1.600.000, seg\u00fan el dirigente Oscar Campos.<\/p>\n<p>La preocupaci\u00f3n de los habitantes de este sector de la urbe alte\u00f1a, es que dicha infraestructura deb\u00eda haberse construido hace 10 a\u00f1os atr\u00e1s, pero la negligencia de las autoridades municipales de turno fue la culpable de esta tardanza, en perjuicio de la poblaci\u00f3n.<\/p>\n<p>\u201cTenemos la esperanza de que en estos d\u00edas el Concejo Municipal pueda finalmente aprobar el desembolso del monto econ\u00f3mico que va a posibilitar la construcci\u00f3n de nuestra EPI, que tanta falta nos hace, porque solo de esta manera vamos a poder tener mayor seguridad en nuestros barrios, porque la delincuencia ha proliferado de forma alarmante\u201d, dijo Campos.<\/p>\n<p>De acuerdo con la explicaci\u00f3n del dirigente, dicha infraestructura contar\u00e1 con diferentes instancias policiales como la Fuerza Especial de Lucha Contra el Crimen (Felcc), Fuerza Especial de Lucha Contra la Violencia (Felcv) el grupo GEDRA, entre otros.<\/p>\n<p>Dirigentes y vecinos denuncian que existe negligencia por parte de las autoridades del Legislativo Municipal de El Alto, para poder aprobar este proyecto cuanto antes, porque una larga espera de 10 a\u00f1os ha logrado perjudicar dicha construcci\u00f3n que por su importancia y las caracter\u00edsticas que tiene no solamente ser\u00e1 de utilidad para el Distrito 12, sino para otros barrios.<\/p>\n<p>\u201cEs una construcci\u00f3n que favorecer\u00e1 a muchos habitantes de otros distritos, porque tiene todas las condiciones de infraestructura y ambientes de una edificaci\u00f3n policial moderna, por eso estamos exigiendo sea construida de una vez por todas para que podamos contar con seguridad ciudadana acorde a nuestras necesidades\u201d, explic\u00f3 el dirigente Oscar Campos.<\/p>\n<p>La preocupaci\u00f3n de los 63 barrios con que cuenta el Distrito 12, es que a falta de efectivos policiales, la inseguridad ciudadana ha crecido, por lo que la esperanza de los vecinos es que se cuente con esta infraestructura para tener mayor presencia policial en sus calles.<\/p>\n<p>&nbsp;<\/p>\n","protected":false},"excerpt":{"rendered":"<p>Los vecinos de 63 barrios del Distrito 12 de la ciudad de El Alto, esperan la aprobaci\u00f3n por parte del Concejo Municipal para la construcci\u00f3n de la Estaci\u00f3n Policial Integral (EPI) que tiene un costo de Bs 1.600.000, seg\u00fan el dirigente Oscar Campos. La preocupaci\u00f3n de los habitantes de este sector de la urbe alte\u00f1a, [&hellip;]<\/p>\n","protected":false},"author":1,"featured_media":65468,"comment_status":"closed","ping_status":"closed","sticky":false,"template":"","format":"standard","meta":{"_acf_changed":false,"footnotes":""},"categories":[12],"tags":[],"class_list":["post-65467","post","type-post","status-publish","format-standard","has-post-thumbnail","category-nacional"],"acf":{"antetitulo":""},"yoast_head":"<!-- This site is optimized with the Yoast SEO plugin v28.4 - https:\/\/yoast.com\/product\/yoast-seo-wordpress\/ -->\n<title>Vecinos del Distrito 12 exigen edificaci\u00f3n de estaci\u00f3n policial - El Diario - Bolivia<\/title>\n<meta name=\"robots\" content=\"index, follow, max-snippet:-1, max-image-preview:large, max-video-preview:-1\" \/>\n<link rel=\"canonical\" href=\"https:\/\/www.eldiario.net\/portal\/2022\/02\/24\/vecinos-del-distrito-12-exigen-edificacion-de-estacion-policial\/\" \/>\n<meta property=\"og:locale\" content=\"es_ES\" \/>\n<meta property=\"og:type\" content=\"article\" \/>\n<meta property=\"og:title\" content=\"Vecinos del Distrito 12 exigen edificaci\u00f3n de estaci\u00f3n policial - El Diario - Bolivia\" \/>\n<meta property=\"og:description\" content=\"Los vecinos de 63 barrios del Distrito 12 de la ciudad de El Alto, esperan la aprobaci\u00f3n por parte del Concejo Municipal para la construcci\u00f3n de la Estaci\u00f3n Policial Integral (EPI) que tiene un costo de Bs 1.600.000, seg\u00fan el dirigente Oscar Campos. La preocupaci\u00f3n de los habitantes de este sector de la urbe alte\u00f1a, [&hellip;]\" \/>\n<meta property=\"og:url\" content=\"https:\/\/www.eldiario.net\/portal\/2022\/02\/24\/vecinos-del-distrito-12-exigen-edificacion-de-estacion-policial\/\" \/>\n<meta property=\"og:site_name\" content=\"El Diario - Bolivia\" \/>\n<meta property=\"article:publisher\" content=\"https:\/\/www.facebook.com\/eldiario.bolivia\/\" \/>\n<meta property=\"article:published_time\" content=\"2022-02-24T09:35:04+00:00\" \/>\n<meta name=\"author\" content=\"Jeanette\" \/>\n<meta name=\"twitter:card\" content=\"summary_large_image\" \/>\n<meta name=\"twitter:creator\" content=\"@eldiario_net\" \/>\n<meta name=\"twitter:site\" content=\"@eldiario_net\" \/>\n<meta name=\"twitter:label1\" content=\"Escrito por\" \/>\n\t<meta name=\"twitter:data1\" content=\"Jeanette\" \/>\n\t<meta name=\"twitter:label2\" content=\"Tiempo de lectura\" \/>\n\t<meta name=\"twitter:data2\" content=\"2 minutos\" \/>\n<script type=\"application\/ld+json\" class=\"yoast-schema-graph\">{\"@context\":\"https:\\\/\\\/schema.org\",\"@graph\":[{\"@type\":\"Article\",\"@id\":\"https:\\\/\\\/www.eldiario.net\\\/portal\\\/2022\\\/02\\\/24\\\/vecinos-del-distrito-12-exigen-edificacion-de-estacion-policial\\\/#article\",\"isPartOf\":{\"@id\":\"https:\\\/\\\/www.eldiario.net\\\/portal\\\/2022\\\/02\\\/24\\\/vecinos-del-distrito-12-exigen-edificacion-de-estacion-policial\\\/\"},\"author\":{\"name\":\"Jeanette\",\"@id\":\"https:\\\/\\\/www.eldiario.net\\\/portal\\\/#\\\/schema\\\/person\\\/2c57cf2b7a7ae032e449e4c9b1019eac\"},\"headline\":\"Vecinos del Distrito 12 exigen edificaci\u00f3n de estaci\u00f3n policial\",\"datePublished\":\"2022-02-24T09:35:04+00:00\",\"mainEntityOfPage\":{\"@id\":\"https:\\\/\\\/www.eldiario.net\\\/portal\\\/2022\\\/02\\\/24\\\/vecinos-del-distrito-12-exigen-edificacion-de-estacion-policial\\\/\"},\"wordCount\":361,\"publisher\":{\"@id\":\"https:\\\/\\\/www.eldiario.net\\\/portal\\\/#organization\"},\"image\":{\"@id\":\"https:\\\/\\\/www.eldiario.net\\\/portal\\\/2022\\\/02\\\/24\\\/vecinos-del-distrito-12-exigen-edificacion-de-estacion-policial\\\/#primaryimage\"},\"thumbnailUrl\":\"\",\"articleSection\":[\"Nacional\"],\"inLanguage\":\"es\"},{\"@type\":\"WebPage\",\"@id\":\"https:\\\/\\\/www.eldiario.net\\\/portal\\\/2022\\\/02\\\/24\\\/vecinos-del-distrito-12-exigen-edificacion-de-estacion-policial\\\/\",\"url\":\"https:\\\/\\\/www.eldiario.net\\\/portal\\\/2022\\\/02\\\/24\\\/vecinos-del-distrito-12-exigen-edificacion-de-estacion-policial\\\/\",\"name\":\"Vecinos del Distrito 12 exigen edificaci\u00f3n de estaci\u00f3n policial - El Diario - Bolivia\",\"isPartOf\":{\"@id\":\"https:\\\/\\\/www.eldiario.net\\\/portal\\\/#website\"},\"primaryImageOfPage\":{\"@id\":\"https:\\\/\\\/www.eldiario.net\\\/portal\\\/2022\\\/02\\\/24\\\/vecinos-del-distrito-12-exigen-edificacion-de-estacion-policial\\\/#primaryimage\"},\"image\":{\"@id\":\"https:\\\/\\\/www.eldiario.net\\\/portal\\\/2022\\\/02\\\/24\\\/vecinos-del-distrito-12-exigen-edificacion-de-estacion-policial\\\/#primaryimage\"},\"thumbnailUrl\":\"\",\"datePublished\":\"2022-02-24T09:35:04+00:00\",\"breadcrumb\":{\"@id\":\"https:\\\/\\\/www.eldiario.net\\\/portal\\\/2022\\\/02\\\/24\\\/vecinos-del-distrito-12-exigen-edificacion-de-estacion-policial\\\/#breadcrumb\"},\"inLanguage\":\"es\",\"potentialAction\":[{\"@type\":\"ReadAction\",\"target\":[\"https:\\\/\\\/www.eldiario.net\\\/portal\\\/2022\\\/02\\\/24\\\/vecinos-del-distrito-12-exigen-edificacion-de-estacion-policial\\\/\"]}]},{\"@type\":\"ImageObject\",\"inLanguage\":\"es\",\"@id\":\"https:\\\/\\\/www.eldiario.net\\\/portal\\\/2022\\\/02\\\/24\\\/vecinos-del-distrito-12-exigen-edificacion-de-estacion-policial\\\/#primaryimage\",\"url\":\"\",\"contentUrl\":\"\"},{\"@type\":\"BreadcrumbList\",\"@id\":\"https:\\\/\\\/www.eldiario.net\\\/portal\\\/2022\\\/02\\\/24\\\/vecinos-del-distrito-12-exigen-edificacion-de-estacion-policial\\\/#breadcrumb\",\"itemListElement\":[{\"@type\":\"ListItem\",\"position\":1,\"name\":\"Portada\",\"item\":\"https:\\\/\\\/www.eldiario.net\\\/portal\\\/\"},{\"@type\":\"ListItem\",\"position\":2,\"name\":\"Vecinos del Distrito 12 exigen edificaci\u00f3n de estaci\u00f3n policial\"}]},{\"@type\":\"WebSite\",\"@id\":\"https:\\\/\\\/www.eldiario.net\\\/portal\\\/#website\",\"url\":\"https:\\\/\\\/www.eldiario.net\\\/portal\\\/\",\"name\":\"El Diario - Decano de la prensa nacional\",\"description\":\"El Diario - Decano de la prensa nacional\",\"publisher\":{\"@id\":\"https:\\\/\\\/www.eldiario.net\\\/portal\\\/#organization\"},\"potentialAction\":[{\"@type\":\"SearchAction\",\"target\":{\"@type\":\"EntryPoint\",\"urlTemplate\":\"https:\\\/\\\/www.eldiario.net\\\/portal\\\/?s={search_term_string}\"},\"query-input\":{\"@type\":\"PropertyValueSpecification\",\"valueRequired\":true,\"valueName\":\"search_term_string\"}}],\"inLanguage\":\"es\"},{\"@type\":\"Organization\",\"@id\":\"https:\\\/\\\/www.eldiario.net\\\/portal\\\/#organization\",\"name\":\"El Diario - Decano de la prensa nacional\",\"url\":\"https:\\\/\\\/www.eldiario.net\\\/portal\\\/\",\"logo\":{\"@type\":\"ImageObject\",\"inLanguage\":\"es\",\"@id\":\"https:\\\/\\\/www.eldiario.net\\\/portal\\\/#\\\/schema\\\/logo\\\/image\\\/\",\"url\":\"https:\\\/\\\/www.eldiario.net\\\/portal\\\/wp-content\\\/uploads\\\/2023\\\/07\\\/logo_ED.jpg\",\"contentUrl\":\"https:\\\/\\\/www.eldiario.net\\\/portal\\\/wp-content\\\/uploads\\\/2023\\\/07\\\/logo_ED.jpg\",\"width\":272,\"height\":52,\"caption\":\"El Diario - Decano de la prensa nacional\"},\"image\":{\"@id\":\"https:\\\/\\\/www.eldiario.net\\\/portal\\\/#\\\/schema\\\/logo\\\/image\\\/\"},\"sameAs\":[\"https:\\\/\\\/www.facebook.com\\\/eldiario.bolivia\\\/\",\"https:\\\/\\\/x.com\\\/eldiario_net\"]},{\"@type\":\"Person\",\"@id\":\"https:\\\/\\\/www.eldiario.net\\\/portal\\\/#\\\/schema\\\/person\\\/2c57cf2b7a7ae032e449e4c9b1019eac\",\"name\":\"Jeanette\",\"image\":{\"@type\":\"ImageObject\",\"inLanguage\":\"es\",\"@id\":\"https:\\\/\\\/secure.gravatar.com\\\/avatar\\\/3ea2118a5f7dad2b7138b1187a6b7ee55f160b9968b66013c3a3ef39dd7e5798?s=96&d=mm&r=g\",\"url\":\"https:\\\/\\\/secure.gravatar.com\\\/avatar\\\/3ea2118a5f7dad2b7138b1187a6b7ee55f160b9968b66013c3a3ef39dd7e5798?s=96&d=mm&r=g\",\"contentUrl\":\"https:\\\/\\\/secure.gravatar.com\\\/avatar\\\/3ea2118a5f7dad2b7138b1187a6b7ee55f160b9968b66013c3a3ef39dd7e5798?s=96&d=mm&r=g\",\"caption\":\"Jeanette\"},\"sameAs\":[\"https:\\\/\\\/www.eldiario.net\\\/portal\"],\"url\":\"https:\\\/\\\/www.eldiario.net\\\/portal\\\/author\\\/jeanette\\\/\"}]}<\/script>\n<!-- \/ Yoast SEO plugin. -->","yoast_head_json":{"title":"Vecinos del Distrito 12 exigen edificaci\u00f3n de estaci\u00f3n policial - El Diario - Bolivia","robots":{"index":"index","follow":"follow","max-snippet":"max-snippet:-1","max-image-preview":"max-image-preview:large","max-video-preview":"max-video-preview:-1"},"canonical":"https:\/\/www.eldiario.net\/portal\/2022\/02\/24\/vecinos-del-distrito-12-exigen-edificacion-de-estacion-policial\/","og_locale":"es_ES","og_type":"article","og_title":"Vecinos del Distrito 12 exigen edificaci\u00f3n de estaci\u00f3n policial - El Diario - Bolivia","og_description":"Los vecinos de 63 barrios del Distrito 12 de la ciudad de El Alto, esperan la aprobaci\u00f3n por parte del Concejo Municipal para la construcci\u00f3n de la Estaci\u00f3n Policial Integral (EPI) que tiene un costo de Bs 1.600.000, seg\u00fan el dirigente Oscar Campos. La preocupaci\u00f3n de los habitantes de este sector de la urbe alte\u00f1a, [&hellip;]","og_url":"https:\/\/www.eldiario.net\/portal\/2022\/02\/24\/vecinos-del-distrito-12-exigen-edificacion-de-estacion-policial\/","og_site_name":"El Diario - Bolivia","article_publisher":"https:\/\/www.facebook.com\/eldiario.bolivia\/","article_published_time":"2022-02-24T09:35:04+00:00","author":"Jeanette","twitter_card":"summary_large_image","twitter_creator":"@eldiario_net","twitter_site":"@eldiario_net","twitter_misc":{"Escrito por":"Jeanette","Tiempo de lectura":"2 minutos"},"schema":{"@context":"https:\/\/schema.org","@graph":[{"@type":"Article","@id":"https:\/\/www.eldiario.net\/portal\/2022\/02\/24\/vecinos-del-distrito-12-exigen-edificacion-de-estacion-policial\/#article","isPartOf":{"@id":"https:\/\/www.eldiario.net\/portal\/2022\/02\/24\/vecinos-del-distrito-12-exigen-edificacion-de-estacion-policial\/"},"author":{"name":"Jeanette","@id":"https:\/\/www.eldiario.net\/portal\/#\/schema\/person\/2c57cf2b7a7ae032e449e4c9b1019eac"},"headline":"Vecinos del Distrito 12 exigen edificaci\u00f3n de estaci\u00f3n policial","datePublished":"2022-02-24T09:35:04+00:00","mainEntityOfPage":{"@id":"https:\/\/www.eldiario.net\/portal\/2022\/02\/24\/vecinos-del-distrito-12-exigen-edificacion-de-estacion-policial\/"},"wordCount":361,"publisher":{"@id":"https:\/\/www.eldiario.net\/portal\/#organization"},"image":{"@id":"https:\/\/www.eldiario.net\/portal\/2022\/02\/24\/vecinos-del-distrito-12-exigen-edificacion-de-estacion-policial\/#primaryimage"},"thumbnailUrl":"","articleSection":["Nacional"],"inLanguage":"es"},{"@type":"WebPage","@id":"https:\/\/www.eldiario.net\/portal\/2022\/02\/24\/vecinos-del-distrito-12-exigen-edificacion-de-estacion-policial\/","url":"https:\/\/www.eldiario.net\/portal\/2022\/02\/24\/vecinos-del-distrito-12-exigen-edificacion-de-estacion-policial\/","name":"Vecinos del Distrito 12 exigen edificaci\u00f3n de estaci\u00f3n policial - El Diario - Bolivia","isPartOf":{"@id":"https:\/\/www.eldiario.net\/portal\/#website"},"primaryImageOfPage":{"@id":"https:\/\/www.eldiario.net\/portal\/2022\/02\/24\/vecinos-del-distrito-12-exigen-edificacion-de-estacion-policial\/#primaryimage"},"image":{"@id":"https:\/\/www.eldiario.net\/portal\/2022\/02\/24\/vecinos-del-distrito-12-exigen-edificacion-de-estacion-policial\/#primaryimage"},"thumbnailUrl":"","datePublished":"2022-02-24T09:35:04+00:00","breadcrumb":{"@id":"https:\/\/www.eldiario.net\/portal\/2022\/02\/24\/vecinos-del-distrito-12-exigen-edificacion-de-estacion-policial\/#breadcrumb"},"inLanguage":"es","potentialAction":[{"@type":"ReadAction","target":["https:\/\/www.eldiario.net\/portal\/2022\/02\/24\/vecinos-del-distrito-12-exigen-edificacion-de-estacion-policial\/"]}]},{"@type":"ImageObject","inLanguage":"es","@id":"https:\/\/www.eldiario.net\/portal\/2022\/02\/24\/vecinos-del-distrito-12-exigen-edificacion-de-estacion-policial\/#primaryimage","url":"","contentUrl":""},{"@type":"BreadcrumbList","@id":"https:\/\/www.eldiario.net\/portal\/2022\/02\/24\/vecinos-del-distrito-12-exigen-edificacion-de-estacion-policial\/#breadcrumb","itemListElement":[{"@type":"ListItem","position":1,"name":"Portada","item":"https:\/\/www.eldiario.net\/portal\/"},{"@type":"ListItem","position":2,"name":"Vecinos del Distrito 12 exigen edificaci\u00f3n de estaci\u00f3n policial"}]},{"@type":"WebSite","@id":"https:\/\/www.eldiario.net\/portal\/#website","url":"https:\/\/www.eldiario.net\/portal\/","name":"El Diario - Decano de la prensa nacional","description":"El Diario - Decano de la prensa nacional","publisher":{"@id":"https:\/\/www.eldiario.net\/portal\/#organization"},"potentialAction":[{"@type":"SearchAction","target":{"@type":"EntryPoint","urlTemplate":"https:\/\/www.eldiario.net\/portal\/?s={search_term_string}"},"query-input":{"@type":"PropertyValueSpecification","valueRequired":true,"valueName":"search_term_string"}}],"inLanguage":"es"},{"@type":"Organization","@id":"https:\/\/www.eldiario.net\/portal\/#organization","name":"El Diario - Decano de la prensa nacional","url":"https:\/\/www.eldiario.net\/portal\/","logo":{"@type":"ImageObject","inLanguage":"es","@id":"https:\/\/www.eldiario.net\/portal\/#\/schema\/logo\/image\/","url":"https:\/\/www.eldiario.net\/portal\/wp-content\/uploads\/2023\/07\/logo_ED.jpg","contentUrl":"https:\/\/www.eldiario.net\/portal\/wp-content\/uploads\/2023\/07\/logo_ED.jpg","width":272,"height":52,"caption":"El Diario - Decano de la prensa nacional"},"image":{"@id":"https:\/\/www.eldiario.net\/portal\/#\/schema\/logo\/image\/"},"sameAs":["https:\/\/www.facebook.com\/eldiario.bolivia\/","https:\/\/x.com\/eldiario_net"]},{"@type":"Person","@id":"https:\/\/www.eldiario.net\/portal\/#\/schema\/person\/2c57cf2b7a7ae032e449e4c9b1019eac","name":"Jeanette","image":{"@type":"ImageObject","inLanguage":"es","@id":"https:\/\/secure.gravatar.com\/avatar\/3ea2118a5f7dad2b7138b1187a6b7ee55f160b9968b66013c3a3ef39dd7e5798?s=96&d=mm&r=g","url":"https:\/\/secure.gravatar.com\/avatar\/3ea2118a5f7dad2b7138b1187a6b7ee55f160b9968b66013c3a3ef39dd7e5798?s=96&d=mm&r=g","contentUrl":"https:\/\/secure.gravatar.com\/avatar\/3ea2118a5f7dad2b7138b1187a6b7ee55f160b9968b66013c3a3ef39dd7e5798?s=96&d=mm&r=g","caption":"Jeanette"},"sameAs":["https:\/\/www.eldiario.net\/portal"],"url":"https:\/\/www.eldiario.net\/portal\/author\/jeanette\/"}]}},"_links":{"self":[{"href":"https:\/\/www.eldiario.net\/portal\/wp-json\/wp\/v2\/posts\/65467","targetHints":{"allow":["GET"]}}],"collection":[{"href":"https:\/\/www.eldiario.net\/portal\/wp-json\/wp\/v2\/posts"}],"about":[{"href":"https:\/\/www.eldiario.net\/portal\/wp-json\/wp\/v2\/types\/post"}],"author":[{"embeddable":true,"href":"https:\/\/www.eldiario.net\/portal\/wp-json\/wp\/v2\/users\/1"}],"replies":[{"embeddable":true,"href":"https:\/\/www.eldiario.net\/portal\/wp-json\/wp\/v2\/comments?post=65467"}],"version-history":[{"count":0,"href":"https:\/\/www.eldiario.net\/portal\/wp-json\/wp\/v2\/posts\/65467\/revisions"}],"wp:attachment":[{"href":"https:\/\/www.eldiario.net\/portal\/wp-json\/wp\/v2\/media?parent=65467"}],"wp:term":[{"taxonomy":"category","embeddable":true,"href":"https:\/\/www.eldiario.net\/portal\/wp-json\/wp\/v2\/categories?post=65467"},{"taxonomy":"post_tag","embeddable":true,"href":"https:\/\/www.eldiario.net\/portal\/wp-json\/wp\/v2\/tags?post=65467"}],"curies":[{"name":"wp","href":"https:\/\/api.w.org\/{rel}","templated":true}]}}