{"id":65464,"date":"2022-02-24T05:33:41","date_gmt":"2022-02-24T09:33:41","guid":{"rendered":"https:\/\/www.eldiario.net\/portal\/?p=65464"},"modified":"2022-02-24T05:33:41","modified_gmt":"2022-02-24T09:33:41","slug":"gobierno-logra-colocar-solo-us-850-millones-en-mercado-internacional","status":"publish","type":"post","link":"https:\/\/www.eldiario.net\/portal\/2022\/02\/24\/gobierno-logra-colocar-solo-us-850-millones-en-mercado-internacional\/","title":{"rendered":"Gobierno logra colocar solo $us 850  millones en mercado internacional"},"content":{"rendered":"<p>Luego de terminar el plazo para la emisi\u00f3n de bonos soberanos, el ministro de Econom\u00eda y Finanzas P\u00fablicas, Marcelo Montenegro, inform\u00f3 que se logr\u00f3 colocar 850 millones de d\u00f3lares de los 2.000 millones en bonos, en el mercado internacional, a una tasa de 7.5% a ocho a\u00f1os, y cubrir los vencimientos de octubre de este a\u00f1o en 90%.<\/p>\n<p>El analista financiero, Jaime Dunn, en su Twitter informa que la tasa de inter\u00e9s antes en promedio estaba 4,96%, y ahora el porcentaje se incrementa a 7,5%, mientras que el spread riesgo tambi\u00e9n se increment\u00f3, sumado a la baja calificaci\u00f3n de riesgo pa\u00eds, y que los a\u00f1os tambi\u00e9n bajaron a 8, que dio como resultado un cr\u00e9dito m\u00e1s caro.<\/p>\n<p>\u201cDeterioro de las finanzas p\u00fablicas costar\u00e1 al pa\u00eds 350 mill. extras en intereses\u201d, se\u00f1ala @JaimeDunn respecto al proceso de negociaci\u00f3n de canje de vencimiento de deuda del Gobierno.<\/p>\n<p>Mientras el ministro Montenegro celebr\u00f3 la colocaci\u00f3n de los bonos, ya que los recursos otorga un respiro a la econom\u00eda del gobierno, y asegura que la operaci\u00f3n muestra confianza de inversionistas en el Estado.<\/p>\n<p>La autoridad, conferencia de prensa, dijo que la operaci\u00f3n de canje bonos soberanos es una pr\u00e1ctica com\u00fan en mercados de capitales, cuyo proceso permite gestionar razonablemente las obligaciones de deuda, pr\u00f3ximo a su vencimiento.<\/p>\n<p>Record\u00f3 que el 10 de febrero de 2022 el Estado realiz\u00f3 invitaci\u00f3n a tenedores de bonos soberanos emitidos el 2012, 2013 y 2017 en mercados de capital externo, y se realiz\u00f3 una oferta de compra y de canje.<\/p>\n<p>El d\u00eda de ayer concluy\u00f3 la operaci\u00f3n, lograron colocar 850 millones de d\u00f3lares a una tasa de 7,5% y un plazo de 8 a\u00f1os. Montenegro dijo que se logr\u00f3 refinanciar el bono 2022 en un 90%<\/p>\n<p>La autoridad dijo que los 850 millones de d\u00f3lares otorga una holgura importante a las finanzas del Tesoro, y seguir apoyando la inversi\u00f3n productiva.<\/p>\n<p>Mientras que el analista econ\u00f3mico Gabriel Espinoza escribi\u00f3 en su Twitter @g_espinoza sobre la cr\u00f3nica del fracaso anunciado: \u201c#Bolivia ofrece entre 1,025 y 1,053 d\u00f3lares de deuda nueva por cada d\u00f3lar de deuda vieja (2012 y 2013). Adem\u00e1s tenemos que ofrecer una tasa de al menos 7,5% (antes 4,8 y 5,9%) y bajamos el plazo de 10 a\u00f1os a 6,7 y 8&#8230;\u201d<\/p>\n<p>Alerta que \u201c#Bolivia: Las RIN, al 15\/02\/2022, alcanzan a 4.526 MM. de $us; el oro, que es el principal componente, llega a los 2.583 MM. (57,1%) mientras que las RIN en divisas llegan a 1.348 MM. (29,8% del total). El valor promedio de las importaciones mensuales en 2021 fue de casi 800 MM\u201d.<\/p>\n","protected":false},"excerpt":{"rendered":"<p>Luego de terminar el plazo para la emisi\u00f3n de bonos soberanos, el ministro de Econom\u00eda y Finanzas P\u00fablicas, Marcelo Montenegro, inform\u00f3 que se logr\u00f3 colocar 850 millones de d\u00f3lares de los 2.000 millones en bonos, en el mercado internacional, a una tasa de 7.5% a ocho a\u00f1os, y cubrir los vencimientos de octubre de este [&hellip;]<\/p>\n","protected":false},"author":1,"featured_media":65465,"comment_status":"closed","ping_status":"closed","sticky":false,"template":"","format":"standard","meta":{"_acf_changed":false,"footnotes":""},"categories":[7],"tags":[],"class_list":["post-65464","post","type-post","status-publish","format-standard","has-post-thumbnail","category-economia"],"acf":{"antetitulo":""},"yoast_head":"<!-- This site is optimized with the Yoast SEO plugin v28.4 - https:\/\/yoast.com\/product\/yoast-seo-wordpress\/ -->\n<title>Gobierno logra colocar solo $us 850 millones en mercado internacional - El Diario - Bolivia<\/title>\n<meta name=\"robots\" content=\"index, follow, max-snippet:-1, max-image-preview:large, max-video-preview:-1\" \/>\n<link rel=\"canonical\" href=\"https:\/\/www.eldiario.net\/portal\/2022\/02\/24\/gobierno-logra-colocar-solo-us-850-millones-en-mercado-internacional\/\" \/>\n<meta property=\"og:locale\" content=\"es_ES\" \/>\n<meta property=\"og:type\" content=\"article\" \/>\n<meta property=\"og:title\" content=\"Gobierno logra colocar solo $us 850 millones en mercado internacional - El Diario - Bolivia\" \/>\n<meta property=\"og:description\" content=\"Luego de terminar el plazo para la emisi\u00f3n de bonos soberanos, el ministro de Econom\u00eda y Finanzas P\u00fablicas, Marcelo Montenegro, inform\u00f3 que se logr\u00f3 colocar 850 millones de d\u00f3lares de los 2.000 millones en bonos, en el mercado internacional, a una tasa de 7.5% a ocho a\u00f1os, y cubrir los vencimientos de octubre de este [&hellip;]\" \/>\n<meta property=\"og:url\" content=\"https:\/\/www.eldiario.net\/portal\/2022\/02\/24\/gobierno-logra-colocar-solo-us-850-millones-en-mercado-internacional\/\" \/>\n<meta property=\"og:site_name\" content=\"El Diario - Bolivia\" \/>\n<meta property=\"article:publisher\" content=\"https:\/\/www.facebook.com\/eldiario.bolivia\/\" \/>\n<meta property=\"article:published_time\" content=\"2022-02-24T09:33:41+00:00\" \/>\n<meta name=\"author\" content=\"Jeanette\" \/>\n<meta name=\"twitter:card\" content=\"summary_large_image\" \/>\n<meta name=\"twitter:creator\" content=\"@eldiario_net\" \/>\n<meta name=\"twitter:site\" content=\"@eldiario_net\" \/>\n<meta name=\"twitter:label1\" content=\"Escrito por\" \/>\n\t<meta name=\"twitter:data1\" content=\"Jeanette\" \/>\n\t<meta name=\"twitter:label2\" content=\"Tiempo de lectura\" \/>\n\t<meta name=\"twitter:data2\" content=\"2 minutos\" \/>\n<script type=\"application\/ld+json\" class=\"yoast-schema-graph\">{\"@context\":\"https:\\\/\\\/schema.org\",\"@graph\":[{\"@type\":\"Article\",\"@id\":\"https:\\\/\\\/www.eldiario.net\\\/portal\\\/2022\\\/02\\\/24\\\/gobierno-logra-colocar-solo-us-850-millones-en-mercado-internacional\\\/#article\",\"isPartOf\":{\"@id\":\"https:\\\/\\\/www.eldiario.net\\\/portal\\\/2022\\\/02\\\/24\\\/gobierno-logra-colocar-solo-us-850-millones-en-mercado-internacional\\\/\"},\"author\":{\"name\":\"Jeanette\",\"@id\":\"https:\\\/\\\/www.eldiario.net\\\/portal\\\/#\\\/schema\\\/person\\\/2c57cf2b7a7ae032e449e4c9b1019eac\"},\"headline\":\"Gobierno logra colocar solo $us 850 millones en mercado internacional\",\"datePublished\":\"2022-02-24T09:33:41+00:00\",\"mainEntityOfPage\":{\"@id\":\"https:\\\/\\\/www.eldiario.net\\\/portal\\\/2022\\\/02\\\/24\\\/gobierno-logra-colocar-solo-us-850-millones-en-mercado-internacional\\\/\"},\"wordCount\":437,\"publisher\":{\"@id\":\"https:\\\/\\\/www.eldiario.net\\\/portal\\\/#organization\"},\"image\":{\"@id\":\"https:\\\/\\\/www.eldiario.net\\\/portal\\\/2022\\\/02\\\/24\\\/gobierno-logra-colocar-solo-us-850-millones-en-mercado-internacional\\\/#primaryimage\"},\"thumbnailUrl\":\"\",\"articleSection\":[\"Econom\u00eda\"],\"inLanguage\":\"es\"},{\"@type\":\"WebPage\",\"@id\":\"https:\\\/\\\/www.eldiario.net\\\/portal\\\/2022\\\/02\\\/24\\\/gobierno-logra-colocar-solo-us-850-millones-en-mercado-internacional\\\/\",\"url\":\"https:\\\/\\\/www.eldiario.net\\\/portal\\\/2022\\\/02\\\/24\\\/gobierno-logra-colocar-solo-us-850-millones-en-mercado-internacional\\\/\",\"name\":\"Gobierno logra colocar solo $us 850 millones en mercado internacional - El Diario - Bolivia\",\"isPartOf\":{\"@id\":\"https:\\\/\\\/www.eldiario.net\\\/portal\\\/#website\"},\"primaryImageOfPage\":{\"@id\":\"https:\\\/\\\/www.eldiario.net\\\/portal\\\/2022\\\/02\\\/24\\\/gobierno-logra-colocar-solo-us-850-millones-en-mercado-internacional\\\/#primaryimage\"},\"image\":{\"@id\":\"https:\\\/\\\/www.eldiario.net\\\/portal\\\/2022\\\/02\\\/24\\\/gobierno-logra-colocar-solo-us-850-millones-en-mercado-internacional\\\/#primaryimage\"},\"thumbnailUrl\":\"\",\"datePublished\":\"2022-02-24T09:33:41+00:00\",\"breadcrumb\":{\"@id\":\"https:\\\/\\\/www.eldiario.net\\\/portal\\\/2022\\\/02\\\/24\\\/gobierno-logra-colocar-solo-us-850-millones-en-mercado-internacional\\\/#breadcrumb\"},\"inLanguage\":\"es\",\"potentialAction\":[{\"@type\":\"ReadAction\",\"target\":[\"https:\\\/\\\/www.eldiario.net\\\/portal\\\/2022\\\/02\\\/24\\\/gobierno-logra-colocar-solo-us-850-millones-en-mercado-internacional\\\/\"]}]},{\"@type\":\"ImageObject\",\"inLanguage\":\"es\",\"@id\":\"https:\\\/\\\/www.eldiario.net\\\/portal\\\/2022\\\/02\\\/24\\\/gobierno-logra-colocar-solo-us-850-millones-en-mercado-internacional\\\/#primaryimage\",\"url\":\"\",\"contentUrl\":\"\"},{\"@type\":\"BreadcrumbList\",\"@id\":\"https:\\\/\\\/www.eldiario.net\\\/portal\\\/2022\\\/02\\\/24\\\/gobierno-logra-colocar-solo-us-850-millones-en-mercado-internacional\\\/#breadcrumb\",\"itemListElement\":[{\"@type\":\"ListItem\",\"position\":1,\"name\":\"Portada\",\"item\":\"https:\\\/\\\/www.eldiario.net\\\/portal\\\/\"},{\"@type\":\"ListItem\",\"position\":2,\"name\":\"Gobierno logra colocar solo $us 850 millones en mercado internacional\"}]},{\"@type\":\"WebSite\",\"@id\":\"https:\\\/\\\/www.eldiario.net\\\/portal\\\/#website\",\"url\":\"https:\\\/\\\/www.eldiario.net\\\/portal\\\/\",\"name\":\"El Diario - Decano de la prensa nacional\",\"description\":\"El Diario - Decano de la prensa nacional\",\"publisher\":{\"@id\":\"https:\\\/\\\/www.eldiario.net\\\/portal\\\/#organization\"},\"potentialAction\":[{\"@type\":\"SearchAction\",\"target\":{\"@type\":\"EntryPoint\",\"urlTemplate\":\"https:\\\/\\\/www.eldiario.net\\\/portal\\\/?s={search_term_string}\"},\"query-input\":{\"@type\":\"PropertyValueSpecification\",\"valueRequired\":true,\"valueName\":\"search_term_string\"}}],\"inLanguage\":\"es\"},{\"@type\":\"Organization\",\"@id\":\"https:\\\/\\\/www.eldiario.net\\\/portal\\\/#organization\",\"name\":\"El Diario - Decano de la prensa nacional\",\"url\":\"https:\\\/\\\/www.eldiario.net\\\/portal\\\/\",\"logo\":{\"@type\":\"ImageObject\",\"inLanguage\":\"es\",\"@id\":\"https:\\\/\\\/www.eldiario.net\\\/portal\\\/#\\\/schema\\\/logo\\\/image\\\/\",\"url\":\"https:\\\/\\\/www.eldiario.net\\\/portal\\\/wp-content\\\/uploads\\\/2023\\\/07\\\/logo_ED.jpg\",\"contentUrl\":\"https:\\\/\\\/www.eldiario.net\\\/portal\\\/wp-content\\\/uploads\\\/2023\\\/07\\\/logo_ED.jpg\",\"width\":272,\"height\":52,\"caption\":\"El Diario - Decano de la prensa nacional\"},\"image\":{\"@id\":\"https:\\\/\\\/www.eldiario.net\\\/portal\\\/#\\\/schema\\\/logo\\\/image\\\/\"},\"sameAs\":[\"https:\\\/\\\/www.facebook.com\\\/eldiario.bolivia\\\/\",\"https:\\\/\\\/x.com\\\/eldiario_net\"]},{\"@type\":\"Person\",\"@id\":\"https:\\\/\\\/www.eldiario.net\\\/portal\\\/#\\\/schema\\\/person\\\/2c57cf2b7a7ae032e449e4c9b1019eac\",\"name\":\"Jeanette\",\"image\":{\"@type\":\"ImageObject\",\"inLanguage\":\"es\",\"@id\":\"https:\\\/\\\/secure.gravatar.com\\\/avatar\\\/3ea2118a5f7dad2b7138b1187a6b7ee55f160b9968b66013c3a3ef39dd7e5798?s=96&d=mm&r=g\",\"url\":\"https:\\\/\\\/secure.gravatar.com\\\/avatar\\\/3ea2118a5f7dad2b7138b1187a6b7ee55f160b9968b66013c3a3ef39dd7e5798?s=96&d=mm&r=g\",\"contentUrl\":\"https:\\\/\\\/secure.gravatar.com\\\/avatar\\\/3ea2118a5f7dad2b7138b1187a6b7ee55f160b9968b66013c3a3ef39dd7e5798?s=96&d=mm&r=g\",\"caption\":\"Jeanette\"},\"sameAs\":[\"https:\\\/\\\/www.eldiario.net\\\/portal\"],\"url\":\"https:\\\/\\\/www.eldiario.net\\\/portal\\\/author\\\/jeanette\\\/\"}]}<\/script>\n<!-- \/ Yoast SEO plugin. -->","yoast_head_json":{"title":"Gobierno logra colocar solo $us 850 millones en mercado internacional - El Diario - Bolivia","robots":{"index":"index","follow":"follow","max-snippet":"max-snippet:-1","max-image-preview":"max-image-preview:large","max-video-preview":"max-video-preview:-1"},"canonical":"https:\/\/www.eldiario.net\/portal\/2022\/02\/24\/gobierno-logra-colocar-solo-us-850-millones-en-mercado-internacional\/","og_locale":"es_ES","og_type":"article","og_title":"Gobierno logra colocar solo $us 850 millones en mercado internacional - El Diario - Bolivia","og_description":"Luego de terminar el plazo para la emisi\u00f3n de bonos soberanos, el ministro de Econom\u00eda y Finanzas P\u00fablicas, Marcelo Montenegro, inform\u00f3 que se logr\u00f3 colocar 850 millones de d\u00f3lares de los 2.000 millones en bonos, en el mercado internacional, a una tasa de 7.5% a ocho a\u00f1os, y cubrir los vencimientos de octubre de este [&hellip;]","og_url":"https:\/\/www.eldiario.net\/portal\/2022\/02\/24\/gobierno-logra-colocar-solo-us-850-millones-en-mercado-internacional\/","og_site_name":"El Diario - Bolivia","article_publisher":"https:\/\/www.facebook.com\/eldiario.bolivia\/","article_published_time":"2022-02-24T09:33:41+00:00","author":"Jeanette","twitter_card":"summary_large_image","twitter_creator":"@eldiario_net","twitter_site":"@eldiario_net","twitter_misc":{"Escrito por":"Jeanette","Tiempo de lectura":"2 minutos"},"schema":{"@context":"https:\/\/schema.org","@graph":[{"@type":"Article","@id":"https:\/\/www.eldiario.net\/portal\/2022\/02\/24\/gobierno-logra-colocar-solo-us-850-millones-en-mercado-internacional\/#article","isPartOf":{"@id":"https:\/\/www.eldiario.net\/portal\/2022\/02\/24\/gobierno-logra-colocar-solo-us-850-millones-en-mercado-internacional\/"},"author":{"name":"Jeanette","@id":"https:\/\/www.eldiario.net\/portal\/#\/schema\/person\/2c57cf2b7a7ae032e449e4c9b1019eac"},"headline":"Gobierno logra colocar solo $us 850 millones en mercado internacional","datePublished":"2022-02-24T09:33:41+00:00","mainEntityOfPage":{"@id":"https:\/\/www.eldiario.net\/portal\/2022\/02\/24\/gobierno-logra-colocar-solo-us-850-millones-en-mercado-internacional\/"},"wordCount":437,"publisher":{"@id":"https:\/\/www.eldiario.net\/portal\/#organization"},"image":{"@id":"https:\/\/www.eldiario.net\/portal\/2022\/02\/24\/gobierno-logra-colocar-solo-us-850-millones-en-mercado-internacional\/#primaryimage"},"thumbnailUrl":"","articleSection":["Econom\u00eda"],"inLanguage":"es"},{"@type":"WebPage","@id":"https:\/\/www.eldiario.net\/portal\/2022\/02\/24\/gobierno-logra-colocar-solo-us-850-millones-en-mercado-internacional\/","url":"https:\/\/www.eldiario.net\/portal\/2022\/02\/24\/gobierno-logra-colocar-solo-us-850-millones-en-mercado-internacional\/","name":"Gobierno logra colocar solo $us 850 millones en mercado internacional - El Diario - Bolivia","isPartOf":{"@id":"https:\/\/www.eldiario.net\/portal\/#website"},"primaryImageOfPage":{"@id":"https:\/\/www.eldiario.net\/portal\/2022\/02\/24\/gobierno-logra-colocar-solo-us-850-millones-en-mercado-internacional\/#primaryimage"},"image":{"@id":"https:\/\/www.eldiario.net\/portal\/2022\/02\/24\/gobierno-logra-colocar-solo-us-850-millones-en-mercado-internacional\/#primaryimage"},"thumbnailUrl":"","datePublished":"2022-02-24T09:33:41+00:00","breadcrumb":{"@id":"https:\/\/www.eldiario.net\/portal\/2022\/02\/24\/gobierno-logra-colocar-solo-us-850-millones-en-mercado-internacional\/#breadcrumb"},"inLanguage":"es","potentialAction":[{"@type":"ReadAction","target":["https:\/\/www.eldiario.net\/portal\/2022\/02\/24\/gobierno-logra-colocar-solo-us-850-millones-en-mercado-internacional\/"]}]},{"@type":"ImageObject","inLanguage":"es","@id":"https:\/\/www.eldiario.net\/portal\/2022\/02\/24\/gobierno-logra-colocar-solo-us-850-millones-en-mercado-internacional\/#primaryimage","url":"","contentUrl":""},{"@type":"BreadcrumbList","@id":"https:\/\/www.eldiario.net\/portal\/2022\/02\/24\/gobierno-logra-colocar-solo-us-850-millones-en-mercado-internacional\/#breadcrumb","itemListElement":[{"@type":"ListItem","position":1,"name":"Portada","item":"https:\/\/www.eldiario.net\/portal\/"},{"@type":"ListItem","position":2,"name":"Gobierno logra colocar solo $us 850 millones en mercado internacional"}]},{"@type":"WebSite","@id":"https:\/\/www.eldiario.net\/portal\/#website","url":"https:\/\/www.eldiario.net\/portal\/","name":"El Diario - Decano de la prensa nacional","description":"El Diario - Decano de la prensa nacional","publisher":{"@id":"https:\/\/www.eldiario.net\/portal\/#organization"},"potentialAction":[{"@type":"SearchAction","target":{"@type":"EntryPoint","urlTemplate":"https:\/\/www.eldiario.net\/portal\/?s={search_term_string}"},"query-input":{"@type":"PropertyValueSpecification","valueRequired":true,"valueName":"search_term_string"}}],"inLanguage":"es"},{"@type":"Organization","@id":"https:\/\/www.eldiario.net\/portal\/#organization","name":"El Diario - Decano de la prensa nacional","url":"https:\/\/www.eldiario.net\/portal\/","logo":{"@type":"ImageObject","inLanguage":"es","@id":"https:\/\/www.eldiario.net\/portal\/#\/schema\/logo\/image\/","url":"https:\/\/www.eldiario.net\/portal\/wp-content\/uploads\/2023\/07\/logo_ED.jpg","contentUrl":"https:\/\/www.eldiario.net\/portal\/wp-content\/uploads\/2023\/07\/logo_ED.jpg","width":272,"height":52,"caption":"El Diario - Decano de la prensa nacional"},"image":{"@id":"https:\/\/www.eldiario.net\/portal\/#\/schema\/logo\/image\/"},"sameAs":["https:\/\/www.facebook.com\/eldiario.bolivia\/","https:\/\/x.com\/eldiario_net"]},{"@type":"Person","@id":"https:\/\/www.eldiario.net\/portal\/#\/schema\/person\/2c57cf2b7a7ae032e449e4c9b1019eac","name":"Jeanette","image":{"@type":"ImageObject","inLanguage":"es","@id":"https:\/\/secure.gravatar.com\/avatar\/3ea2118a5f7dad2b7138b1187a6b7ee55f160b9968b66013c3a3ef39dd7e5798?s=96&d=mm&r=g","url":"https:\/\/secure.gravatar.com\/avatar\/3ea2118a5f7dad2b7138b1187a6b7ee55f160b9968b66013c3a3ef39dd7e5798?s=96&d=mm&r=g","contentUrl":"https:\/\/secure.gravatar.com\/avatar\/3ea2118a5f7dad2b7138b1187a6b7ee55f160b9968b66013c3a3ef39dd7e5798?s=96&d=mm&r=g","caption":"Jeanette"},"sameAs":["https:\/\/www.eldiario.net\/portal"],"url":"https:\/\/www.eldiario.net\/portal\/author\/jeanette\/"}]}},"_links":{"self":[{"href":"https:\/\/www.eldiario.net\/portal\/wp-json\/wp\/v2\/posts\/65464","targetHints":{"allow":["GET"]}}],"collection":[{"href":"https:\/\/www.eldiario.net\/portal\/wp-json\/wp\/v2\/posts"}],"about":[{"href":"https:\/\/www.eldiario.net\/portal\/wp-json\/wp\/v2\/types\/post"}],"author":[{"embeddable":true,"href":"https:\/\/www.eldiario.net\/portal\/wp-json\/wp\/v2\/users\/1"}],"replies":[{"embeddable":true,"href":"https:\/\/www.eldiario.net\/portal\/wp-json\/wp\/v2\/comments?post=65464"}],"version-history":[{"count":0,"href":"https:\/\/www.eldiario.net\/portal\/wp-json\/wp\/v2\/posts\/65464\/revisions"}],"wp:attachment":[{"href":"https:\/\/www.eldiario.net\/portal\/wp-json\/wp\/v2\/media?parent=65464"}],"wp:term":[{"taxonomy":"category","embeddable":true,"href":"https:\/\/www.eldiario.net\/portal\/wp-json\/wp\/v2\/categories?post=65464"},{"taxonomy":"post_tag","embeddable":true,"href":"https:\/\/www.eldiario.net\/portal\/wp-json\/wp\/v2\/tags?post=65464"}],"curies":[{"name":"wp","href":"https:\/\/api.w.org\/{rel}","templated":true}]}}