{"id":65448,"date":"2022-02-24T05:28:48","date_gmt":"2022-02-24T09:28:48","guid":{"rendered":"https:\/\/www.eldiario.net\/portal\/?p=65448"},"modified":"2022-02-24T05:28:48","modified_gmt":"2022-02-24T09:28:48","slug":"rodrigo-paz-afirma-que-informe-de-relator-tiene-conclusiones-vagas","status":"publish","type":"post","link":"https:\/\/www.eldiario.net\/portal\/2022\/02\/24\/rodrigo-paz-afirma-que-informe-de-relator-tiene-conclusiones-vagas\/","title":{"rendered":"Rodrigo Paz afirma que informe de  Relator tiene \u201cconclusiones vagas\u201d"},"content":{"rendered":"<p>El senador por Comunidad Ciudadana (CC), Rodrigo Paz Pereira, afirm\u00f3 que el informe preliminar sobre el estado de la justicia boliviana, presentado por el relator Especial de Naciones Unidas Diego Garc\u00eda-Say\u00e1n tiene \u201cconclusiones vagas\u201d, que todos los bolivianos ya conocen.<\/p>\n<p>Paz expres\u00f3 criterios sobre el informe preliminar emitido por el Relator de ONU, con respecto al funcionamiento de la justicia en Bolivia, se\u00f1al\u00e1ndolo como un recuento de aspectos que son de conocimiento de la mayor\u00eda de los bolivianos.<\/p>\n<p>\u201cLas conclusiones son vagas, las conclusiones ya las sabemos.\u00a0 Las conclusiones, b\u00e1sicamente y aunque \u00e9l no lo reconozca, es que en el gobierno de Evo Morales ha habido persecuci\u00f3n pol\u00edtica. En el gobierno de la se\u00f1ora A\u00f1ez habido persecuci\u00f3n pol\u00edtica y en el gobierno del se\u00f1or Arce hay persecuci\u00f3n pol\u00edtica.\u201d, dijo Paz.<\/p>\n<p>Reiter\u00f3 que la presencia el Relator en el pa\u00eds no tuvo la finalidad de generar el inicio de una verdadera reforma judicial, ya que esta determinaci\u00f3n debe nacer de los propios ciudadanos.<\/p>\n<p>\u201cEl se\u00f1or no puede decir eso porque no tiene la capacidad de generar un conflicto de fondo para generar la reforma que solo los bolivianos vamos a poder iniciar\u201d, se\u00f1al\u00f3.<\/p>\n<p>De esta forma, sostuvo que la semana de visita de Garc\u00eda-Say\u00e1n solo fue un espect\u00e1culo y que era parte de un espect\u00e1culo para generar una \u201cimagen falsa\u201d de la reforma judicial que solo puede ser resuelta por la poblaci\u00f3n.<\/p>\n<p>\u201cCreo que han sido dos semanas que hemos visto un espect\u00e1culo, perseguir a un caballero para que seamos bendecidos con su espacio y su tiempo Esto era parte de generar una falsa imagen de la reforma judicial que solo los bolivianos lo podremos resolver\u201d, a\u00f1adi\u00f3.<\/p>\n<p>En las \u00faltimas horas, el expresidente Carlos Mesa, desde su cuenta de Twitter, tambi\u00e9n se refiri\u00f3 al informe preliminar de Garc\u00eda-Say\u00e1n, se\u00f1alando que es la confirmaci\u00f3n de que el sistema judicial se ha coinvertido en una herramienta para la persecuci\u00f3n de opositores al r\u00e9gimen de gobierno.<\/p>\n<p>\u201cEl informe confirma lo que padecemos: la justicia en Bolivia dej\u00f3 de ser un derecho y se convirti\u00f3 en un instrumento de la violencia, la corrupci\u00f3n y la ambici\u00f3n masista que la alej\u00f3 del pueblo y la usa para perseguir a los que piensan diferente\u201d, indic\u00f3<\/p>\n","protected":false},"excerpt":{"rendered":"<p>El senador por Comunidad Ciudadana (CC), Rodrigo Paz Pereira, afirm\u00f3 que el informe preliminar sobre el estado de la justicia boliviana, presentado por el relator Especial de Naciones Unidas Diego Garc\u00eda-Say\u00e1n tiene \u201cconclusiones vagas\u201d, que todos los bolivianos ya conocen. Paz expres\u00f3 criterios sobre el informe preliminar emitido por el Relator de ONU, con respecto [&hellip;]<\/p>\n","protected":false},"author":1,"featured_media":65449,"comment_status":"closed","ping_status":"closed","sticky":false,"template":"","format":"standard","meta":{"_acf_changed":false,"footnotes":""},"categories":[14],"tags":[],"class_list":["post-65448","post","type-post","status-publish","format-standard","has-post-thumbnail","category-politica"],"acf":{"antetitulo":""},"yoast_head":"<!-- This site is optimized with the Yoast SEO plugin v28.4 - https:\/\/yoast.com\/product\/yoast-seo-wordpress\/ -->\n<title>Rodrigo Paz afirma que informe de Relator tiene \u201cconclusiones vagas\u201d - El Diario - Bolivia<\/title>\n<meta name=\"robots\" content=\"index, follow, max-snippet:-1, max-image-preview:large, max-video-preview:-1\" \/>\n<link rel=\"canonical\" href=\"https:\/\/www.eldiario.net\/portal\/2022\/02\/24\/rodrigo-paz-afirma-que-informe-de-relator-tiene-conclusiones-vagas\/\" \/>\n<meta property=\"og:locale\" content=\"es_ES\" \/>\n<meta property=\"og:type\" content=\"article\" \/>\n<meta property=\"og:title\" content=\"Rodrigo Paz afirma que informe de Relator tiene \u201cconclusiones vagas\u201d - El Diario - Bolivia\" \/>\n<meta property=\"og:description\" content=\"El senador por Comunidad Ciudadana (CC), Rodrigo Paz Pereira, afirm\u00f3 que el informe preliminar sobre el estado de la justicia boliviana, presentado por el relator Especial de Naciones Unidas Diego Garc\u00eda-Say\u00e1n tiene \u201cconclusiones vagas\u201d, que todos los bolivianos ya conocen. Paz expres\u00f3 criterios sobre el informe preliminar emitido por el Relator de ONU, con respecto [&hellip;]\" \/>\n<meta property=\"og:url\" content=\"https:\/\/www.eldiario.net\/portal\/2022\/02\/24\/rodrigo-paz-afirma-que-informe-de-relator-tiene-conclusiones-vagas\/\" \/>\n<meta property=\"og:site_name\" content=\"El Diario - Bolivia\" \/>\n<meta property=\"article:publisher\" content=\"https:\/\/www.facebook.com\/eldiario.bolivia\/\" \/>\n<meta property=\"article:published_time\" content=\"2022-02-24T09:28:48+00:00\" \/>\n<meta name=\"author\" content=\"Jeanette\" \/>\n<meta name=\"twitter:card\" content=\"summary_large_image\" \/>\n<meta name=\"twitter:creator\" content=\"@eldiario_net\" \/>\n<meta name=\"twitter:site\" content=\"@eldiario_net\" \/>\n<meta name=\"twitter:label1\" content=\"Escrito por\" \/>\n\t<meta name=\"twitter:data1\" content=\"Jeanette\" \/>\n\t<meta name=\"twitter:label2\" content=\"Tiempo de lectura\" \/>\n\t<meta name=\"twitter:data2\" content=\"2 minutos\" \/>\n<script type=\"application\/ld+json\" class=\"yoast-schema-graph\">{\"@context\":\"https:\\\/\\\/schema.org\",\"@graph\":[{\"@type\":\"Article\",\"@id\":\"https:\\\/\\\/www.eldiario.net\\\/portal\\\/2022\\\/02\\\/24\\\/rodrigo-paz-afirma-que-informe-de-relator-tiene-conclusiones-vagas\\\/#article\",\"isPartOf\":{\"@id\":\"https:\\\/\\\/www.eldiario.net\\\/portal\\\/2022\\\/02\\\/24\\\/rodrigo-paz-afirma-que-informe-de-relator-tiene-conclusiones-vagas\\\/\"},\"author\":{\"name\":\"Jeanette\",\"@id\":\"https:\\\/\\\/www.eldiario.net\\\/portal\\\/#\\\/schema\\\/person\\\/2c57cf2b7a7ae032e449e4c9b1019eac\"},\"headline\":\"Rodrigo Paz afirma que informe de Relator tiene \u201cconclusiones vagas\u201d\",\"datePublished\":\"2022-02-24T09:28:48+00:00\",\"mainEntityOfPage\":{\"@id\":\"https:\\\/\\\/www.eldiario.net\\\/portal\\\/2022\\\/02\\\/24\\\/rodrigo-paz-afirma-que-informe-de-relator-tiene-conclusiones-vagas\\\/\"},\"wordCount\":413,\"publisher\":{\"@id\":\"https:\\\/\\\/www.eldiario.net\\\/portal\\\/#organization\"},\"image\":{\"@id\":\"https:\\\/\\\/www.eldiario.net\\\/portal\\\/2022\\\/02\\\/24\\\/rodrigo-paz-afirma-que-informe-de-relator-tiene-conclusiones-vagas\\\/#primaryimage\"},\"thumbnailUrl\":\"\",\"articleSection\":[\"Pol\u00edtica\"],\"inLanguage\":\"es\"},{\"@type\":\"WebPage\",\"@id\":\"https:\\\/\\\/www.eldiario.net\\\/portal\\\/2022\\\/02\\\/24\\\/rodrigo-paz-afirma-que-informe-de-relator-tiene-conclusiones-vagas\\\/\",\"url\":\"https:\\\/\\\/www.eldiario.net\\\/portal\\\/2022\\\/02\\\/24\\\/rodrigo-paz-afirma-que-informe-de-relator-tiene-conclusiones-vagas\\\/\",\"name\":\"Rodrigo Paz afirma que informe de Relator tiene \u201cconclusiones vagas\u201d - El Diario - Bolivia\",\"isPartOf\":{\"@id\":\"https:\\\/\\\/www.eldiario.net\\\/portal\\\/#website\"},\"primaryImageOfPage\":{\"@id\":\"https:\\\/\\\/www.eldiario.net\\\/portal\\\/2022\\\/02\\\/24\\\/rodrigo-paz-afirma-que-informe-de-relator-tiene-conclusiones-vagas\\\/#primaryimage\"},\"image\":{\"@id\":\"https:\\\/\\\/www.eldiario.net\\\/portal\\\/2022\\\/02\\\/24\\\/rodrigo-paz-afirma-que-informe-de-relator-tiene-conclusiones-vagas\\\/#primaryimage\"},\"thumbnailUrl\":\"\",\"datePublished\":\"2022-02-24T09:28:48+00:00\",\"breadcrumb\":{\"@id\":\"https:\\\/\\\/www.eldiario.net\\\/portal\\\/2022\\\/02\\\/24\\\/rodrigo-paz-afirma-que-informe-de-relator-tiene-conclusiones-vagas\\\/#breadcrumb\"},\"inLanguage\":\"es\",\"potentialAction\":[{\"@type\":\"ReadAction\",\"target\":[\"https:\\\/\\\/www.eldiario.net\\\/portal\\\/2022\\\/02\\\/24\\\/rodrigo-paz-afirma-que-informe-de-relator-tiene-conclusiones-vagas\\\/\"]}]},{\"@type\":\"ImageObject\",\"inLanguage\":\"es\",\"@id\":\"https:\\\/\\\/www.eldiario.net\\\/portal\\\/2022\\\/02\\\/24\\\/rodrigo-paz-afirma-que-informe-de-relator-tiene-conclusiones-vagas\\\/#primaryimage\",\"url\":\"\",\"contentUrl\":\"\"},{\"@type\":\"BreadcrumbList\",\"@id\":\"https:\\\/\\\/www.eldiario.net\\\/portal\\\/2022\\\/02\\\/24\\\/rodrigo-paz-afirma-que-informe-de-relator-tiene-conclusiones-vagas\\\/#breadcrumb\",\"itemListElement\":[{\"@type\":\"ListItem\",\"position\":1,\"name\":\"Portada\",\"item\":\"https:\\\/\\\/www.eldiario.net\\\/portal\\\/\"},{\"@type\":\"ListItem\",\"position\":2,\"name\":\"Rodrigo Paz afirma que informe de Relator tiene \u201cconclusiones vagas\u201d\"}]},{\"@type\":\"WebSite\",\"@id\":\"https:\\\/\\\/www.eldiario.net\\\/portal\\\/#website\",\"url\":\"https:\\\/\\\/www.eldiario.net\\\/portal\\\/\",\"name\":\"El Diario - Decano de la prensa nacional\",\"description\":\"El Diario - Decano de la prensa nacional\",\"publisher\":{\"@id\":\"https:\\\/\\\/www.eldiario.net\\\/portal\\\/#organization\"},\"potentialAction\":[{\"@type\":\"SearchAction\",\"target\":{\"@type\":\"EntryPoint\",\"urlTemplate\":\"https:\\\/\\\/www.eldiario.net\\\/portal\\\/?s={search_term_string}\"},\"query-input\":{\"@type\":\"PropertyValueSpecification\",\"valueRequired\":true,\"valueName\":\"search_term_string\"}}],\"inLanguage\":\"es\"},{\"@type\":\"Organization\",\"@id\":\"https:\\\/\\\/www.eldiario.net\\\/portal\\\/#organization\",\"name\":\"El Diario - Decano de la prensa nacional\",\"url\":\"https:\\\/\\\/www.eldiario.net\\\/portal\\\/\",\"logo\":{\"@type\":\"ImageObject\",\"inLanguage\":\"es\",\"@id\":\"https:\\\/\\\/www.eldiario.net\\\/portal\\\/#\\\/schema\\\/logo\\\/image\\\/\",\"url\":\"https:\\\/\\\/www.eldiario.net\\\/portal\\\/wp-content\\\/uploads\\\/2023\\\/07\\\/logo_ED.jpg\",\"contentUrl\":\"https:\\\/\\\/www.eldiario.net\\\/portal\\\/wp-content\\\/uploads\\\/2023\\\/07\\\/logo_ED.jpg\",\"width\":272,\"height\":52,\"caption\":\"El Diario - Decano de la prensa nacional\"},\"image\":{\"@id\":\"https:\\\/\\\/www.eldiario.net\\\/portal\\\/#\\\/schema\\\/logo\\\/image\\\/\"},\"sameAs\":[\"https:\\\/\\\/www.facebook.com\\\/eldiario.bolivia\\\/\",\"https:\\\/\\\/x.com\\\/eldiario_net\"]},{\"@type\":\"Person\",\"@id\":\"https:\\\/\\\/www.eldiario.net\\\/portal\\\/#\\\/schema\\\/person\\\/2c57cf2b7a7ae032e449e4c9b1019eac\",\"name\":\"Jeanette\",\"image\":{\"@type\":\"ImageObject\",\"inLanguage\":\"es\",\"@id\":\"https:\\\/\\\/secure.gravatar.com\\\/avatar\\\/3ea2118a5f7dad2b7138b1187a6b7ee55f160b9968b66013c3a3ef39dd7e5798?s=96&d=mm&r=g\",\"url\":\"https:\\\/\\\/secure.gravatar.com\\\/avatar\\\/3ea2118a5f7dad2b7138b1187a6b7ee55f160b9968b66013c3a3ef39dd7e5798?s=96&d=mm&r=g\",\"contentUrl\":\"https:\\\/\\\/secure.gravatar.com\\\/avatar\\\/3ea2118a5f7dad2b7138b1187a6b7ee55f160b9968b66013c3a3ef39dd7e5798?s=96&d=mm&r=g\",\"caption\":\"Jeanette\"},\"sameAs\":[\"https:\\\/\\\/www.eldiario.net\\\/portal\"],\"url\":\"https:\\\/\\\/www.eldiario.net\\\/portal\\\/author\\\/jeanette\\\/\"}]}<\/script>\n<!-- \/ Yoast SEO plugin. -->","yoast_head_json":{"title":"Rodrigo Paz afirma que informe de Relator tiene \u201cconclusiones vagas\u201d - El Diario - Bolivia","robots":{"index":"index","follow":"follow","max-snippet":"max-snippet:-1","max-image-preview":"max-image-preview:large","max-video-preview":"max-video-preview:-1"},"canonical":"https:\/\/www.eldiario.net\/portal\/2022\/02\/24\/rodrigo-paz-afirma-que-informe-de-relator-tiene-conclusiones-vagas\/","og_locale":"es_ES","og_type":"article","og_title":"Rodrigo Paz afirma que informe de Relator tiene \u201cconclusiones vagas\u201d - El Diario - Bolivia","og_description":"El senador por Comunidad Ciudadana (CC), Rodrigo Paz Pereira, afirm\u00f3 que el informe preliminar sobre el estado de la justicia boliviana, presentado por el relator Especial de Naciones Unidas Diego Garc\u00eda-Say\u00e1n tiene \u201cconclusiones vagas\u201d, que todos los bolivianos ya conocen. Paz expres\u00f3 criterios sobre el informe preliminar emitido por el Relator de ONU, con respecto [&hellip;]","og_url":"https:\/\/www.eldiario.net\/portal\/2022\/02\/24\/rodrigo-paz-afirma-que-informe-de-relator-tiene-conclusiones-vagas\/","og_site_name":"El Diario - Bolivia","article_publisher":"https:\/\/www.facebook.com\/eldiario.bolivia\/","article_published_time":"2022-02-24T09:28:48+00:00","author":"Jeanette","twitter_card":"summary_large_image","twitter_creator":"@eldiario_net","twitter_site":"@eldiario_net","twitter_misc":{"Escrito por":"Jeanette","Tiempo de lectura":"2 minutos"},"schema":{"@context":"https:\/\/schema.org","@graph":[{"@type":"Article","@id":"https:\/\/www.eldiario.net\/portal\/2022\/02\/24\/rodrigo-paz-afirma-que-informe-de-relator-tiene-conclusiones-vagas\/#article","isPartOf":{"@id":"https:\/\/www.eldiario.net\/portal\/2022\/02\/24\/rodrigo-paz-afirma-que-informe-de-relator-tiene-conclusiones-vagas\/"},"author":{"name":"Jeanette","@id":"https:\/\/www.eldiario.net\/portal\/#\/schema\/person\/2c57cf2b7a7ae032e449e4c9b1019eac"},"headline":"Rodrigo Paz afirma que informe de Relator tiene \u201cconclusiones vagas\u201d","datePublished":"2022-02-24T09:28:48+00:00","mainEntityOfPage":{"@id":"https:\/\/www.eldiario.net\/portal\/2022\/02\/24\/rodrigo-paz-afirma-que-informe-de-relator-tiene-conclusiones-vagas\/"},"wordCount":413,"publisher":{"@id":"https:\/\/www.eldiario.net\/portal\/#organization"},"image":{"@id":"https:\/\/www.eldiario.net\/portal\/2022\/02\/24\/rodrigo-paz-afirma-que-informe-de-relator-tiene-conclusiones-vagas\/#primaryimage"},"thumbnailUrl":"","articleSection":["Pol\u00edtica"],"inLanguage":"es"},{"@type":"WebPage","@id":"https:\/\/www.eldiario.net\/portal\/2022\/02\/24\/rodrigo-paz-afirma-que-informe-de-relator-tiene-conclusiones-vagas\/","url":"https:\/\/www.eldiario.net\/portal\/2022\/02\/24\/rodrigo-paz-afirma-que-informe-de-relator-tiene-conclusiones-vagas\/","name":"Rodrigo Paz afirma que informe de Relator tiene \u201cconclusiones vagas\u201d - El Diario - Bolivia","isPartOf":{"@id":"https:\/\/www.eldiario.net\/portal\/#website"},"primaryImageOfPage":{"@id":"https:\/\/www.eldiario.net\/portal\/2022\/02\/24\/rodrigo-paz-afirma-que-informe-de-relator-tiene-conclusiones-vagas\/#primaryimage"},"image":{"@id":"https:\/\/www.eldiario.net\/portal\/2022\/02\/24\/rodrigo-paz-afirma-que-informe-de-relator-tiene-conclusiones-vagas\/#primaryimage"},"thumbnailUrl":"","datePublished":"2022-02-24T09:28:48+00:00","breadcrumb":{"@id":"https:\/\/www.eldiario.net\/portal\/2022\/02\/24\/rodrigo-paz-afirma-que-informe-de-relator-tiene-conclusiones-vagas\/#breadcrumb"},"inLanguage":"es","potentialAction":[{"@type":"ReadAction","target":["https:\/\/www.eldiario.net\/portal\/2022\/02\/24\/rodrigo-paz-afirma-que-informe-de-relator-tiene-conclusiones-vagas\/"]}]},{"@type":"ImageObject","inLanguage":"es","@id":"https:\/\/www.eldiario.net\/portal\/2022\/02\/24\/rodrigo-paz-afirma-que-informe-de-relator-tiene-conclusiones-vagas\/#primaryimage","url":"","contentUrl":""},{"@type":"BreadcrumbList","@id":"https:\/\/www.eldiario.net\/portal\/2022\/02\/24\/rodrigo-paz-afirma-que-informe-de-relator-tiene-conclusiones-vagas\/#breadcrumb","itemListElement":[{"@type":"ListItem","position":1,"name":"Portada","item":"https:\/\/www.eldiario.net\/portal\/"},{"@type":"ListItem","position":2,"name":"Rodrigo Paz afirma que informe de Relator tiene \u201cconclusiones vagas\u201d"}]},{"@type":"WebSite","@id":"https:\/\/www.eldiario.net\/portal\/#website","url":"https:\/\/www.eldiario.net\/portal\/","name":"El Diario - Decano de la prensa nacional","description":"El Diario - Decano de la prensa nacional","publisher":{"@id":"https:\/\/www.eldiario.net\/portal\/#organization"},"potentialAction":[{"@type":"SearchAction","target":{"@type":"EntryPoint","urlTemplate":"https:\/\/www.eldiario.net\/portal\/?s={search_term_string}"},"query-input":{"@type":"PropertyValueSpecification","valueRequired":true,"valueName":"search_term_string"}}],"inLanguage":"es"},{"@type":"Organization","@id":"https:\/\/www.eldiario.net\/portal\/#organization","name":"El Diario - Decano de la prensa nacional","url":"https:\/\/www.eldiario.net\/portal\/","logo":{"@type":"ImageObject","inLanguage":"es","@id":"https:\/\/www.eldiario.net\/portal\/#\/schema\/logo\/image\/","url":"https:\/\/www.eldiario.net\/portal\/wp-content\/uploads\/2023\/07\/logo_ED.jpg","contentUrl":"https:\/\/www.eldiario.net\/portal\/wp-content\/uploads\/2023\/07\/logo_ED.jpg","width":272,"height":52,"caption":"El Diario - Decano de la prensa nacional"},"image":{"@id":"https:\/\/www.eldiario.net\/portal\/#\/schema\/logo\/image\/"},"sameAs":["https:\/\/www.facebook.com\/eldiario.bolivia\/","https:\/\/x.com\/eldiario_net"]},{"@type":"Person","@id":"https:\/\/www.eldiario.net\/portal\/#\/schema\/person\/2c57cf2b7a7ae032e449e4c9b1019eac","name":"Jeanette","image":{"@type":"ImageObject","inLanguage":"es","@id":"https:\/\/secure.gravatar.com\/avatar\/3ea2118a5f7dad2b7138b1187a6b7ee55f160b9968b66013c3a3ef39dd7e5798?s=96&d=mm&r=g","url":"https:\/\/secure.gravatar.com\/avatar\/3ea2118a5f7dad2b7138b1187a6b7ee55f160b9968b66013c3a3ef39dd7e5798?s=96&d=mm&r=g","contentUrl":"https:\/\/secure.gravatar.com\/avatar\/3ea2118a5f7dad2b7138b1187a6b7ee55f160b9968b66013c3a3ef39dd7e5798?s=96&d=mm&r=g","caption":"Jeanette"},"sameAs":["https:\/\/www.eldiario.net\/portal"],"url":"https:\/\/www.eldiario.net\/portal\/author\/jeanette\/"}]}},"_links":{"self":[{"href":"https:\/\/www.eldiario.net\/portal\/wp-json\/wp\/v2\/posts\/65448","targetHints":{"allow":["GET"]}}],"collection":[{"href":"https:\/\/www.eldiario.net\/portal\/wp-json\/wp\/v2\/posts"}],"about":[{"href":"https:\/\/www.eldiario.net\/portal\/wp-json\/wp\/v2\/types\/post"}],"author":[{"embeddable":true,"href":"https:\/\/www.eldiario.net\/portal\/wp-json\/wp\/v2\/users\/1"}],"replies":[{"embeddable":true,"href":"https:\/\/www.eldiario.net\/portal\/wp-json\/wp\/v2\/comments?post=65448"}],"version-history":[{"count":0,"href":"https:\/\/www.eldiario.net\/portal\/wp-json\/wp\/v2\/posts\/65448\/revisions"}],"wp:attachment":[{"href":"https:\/\/www.eldiario.net\/portal\/wp-json\/wp\/v2\/media?parent=65448"}],"wp:term":[{"taxonomy":"category","embeddable":true,"href":"https:\/\/www.eldiario.net\/portal\/wp-json\/wp\/v2\/categories?post=65448"},{"taxonomy":"post_tag","embeddable":true,"href":"https:\/\/www.eldiario.net\/portal\/wp-json\/wp\/v2\/tags?post=65448"}],"curies":[{"name":"wp","href":"https:\/\/api.w.org\/{rel}","templated":true}]}}