{"id":65445,"date":"2022-02-24T05:28:04","date_gmt":"2022-02-24T09:28:04","guid":{"rendered":"https:\/\/www.eldiario.net\/portal\/?p=65445"},"modified":"2022-02-24T05:28:04","modified_gmt":"2022-02-24T09:28:04","slug":"senador-anuncia-revision-de-leyes-vinculadas-administracion-de-justicia","status":"publish","type":"post","link":"https:\/\/www.eldiario.net\/portal\/2022\/02\/24\/senador-anuncia-revision-de-leyes-vinculadas-administracion-de-justicia\/","title":{"rendered":"Senador anuncia revisi\u00f3n de leyes  vinculadas administraci\u00f3n de justicia"},"content":{"rendered":"<p>Resaltando los primeros resultados del trabajo de la Comisi\u00f3n de Revisi\u00f3n de casos de Feminicidio y Violencia Sexual, el senador por el Movimiento al Socialismo (MAS), Rub\u00e9n Guti\u00e9rrez, adelant\u00f3 que, desde la Asamblea Legislativa Plurinacional (ALP) se contempla iniciar trabajos en la elaboraci\u00f3n de normas que aporten a la reforma de la justicia en el pa\u00eds.<\/p>\n<p>El parlamentario destac\u00f3 los primeros resultados del trabajo que viene llevando adelante la Comisi\u00f3n de Revisi\u00f3n de casos de Feminicidio y Violencia Sexual, se\u00f1alando que se analiza la realizaci\u00f3n de ajustes a las normas vigentes.<\/p>\n<p>\u201cSe van a hacer ajustes normativos al C\u00f3digo de Procedimiento Penal y a otras normativas conexas, tomando en cuenta de que el factor normativo es importante, adem\u00e1s del humano; se est\u00e1 trabajando en la revisi\u00f3n en estas sentencias condenatorias en los casos de violaci\u00f3n y feminicidios\u201d, dijo.<\/p>\n<p>Guti\u00e9rrez resalt\u00f3 que, hasta la fecha y tras dos semanas de labor intensa, la Comisi\u00f3n logr\u00f3 la detenci\u00f3n de 23 personas, entre ellas 7 sentenciadas por asesinato, 3 por complicidad, 3 jueces, 3 abogados, 1 m\u00e9dico, 2 trabajadores sociales y 4 recapturados por narcotr\u00e1fico; y que adem\u00e1s se procede a la revisi\u00f3n de 135 expedientes.<\/p>\n<p>Inform\u00f3 adem\u00e1s que para contribuir a la reforma judicial, la ALP centra esfuerzos en realizar ajustes o modificaciones a las normativas, siendo prioridad, al momento, las leyes vinculadas a la administraci\u00f3n de la justicia en materia penal, entre ellas, la revisi\u00f3n de la Ley 2298 de Ejecuci\u00f3n Penal y Supervisi\u00f3n, debido a su mala interpretaci\u00f3n o muchas veces tergiversaci\u00f3n; de la Ley 1173, de Abreviaci\u00f3n Procesa Penal y de Fortalecimiento de la Lucha Integral contra la Violencia a Ni\u00f1as, Ni\u00f1os, Adolescentes y Mujeres, que requiere mayor precisi\u00f3n; y tambi\u00e9n de la Ley 348 Integral Para garantizar a las Mujeres una Vida libre de Violencia, que demanda ajustes.<\/p>\n<p>&nbsp;<\/p>\n<p>\u201cHay que hacer ajustes a partir de las propuestas que hemos recabado en la Comisi\u00f3n Especial Mixta y del Ministerio de Justicia. Debemos trabajar de manera conjunta para lograr este prop\u00f3sito y de otras normativas que requieren ajustes y modificaciones, que forman parte tambi\u00e9n de la reforma judicial que estamos encarando este 2022\u201d, concluy\u00f3 el legislador.<\/p>\n","protected":false},"excerpt":{"rendered":"<p>Resaltando los primeros resultados del trabajo de la Comisi\u00f3n de Revisi\u00f3n de casos de Feminicidio y Violencia Sexual, el senador por el Movimiento al Socialismo (MAS), Rub\u00e9n Guti\u00e9rrez, adelant\u00f3 que, desde la Asamblea Legislativa Plurinacional (ALP) se contempla iniciar trabajos en la elaboraci\u00f3n de normas que aporten a la reforma de la justicia en el [&hellip;]<\/p>\n","protected":false},"author":1,"featured_media":65446,"comment_status":"closed","ping_status":"closed","sticky":false,"template":"","format":"standard","meta":{"_acf_changed":false,"footnotes":""},"categories":[14],"tags":[],"class_list":["post-65445","post","type-post","status-publish","format-standard","has-post-thumbnail","category-politica"],"acf":{"antetitulo":""},"yoast_head":"<!-- This site is optimized with the Yoast SEO plugin v28.4 - https:\/\/yoast.com\/product\/yoast-seo-wordpress\/ -->\n<title>Senador anuncia revisi\u00f3n de leyes vinculadas administraci\u00f3n de justicia - El Diario - Bolivia<\/title>\n<meta name=\"robots\" content=\"index, follow, max-snippet:-1, max-image-preview:large, max-video-preview:-1\" \/>\n<link rel=\"canonical\" href=\"https:\/\/www.eldiario.net\/portal\/2022\/02\/24\/senador-anuncia-revision-de-leyes-vinculadas-administracion-de-justicia\/\" \/>\n<meta property=\"og:locale\" content=\"es_ES\" \/>\n<meta property=\"og:type\" content=\"article\" \/>\n<meta property=\"og:title\" content=\"Senador anuncia revisi\u00f3n de leyes vinculadas administraci\u00f3n de justicia - El Diario - Bolivia\" \/>\n<meta property=\"og:description\" content=\"Resaltando los primeros resultados del trabajo de la Comisi\u00f3n de Revisi\u00f3n de casos de Feminicidio y Violencia Sexual, el senador por el Movimiento al Socialismo (MAS), Rub\u00e9n Guti\u00e9rrez, adelant\u00f3 que, desde la Asamblea Legislativa Plurinacional (ALP) se contempla iniciar trabajos en la elaboraci\u00f3n de normas que aporten a la reforma de la justicia en el [&hellip;]\" \/>\n<meta property=\"og:url\" content=\"https:\/\/www.eldiario.net\/portal\/2022\/02\/24\/senador-anuncia-revision-de-leyes-vinculadas-administracion-de-justicia\/\" \/>\n<meta property=\"og:site_name\" content=\"El Diario - Bolivia\" \/>\n<meta property=\"article:publisher\" content=\"https:\/\/www.facebook.com\/eldiario.bolivia\/\" \/>\n<meta property=\"article:published_time\" content=\"2022-02-24T09:28:04+00:00\" \/>\n<meta name=\"author\" content=\"Jeanette\" \/>\n<meta name=\"twitter:card\" content=\"summary_large_image\" \/>\n<meta name=\"twitter:creator\" content=\"@eldiario_net\" \/>\n<meta name=\"twitter:site\" content=\"@eldiario_net\" \/>\n<meta name=\"twitter:label1\" content=\"Escrito por\" \/>\n\t<meta name=\"twitter:data1\" content=\"Jeanette\" \/>\n\t<meta name=\"twitter:label2\" content=\"Tiempo de lectura\" \/>\n\t<meta name=\"twitter:data2\" content=\"2 minutos\" \/>\n<script type=\"application\/ld+json\" class=\"yoast-schema-graph\">{\"@context\":\"https:\\\/\\\/schema.org\",\"@graph\":[{\"@type\":\"Article\",\"@id\":\"https:\\\/\\\/www.eldiario.net\\\/portal\\\/2022\\\/02\\\/24\\\/senador-anuncia-revision-de-leyes-vinculadas-administracion-de-justicia\\\/#article\",\"isPartOf\":{\"@id\":\"https:\\\/\\\/www.eldiario.net\\\/portal\\\/2022\\\/02\\\/24\\\/senador-anuncia-revision-de-leyes-vinculadas-administracion-de-justicia\\\/\"},\"author\":{\"name\":\"Jeanette\",\"@id\":\"https:\\\/\\\/www.eldiario.net\\\/portal\\\/#\\\/schema\\\/person\\\/2c57cf2b7a7ae032e449e4c9b1019eac\"},\"headline\":\"Senador anuncia revisi\u00f3n de leyes vinculadas administraci\u00f3n de justicia\",\"datePublished\":\"2022-02-24T09:28:04+00:00\",\"mainEntityOfPage\":{\"@id\":\"https:\\\/\\\/www.eldiario.net\\\/portal\\\/2022\\\/02\\\/24\\\/senador-anuncia-revision-de-leyes-vinculadas-administracion-de-justicia\\\/\"},\"wordCount\":391,\"publisher\":{\"@id\":\"https:\\\/\\\/www.eldiario.net\\\/portal\\\/#organization\"},\"image\":{\"@id\":\"https:\\\/\\\/www.eldiario.net\\\/portal\\\/2022\\\/02\\\/24\\\/senador-anuncia-revision-de-leyes-vinculadas-administracion-de-justicia\\\/#primaryimage\"},\"thumbnailUrl\":\"\",\"articleSection\":[\"Pol\u00edtica\"],\"inLanguage\":\"es\"},{\"@type\":\"WebPage\",\"@id\":\"https:\\\/\\\/www.eldiario.net\\\/portal\\\/2022\\\/02\\\/24\\\/senador-anuncia-revision-de-leyes-vinculadas-administracion-de-justicia\\\/\",\"url\":\"https:\\\/\\\/www.eldiario.net\\\/portal\\\/2022\\\/02\\\/24\\\/senador-anuncia-revision-de-leyes-vinculadas-administracion-de-justicia\\\/\",\"name\":\"Senador anuncia revisi\u00f3n de leyes vinculadas administraci\u00f3n de justicia - El Diario - Bolivia\",\"isPartOf\":{\"@id\":\"https:\\\/\\\/www.eldiario.net\\\/portal\\\/#website\"},\"primaryImageOfPage\":{\"@id\":\"https:\\\/\\\/www.eldiario.net\\\/portal\\\/2022\\\/02\\\/24\\\/senador-anuncia-revision-de-leyes-vinculadas-administracion-de-justicia\\\/#primaryimage\"},\"image\":{\"@id\":\"https:\\\/\\\/www.eldiario.net\\\/portal\\\/2022\\\/02\\\/24\\\/senador-anuncia-revision-de-leyes-vinculadas-administracion-de-justicia\\\/#primaryimage\"},\"thumbnailUrl\":\"\",\"datePublished\":\"2022-02-24T09:28:04+00:00\",\"breadcrumb\":{\"@id\":\"https:\\\/\\\/www.eldiario.net\\\/portal\\\/2022\\\/02\\\/24\\\/senador-anuncia-revision-de-leyes-vinculadas-administracion-de-justicia\\\/#breadcrumb\"},\"inLanguage\":\"es\",\"potentialAction\":[{\"@type\":\"ReadAction\",\"target\":[\"https:\\\/\\\/www.eldiario.net\\\/portal\\\/2022\\\/02\\\/24\\\/senador-anuncia-revision-de-leyes-vinculadas-administracion-de-justicia\\\/\"]}]},{\"@type\":\"ImageObject\",\"inLanguage\":\"es\",\"@id\":\"https:\\\/\\\/www.eldiario.net\\\/portal\\\/2022\\\/02\\\/24\\\/senador-anuncia-revision-de-leyes-vinculadas-administracion-de-justicia\\\/#primaryimage\",\"url\":\"\",\"contentUrl\":\"\"},{\"@type\":\"BreadcrumbList\",\"@id\":\"https:\\\/\\\/www.eldiario.net\\\/portal\\\/2022\\\/02\\\/24\\\/senador-anuncia-revision-de-leyes-vinculadas-administracion-de-justicia\\\/#breadcrumb\",\"itemListElement\":[{\"@type\":\"ListItem\",\"position\":1,\"name\":\"Portada\",\"item\":\"https:\\\/\\\/www.eldiario.net\\\/portal\\\/\"},{\"@type\":\"ListItem\",\"position\":2,\"name\":\"Senador anuncia revisi\u00f3n de leyes vinculadas administraci\u00f3n de justicia\"}]},{\"@type\":\"WebSite\",\"@id\":\"https:\\\/\\\/www.eldiario.net\\\/portal\\\/#website\",\"url\":\"https:\\\/\\\/www.eldiario.net\\\/portal\\\/\",\"name\":\"El Diario - Decano de la prensa nacional\",\"description\":\"El Diario - Decano de la prensa nacional\",\"publisher\":{\"@id\":\"https:\\\/\\\/www.eldiario.net\\\/portal\\\/#organization\"},\"potentialAction\":[{\"@type\":\"SearchAction\",\"target\":{\"@type\":\"EntryPoint\",\"urlTemplate\":\"https:\\\/\\\/www.eldiario.net\\\/portal\\\/?s={search_term_string}\"},\"query-input\":{\"@type\":\"PropertyValueSpecification\",\"valueRequired\":true,\"valueName\":\"search_term_string\"}}],\"inLanguage\":\"es\"},{\"@type\":\"Organization\",\"@id\":\"https:\\\/\\\/www.eldiario.net\\\/portal\\\/#organization\",\"name\":\"El Diario - Decano de la prensa nacional\",\"url\":\"https:\\\/\\\/www.eldiario.net\\\/portal\\\/\",\"logo\":{\"@type\":\"ImageObject\",\"inLanguage\":\"es\",\"@id\":\"https:\\\/\\\/www.eldiario.net\\\/portal\\\/#\\\/schema\\\/logo\\\/image\\\/\",\"url\":\"https:\\\/\\\/www.eldiario.net\\\/portal\\\/wp-content\\\/uploads\\\/2023\\\/07\\\/logo_ED.jpg\",\"contentUrl\":\"https:\\\/\\\/www.eldiario.net\\\/portal\\\/wp-content\\\/uploads\\\/2023\\\/07\\\/logo_ED.jpg\",\"width\":272,\"height\":52,\"caption\":\"El Diario - Decano de la prensa nacional\"},\"image\":{\"@id\":\"https:\\\/\\\/www.eldiario.net\\\/portal\\\/#\\\/schema\\\/logo\\\/image\\\/\"},\"sameAs\":[\"https:\\\/\\\/www.facebook.com\\\/eldiario.bolivia\\\/\",\"https:\\\/\\\/x.com\\\/eldiario_net\"]},{\"@type\":\"Person\",\"@id\":\"https:\\\/\\\/www.eldiario.net\\\/portal\\\/#\\\/schema\\\/person\\\/2c57cf2b7a7ae032e449e4c9b1019eac\",\"name\":\"Jeanette\",\"image\":{\"@type\":\"ImageObject\",\"inLanguage\":\"es\",\"@id\":\"https:\\\/\\\/secure.gravatar.com\\\/avatar\\\/3ea2118a5f7dad2b7138b1187a6b7ee55f160b9968b66013c3a3ef39dd7e5798?s=96&d=mm&r=g\",\"url\":\"https:\\\/\\\/secure.gravatar.com\\\/avatar\\\/3ea2118a5f7dad2b7138b1187a6b7ee55f160b9968b66013c3a3ef39dd7e5798?s=96&d=mm&r=g\",\"contentUrl\":\"https:\\\/\\\/secure.gravatar.com\\\/avatar\\\/3ea2118a5f7dad2b7138b1187a6b7ee55f160b9968b66013c3a3ef39dd7e5798?s=96&d=mm&r=g\",\"caption\":\"Jeanette\"},\"sameAs\":[\"https:\\\/\\\/www.eldiario.net\\\/portal\"],\"url\":\"https:\\\/\\\/www.eldiario.net\\\/portal\\\/author\\\/jeanette\\\/\"}]}<\/script>\n<!-- \/ Yoast SEO plugin. -->","yoast_head_json":{"title":"Senador anuncia revisi\u00f3n de leyes vinculadas administraci\u00f3n de justicia - El Diario - Bolivia","robots":{"index":"index","follow":"follow","max-snippet":"max-snippet:-1","max-image-preview":"max-image-preview:large","max-video-preview":"max-video-preview:-1"},"canonical":"https:\/\/www.eldiario.net\/portal\/2022\/02\/24\/senador-anuncia-revision-de-leyes-vinculadas-administracion-de-justicia\/","og_locale":"es_ES","og_type":"article","og_title":"Senador anuncia revisi\u00f3n de leyes vinculadas administraci\u00f3n de justicia - El Diario - Bolivia","og_description":"Resaltando los primeros resultados del trabajo de la Comisi\u00f3n de Revisi\u00f3n de casos de Feminicidio y Violencia Sexual, el senador por el Movimiento al Socialismo (MAS), Rub\u00e9n Guti\u00e9rrez, adelant\u00f3 que, desde la Asamblea Legislativa Plurinacional (ALP) se contempla iniciar trabajos en la elaboraci\u00f3n de normas que aporten a la reforma de la justicia en el [&hellip;]","og_url":"https:\/\/www.eldiario.net\/portal\/2022\/02\/24\/senador-anuncia-revision-de-leyes-vinculadas-administracion-de-justicia\/","og_site_name":"El Diario - Bolivia","article_publisher":"https:\/\/www.facebook.com\/eldiario.bolivia\/","article_published_time":"2022-02-24T09:28:04+00:00","author":"Jeanette","twitter_card":"summary_large_image","twitter_creator":"@eldiario_net","twitter_site":"@eldiario_net","twitter_misc":{"Escrito por":"Jeanette","Tiempo de lectura":"2 minutos"},"schema":{"@context":"https:\/\/schema.org","@graph":[{"@type":"Article","@id":"https:\/\/www.eldiario.net\/portal\/2022\/02\/24\/senador-anuncia-revision-de-leyes-vinculadas-administracion-de-justicia\/#article","isPartOf":{"@id":"https:\/\/www.eldiario.net\/portal\/2022\/02\/24\/senador-anuncia-revision-de-leyes-vinculadas-administracion-de-justicia\/"},"author":{"name":"Jeanette","@id":"https:\/\/www.eldiario.net\/portal\/#\/schema\/person\/2c57cf2b7a7ae032e449e4c9b1019eac"},"headline":"Senador anuncia revisi\u00f3n de leyes vinculadas administraci\u00f3n de justicia","datePublished":"2022-02-24T09:28:04+00:00","mainEntityOfPage":{"@id":"https:\/\/www.eldiario.net\/portal\/2022\/02\/24\/senador-anuncia-revision-de-leyes-vinculadas-administracion-de-justicia\/"},"wordCount":391,"publisher":{"@id":"https:\/\/www.eldiario.net\/portal\/#organization"},"image":{"@id":"https:\/\/www.eldiario.net\/portal\/2022\/02\/24\/senador-anuncia-revision-de-leyes-vinculadas-administracion-de-justicia\/#primaryimage"},"thumbnailUrl":"","articleSection":["Pol\u00edtica"],"inLanguage":"es"},{"@type":"WebPage","@id":"https:\/\/www.eldiario.net\/portal\/2022\/02\/24\/senador-anuncia-revision-de-leyes-vinculadas-administracion-de-justicia\/","url":"https:\/\/www.eldiario.net\/portal\/2022\/02\/24\/senador-anuncia-revision-de-leyes-vinculadas-administracion-de-justicia\/","name":"Senador anuncia revisi\u00f3n de leyes vinculadas administraci\u00f3n de justicia - El Diario - Bolivia","isPartOf":{"@id":"https:\/\/www.eldiario.net\/portal\/#website"},"primaryImageOfPage":{"@id":"https:\/\/www.eldiario.net\/portal\/2022\/02\/24\/senador-anuncia-revision-de-leyes-vinculadas-administracion-de-justicia\/#primaryimage"},"image":{"@id":"https:\/\/www.eldiario.net\/portal\/2022\/02\/24\/senador-anuncia-revision-de-leyes-vinculadas-administracion-de-justicia\/#primaryimage"},"thumbnailUrl":"","datePublished":"2022-02-24T09:28:04+00:00","breadcrumb":{"@id":"https:\/\/www.eldiario.net\/portal\/2022\/02\/24\/senador-anuncia-revision-de-leyes-vinculadas-administracion-de-justicia\/#breadcrumb"},"inLanguage":"es","potentialAction":[{"@type":"ReadAction","target":["https:\/\/www.eldiario.net\/portal\/2022\/02\/24\/senador-anuncia-revision-de-leyes-vinculadas-administracion-de-justicia\/"]}]},{"@type":"ImageObject","inLanguage":"es","@id":"https:\/\/www.eldiario.net\/portal\/2022\/02\/24\/senador-anuncia-revision-de-leyes-vinculadas-administracion-de-justicia\/#primaryimage","url":"","contentUrl":""},{"@type":"BreadcrumbList","@id":"https:\/\/www.eldiario.net\/portal\/2022\/02\/24\/senador-anuncia-revision-de-leyes-vinculadas-administracion-de-justicia\/#breadcrumb","itemListElement":[{"@type":"ListItem","position":1,"name":"Portada","item":"https:\/\/www.eldiario.net\/portal\/"},{"@type":"ListItem","position":2,"name":"Senador anuncia revisi\u00f3n de leyes vinculadas administraci\u00f3n de justicia"}]},{"@type":"WebSite","@id":"https:\/\/www.eldiario.net\/portal\/#website","url":"https:\/\/www.eldiario.net\/portal\/","name":"El Diario - Decano de la prensa nacional","description":"El Diario - Decano de la prensa nacional","publisher":{"@id":"https:\/\/www.eldiario.net\/portal\/#organization"},"potentialAction":[{"@type":"SearchAction","target":{"@type":"EntryPoint","urlTemplate":"https:\/\/www.eldiario.net\/portal\/?s={search_term_string}"},"query-input":{"@type":"PropertyValueSpecification","valueRequired":true,"valueName":"search_term_string"}}],"inLanguage":"es"},{"@type":"Organization","@id":"https:\/\/www.eldiario.net\/portal\/#organization","name":"El Diario - Decano de la prensa nacional","url":"https:\/\/www.eldiario.net\/portal\/","logo":{"@type":"ImageObject","inLanguage":"es","@id":"https:\/\/www.eldiario.net\/portal\/#\/schema\/logo\/image\/","url":"https:\/\/www.eldiario.net\/portal\/wp-content\/uploads\/2023\/07\/logo_ED.jpg","contentUrl":"https:\/\/www.eldiario.net\/portal\/wp-content\/uploads\/2023\/07\/logo_ED.jpg","width":272,"height":52,"caption":"El Diario - Decano de la prensa nacional"},"image":{"@id":"https:\/\/www.eldiario.net\/portal\/#\/schema\/logo\/image\/"},"sameAs":["https:\/\/www.facebook.com\/eldiario.bolivia\/","https:\/\/x.com\/eldiario_net"]},{"@type":"Person","@id":"https:\/\/www.eldiario.net\/portal\/#\/schema\/person\/2c57cf2b7a7ae032e449e4c9b1019eac","name":"Jeanette","image":{"@type":"ImageObject","inLanguage":"es","@id":"https:\/\/secure.gravatar.com\/avatar\/3ea2118a5f7dad2b7138b1187a6b7ee55f160b9968b66013c3a3ef39dd7e5798?s=96&d=mm&r=g","url":"https:\/\/secure.gravatar.com\/avatar\/3ea2118a5f7dad2b7138b1187a6b7ee55f160b9968b66013c3a3ef39dd7e5798?s=96&d=mm&r=g","contentUrl":"https:\/\/secure.gravatar.com\/avatar\/3ea2118a5f7dad2b7138b1187a6b7ee55f160b9968b66013c3a3ef39dd7e5798?s=96&d=mm&r=g","caption":"Jeanette"},"sameAs":["https:\/\/www.eldiario.net\/portal"],"url":"https:\/\/www.eldiario.net\/portal\/author\/jeanette\/"}]}},"_links":{"self":[{"href":"https:\/\/www.eldiario.net\/portal\/wp-json\/wp\/v2\/posts\/65445","targetHints":{"allow":["GET"]}}],"collection":[{"href":"https:\/\/www.eldiario.net\/portal\/wp-json\/wp\/v2\/posts"}],"about":[{"href":"https:\/\/www.eldiario.net\/portal\/wp-json\/wp\/v2\/types\/post"}],"author":[{"embeddable":true,"href":"https:\/\/www.eldiario.net\/portal\/wp-json\/wp\/v2\/users\/1"}],"replies":[{"embeddable":true,"href":"https:\/\/www.eldiario.net\/portal\/wp-json\/wp\/v2\/comments?post=65445"}],"version-history":[{"count":0,"href":"https:\/\/www.eldiario.net\/portal\/wp-json\/wp\/v2\/posts\/65445\/revisions"}],"wp:attachment":[{"href":"https:\/\/www.eldiario.net\/portal\/wp-json\/wp\/v2\/media?parent=65445"}],"wp:term":[{"taxonomy":"category","embeddable":true,"href":"https:\/\/www.eldiario.net\/portal\/wp-json\/wp\/v2\/categories?post=65445"},{"taxonomy":"post_tag","embeddable":true,"href":"https:\/\/www.eldiario.net\/portal\/wp-json\/wp\/v2\/tags?post=65445"}],"curies":[{"name":"wp","href":"https:\/\/api.w.org\/{rel}","templated":true}]}}