{"id":65442,"date":"2022-02-24T05:27:13","date_gmt":"2022-02-24T09:27:13","guid":{"rendered":"https:\/\/www.eldiario.net\/portal\/?p=65442"},"modified":"2022-02-24T05:27:13","modified_gmt":"2022-02-24T09:27:13","slug":"visita-de-garcia-sayan-deja-sabor-a-nada-afirma-centa-rek","status":"publish","type":"post","link":"https:\/\/www.eldiario.net\/portal\/2022\/02\/24\/visita-de-garcia-sayan-deja-sabor-a-nada-afirma-centa-rek\/","title":{"rendered":"Visita de Garc\u00eda-Say\u00e1n Deja  sabor a nada afirma Centa Rek"},"content":{"rendered":"<p>\u201cSabor a nada, en realidad no ha dicho nada nuevo,\u00a0 no ha contribuido en nada a profundizar todas las denuncias y la situaci\u00f3n critica que hay respecto al \u00d3rgano Judicial y su dependencia total como brazo Operativo del gobierno de Movimiento al Socialismo\u201d, dijo la jefa de Bancada de Creemos en el Senado, Centa Rek, respecto a la visita e informe preliminar del Relator de Naciones Unidas por la libertad de jueces y abogados, Diego Garc\u00eda-Say\u00e1n.<\/p>\n<p>En una conferencia de prensa en la Brigada Parlamentaria de Santa Cruz, Rek a\u00f1adi\u00f3 que Garc\u00eda-Say\u00e1n se hizo al ciego respecto a la persecuci\u00f3n pol\u00edtica con la que act\u00faa el \u00d3rgano Judicial, a pesar de toda la cobertura brindada a su visita y todos los titulares que mostraron el accionar de la justicia en el pa\u00eds; adem\u00e1s de su inclinaci\u00f3n pol\u00edtica durante el gobierno de transici\u00f3n de Jeaninne A\u00f1ez, totalmente a favor de los funcionarios del gobierno del ex mandatario Evo Morales<\/p>\n<p>\u201cUn triste papel el que ha hecho Garc\u00eda Say\u00e1n en un pa\u00eds que clama por justicia, con victimas que se han manifestado de todas las maneras. \u00bfC\u00f3mo puede decir un representante de las NNUU, un hombre que supuestamente tiene su lugar para dirimir problemas a nivel mundial\u2026 c\u00f3mo puede ser que no vea una v\u00edctima de persecuci\u00f3n pol\u00edtica?, cuestion\u00f3 Rek sobre la posici\u00f3n del Relator respecto a los perseguidos pol\u00edticos en Bolivia.<\/p>\n<p>El Relator de NNU, afirm\u00f3 ayer que las audiencias que sostuvo con actores de la sociedad civil y pol\u00edticos de la oposici\u00f3n, no encontr\u00f3 sustento para decir que existe una \u00abpersecuci\u00f3n pol\u00edtica\u201d en el Bolivia.<\/p>\n<p>Por ese motivo, la jefa de bancada de Creeremos, dio la raz\u00f3n e la ex canciller Karen Longaric, quien en 2020 pidi\u00f3 que Garc\u00eda-Say\u00e1n sea apartado de su cargo por opinar abiertamente sobre la situaci\u00f3n pol\u00edtica en Bolivia, con una clara inclinaci\u00f3n pol\u00edtica a favor de Morales.<\/p>\n<p>\u201cPreocupa que NNUU env\u00ede estos funcionarios y le damos toda la raz\u00f3n a la (ex) Canciller Karen Longaric, cuando en el gobierno de transici\u00f3n pidi\u00f3 que Garc\u00eda Say\u00e1n sea sacado de su representaci\u00f3n porque, precisamente, por dos cohetes, por dos situaciones que hab\u00edan en Bolivia, \u00e9l declar\u00f3 e hizo todo un alarde que hab\u00eda una falta de Estado de derecho en Bolivia\u201d, indic\u00f3 Rek.<\/p>\n","protected":false},"excerpt":{"rendered":"<p>\u201cSabor a nada, en realidad no ha dicho nada nuevo,\u00a0 no ha contribuido en nada a profundizar todas las denuncias y la situaci\u00f3n critica que hay respecto al \u00d3rgano Judicial y su dependencia total como brazo Operativo del gobierno de Movimiento al Socialismo\u201d, dijo la jefa de Bancada de Creemos en el Senado, Centa Rek, [&hellip;]<\/p>\n","protected":false},"author":1,"featured_media":65443,"comment_status":"closed","ping_status":"closed","sticky":false,"template":"","format":"standard","meta":{"_acf_changed":false,"footnotes":""},"categories":[14],"tags":[],"class_list":["post-65442","post","type-post","status-publish","format-standard","has-post-thumbnail","category-politica"],"acf":{"antetitulo":""},"yoast_head":"<!-- This site is optimized with the Yoast SEO plugin v28.4 - https:\/\/yoast.com\/product\/yoast-seo-wordpress\/ -->\n<title>Visita de Garc\u00eda-Say\u00e1n Deja sabor a nada afirma Centa Rek - El Diario - Bolivia<\/title>\n<meta name=\"robots\" content=\"index, follow, max-snippet:-1, max-image-preview:large, max-video-preview:-1\" \/>\n<link rel=\"canonical\" href=\"https:\/\/www.eldiario.net\/portal\/2022\/02\/24\/visita-de-garcia-sayan-deja-sabor-a-nada-afirma-centa-rek\/\" \/>\n<meta property=\"og:locale\" content=\"es_ES\" \/>\n<meta property=\"og:type\" content=\"article\" \/>\n<meta property=\"og:title\" content=\"Visita de Garc\u00eda-Say\u00e1n Deja sabor a nada afirma Centa Rek - El Diario - Bolivia\" \/>\n<meta property=\"og:description\" content=\"\u201cSabor a nada, en realidad no ha dicho nada nuevo,\u00a0 no ha contribuido en nada a profundizar todas las denuncias y la situaci\u00f3n critica que hay respecto al \u00d3rgano Judicial y su dependencia total como brazo Operativo del gobierno de Movimiento al Socialismo\u201d, dijo la jefa de Bancada de Creemos en el Senado, Centa Rek, [&hellip;]\" \/>\n<meta property=\"og:url\" content=\"https:\/\/www.eldiario.net\/portal\/2022\/02\/24\/visita-de-garcia-sayan-deja-sabor-a-nada-afirma-centa-rek\/\" \/>\n<meta property=\"og:site_name\" content=\"El Diario - Bolivia\" \/>\n<meta property=\"article:publisher\" content=\"https:\/\/www.facebook.com\/eldiario.bolivia\/\" \/>\n<meta property=\"article:published_time\" content=\"2022-02-24T09:27:13+00:00\" \/>\n<meta property=\"og:image\" content=\"https:\/\/www.eldiario.net\/portal\/wp-content\/uploads\/2022\/02\/NADA-FOTO.jpeg\" \/>\n\t<meta property=\"og:image:width\" content=\"1600\" \/>\n\t<meta property=\"og:image:height\" content=\"900\" \/>\n\t<meta property=\"og:image:type\" content=\"image\/jpeg\" \/>\n<meta name=\"author\" content=\"Jeanette\" \/>\n<meta name=\"twitter:card\" content=\"summary_large_image\" \/>\n<meta name=\"twitter:creator\" content=\"@eldiario_net\" \/>\n<meta name=\"twitter:site\" content=\"@eldiario_net\" \/>\n<meta name=\"twitter:label1\" content=\"Escrito por\" \/>\n\t<meta name=\"twitter:data1\" content=\"Jeanette\" \/>\n\t<meta name=\"twitter:label2\" content=\"Tiempo de lectura\" \/>\n\t<meta name=\"twitter:data2\" content=\"2 minutos\" \/>\n<script type=\"application\/ld+json\" class=\"yoast-schema-graph\">{\"@context\":\"https:\\\/\\\/schema.org\",\"@graph\":[{\"@type\":\"Article\",\"@id\":\"https:\\\/\\\/www.eldiario.net\\\/portal\\\/2022\\\/02\\\/24\\\/visita-de-garcia-sayan-deja-sabor-a-nada-afirma-centa-rek\\\/#article\",\"isPartOf\":{\"@id\":\"https:\\\/\\\/www.eldiario.net\\\/portal\\\/2022\\\/02\\\/24\\\/visita-de-garcia-sayan-deja-sabor-a-nada-afirma-centa-rek\\\/\"},\"author\":{\"name\":\"Jeanette\",\"@id\":\"https:\\\/\\\/www.eldiario.net\\\/portal\\\/#\\\/schema\\\/person\\\/2c57cf2b7a7ae032e449e4c9b1019eac\"},\"headline\":\"Visita de Garc\u00eda-Say\u00e1n Deja sabor a nada afirma Centa Rek\",\"datePublished\":\"2022-02-24T09:27:13+00:00\",\"mainEntityOfPage\":{\"@id\":\"https:\\\/\\\/www.eldiario.net\\\/portal\\\/2022\\\/02\\\/24\\\/visita-de-garcia-sayan-deja-sabor-a-nada-afirma-centa-rek\\\/\"},\"wordCount\":431,\"publisher\":{\"@id\":\"https:\\\/\\\/www.eldiario.net\\\/portal\\\/#organization\"},\"image\":{\"@id\":\"https:\\\/\\\/www.eldiario.net\\\/portal\\\/2022\\\/02\\\/24\\\/visita-de-garcia-sayan-deja-sabor-a-nada-afirma-centa-rek\\\/#primaryimage\"},\"thumbnailUrl\":\"https:\\\/\\\/www.eldiario.net\\\/portal\\\/wp-content\\\/uploads\\\/2022\\\/02\\\/NADA-FOTO.jpeg\",\"articleSection\":[\"Pol\u00edtica\"],\"inLanguage\":\"es\"},{\"@type\":\"WebPage\",\"@id\":\"https:\\\/\\\/www.eldiario.net\\\/portal\\\/2022\\\/02\\\/24\\\/visita-de-garcia-sayan-deja-sabor-a-nada-afirma-centa-rek\\\/\",\"url\":\"https:\\\/\\\/www.eldiario.net\\\/portal\\\/2022\\\/02\\\/24\\\/visita-de-garcia-sayan-deja-sabor-a-nada-afirma-centa-rek\\\/\",\"name\":\"Visita de Garc\u00eda-Say\u00e1n Deja sabor a nada afirma Centa Rek - El Diario - Bolivia\",\"isPartOf\":{\"@id\":\"https:\\\/\\\/www.eldiario.net\\\/portal\\\/#website\"},\"primaryImageOfPage\":{\"@id\":\"https:\\\/\\\/www.eldiario.net\\\/portal\\\/2022\\\/02\\\/24\\\/visita-de-garcia-sayan-deja-sabor-a-nada-afirma-centa-rek\\\/#primaryimage\"},\"image\":{\"@id\":\"https:\\\/\\\/www.eldiario.net\\\/portal\\\/2022\\\/02\\\/24\\\/visita-de-garcia-sayan-deja-sabor-a-nada-afirma-centa-rek\\\/#primaryimage\"},\"thumbnailUrl\":\"https:\\\/\\\/www.eldiario.net\\\/portal\\\/wp-content\\\/uploads\\\/2022\\\/02\\\/NADA-FOTO.jpeg\",\"datePublished\":\"2022-02-24T09:27:13+00:00\",\"breadcrumb\":{\"@id\":\"https:\\\/\\\/www.eldiario.net\\\/portal\\\/2022\\\/02\\\/24\\\/visita-de-garcia-sayan-deja-sabor-a-nada-afirma-centa-rek\\\/#breadcrumb\"},\"inLanguage\":\"es\",\"potentialAction\":[{\"@type\":\"ReadAction\",\"target\":[\"https:\\\/\\\/www.eldiario.net\\\/portal\\\/2022\\\/02\\\/24\\\/visita-de-garcia-sayan-deja-sabor-a-nada-afirma-centa-rek\\\/\"]}]},{\"@type\":\"ImageObject\",\"inLanguage\":\"es\",\"@id\":\"https:\\\/\\\/www.eldiario.net\\\/portal\\\/2022\\\/02\\\/24\\\/visita-de-garcia-sayan-deja-sabor-a-nada-afirma-centa-rek\\\/#primaryimage\",\"url\":\"https:\\\/\\\/www.eldiario.net\\\/portal\\\/wp-content\\\/uploads\\\/2022\\\/02\\\/NADA-FOTO.jpeg\",\"contentUrl\":\"https:\\\/\\\/www.eldiario.net\\\/portal\\\/wp-content\\\/uploads\\\/2022\\\/02\\\/NADA-FOTO.jpeg\",\"width\":1600,\"height\":900,\"caption\":\"SENADORA CENTA REK. FOTO: CREEMOS\"},{\"@type\":\"BreadcrumbList\",\"@id\":\"https:\\\/\\\/www.eldiario.net\\\/portal\\\/2022\\\/02\\\/24\\\/visita-de-garcia-sayan-deja-sabor-a-nada-afirma-centa-rek\\\/#breadcrumb\",\"itemListElement\":[{\"@type\":\"ListItem\",\"position\":1,\"name\":\"Portada\",\"item\":\"https:\\\/\\\/www.eldiario.net\\\/portal\\\/\"},{\"@type\":\"ListItem\",\"position\":2,\"name\":\"Visita de Garc\u00eda-Say\u00e1n Deja sabor a nada afirma Centa Rek\"}]},{\"@type\":\"WebSite\",\"@id\":\"https:\\\/\\\/www.eldiario.net\\\/portal\\\/#website\",\"url\":\"https:\\\/\\\/www.eldiario.net\\\/portal\\\/\",\"name\":\"El Diario - Decano de la prensa nacional\",\"description\":\"El Diario - Decano de la prensa nacional\",\"publisher\":{\"@id\":\"https:\\\/\\\/www.eldiario.net\\\/portal\\\/#organization\"},\"potentialAction\":[{\"@type\":\"SearchAction\",\"target\":{\"@type\":\"EntryPoint\",\"urlTemplate\":\"https:\\\/\\\/www.eldiario.net\\\/portal\\\/?s={search_term_string}\"},\"query-input\":{\"@type\":\"PropertyValueSpecification\",\"valueRequired\":true,\"valueName\":\"search_term_string\"}}],\"inLanguage\":\"es\"},{\"@type\":\"Organization\",\"@id\":\"https:\\\/\\\/www.eldiario.net\\\/portal\\\/#organization\",\"name\":\"El Diario - Decano de la prensa nacional\",\"url\":\"https:\\\/\\\/www.eldiario.net\\\/portal\\\/\",\"logo\":{\"@type\":\"ImageObject\",\"inLanguage\":\"es\",\"@id\":\"https:\\\/\\\/www.eldiario.net\\\/portal\\\/#\\\/schema\\\/logo\\\/image\\\/\",\"url\":\"https:\\\/\\\/www.eldiario.net\\\/portal\\\/wp-content\\\/uploads\\\/2023\\\/07\\\/logo_ED.jpg\",\"contentUrl\":\"https:\\\/\\\/www.eldiario.net\\\/portal\\\/wp-content\\\/uploads\\\/2023\\\/07\\\/logo_ED.jpg\",\"width\":272,\"height\":52,\"caption\":\"El Diario - Decano de la prensa nacional\"},\"image\":{\"@id\":\"https:\\\/\\\/www.eldiario.net\\\/portal\\\/#\\\/schema\\\/logo\\\/image\\\/\"},\"sameAs\":[\"https:\\\/\\\/www.facebook.com\\\/eldiario.bolivia\\\/\",\"https:\\\/\\\/x.com\\\/eldiario_net\"]},{\"@type\":\"Person\",\"@id\":\"https:\\\/\\\/www.eldiario.net\\\/portal\\\/#\\\/schema\\\/person\\\/2c57cf2b7a7ae032e449e4c9b1019eac\",\"name\":\"Jeanette\",\"image\":{\"@type\":\"ImageObject\",\"inLanguage\":\"es\",\"@id\":\"https:\\\/\\\/secure.gravatar.com\\\/avatar\\\/3ea2118a5f7dad2b7138b1187a6b7ee55f160b9968b66013c3a3ef39dd7e5798?s=96&d=mm&r=g\",\"url\":\"https:\\\/\\\/secure.gravatar.com\\\/avatar\\\/3ea2118a5f7dad2b7138b1187a6b7ee55f160b9968b66013c3a3ef39dd7e5798?s=96&d=mm&r=g\",\"contentUrl\":\"https:\\\/\\\/secure.gravatar.com\\\/avatar\\\/3ea2118a5f7dad2b7138b1187a6b7ee55f160b9968b66013c3a3ef39dd7e5798?s=96&d=mm&r=g\",\"caption\":\"Jeanette\"},\"sameAs\":[\"https:\\\/\\\/www.eldiario.net\\\/portal\"],\"url\":\"https:\\\/\\\/www.eldiario.net\\\/portal\\\/author\\\/jeanette\\\/\"}]}<\/script>\n<!-- \/ Yoast SEO plugin. -->","yoast_head_json":{"title":"Visita de Garc\u00eda-Say\u00e1n Deja sabor a nada afirma Centa Rek - El Diario - Bolivia","robots":{"index":"index","follow":"follow","max-snippet":"max-snippet:-1","max-image-preview":"max-image-preview:large","max-video-preview":"max-video-preview:-1"},"canonical":"https:\/\/www.eldiario.net\/portal\/2022\/02\/24\/visita-de-garcia-sayan-deja-sabor-a-nada-afirma-centa-rek\/","og_locale":"es_ES","og_type":"article","og_title":"Visita de Garc\u00eda-Say\u00e1n Deja sabor a nada afirma Centa Rek - El Diario - Bolivia","og_description":"\u201cSabor a nada, en realidad no ha dicho nada nuevo,\u00a0 no ha contribuido en nada a profundizar todas las denuncias y la situaci\u00f3n critica que hay respecto al \u00d3rgano Judicial y su dependencia total como brazo Operativo del gobierno de Movimiento al Socialismo\u201d, dijo la jefa de Bancada de Creemos en el Senado, Centa Rek, [&hellip;]","og_url":"https:\/\/www.eldiario.net\/portal\/2022\/02\/24\/visita-de-garcia-sayan-deja-sabor-a-nada-afirma-centa-rek\/","og_site_name":"El Diario - Bolivia","article_publisher":"https:\/\/www.facebook.com\/eldiario.bolivia\/","article_published_time":"2022-02-24T09:27:13+00:00","og_image":[{"width":1600,"height":900,"url":"https:\/\/www.eldiario.net\/portal\/wp-content\/uploads\/2022\/02\/NADA-FOTO.jpeg","type":"image\/jpeg"}],"author":"Jeanette","twitter_card":"summary_large_image","twitter_creator":"@eldiario_net","twitter_site":"@eldiario_net","twitter_misc":{"Escrito por":"Jeanette","Tiempo de lectura":"2 minutos"},"schema":{"@context":"https:\/\/schema.org","@graph":[{"@type":"Article","@id":"https:\/\/www.eldiario.net\/portal\/2022\/02\/24\/visita-de-garcia-sayan-deja-sabor-a-nada-afirma-centa-rek\/#article","isPartOf":{"@id":"https:\/\/www.eldiario.net\/portal\/2022\/02\/24\/visita-de-garcia-sayan-deja-sabor-a-nada-afirma-centa-rek\/"},"author":{"name":"Jeanette","@id":"https:\/\/www.eldiario.net\/portal\/#\/schema\/person\/2c57cf2b7a7ae032e449e4c9b1019eac"},"headline":"Visita de Garc\u00eda-Say\u00e1n Deja sabor a nada afirma Centa Rek","datePublished":"2022-02-24T09:27:13+00:00","mainEntityOfPage":{"@id":"https:\/\/www.eldiario.net\/portal\/2022\/02\/24\/visita-de-garcia-sayan-deja-sabor-a-nada-afirma-centa-rek\/"},"wordCount":431,"publisher":{"@id":"https:\/\/www.eldiario.net\/portal\/#organization"},"image":{"@id":"https:\/\/www.eldiario.net\/portal\/2022\/02\/24\/visita-de-garcia-sayan-deja-sabor-a-nada-afirma-centa-rek\/#primaryimage"},"thumbnailUrl":"https:\/\/www.eldiario.net\/portal\/wp-content\/uploads\/2022\/02\/NADA-FOTO.jpeg","articleSection":["Pol\u00edtica"],"inLanguage":"es"},{"@type":"WebPage","@id":"https:\/\/www.eldiario.net\/portal\/2022\/02\/24\/visita-de-garcia-sayan-deja-sabor-a-nada-afirma-centa-rek\/","url":"https:\/\/www.eldiario.net\/portal\/2022\/02\/24\/visita-de-garcia-sayan-deja-sabor-a-nada-afirma-centa-rek\/","name":"Visita de Garc\u00eda-Say\u00e1n Deja sabor a nada afirma Centa Rek - El Diario - Bolivia","isPartOf":{"@id":"https:\/\/www.eldiario.net\/portal\/#website"},"primaryImageOfPage":{"@id":"https:\/\/www.eldiario.net\/portal\/2022\/02\/24\/visita-de-garcia-sayan-deja-sabor-a-nada-afirma-centa-rek\/#primaryimage"},"image":{"@id":"https:\/\/www.eldiario.net\/portal\/2022\/02\/24\/visita-de-garcia-sayan-deja-sabor-a-nada-afirma-centa-rek\/#primaryimage"},"thumbnailUrl":"https:\/\/www.eldiario.net\/portal\/wp-content\/uploads\/2022\/02\/NADA-FOTO.jpeg","datePublished":"2022-02-24T09:27:13+00:00","breadcrumb":{"@id":"https:\/\/www.eldiario.net\/portal\/2022\/02\/24\/visita-de-garcia-sayan-deja-sabor-a-nada-afirma-centa-rek\/#breadcrumb"},"inLanguage":"es","potentialAction":[{"@type":"ReadAction","target":["https:\/\/www.eldiario.net\/portal\/2022\/02\/24\/visita-de-garcia-sayan-deja-sabor-a-nada-afirma-centa-rek\/"]}]},{"@type":"ImageObject","inLanguage":"es","@id":"https:\/\/www.eldiario.net\/portal\/2022\/02\/24\/visita-de-garcia-sayan-deja-sabor-a-nada-afirma-centa-rek\/#primaryimage","url":"https:\/\/www.eldiario.net\/portal\/wp-content\/uploads\/2022\/02\/NADA-FOTO.jpeg","contentUrl":"https:\/\/www.eldiario.net\/portal\/wp-content\/uploads\/2022\/02\/NADA-FOTO.jpeg","width":1600,"height":900,"caption":"SENADORA CENTA REK. FOTO: CREEMOS"},{"@type":"BreadcrumbList","@id":"https:\/\/www.eldiario.net\/portal\/2022\/02\/24\/visita-de-garcia-sayan-deja-sabor-a-nada-afirma-centa-rek\/#breadcrumb","itemListElement":[{"@type":"ListItem","position":1,"name":"Portada","item":"https:\/\/www.eldiario.net\/portal\/"},{"@type":"ListItem","position":2,"name":"Visita de Garc\u00eda-Say\u00e1n Deja sabor a nada afirma Centa Rek"}]},{"@type":"WebSite","@id":"https:\/\/www.eldiario.net\/portal\/#website","url":"https:\/\/www.eldiario.net\/portal\/","name":"El Diario - Decano de la prensa nacional","description":"El Diario - Decano de la prensa nacional","publisher":{"@id":"https:\/\/www.eldiario.net\/portal\/#organization"},"potentialAction":[{"@type":"SearchAction","target":{"@type":"EntryPoint","urlTemplate":"https:\/\/www.eldiario.net\/portal\/?s={search_term_string}"},"query-input":{"@type":"PropertyValueSpecification","valueRequired":true,"valueName":"search_term_string"}}],"inLanguage":"es"},{"@type":"Organization","@id":"https:\/\/www.eldiario.net\/portal\/#organization","name":"El Diario - Decano de la prensa nacional","url":"https:\/\/www.eldiario.net\/portal\/","logo":{"@type":"ImageObject","inLanguage":"es","@id":"https:\/\/www.eldiario.net\/portal\/#\/schema\/logo\/image\/","url":"https:\/\/www.eldiario.net\/portal\/wp-content\/uploads\/2023\/07\/logo_ED.jpg","contentUrl":"https:\/\/www.eldiario.net\/portal\/wp-content\/uploads\/2023\/07\/logo_ED.jpg","width":272,"height":52,"caption":"El Diario - Decano de la prensa nacional"},"image":{"@id":"https:\/\/www.eldiario.net\/portal\/#\/schema\/logo\/image\/"},"sameAs":["https:\/\/www.facebook.com\/eldiario.bolivia\/","https:\/\/x.com\/eldiario_net"]},{"@type":"Person","@id":"https:\/\/www.eldiario.net\/portal\/#\/schema\/person\/2c57cf2b7a7ae032e449e4c9b1019eac","name":"Jeanette","image":{"@type":"ImageObject","inLanguage":"es","@id":"https:\/\/secure.gravatar.com\/avatar\/3ea2118a5f7dad2b7138b1187a6b7ee55f160b9968b66013c3a3ef39dd7e5798?s=96&d=mm&r=g","url":"https:\/\/secure.gravatar.com\/avatar\/3ea2118a5f7dad2b7138b1187a6b7ee55f160b9968b66013c3a3ef39dd7e5798?s=96&d=mm&r=g","contentUrl":"https:\/\/secure.gravatar.com\/avatar\/3ea2118a5f7dad2b7138b1187a6b7ee55f160b9968b66013c3a3ef39dd7e5798?s=96&d=mm&r=g","caption":"Jeanette"},"sameAs":["https:\/\/www.eldiario.net\/portal"],"url":"https:\/\/www.eldiario.net\/portal\/author\/jeanette\/"}]}},"_links":{"self":[{"href":"https:\/\/www.eldiario.net\/portal\/wp-json\/wp\/v2\/posts\/65442","targetHints":{"allow":["GET"]}}],"collection":[{"href":"https:\/\/www.eldiario.net\/portal\/wp-json\/wp\/v2\/posts"}],"about":[{"href":"https:\/\/www.eldiario.net\/portal\/wp-json\/wp\/v2\/types\/post"}],"author":[{"embeddable":true,"href":"https:\/\/www.eldiario.net\/portal\/wp-json\/wp\/v2\/users\/1"}],"replies":[{"embeddable":true,"href":"https:\/\/www.eldiario.net\/portal\/wp-json\/wp\/v2\/comments?post=65442"}],"version-history":[{"count":0,"href":"https:\/\/www.eldiario.net\/portal\/wp-json\/wp\/v2\/posts\/65442\/revisions"}],"wp:featuredmedia":[{"embeddable":true,"href":"https:\/\/www.eldiario.net\/portal\/wp-json\/wp\/v2\/media\/65443"}],"wp:attachment":[{"href":"https:\/\/www.eldiario.net\/portal\/wp-json\/wp\/v2\/media?parent=65442"}],"wp:term":[{"taxonomy":"category","embeddable":true,"href":"https:\/\/www.eldiario.net\/portal\/wp-json\/wp\/v2\/categories?post=65442"},{"taxonomy":"post_tag","embeddable":true,"href":"https:\/\/www.eldiario.net\/portal\/wp-json\/wp\/v2\/tags?post=65442"}],"curies":[{"name":"wp","href":"https:\/\/api.w.org\/{rel}","templated":true}]}}