{"id":65179,"date":"2022-02-23T05:37:25","date_gmt":"2022-02-23T09:37:25","guid":{"rendered":"https:\/\/www.eldiario.net\/portal\/?p=65179"},"modified":"2022-02-23T05:37:25","modified_gmt":"2022-02-23T09:37:25","slug":"empresas-del-sedem-generaron-mas-de-bs-1-077-millones-por-ventas","status":"publish","type":"post","link":"https:\/\/www.eldiario.net\/portal\/2022\/02\/23\/empresas-del-sedem-generaron-mas-de-bs-1-077-millones-por-ventas\/","title":{"rendered":"Empresas del Sedem generaron  m\u00e1s de Bs 1.077 millones por ventas"},"content":{"rendered":"<p>Seis compa\u00f1\u00edas del Servicio de Desarrollo de las Empresas Productivas (Sedem) generaron un acumulado de m\u00e1s de 1.077 millones de bolivianos por ventas de bienes y servicios, adem\u00e1s crearon 844 empleos directos hasta el 2021, inform\u00f3 la gerente general, F\u00e1tima Pacheco.<br \/>\n\u00abEn estas gestiones, desde la existencia del Sedem, tenemos un acumulado, en el detalle de venta de bienes y servicios, que va m\u00e1s all\u00e1 de 1.077.709.215 (bolivianos). Esta es la cantidad en montos que se ha logrado generar\u00bb, dijo en la Audiencia de Rendici\u00f3n P\u00fablica de Cuentas Final 2021.<br \/>\nResalt\u00f3 que ese monto generado es gracias al esfuerzo de los gerentes y trabajadores de las empresas EEPS, Cartonbol, EEPAF, Papelbol, Ecebol y Envibol, todas consolidadas en el mercado nacional y algunas en camino a la exportaci\u00f3n.<br \/>\nAdem\u00e1s, todas esas empresas lograron generar desde el 2008 hasta el 2021, un total de 844 empleos directos y otra cantidad de fuentes laborales indirectas por la provisi\u00f3n de materias primas, traslado de productos terminados, transporte, puntos de venta, entre otros, indic\u00f3.<br \/>\nDestac\u00f3 que la empresa Envibol, cuya planta industrial est\u00e1 instalada en el departamento de Chuquisaca, se alista para comercializar su producci\u00f3n en el mercado internacional en la presente gesti\u00f3n.<br \/>\nPor otra parte, el Sedem coadyuv\u00f3 a reactivar a las peque\u00f1as empresas nacionales a trav\u00e9s de la compra de productos para los paquetes de los subsidios Prenatal y Lactancia y Universal Prenatal por la Vida, acot\u00f3. ABI<\/p>\n","protected":false},"excerpt":{"rendered":"<p>Seis compa\u00f1\u00edas del Servicio de Desarrollo de las Empresas Productivas (Sedem) generaron un acumulado de m\u00e1s de 1.077 millones de bolivianos por ventas de bienes y servicios, adem\u00e1s crearon 844 empleos directos hasta el 2021, inform\u00f3 la gerente general, F\u00e1tima Pacheco. \u00abEn estas gestiones, desde la existencia del Sedem, tenemos un acumulado, en el detalle [&hellip;]<\/p>\n","protected":false},"author":1,"featured_media":65180,"comment_status":"closed","ping_status":"closed","sticky":false,"template":"","format":"standard","meta":{"_acf_changed":false,"footnotes":""},"categories":[7],"tags":[],"class_list":["post-65179","post","type-post","status-publish","format-standard","has-post-thumbnail","category-economia"],"acf":{"antetitulo":""},"yoast_head":"<!-- This site is optimized with the Yoast SEO plugin v28.4 - https:\/\/yoast.com\/product\/yoast-seo-wordpress\/ -->\n<title>Empresas del Sedem generaron m\u00e1s de Bs 1.077 millones por ventas - El Diario - Bolivia<\/title>\n<meta name=\"robots\" content=\"index, follow, max-snippet:-1, max-image-preview:large, max-video-preview:-1\" \/>\n<link rel=\"canonical\" href=\"https:\/\/www.eldiario.net\/portal\/2022\/02\/23\/empresas-del-sedem-generaron-mas-de-bs-1-077-millones-por-ventas\/\" \/>\n<meta property=\"og:locale\" content=\"es_ES\" \/>\n<meta property=\"og:type\" content=\"article\" \/>\n<meta property=\"og:title\" content=\"Empresas del Sedem generaron m\u00e1s de Bs 1.077 millones por ventas - El Diario - Bolivia\" \/>\n<meta property=\"og:description\" content=\"Seis compa\u00f1\u00edas del Servicio de Desarrollo de las Empresas Productivas (Sedem) generaron un acumulado de m\u00e1s de 1.077 millones de bolivianos por ventas de bienes y servicios, adem\u00e1s crearon 844 empleos directos hasta el 2021, inform\u00f3 la gerente general, F\u00e1tima Pacheco. \u00abEn estas gestiones, desde la existencia del Sedem, tenemos un acumulado, en el detalle [&hellip;]\" \/>\n<meta property=\"og:url\" content=\"https:\/\/www.eldiario.net\/portal\/2022\/02\/23\/empresas-del-sedem-generaron-mas-de-bs-1-077-millones-por-ventas\/\" \/>\n<meta property=\"og:site_name\" content=\"El Diario - Bolivia\" \/>\n<meta property=\"article:publisher\" content=\"https:\/\/www.facebook.com\/eldiario.bolivia\/\" \/>\n<meta property=\"article:published_time\" content=\"2022-02-23T09:37:25+00:00\" \/>\n<meta name=\"author\" content=\"Jeanette\" \/>\n<meta name=\"twitter:card\" content=\"summary_large_image\" \/>\n<meta name=\"twitter:creator\" content=\"@eldiario_net\" \/>\n<meta name=\"twitter:site\" content=\"@eldiario_net\" \/>\n<meta name=\"twitter:label1\" content=\"Escrito por\" \/>\n\t<meta name=\"twitter:data1\" content=\"Jeanette\" \/>\n\t<meta name=\"twitter:label2\" content=\"Tiempo de lectura\" \/>\n\t<meta name=\"twitter:data2\" content=\"2 minutos\" \/>\n<script type=\"application\/ld+json\" class=\"yoast-schema-graph\">{\"@context\":\"https:\\\/\\\/schema.org\",\"@graph\":[{\"@type\":\"Article\",\"@id\":\"https:\\\/\\\/www.eldiario.net\\\/portal\\\/2022\\\/02\\\/23\\\/empresas-del-sedem-generaron-mas-de-bs-1-077-millones-por-ventas\\\/#article\",\"isPartOf\":{\"@id\":\"https:\\\/\\\/www.eldiario.net\\\/portal\\\/2022\\\/02\\\/23\\\/empresas-del-sedem-generaron-mas-de-bs-1-077-millones-por-ventas\\\/\"},\"author\":{\"name\":\"Jeanette\",\"@id\":\"https:\\\/\\\/www.eldiario.net\\\/portal\\\/#\\\/schema\\\/person\\\/2c57cf2b7a7ae032e449e4c9b1019eac\"},\"headline\":\"Empresas del Sedem generaron m\u00e1s de Bs 1.077 millones por ventas\",\"datePublished\":\"2022-02-23T09:37:25+00:00\",\"mainEntityOfPage\":{\"@id\":\"https:\\\/\\\/www.eldiario.net\\\/portal\\\/2022\\\/02\\\/23\\\/empresas-del-sedem-generaron-mas-de-bs-1-077-millones-por-ventas\\\/\"},\"wordCount\":252,\"publisher\":{\"@id\":\"https:\\\/\\\/www.eldiario.net\\\/portal\\\/#organization\"},\"image\":{\"@id\":\"https:\\\/\\\/www.eldiario.net\\\/portal\\\/2022\\\/02\\\/23\\\/empresas-del-sedem-generaron-mas-de-bs-1-077-millones-por-ventas\\\/#primaryimage\"},\"thumbnailUrl\":\"\",\"articleSection\":[\"Econom\u00eda\"],\"inLanguage\":\"es\"},{\"@type\":\"WebPage\",\"@id\":\"https:\\\/\\\/www.eldiario.net\\\/portal\\\/2022\\\/02\\\/23\\\/empresas-del-sedem-generaron-mas-de-bs-1-077-millones-por-ventas\\\/\",\"url\":\"https:\\\/\\\/www.eldiario.net\\\/portal\\\/2022\\\/02\\\/23\\\/empresas-del-sedem-generaron-mas-de-bs-1-077-millones-por-ventas\\\/\",\"name\":\"Empresas del Sedem generaron m\u00e1s de Bs 1.077 millones por ventas - El Diario - Bolivia\",\"isPartOf\":{\"@id\":\"https:\\\/\\\/www.eldiario.net\\\/portal\\\/#website\"},\"primaryImageOfPage\":{\"@id\":\"https:\\\/\\\/www.eldiario.net\\\/portal\\\/2022\\\/02\\\/23\\\/empresas-del-sedem-generaron-mas-de-bs-1-077-millones-por-ventas\\\/#primaryimage\"},\"image\":{\"@id\":\"https:\\\/\\\/www.eldiario.net\\\/portal\\\/2022\\\/02\\\/23\\\/empresas-del-sedem-generaron-mas-de-bs-1-077-millones-por-ventas\\\/#primaryimage\"},\"thumbnailUrl\":\"\",\"datePublished\":\"2022-02-23T09:37:25+00:00\",\"breadcrumb\":{\"@id\":\"https:\\\/\\\/www.eldiario.net\\\/portal\\\/2022\\\/02\\\/23\\\/empresas-del-sedem-generaron-mas-de-bs-1-077-millones-por-ventas\\\/#breadcrumb\"},\"inLanguage\":\"es\",\"potentialAction\":[{\"@type\":\"ReadAction\",\"target\":[\"https:\\\/\\\/www.eldiario.net\\\/portal\\\/2022\\\/02\\\/23\\\/empresas-del-sedem-generaron-mas-de-bs-1-077-millones-por-ventas\\\/\"]}]},{\"@type\":\"ImageObject\",\"inLanguage\":\"es\",\"@id\":\"https:\\\/\\\/www.eldiario.net\\\/portal\\\/2022\\\/02\\\/23\\\/empresas-del-sedem-generaron-mas-de-bs-1-077-millones-por-ventas\\\/#primaryimage\",\"url\":\"\",\"contentUrl\":\"\"},{\"@type\":\"BreadcrumbList\",\"@id\":\"https:\\\/\\\/www.eldiario.net\\\/portal\\\/2022\\\/02\\\/23\\\/empresas-del-sedem-generaron-mas-de-bs-1-077-millones-por-ventas\\\/#breadcrumb\",\"itemListElement\":[{\"@type\":\"ListItem\",\"position\":1,\"name\":\"Portada\",\"item\":\"https:\\\/\\\/www.eldiario.net\\\/portal\\\/\"},{\"@type\":\"ListItem\",\"position\":2,\"name\":\"Empresas del Sedem generaron m\u00e1s de Bs 1.077 millones por ventas\"}]},{\"@type\":\"WebSite\",\"@id\":\"https:\\\/\\\/www.eldiario.net\\\/portal\\\/#website\",\"url\":\"https:\\\/\\\/www.eldiario.net\\\/portal\\\/\",\"name\":\"El Diario - Decano de la prensa nacional\",\"description\":\"El Diario - Decano de la prensa nacional\",\"publisher\":{\"@id\":\"https:\\\/\\\/www.eldiario.net\\\/portal\\\/#organization\"},\"potentialAction\":[{\"@type\":\"SearchAction\",\"target\":{\"@type\":\"EntryPoint\",\"urlTemplate\":\"https:\\\/\\\/www.eldiario.net\\\/portal\\\/?s={search_term_string}\"},\"query-input\":{\"@type\":\"PropertyValueSpecification\",\"valueRequired\":true,\"valueName\":\"search_term_string\"}}],\"inLanguage\":\"es\"},{\"@type\":\"Organization\",\"@id\":\"https:\\\/\\\/www.eldiario.net\\\/portal\\\/#organization\",\"name\":\"El Diario - Decano de la prensa nacional\",\"url\":\"https:\\\/\\\/www.eldiario.net\\\/portal\\\/\",\"logo\":{\"@type\":\"ImageObject\",\"inLanguage\":\"es\",\"@id\":\"https:\\\/\\\/www.eldiario.net\\\/portal\\\/#\\\/schema\\\/logo\\\/image\\\/\",\"url\":\"https:\\\/\\\/www.eldiario.net\\\/portal\\\/wp-content\\\/uploads\\\/2023\\\/07\\\/logo_ED.jpg\",\"contentUrl\":\"https:\\\/\\\/www.eldiario.net\\\/portal\\\/wp-content\\\/uploads\\\/2023\\\/07\\\/logo_ED.jpg\",\"width\":272,\"height\":52,\"caption\":\"El Diario - Decano de la prensa nacional\"},\"image\":{\"@id\":\"https:\\\/\\\/www.eldiario.net\\\/portal\\\/#\\\/schema\\\/logo\\\/image\\\/\"},\"sameAs\":[\"https:\\\/\\\/www.facebook.com\\\/eldiario.bolivia\\\/\",\"https:\\\/\\\/x.com\\\/eldiario_net\"]},{\"@type\":\"Person\",\"@id\":\"https:\\\/\\\/www.eldiario.net\\\/portal\\\/#\\\/schema\\\/person\\\/2c57cf2b7a7ae032e449e4c9b1019eac\",\"name\":\"Jeanette\",\"image\":{\"@type\":\"ImageObject\",\"inLanguage\":\"es\",\"@id\":\"https:\\\/\\\/secure.gravatar.com\\\/avatar\\\/3ea2118a5f7dad2b7138b1187a6b7ee55f160b9968b66013c3a3ef39dd7e5798?s=96&d=mm&r=g\",\"url\":\"https:\\\/\\\/secure.gravatar.com\\\/avatar\\\/3ea2118a5f7dad2b7138b1187a6b7ee55f160b9968b66013c3a3ef39dd7e5798?s=96&d=mm&r=g\",\"contentUrl\":\"https:\\\/\\\/secure.gravatar.com\\\/avatar\\\/3ea2118a5f7dad2b7138b1187a6b7ee55f160b9968b66013c3a3ef39dd7e5798?s=96&d=mm&r=g\",\"caption\":\"Jeanette\"},\"sameAs\":[\"https:\\\/\\\/www.eldiario.net\\\/portal\"],\"url\":\"https:\\\/\\\/www.eldiario.net\\\/portal\\\/author\\\/jeanette\\\/\"}]}<\/script>\n<!-- \/ Yoast SEO plugin. -->","yoast_head_json":{"title":"Empresas del Sedem generaron m\u00e1s de Bs 1.077 millones por ventas - El Diario - Bolivia","robots":{"index":"index","follow":"follow","max-snippet":"max-snippet:-1","max-image-preview":"max-image-preview:large","max-video-preview":"max-video-preview:-1"},"canonical":"https:\/\/www.eldiario.net\/portal\/2022\/02\/23\/empresas-del-sedem-generaron-mas-de-bs-1-077-millones-por-ventas\/","og_locale":"es_ES","og_type":"article","og_title":"Empresas del Sedem generaron m\u00e1s de Bs 1.077 millones por ventas - El Diario - Bolivia","og_description":"Seis compa\u00f1\u00edas del Servicio de Desarrollo de las Empresas Productivas (Sedem) generaron un acumulado de m\u00e1s de 1.077 millones de bolivianos por ventas de bienes y servicios, adem\u00e1s crearon 844 empleos directos hasta el 2021, inform\u00f3 la gerente general, F\u00e1tima Pacheco. \u00abEn estas gestiones, desde la existencia del Sedem, tenemos un acumulado, en el detalle [&hellip;]","og_url":"https:\/\/www.eldiario.net\/portal\/2022\/02\/23\/empresas-del-sedem-generaron-mas-de-bs-1-077-millones-por-ventas\/","og_site_name":"El Diario - Bolivia","article_publisher":"https:\/\/www.facebook.com\/eldiario.bolivia\/","article_published_time":"2022-02-23T09:37:25+00:00","author":"Jeanette","twitter_card":"summary_large_image","twitter_creator":"@eldiario_net","twitter_site":"@eldiario_net","twitter_misc":{"Escrito por":"Jeanette","Tiempo de lectura":"2 minutos"},"schema":{"@context":"https:\/\/schema.org","@graph":[{"@type":"Article","@id":"https:\/\/www.eldiario.net\/portal\/2022\/02\/23\/empresas-del-sedem-generaron-mas-de-bs-1-077-millones-por-ventas\/#article","isPartOf":{"@id":"https:\/\/www.eldiario.net\/portal\/2022\/02\/23\/empresas-del-sedem-generaron-mas-de-bs-1-077-millones-por-ventas\/"},"author":{"name":"Jeanette","@id":"https:\/\/www.eldiario.net\/portal\/#\/schema\/person\/2c57cf2b7a7ae032e449e4c9b1019eac"},"headline":"Empresas del Sedem generaron m\u00e1s de Bs 1.077 millones por ventas","datePublished":"2022-02-23T09:37:25+00:00","mainEntityOfPage":{"@id":"https:\/\/www.eldiario.net\/portal\/2022\/02\/23\/empresas-del-sedem-generaron-mas-de-bs-1-077-millones-por-ventas\/"},"wordCount":252,"publisher":{"@id":"https:\/\/www.eldiario.net\/portal\/#organization"},"image":{"@id":"https:\/\/www.eldiario.net\/portal\/2022\/02\/23\/empresas-del-sedem-generaron-mas-de-bs-1-077-millones-por-ventas\/#primaryimage"},"thumbnailUrl":"","articleSection":["Econom\u00eda"],"inLanguage":"es"},{"@type":"WebPage","@id":"https:\/\/www.eldiario.net\/portal\/2022\/02\/23\/empresas-del-sedem-generaron-mas-de-bs-1-077-millones-por-ventas\/","url":"https:\/\/www.eldiario.net\/portal\/2022\/02\/23\/empresas-del-sedem-generaron-mas-de-bs-1-077-millones-por-ventas\/","name":"Empresas del Sedem generaron m\u00e1s de Bs 1.077 millones por ventas - El Diario - Bolivia","isPartOf":{"@id":"https:\/\/www.eldiario.net\/portal\/#website"},"primaryImageOfPage":{"@id":"https:\/\/www.eldiario.net\/portal\/2022\/02\/23\/empresas-del-sedem-generaron-mas-de-bs-1-077-millones-por-ventas\/#primaryimage"},"image":{"@id":"https:\/\/www.eldiario.net\/portal\/2022\/02\/23\/empresas-del-sedem-generaron-mas-de-bs-1-077-millones-por-ventas\/#primaryimage"},"thumbnailUrl":"","datePublished":"2022-02-23T09:37:25+00:00","breadcrumb":{"@id":"https:\/\/www.eldiario.net\/portal\/2022\/02\/23\/empresas-del-sedem-generaron-mas-de-bs-1-077-millones-por-ventas\/#breadcrumb"},"inLanguage":"es","potentialAction":[{"@type":"ReadAction","target":["https:\/\/www.eldiario.net\/portal\/2022\/02\/23\/empresas-del-sedem-generaron-mas-de-bs-1-077-millones-por-ventas\/"]}]},{"@type":"ImageObject","inLanguage":"es","@id":"https:\/\/www.eldiario.net\/portal\/2022\/02\/23\/empresas-del-sedem-generaron-mas-de-bs-1-077-millones-por-ventas\/#primaryimage","url":"","contentUrl":""},{"@type":"BreadcrumbList","@id":"https:\/\/www.eldiario.net\/portal\/2022\/02\/23\/empresas-del-sedem-generaron-mas-de-bs-1-077-millones-por-ventas\/#breadcrumb","itemListElement":[{"@type":"ListItem","position":1,"name":"Portada","item":"https:\/\/www.eldiario.net\/portal\/"},{"@type":"ListItem","position":2,"name":"Empresas del Sedem generaron m\u00e1s de Bs 1.077 millones por ventas"}]},{"@type":"WebSite","@id":"https:\/\/www.eldiario.net\/portal\/#website","url":"https:\/\/www.eldiario.net\/portal\/","name":"El Diario - Decano de la prensa nacional","description":"El Diario - Decano de la prensa nacional","publisher":{"@id":"https:\/\/www.eldiario.net\/portal\/#organization"},"potentialAction":[{"@type":"SearchAction","target":{"@type":"EntryPoint","urlTemplate":"https:\/\/www.eldiario.net\/portal\/?s={search_term_string}"},"query-input":{"@type":"PropertyValueSpecification","valueRequired":true,"valueName":"search_term_string"}}],"inLanguage":"es"},{"@type":"Organization","@id":"https:\/\/www.eldiario.net\/portal\/#organization","name":"El Diario - Decano de la prensa nacional","url":"https:\/\/www.eldiario.net\/portal\/","logo":{"@type":"ImageObject","inLanguage":"es","@id":"https:\/\/www.eldiario.net\/portal\/#\/schema\/logo\/image\/","url":"https:\/\/www.eldiario.net\/portal\/wp-content\/uploads\/2023\/07\/logo_ED.jpg","contentUrl":"https:\/\/www.eldiario.net\/portal\/wp-content\/uploads\/2023\/07\/logo_ED.jpg","width":272,"height":52,"caption":"El Diario - Decano de la prensa nacional"},"image":{"@id":"https:\/\/www.eldiario.net\/portal\/#\/schema\/logo\/image\/"},"sameAs":["https:\/\/www.facebook.com\/eldiario.bolivia\/","https:\/\/x.com\/eldiario_net"]},{"@type":"Person","@id":"https:\/\/www.eldiario.net\/portal\/#\/schema\/person\/2c57cf2b7a7ae032e449e4c9b1019eac","name":"Jeanette","image":{"@type":"ImageObject","inLanguage":"es","@id":"https:\/\/secure.gravatar.com\/avatar\/3ea2118a5f7dad2b7138b1187a6b7ee55f160b9968b66013c3a3ef39dd7e5798?s=96&d=mm&r=g","url":"https:\/\/secure.gravatar.com\/avatar\/3ea2118a5f7dad2b7138b1187a6b7ee55f160b9968b66013c3a3ef39dd7e5798?s=96&d=mm&r=g","contentUrl":"https:\/\/secure.gravatar.com\/avatar\/3ea2118a5f7dad2b7138b1187a6b7ee55f160b9968b66013c3a3ef39dd7e5798?s=96&d=mm&r=g","caption":"Jeanette"},"sameAs":["https:\/\/www.eldiario.net\/portal"],"url":"https:\/\/www.eldiario.net\/portal\/author\/jeanette\/"}]}},"_links":{"self":[{"href":"https:\/\/www.eldiario.net\/portal\/wp-json\/wp\/v2\/posts\/65179","targetHints":{"allow":["GET"]}}],"collection":[{"href":"https:\/\/www.eldiario.net\/portal\/wp-json\/wp\/v2\/posts"}],"about":[{"href":"https:\/\/www.eldiario.net\/portal\/wp-json\/wp\/v2\/types\/post"}],"author":[{"embeddable":true,"href":"https:\/\/www.eldiario.net\/portal\/wp-json\/wp\/v2\/users\/1"}],"replies":[{"embeddable":true,"href":"https:\/\/www.eldiario.net\/portal\/wp-json\/wp\/v2\/comments?post=65179"}],"version-history":[{"count":0,"href":"https:\/\/www.eldiario.net\/portal\/wp-json\/wp\/v2\/posts\/65179\/revisions"}],"wp:attachment":[{"href":"https:\/\/www.eldiario.net\/portal\/wp-json\/wp\/v2\/media?parent=65179"}],"wp:term":[{"taxonomy":"category","embeddable":true,"href":"https:\/\/www.eldiario.net\/portal\/wp-json\/wp\/v2\/categories?post=65179"},{"taxonomy":"post_tag","embeddable":true,"href":"https:\/\/www.eldiario.net\/portal\/wp-json\/wp\/v2\/tags?post=65179"}],"curies":[{"name":"wp","href":"https:\/\/api.w.org\/{rel}","templated":true}]}}