{"id":65176,"date":"2022-02-23T05:36:32","date_gmt":"2022-02-23T09:36:32","guid":{"rendered":"https:\/\/www.eldiario.net\/portal\/?p=65176"},"modified":"2022-02-23T05:36:32","modified_gmt":"2022-02-23T09:36:32","slug":"certifican-produccion-de-azucar-100-libre-de-trabajo-infantil-y-discriminacion","status":"publish","type":"post","link":"https:\/\/www.eldiario.net\/portal\/2022\/02\/23\/certifican-produccion-de-azucar-100-libre-de-trabajo-infantil-y-discriminacion\/","title":{"rendered":"Certifican producci\u00f3n de az\u00facar 100 %  libre de trabajo infantil y discriminaci\u00f3n"},"content":{"rendered":"<p>El Instituto Boliviano de Normalizaci\u00f3n y Calidad (Ibnorca) certific\u00f3 la producci\u00f3n de az\u00facar de Guabir\u00e1 y sus ca\u00f1eros, Libre de Trabajo Infantil, Libre de Trabajo Forzoso y Libre de Discriminaci\u00f3n y se convierte como la primera empresa en lograr esta meta, luego de casi 10 a\u00f1os, por el fruto del trabajo con la Uni\u00f3n de Ca\u00f1eros Guabir\u00e1, cuya certificaci\u00f3n abre m\u00e1s mercados de exportaci\u00f3n.<br \/>\n\u201cGuabir\u00e1, una vez m\u00e1s, se ubica a la vanguardia en materia de responsabilidad social empresarial en el pa\u00eds. Ibnorca ha certificado que el az\u00facar de Guabir\u00e1 y sus ca\u00f1eros est\u00e1 Libre de Trabajo Infantil, Libre de Trabajo Forzoso y Libre de Discriminaci\u00f3n\u201d, dijo Carlos Rojas Amelunge, Presidente del Ingenio Azucarero Guabir\u00e1 S.A.<br \/>\nEl ejecutivo agradeci\u00f3 al IBCE por otorgar el Certificado de Licencia de Uso del Triple Sello para el az\u00facar al 100 %, algo que implica un positivo impacto social y econ\u00f3mico para los ni\u00f1os, los zafreros, los ca\u00f1eros y la industria azucarera.<br \/>\n\u201cEstamos complacidos de entregar el Primer Certificado de Licencia de Uso del Triple Sello al 100 %, convirtiendo a Guabir\u00e1 en la primera empresa boliviana en lograr un \u00abNivel A\u00bb para toda el az\u00facar producida por el Ingenio este a\u00f1o, se\u00f1al\u00f3 el Presidente del IBCE, Demetrio Soruco Henicke.<br \/>\nAsegur\u00f3 que los 2.301.268 quintales de az\u00facar puedan salir ahora al mercado, respaldados con el Triple Sell.<\/p>\n<p>Seguir el<br \/>\nbuen ejemplo<br \/>\nEl secretario de Salud y Desarrollo Humano del Gobierno Aut\u00f3nomo Departamental de Santa Cruz, Fernando Pacheco, destac\u00f3 el papel importante que tiene el consumidor para preferir productos socialmente responsables como el az\u00facar de Guabir\u00e1.<br \/>\n\u00abQue este ejemplo sea tomado por otras industrias. Buscaremos que la agroindustria boliviana implemente esta Estrategia para que todos los productos fabricados en nuestro pa\u00eds, cuenten con ese Certificado, que demuestre que en su cadena productiva no existe trabajo infantil, trabajo forzoso, ni alg\u00fan tipo de discriminaci\u00f3n\u00bb, concluy\u00f3.<br \/>\nPor su parte, el Presidente de la UCG, Alcides C\u00f3rdova, sostuvo que el trabajo de los ca\u00f1eros de Guabir\u00e1, de 1.500 familias productoras y 38 instituciones afiliadas. El 2006 nos comprometimos a participar de un Proyecto de Responsabilidad Social con el IBCE y desde entonces llevamos adelante sin parar las Buenas Pr\u00e1cticas en la Zafra.<br \/>\nDesde el 2007, el IBCE, con el Instituto Boliviano de Normalizaci\u00f3n y Calidad (IBNORCA) y con el respaldo y participaci\u00f3n del Ministerio de Trabajo, Empleo y Previsi\u00f3n Social, UNICEF, OIT, Gobernaci\u00f3n de Santa Cruz, entre otras entidades que promueven el respeto a los derechos fundamentales y laborales, concibieron tres importantes Normas Bolivianas: Libre de Trabajo Infantil, Libre de Trabajo Forzoso y Libre de Discriminaci\u00f3n, cuyo cumplimiento da lugar a la Certificaci\u00f3n de Marca del \u00abTriple Sello\u00bb promovido por el IBCE.<br \/>\nMientras, el Presidente de Ibnorca, Daniel S\u00e1nchez, dijo que es grato reconocer el esfuerzo del Ingenio Azucarero Guabir\u00e1 S.A. para lograr esta in\u00e9dita certificaci\u00f3n.<br \/>\n\u00abEl servicio brindado por Ibnorca consisti\u00f3 en la evaluaci\u00f3n t\u00e9cnica del cumplimiento de las normas NB 56011:2008 \u00abLibre de trabajo infantil\u00bb; NB 56013:2008 \u00abLibre de discriminaci\u00f3n\u00bb y NB 56015:2009 \u00abLibre de trabajo forzoso\u00bb, que se realiz\u00f3 en toda la cadena productiva, en predios donde se realiza la Zafra, por ejemplo, Colonia Aroma I, El Recreo, Curichi, El Pail\u00f3n entre otros\u00bb, finaliz\u00f3 S\u00e1nchez.<\/p>\n","protected":false},"excerpt":{"rendered":"<p>El Instituto Boliviano de Normalizaci\u00f3n y Calidad (Ibnorca) certific\u00f3 la producci\u00f3n de az\u00facar de Guabir\u00e1 y sus ca\u00f1eros, Libre de Trabajo Infantil, Libre de Trabajo Forzoso y Libre de Discriminaci\u00f3n y se convierte como la primera empresa en lograr esta meta, luego de casi 10 a\u00f1os, por el fruto del trabajo con la Uni\u00f3n de [&hellip;]<\/p>\n","protected":false},"author":1,"featured_media":65177,"comment_status":"closed","ping_status":"closed","sticky":false,"template":"","format":"standard","meta":{"_acf_changed":false,"footnotes":""},"categories":[7],"tags":[],"class_list":["post-65176","post","type-post","status-publish","format-standard","has-post-thumbnail","category-economia"],"acf":{"antetitulo":""},"yoast_head":"<!-- This site is optimized with the Yoast SEO plugin v28.4 - https:\/\/yoast.com\/product\/yoast-seo-wordpress\/ -->\n<title>Certifican producci\u00f3n de az\u00facar 100 % libre de trabajo infantil y discriminaci\u00f3n - El Diario - Bolivia<\/title>\n<meta name=\"robots\" content=\"index, follow, max-snippet:-1, max-image-preview:large, max-video-preview:-1\" \/>\n<link rel=\"canonical\" href=\"https:\/\/www.eldiario.net\/portal\/2022\/02\/23\/certifican-produccion-de-azucar-100-libre-de-trabajo-infantil-y-discriminacion\/\" \/>\n<meta property=\"og:locale\" content=\"es_ES\" \/>\n<meta property=\"og:type\" content=\"article\" \/>\n<meta property=\"og:title\" content=\"Certifican producci\u00f3n de az\u00facar 100 % libre de trabajo infantil y discriminaci\u00f3n - El Diario - Bolivia\" \/>\n<meta property=\"og:description\" content=\"El Instituto Boliviano de Normalizaci\u00f3n y Calidad (Ibnorca) certific\u00f3 la producci\u00f3n de az\u00facar de Guabir\u00e1 y sus ca\u00f1eros, Libre de Trabajo Infantil, Libre de Trabajo Forzoso y Libre de Discriminaci\u00f3n y se convierte como la primera empresa en lograr esta meta, luego de casi 10 a\u00f1os, por el fruto del trabajo con la Uni\u00f3n de [&hellip;]\" \/>\n<meta property=\"og:url\" content=\"https:\/\/www.eldiario.net\/portal\/2022\/02\/23\/certifican-produccion-de-azucar-100-libre-de-trabajo-infantil-y-discriminacion\/\" \/>\n<meta property=\"og:site_name\" content=\"El Diario - Bolivia\" \/>\n<meta property=\"article:publisher\" content=\"https:\/\/www.facebook.com\/eldiario.bolivia\/\" \/>\n<meta property=\"article:published_time\" content=\"2022-02-23T09:36:32+00:00\" \/>\n<meta name=\"author\" content=\"Jeanette\" \/>\n<meta name=\"twitter:card\" content=\"summary_large_image\" \/>\n<meta name=\"twitter:creator\" content=\"@eldiario_net\" \/>\n<meta name=\"twitter:site\" content=\"@eldiario_net\" \/>\n<meta name=\"twitter:label1\" content=\"Escrito por\" \/>\n\t<meta name=\"twitter:data1\" content=\"Jeanette\" \/>\n\t<meta name=\"twitter:label2\" content=\"Tiempo de lectura\" \/>\n\t<meta name=\"twitter:data2\" content=\"3 minutos\" \/>\n<script type=\"application\/ld+json\" class=\"yoast-schema-graph\">{\"@context\":\"https:\\\/\\\/schema.org\",\"@graph\":[{\"@type\":\"Article\",\"@id\":\"https:\\\/\\\/www.eldiario.net\\\/portal\\\/2022\\\/02\\\/23\\\/certifican-produccion-de-azucar-100-libre-de-trabajo-infantil-y-discriminacion\\\/#article\",\"isPartOf\":{\"@id\":\"https:\\\/\\\/www.eldiario.net\\\/portal\\\/2022\\\/02\\\/23\\\/certifican-produccion-de-azucar-100-libre-de-trabajo-infantil-y-discriminacion\\\/\"},\"author\":{\"name\":\"Jeanette\",\"@id\":\"https:\\\/\\\/www.eldiario.net\\\/portal\\\/#\\\/schema\\\/person\\\/f46445640444750d7d753ccd04ae01b7\"},\"headline\":\"Certifican producci\u00f3n de az\u00facar 100 % libre de trabajo infantil y discriminaci\u00f3n\",\"datePublished\":\"2022-02-23T09:36:32+00:00\",\"mainEntityOfPage\":{\"@id\":\"https:\\\/\\\/www.eldiario.net\\\/portal\\\/2022\\\/02\\\/23\\\/certifican-produccion-de-azucar-100-libre-de-trabajo-infantil-y-discriminacion\\\/\"},\"wordCount\":578,\"publisher\":{\"@id\":\"https:\\\/\\\/www.eldiario.net\\\/portal\\\/#organization\"},\"image\":{\"@id\":\"https:\\\/\\\/www.eldiario.net\\\/portal\\\/2022\\\/02\\\/23\\\/certifican-produccion-de-azucar-100-libre-de-trabajo-infantil-y-discriminacion\\\/#primaryimage\"},\"thumbnailUrl\":\"\",\"articleSection\":[\"Econom\u00eda\"],\"inLanguage\":\"es\"},{\"@type\":\"WebPage\",\"@id\":\"https:\\\/\\\/www.eldiario.net\\\/portal\\\/2022\\\/02\\\/23\\\/certifican-produccion-de-azucar-100-libre-de-trabajo-infantil-y-discriminacion\\\/\",\"url\":\"https:\\\/\\\/www.eldiario.net\\\/portal\\\/2022\\\/02\\\/23\\\/certifican-produccion-de-azucar-100-libre-de-trabajo-infantil-y-discriminacion\\\/\",\"name\":\"Certifican producci\u00f3n de az\u00facar 100 % libre de trabajo infantil y discriminaci\u00f3n - El Diario - Bolivia\",\"isPartOf\":{\"@id\":\"https:\\\/\\\/www.eldiario.net\\\/portal\\\/#website\"},\"primaryImageOfPage\":{\"@id\":\"https:\\\/\\\/www.eldiario.net\\\/portal\\\/2022\\\/02\\\/23\\\/certifican-produccion-de-azucar-100-libre-de-trabajo-infantil-y-discriminacion\\\/#primaryimage\"},\"image\":{\"@id\":\"https:\\\/\\\/www.eldiario.net\\\/portal\\\/2022\\\/02\\\/23\\\/certifican-produccion-de-azucar-100-libre-de-trabajo-infantil-y-discriminacion\\\/#primaryimage\"},\"thumbnailUrl\":\"\",\"datePublished\":\"2022-02-23T09:36:32+00:00\",\"breadcrumb\":{\"@id\":\"https:\\\/\\\/www.eldiario.net\\\/portal\\\/2022\\\/02\\\/23\\\/certifican-produccion-de-azucar-100-libre-de-trabajo-infantil-y-discriminacion\\\/#breadcrumb\"},\"inLanguage\":\"es\",\"potentialAction\":[{\"@type\":\"ReadAction\",\"target\":[\"https:\\\/\\\/www.eldiario.net\\\/portal\\\/2022\\\/02\\\/23\\\/certifican-produccion-de-azucar-100-libre-de-trabajo-infantil-y-discriminacion\\\/\"]}]},{\"@type\":\"ImageObject\",\"inLanguage\":\"es\",\"@id\":\"https:\\\/\\\/www.eldiario.net\\\/portal\\\/2022\\\/02\\\/23\\\/certifican-produccion-de-azucar-100-libre-de-trabajo-infantil-y-discriminacion\\\/#primaryimage\",\"url\":\"\",\"contentUrl\":\"\"},{\"@type\":\"BreadcrumbList\",\"@id\":\"https:\\\/\\\/www.eldiario.net\\\/portal\\\/2022\\\/02\\\/23\\\/certifican-produccion-de-azucar-100-libre-de-trabajo-infantil-y-discriminacion\\\/#breadcrumb\",\"itemListElement\":[{\"@type\":\"ListItem\",\"position\":1,\"name\":\"Portada\",\"item\":\"https:\\\/\\\/www.eldiario.net\\\/portal\\\/\"},{\"@type\":\"ListItem\",\"position\":2,\"name\":\"Certifican producci\u00f3n de az\u00facar 100 % libre de trabajo infantil y discriminaci\u00f3n\"}]},{\"@type\":\"WebSite\",\"@id\":\"https:\\\/\\\/www.eldiario.net\\\/portal\\\/#website\",\"url\":\"https:\\\/\\\/www.eldiario.net\\\/portal\\\/\",\"name\":\"El Diario - Decano de la prensa nacional\",\"description\":\"El Diario - Decano de la prensa nacional\",\"publisher\":{\"@id\":\"https:\\\/\\\/www.eldiario.net\\\/portal\\\/#organization\"},\"potentialAction\":[{\"@type\":\"SearchAction\",\"target\":{\"@type\":\"EntryPoint\",\"urlTemplate\":\"https:\\\/\\\/www.eldiario.net\\\/portal\\\/?s={search_term_string}\"},\"query-input\":{\"@type\":\"PropertyValueSpecification\",\"valueRequired\":true,\"valueName\":\"search_term_string\"}}],\"inLanguage\":\"es\"},{\"@type\":\"Organization\",\"@id\":\"https:\\\/\\\/www.eldiario.net\\\/portal\\\/#organization\",\"name\":\"El Diario - Decano de la prensa nacional\",\"url\":\"https:\\\/\\\/www.eldiario.net\\\/portal\\\/\",\"logo\":{\"@type\":\"ImageObject\",\"inLanguage\":\"es\",\"@id\":\"https:\\\/\\\/www.eldiario.net\\\/portal\\\/#\\\/schema\\\/logo\\\/image\\\/\",\"url\":\"https:\\\/\\\/www.eldiario.net\\\/portal\\\/wp-content\\\/uploads\\\/2023\\\/07\\\/logo_ED.jpg\",\"contentUrl\":\"https:\\\/\\\/www.eldiario.net\\\/portal\\\/wp-content\\\/uploads\\\/2023\\\/07\\\/logo_ED.jpg\",\"width\":272,\"height\":52,\"caption\":\"El Diario - Decano de la prensa nacional\"},\"image\":{\"@id\":\"https:\\\/\\\/www.eldiario.net\\\/portal\\\/#\\\/schema\\\/logo\\\/image\\\/\"},\"sameAs\":[\"https:\\\/\\\/www.facebook.com\\\/eldiario.bolivia\\\/\",\"https:\\\/\\\/x.com\\\/eldiario_net\"]},{\"@type\":\"Person\",\"@id\":\"https:\\\/\\\/www.eldiario.net\\\/portal\\\/#\\\/schema\\\/person\\\/f46445640444750d7d753ccd04ae01b7\",\"name\":\"Jeanette\",\"image\":{\"@type\":\"ImageObject\",\"inLanguage\":\"es\",\"@id\":\"https:\\\/\\\/secure.gravatar.com\\\/avatar\\\/3ea2118a5f7dad2b7138b1187a6b7ee55f160b9968b66013c3a3ef39dd7e5798?s=96&d=mm&r=g\",\"url\":\"https:\\\/\\\/secure.gravatar.com\\\/avatar\\\/3ea2118a5f7dad2b7138b1187a6b7ee55f160b9968b66013c3a3ef39dd7e5798?s=96&d=mm&r=g\",\"contentUrl\":\"https:\\\/\\\/secure.gravatar.com\\\/avatar\\\/3ea2118a5f7dad2b7138b1187a6b7ee55f160b9968b66013c3a3ef39dd7e5798?s=96&d=mm&r=g\",\"caption\":\"Jeanette\"},\"sameAs\":[\"https:\\\/\\\/www.eldiario.net\\\/portal\"],\"url\":\"https:\\\/\\\/www.eldiario.net\\\/portal\\\/author\\\/jeanette\\\/\"}]}<\/script>\n<!-- \/ Yoast SEO plugin. -->","yoast_head_json":{"title":"Certifican producci\u00f3n de az\u00facar 100 % libre de trabajo infantil y discriminaci\u00f3n - El Diario - Bolivia","robots":{"index":"index","follow":"follow","max-snippet":"max-snippet:-1","max-image-preview":"max-image-preview:large","max-video-preview":"max-video-preview:-1"},"canonical":"https:\/\/www.eldiario.net\/portal\/2022\/02\/23\/certifican-produccion-de-azucar-100-libre-de-trabajo-infantil-y-discriminacion\/","og_locale":"es_ES","og_type":"article","og_title":"Certifican producci\u00f3n de az\u00facar 100 % libre de trabajo infantil y discriminaci\u00f3n - El Diario - Bolivia","og_description":"El Instituto Boliviano de Normalizaci\u00f3n y Calidad (Ibnorca) certific\u00f3 la producci\u00f3n de az\u00facar de Guabir\u00e1 y sus ca\u00f1eros, Libre de Trabajo Infantil, Libre de Trabajo Forzoso y Libre de Discriminaci\u00f3n y se convierte como la primera empresa en lograr esta meta, luego de casi 10 a\u00f1os, por el fruto del trabajo con la Uni\u00f3n de [&hellip;]","og_url":"https:\/\/www.eldiario.net\/portal\/2022\/02\/23\/certifican-produccion-de-azucar-100-libre-de-trabajo-infantil-y-discriminacion\/","og_site_name":"El Diario - Bolivia","article_publisher":"https:\/\/www.facebook.com\/eldiario.bolivia\/","article_published_time":"2022-02-23T09:36:32+00:00","author":"Jeanette","twitter_card":"summary_large_image","twitter_creator":"@eldiario_net","twitter_site":"@eldiario_net","twitter_misc":{"Escrito por":"Jeanette","Tiempo de lectura":"3 minutos"},"schema":{"@context":"https:\/\/schema.org","@graph":[{"@type":"Article","@id":"https:\/\/www.eldiario.net\/portal\/2022\/02\/23\/certifican-produccion-de-azucar-100-libre-de-trabajo-infantil-y-discriminacion\/#article","isPartOf":{"@id":"https:\/\/www.eldiario.net\/portal\/2022\/02\/23\/certifican-produccion-de-azucar-100-libre-de-trabajo-infantil-y-discriminacion\/"},"author":{"name":"Jeanette","@id":"https:\/\/www.eldiario.net\/portal\/#\/schema\/person\/f46445640444750d7d753ccd04ae01b7"},"headline":"Certifican producci\u00f3n de az\u00facar 100 % libre de trabajo infantil y discriminaci\u00f3n","datePublished":"2022-02-23T09:36:32+00:00","mainEntityOfPage":{"@id":"https:\/\/www.eldiario.net\/portal\/2022\/02\/23\/certifican-produccion-de-azucar-100-libre-de-trabajo-infantil-y-discriminacion\/"},"wordCount":578,"publisher":{"@id":"https:\/\/www.eldiario.net\/portal\/#organization"},"image":{"@id":"https:\/\/www.eldiario.net\/portal\/2022\/02\/23\/certifican-produccion-de-azucar-100-libre-de-trabajo-infantil-y-discriminacion\/#primaryimage"},"thumbnailUrl":"","articleSection":["Econom\u00eda"],"inLanguage":"es"},{"@type":"WebPage","@id":"https:\/\/www.eldiario.net\/portal\/2022\/02\/23\/certifican-produccion-de-azucar-100-libre-de-trabajo-infantil-y-discriminacion\/","url":"https:\/\/www.eldiario.net\/portal\/2022\/02\/23\/certifican-produccion-de-azucar-100-libre-de-trabajo-infantil-y-discriminacion\/","name":"Certifican producci\u00f3n de az\u00facar 100 % libre de trabajo infantil y discriminaci\u00f3n - El Diario - Bolivia","isPartOf":{"@id":"https:\/\/www.eldiario.net\/portal\/#website"},"primaryImageOfPage":{"@id":"https:\/\/www.eldiario.net\/portal\/2022\/02\/23\/certifican-produccion-de-azucar-100-libre-de-trabajo-infantil-y-discriminacion\/#primaryimage"},"image":{"@id":"https:\/\/www.eldiario.net\/portal\/2022\/02\/23\/certifican-produccion-de-azucar-100-libre-de-trabajo-infantil-y-discriminacion\/#primaryimage"},"thumbnailUrl":"","datePublished":"2022-02-23T09:36:32+00:00","breadcrumb":{"@id":"https:\/\/www.eldiario.net\/portal\/2022\/02\/23\/certifican-produccion-de-azucar-100-libre-de-trabajo-infantil-y-discriminacion\/#breadcrumb"},"inLanguage":"es","potentialAction":[{"@type":"ReadAction","target":["https:\/\/www.eldiario.net\/portal\/2022\/02\/23\/certifican-produccion-de-azucar-100-libre-de-trabajo-infantil-y-discriminacion\/"]}]},{"@type":"ImageObject","inLanguage":"es","@id":"https:\/\/www.eldiario.net\/portal\/2022\/02\/23\/certifican-produccion-de-azucar-100-libre-de-trabajo-infantil-y-discriminacion\/#primaryimage","url":"","contentUrl":""},{"@type":"BreadcrumbList","@id":"https:\/\/www.eldiario.net\/portal\/2022\/02\/23\/certifican-produccion-de-azucar-100-libre-de-trabajo-infantil-y-discriminacion\/#breadcrumb","itemListElement":[{"@type":"ListItem","position":1,"name":"Portada","item":"https:\/\/www.eldiario.net\/portal\/"},{"@type":"ListItem","position":2,"name":"Certifican producci\u00f3n de az\u00facar 100 % libre de trabajo infantil y discriminaci\u00f3n"}]},{"@type":"WebSite","@id":"https:\/\/www.eldiario.net\/portal\/#website","url":"https:\/\/www.eldiario.net\/portal\/","name":"El Diario - Decano de la prensa nacional","description":"El Diario - Decano de la prensa nacional","publisher":{"@id":"https:\/\/www.eldiario.net\/portal\/#organization"},"potentialAction":[{"@type":"SearchAction","target":{"@type":"EntryPoint","urlTemplate":"https:\/\/www.eldiario.net\/portal\/?s={search_term_string}"},"query-input":{"@type":"PropertyValueSpecification","valueRequired":true,"valueName":"search_term_string"}}],"inLanguage":"es"},{"@type":"Organization","@id":"https:\/\/www.eldiario.net\/portal\/#organization","name":"El Diario - Decano de la prensa nacional","url":"https:\/\/www.eldiario.net\/portal\/","logo":{"@type":"ImageObject","inLanguage":"es","@id":"https:\/\/www.eldiario.net\/portal\/#\/schema\/logo\/image\/","url":"https:\/\/www.eldiario.net\/portal\/wp-content\/uploads\/2023\/07\/logo_ED.jpg","contentUrl":"https:\/\/www.eldiario.net\/portal\/wp-content\/uploads\/2023\/07\/logo_ED.jpg","width":272,"height":52,"caption":"El Diario - Decano de la prensa nacional"},"image":{"@id":"https:\/\/www.eldiario.net\/portal\/#\/schema\/logo\/image\/"},"sameAs":["https:\/\/www.facebook.com\/eldiario.bolivia\/","https:\/\/x.com\/eldiario_net"]},{"@type":"Person","@id":"https:\/\/www.eldiario.net\/portal\/#\/schema\/person\/f46445640444750d7d753ccd04ae01b7","name":"Jeanette","image":{"@type":"ImageObject","inLanguage":"es","@id":"https:\/\/secure.gravatar.com\/avatar\/3ea2118a5f7dad2b7138b1187a6b7ee55f160b9968b66013c3a3ef39dd7e5798?s=96&d=mm&r=g","url":"https:\/\/secure.gravatar.com\/avatar\/3ea2118a5f7dad2b7138b1187a6b7ee55f160b9968b66013c3a3ef39dd7e5798?s=96&d=mm&r=g","contentUrl":"https:\/\/secure.gravatar.com\/avatar\/3ea2118a5f7dad2b7138b1187a6b7ee55f160b9968b66013c3a3ef39dd7e5798?s=96&d=mm&r=g","caption":"Jeanette"},"sameAs":["https:\/\/www.eldiario.net\/portal"],"url":"https:\/\/www.eldiario.net\/portal\/author\/jeanette\/"}]}},"_links":{"self":[{"href":"https:\/\/www.eldiario.net\/portal\/wp-json\/wp\/v2\/posts\/65176","targetHints":{"allow":["GET"]}}],"collection":[{"href":"https:\/\/www.eldiario.net\/portal\/wp-json\/wp\/v2\/posts"}],"about":[{"href":"https:\/\/www.eldiario.net\/portal\/wp-json\/wp\/v2\/types\/post"}],"author":[{"embeddable":true,"href":"https:\/\/www.eldiario.net\/portal\/wp-json\/wp\/v2\/users\/1"}],"replies":[{"embeddable":true,"href":"https:\/\/www.eldiario.net\/portal\/wp-json\/wp\/v2\/comments?post=65176"}],"version-history":[{"count":0,"href":"https:\/\/www.eldiario.net\/portal\/wp-json\/wp\/v2\/posts\/65176\/revisions"}],"wp:attachment":[{"href":"https:\/\/www.eldiario.net\/portal\/wp-json\/wp\/v2\/media?parent=65176"}],"wp:term":[{"taxonomy":"category","embeddable":true,"href":"https:\/\/www.eldiario.net\/portal\/wp-json\/wp\/v2\/categories?post=65176"},{"taxonomy":"post_tag","embeddable":true,"href":"https:\/\/www.eldiario.net\/portal\/wp-json\/wp\/v2\/tags?post=65176"}],"curies":[{"name":"wp","href":"https:\/\/api.w.org\/{rel}","templated":true}]}}