{"id":65173,"date":"2022-02-23T05:35:27","date_gmt":"2022-02-23T09:35:27","guid":{"rendered":"https:\/\/www.eldiario.net\/portal\/?p=65173"},"modified":"2022-02-23T05:35:27","modified_gmt":"2022-02-23T09:35:27","slug":"productores-exportaran-a-francia-29-toneladas-de-cafe-oro-de-primera","status":"publish","type":"post","link":"https:\/\/www.eldiario.net\/portal\/2022\/02\/23\/productores-exportaran-a-francia-29-toneladas-de-cafe-oro-de-primera\/","title":{"rendered":"Productores exportar\u00e1n a Francia 29 toneladas de caf\u00e9 \u00abOro de primera\u00bb"},"content":{"rendered":"<p>El pa\u00eds exportar\u00e1 a Francia dos contenedores con 29 toneladas de caf\u00e9 \u00abOro de primera\u00bb. La venta de ese producto a este mercado europeo beneficiar\u00e1 a m\u00e1s de 111 familias de La Asunta y Chulumani, inform\u00f3 la Canciller\u00eda.<br \/>\n\u201cEl Viceministerio de #ComercioExterior destaca que hoy (ayer) se consolid\u00f3 la exportaci\u00f3n a #Francia de dos contenedores con 29 toneladas de caf\u00e9 \u201cOro de primera\u201d, Malongo y la #FEPIAC\u00bb, public\u00f3 esa cartera de Estado en su cuenta de Facebook.<br \/>\nSeg\u00fan ese reporte, el acuerdo comercial de cinco a\u00f1os con la empresa Malongo y la Federaci\u00f3n de Productores Integrales Agroecol\u00f3gicos de Caf\u00e9 de La Asunta (Fepiac) beneficia a m\u00e1s de 111 familias de La Asunta y Chulumani.<br \/>\nEn septiembre de 2021, el viceministro de Comercio Exterior e Integraci\u00f3n, Benjam\u00edn Blanco, inform\u00f3 que, de enero a junio de ese a\u00f1o, Bolivia obtuvo cinco millones de d\u00f3lares por las exportaciones de caf\u00e9, cifra mayor respecto al mismo periodo de 2020, cuando adquiri\u00f3 3,4 millones, pese a la baja del precio internacional.<br \/>\nSeg\u00fan datos del Instituto Boliviano de Comercio Exterior (IBCE), Bolivia exporta caf\u00e9 a Estados Unidos, Jap\u00f3n, Reino Unido, Francia, Canad\u00e1, Alemania, Dinamarca, entre otros. En el pa\u00eds, Nor y Sud Yungas de La Paz son los principales productores del grano, seguido de Santa Cruz y Cochabamba. ABI<br \/>\nLa producci\u00f3n de caf\u00e9 en los Yungas avanza en la regi\u00f3n con nuevas variedades, y aseguran que la altura y el clima son los mejores aliados para ofertar al mercado un producto de alta calidad.<br \/>\nLa exportaci\u00f3n fue resultado de una subasta electr\u00f3nica, en la que se presentaron los mejores caf\u00e9s seleccionados de algunas regiones del pa\u00eds, y las ofertas colmaron las expectativas de los productores.<\/p>\n","protected":false},"excerpt":{"rendered":"<p>El pa\u00eds exportar\u00e1 a Francia dos contenedores con 29 toneladas de caf\u00e9 \u00abOro de primera\u00bb. La venta de ese producto a este mercado europeo beneficiar\u00e1 a m\u00e1s de 111 familias de La Asunta y Chulumani, inform\u00f3 la Canciller\u00eda. \u201cEl Viceministerio de #ComercioExterior destaca que hoy (ayer) se consolid\u00f3 la exportaci\u00f3n a #Francia de dos contenedores [&hellip;]<\/p>\n","protected":false},"author":1,"featured_media":65174,"comment_status":"closed","ping_status":"closed","sticky":false,"template":"","format":"standard","meta":{"_acf_changed":false,"footnotes":""},"categories":[7],"tags":[],"class_list":["post-65173","post","type-post","status-publish","format-standard","has-post-thumbnail","category-economia"],"acf":{"antetitulo":""},"yoast_head":"<!-- This site is optimized with the Yoast SEO plugin v28.4 - https:\/\/yoast.com\/product\/yoast-seo-wordpress\/ -->\n<title>Productores exportar\u00e1n a Francia 29 toneladas de caf\u00e9 &quot;Oro de primera&quot; - El Diario - Bolivia<\/title>\n<meta name=\"robots\" content=\"index, follow, max-snippet:-1, max-image-preview:large, max-video-preview:-1\" \/>\n<link rel=\"canonical\" href=\"https:\/\/www.eldiario.net\/portal\/2022\/02\/23\/productores-exportaran-a-francia-29-toneladas-de-cafe-oro-de-primera\/\" \/>\n<meta property=\"og:locale\" content=\"es_ES\" \/>\n<meta property=\"og:type\" content=\"article\" \/>\n<meta property=\"og:title\" content=\"Productores exportar\u00e1n a Francia 29 toneladas de caf\u00e9 &quot;Oro de primera&quot; - El Diario - Bolivia\" \/>\n<meta property=\"og:description\" content=\"El pa\u00eds exportar\u00e1 a Francia dos contenedores con 29 toneladas de caf\u00e9 \u00abOro de primera\u00bb. La venta de ese producto a este mercado europeo beneficiar\u00e1 a m\u00e1s de 111 familias de La Asunta y Chulumani, inform\u00f3 la Canciller\u00eda. \u201cEl Viceministerio de #ComercioExterior destaca que hoy (ayer) se consolid\u00f3 la exportaci\u00f3n a #Francia de dos contenedores [&hellip;]\" \/>\n<meta property=\"og:url\" content=\"https:\/\/www.eldiario.net\/portal\/2022\/02\/23\/productores-exportaran-a-francia-29-toneladas-de-cafe-oro-de-primera\/\" \/>\n<meta property=\"og:site_name\" content=\"El Diario - Bolivia\" \/>\n<meta property=\"article:publisher\" content=\"https:\/\/www.facebook.com\/eldiario.bolivia\/\" \/>\n<meta property=\"article:published_time\" content=\"2022-02-23T09:35:27+00:00\" \/>\n<meta name=\"author\" content=\"Jeanette\" \/>\n<meta name=\"twitter:card\" content=\"summary_large_image\" \/>\n<meta name=\"twitter:creator\" content=\"@eldiario_net\" \/>\n<meta name=\"twitter:site\" content=\"@eldiario_net\" \/>\n<meta name=\"twitter:label1\" content=\"Escrito por\" \/>\n\t<meta name=\"twitter:data1\" content=\"Jeanette\" \/>\n\t<meta name=\"twitter:label2\" content=\"Tiempo de lectura\" \/>\n\t<meta name=\"twitter:data2\" content=\"2 minutos\" \/>\n<script type=\"application\/ld+json\" class=\"yoast-schema-graph\">{\"@context\":\"https:\\\/\\\/schema.org\",\"@graph\":[{\"@type\":\"Article\",\"@id\":\"https:\\\/\\\/www.eldiario.net\\\/portal\\\/2022\\\/02\\\/23\\\/productores-exportaran-a-francia-29-toneladas-de-cafe-oro-de-primera\\\/#article\",\"isPartOf\":{\"@id\":\"https:\\\/\\\/www.eldiario.net\\\/portal\\\/2022\\\/02\\\/23\\\/productores-exportaran-a-francia-29-toneladas-de-cafe-oro-de-primera\\\/\"},\"author\":{\"name\":\"Jeanette\",\"@id\":\"https:\\\/\\\/www.eldiario.net\\\/portal\\\/#\\\/schema\\\/person\\\/f46445640444750d7d753ccd04ae01b7\"},\"headline\":\"Productores exportar\u00e1n a Francia 29 toneladas de caf\u00e9 \u00abOro de primera\u00bb\",\"datePublished\":\"2022-02-23T09:35:27+00:00\",\"mainEntityOfPage\":{\"@id\":\"https:\\\/\\\/www.eldiario.net\\\/portal\\\/2022\\\/02\\\/23\\\/productores-exportaran-a-francia-29-toneladas-de-cafe-oro-de-primera\\\/\"},\"wordCount\":305,\"publisher\":{\"@id\":\"https:\\\/\\\/www.eldiario.net\\\/portal\\\/#organization\"},\"image\":{\"@id\":\"https:\\\/\\\/www.eldiario.net\\\/portal\\\/2022\\\/02\\\/23\\\/productores-exportaran-a-francia-29-toneladas-de-cafe-oro-de-primera\\\/#primaryimage\"},\"thumbnailUrl\":\"\",\"articleSection\":[\"Econom\u00eda\"],\"inLanguage\":\"es\"},{\"@type\":\"WebPage\",\"@id\":\"https:\\\/\\\/www.eldiario.net\\\/portal\\\/2022\\\/02\\\/23\\\/productores-exportaran-a-francia-29-toneladas-de-cafe-oro-de-primera\\\/\",\"url\":\"https:\\\/\\\/www.eldiario.net\\\/portal\\\/2022\\\/02\\\/23\\\/productores-exportaran-a-francia-29-toneladas-de-cafe-oro-de-primera\\\/\",\"name\":\"Productores exportar\u00e1n a Francia 29 toneladas de caf\u00e9 \\\"Oro de primera\\\" - El Diario - Bolivia\",\"isPartOf\":{\"@id\":\"https:\\\/\\\/www.eldiario.net\\\/portal\\\/#website\"},\"primaryImageOfPage\":{\"@id\":\"https:\\\/\\\/www.eldiario.net\\\/portal\\\/2022\\\/02\\\/23\\\/productores-exportaran-a-francia-29-toneladas-de-cafe-oro-de-primera\\\/#primaryimage\"},\"image\":{\"@id\":\"https:\\\/\\\/www.eldiario.net\\\/portal\\\/2022\\\/02\\\/23\\\/productores-exportaran-a-francia-29-toneladas-de-cafe-oro-de-primera\\\/#primaryimage\"},\"thumbnailUrl\":\"\",\"datePublished\":\"2022-02-23T09:35:27+00:00\",\"breadcrumb\":{\"@id\":\"https:\\\/\\\/www.eldiario.net\\\/portal\\\/2022\\\/02\\\/23\\\/productores-exportaran-a-francia-29-toneladas-de-cafe-oro-de-primera\\\/#breadcrumb\"},\"inLanguage\":\"es\",\"potentialAction\":[{\"@type\":\"ReadAction\",\"target\":[\"https:\\\/\\\/www.eldiario.net\\\/portal\\\/2022\\\/02\\\/23\\\/productores-exportaran-a-francia-29-toneladas-de-cafe-oro-de-primera\\\/\"]}]},{\"@type\":\"ImageObject\",\"inLanguage\":\"es\",\"@id\":\"https:\\\/\\\/www.eldiario.net\\\/portal\\\/2022\\\/02\\\/23\\\/productores-exportaran-a-francia-29-toneladas-de-cafe-oro-de-primera\\\/#primaryimage\",\"url\":\"\",\"contentUrl\":\"\"},{\"@type\":\"BreadcrumbList\",\"@id\":\"https:\\\/\\\/www.eldiario.net\\\/portal\\\/2022\\\/02\\\/23\\\/productores-exportaran-a-francia-29-toneladas-de-cafe-oro-de-primera\\\/#breadcrumb\",\"itemListElement\":[{\"@type\":\"ListItem\",\"position\":1,\"name\":\"Portada\",\"item\":\"https:\\\/\\\/www.eldiario.net\\\/portal\\\/\"},{\"@type\":\"ListItem\",\"position\":2,\"name\":\"Productores exportar\u00e1n a Francia 29 toneladas de caf\u00e9 \u00abOro de primera\u00bb\"}]},{\"@type\":\"WebSite\",\"@id\":\"https:\\\/\\\/www.eldiario.net\\\/portal\\\/#website\",\"url\":\"https:\\\/\\\/www.eldiario.net\\\/portal\\\/\",\"name\":\"El Diario - Decano de la prensa nacional\",\"description\":\"El Diario - Decano de la prensa nacional\",\"publisher\":{\"@id\":\"https:\\\/\\\/www.eldiario.net\\\/portal\\\/#organization\"},\"potentialAction\":[{\"@type\":\"SearchAction\",\"target\":{\"@type\":\"EntryPoint\",\"urlTemplate\":\"https:\\\/\\\/www.eldiario.net\\\/portal\\\/?s={search_term_string}\"},\"query-input\":{\"@type\":\"PropertyValueSpecification\",\"valueRequired\":true,\"valueName\":\"search_term_string\"}}],\"inLanguage\":\"es\"},{\"@type\":\"Organization\",\"@id\":\"https:\\\/\\\/www.eldiario.net\\\/portal\\\/#organization\",\"name\":\"El Diario - Decano de la prensa nacional\",\"url\":\"https:\\\/\\\/www.eldiario.net\\\/portal\\\/\",\"logo\":{\"@type\":\"ImageObject\",\"inLanguage\":\"es\",\"@id\":\"https:\\\/\\\/www.eldiario.net\\\/portal\\\/#\\\/schema\\\/logo\\\/image\\\/\",\"url\":\"https:\\\/\\\/www.eldiario.net\\\/portal\\\/wp-content\\\/uploads\\\/2023\\\/07\\\/logo_ED.jpg\",\"contentUrl\":\"https:\\\/\\\/www.eldiario.net\\\/portal\\\/wp-content\\\/uploads\\\/2023\\\/07\\\/logo_ED.jpg\",\"width\":272,\"height\":52,\"caption\":\"El Diario - Decano de la prensa nacional\"},\"image\":{\"@id\":\"https:\\\/\\\/www.eldiario.net\\\/portal\\\/#\\\/schema\\\/logo\\\/image\\\/\"},\"sameAs\":[\"https:\\\/\\\/www.facebook.com\\\/eldiario.bolivia\\\/\",\"https:\\\/\\\/x.com\\\/eldiario_net\"]},{\"@type\":\"Person\",\"@id\":\"https:\\\/\\\/www.eldiario.net\\\/portal\\\/#\\\/schema\\\/person\\\/f46445640444750d7d753ccd04ae01b7\",\"name\":\"Jeanette\",\"image\":{\"@type\":\"ImageObject\",\"inLanguage\":\"es\",\"@id\":\"https:\\\/\\\/secure.gravatar.com\\\/avatar\\\/3ea2118a5f7dad2b7138b1187a6b7ee55f160b9968b66013c3a3ef39dd7e5798?s=96&d=mm&r=g\",\"url\":\"https:\\\/\\\/secure.gravatar.com\\\/avatar\\\/3ea2118a5f7dad2b7138b1187a6b7ee55f160b9968b66013c3a3ef39dd7e5798?s=96&d=mm&r=g\",\"contentUrl\":\"https:\\\/\\\/secure.gravatar.com\\\/avatar\\\/3ea2118a5f7dad2b7138b1187a6b7ee55f160b9968b66013c3a3ef39dd7e5798?s=96&d=mm&r=g\",\"caption\":\"Jeanette\"},\"sameAs\":[\"https:\\\/\\\/www.eldiario.net\\\/portal\"],\"url\":\"https:\\\/\\\/www.eldiario.net\\\/portal\\\/author\\\/jeanette\\\/\"}]}<\/script>\n<!-- \/ Yoast SEO plugin. -->","yoast_head_json":{"title":"Productores exportar\u00e1n a Francia 29 toneladas de caf\u00e9 \"Oro de primera\" - El Diario - Bolivia","robots":{"index":"index","follow":"follow","max-snippet":"max-snippet:-1","max-image-preview":"max-image-preview:large","max-video-preview":"max-video-preview:-1"},"canonical":"https:\/\/www.eldiario.net\/portal\/2022\/02\/23\/productores-exportaran-a-francia-29-toneladas-de-cafe-oro-de-primera\/","og_locale":"es_ES","og_type":"article","og_title":"Productores exportar\u00e1n a Francia 29 toneladas de caf\u00e9 \"Oro de primera\" - El Diario - Bolivia","og_description":"El pa\u00eds exportar\u00e1 a Francia dos contenedores con 29 toneladas de caf\u00e9 \u00abOro de primera\u00bb. La venta de ese producto a este mercado europeo beneficiar\u00e1 a m\u00e1s de 111 familias de La Asunta y Chulumani, inform\u00f3 la Canciller\u00eda. \u201cEl Viceministerio de #ComercioExterior destaca que hoy (ayer) se consolid\u00f3 la exportaci\u00f3n a #Francia de dos contenedores [&hellip;]","og_url":"https:\/\/www.eldiario.net\/portal\/2022\/02\/23\/productores-exportaran-a-francia-29-toneladas-de-cafe-oro-de-primera\/","og_site_name":"El Diario - Bolivia","article_publisher":"https:\/\/www.facebook.com\/eldiario.bolivia\/","article_published_time":"2022-02-23T09:35:27+00:00","author":"Jeanette","twitter_card":"summary_large_image","twitter_creator":"@eldiario_net","twitter_site":"@eldiario_net","twitter_misc":{"Escrito por":"Jeanette","Tiempo de lectura":"2 minutos"},"schema":{"@context":"https:\/\/schema.org","@graph":[{"@type":"Article","@id":"https:\/\/www.eldiario.net\/portal\/2022\/02\/23\/productores-exportaran-a-francia-29-toneladas-de-cafe-oro-de-primera\/#article","isPartOf":{"@id":"https:\/\/www.eldiario.net\/portal\/2022\/02\/23\/productores-exportaran-a-francia-29-toneladas-de-cafe-oro-de-primera\/"},"author":{"name":"Jeanette","@id":"https:\/\/www.eldiario.net\/portal\/#\/schema\/person\/f46445640444750d7d753ccd04ae01b7"},"headline":"Productores exportar\u00e1n a Francia 29 toneladas de caf\u00e9 \u00abOro de primera\u00bb","datePublished":"2022-02-23T09:35:27+00:00","mainEntityOfPage":{"@id":"https:\/\/www.eldiario.net\/portal\/2022\/02\/23\/productores-exportaran-a-francia-29-toneladas-de-cafe-oro-de-primera\/"},"wordCount":305,"publisher":{"@id":"https:\/\/www.eldiario.net\/portal\/#organization"},"image":{"@id":"https:\/\/www.eldiario.net\/portal\/2022\/02\/23\/productores-exportaran-a-francia-29-toneladas-de-cafe-oro-de-primera\/#primaryimage"},"thumbnailUrl":"","articleSection":["Econom\u00eda"],"inLanguage":"es"},{"@type":"WebPage","@id":"https:\/\/www.eldiario.net\/portal\/2022\/02\/23\/productores-exportaran-a-francia-29-toneladas-de-cafe-oro-de-primera\/","url":"https:\/\/www.eldiario.net\/portal\/2022\/02\/23\/productores-exportaran-a-francia-29-toneladas-de-cafe-oro-de-primera\/","name":"Productores exportar\u00e1n a Francia 29 toneladas de caf\u00e9 \"Oro de primera\" - El Diario - Bolivia","isPartOf":{"@id":"https:\/\/www.eldiario.net\/portal\/#website"},"primaryImageOfPage":{"@id":"https:\/\/www.eldiario.net\/portal\/2022\/02\/23\/productores-exportaran-a-francia-29-toneladas-de-cafe-oro-de-primera\/#primaryimage"},"image":{"@id":"https:\/\/www.eldiario.net\/portal\/2022\/02\/23\/productores-exportaran-a-francia-29-toneladas-de-cafe-oro-de-primera\/#primaryimage"},"thumbnailUrl":"","datePublished":"2022-02-23T09:35:27+00:00","breadcrumb":{"@id":"https:\/\/www.eldiario.net\/portal\/2022\/02\/23\/productores-exportaran-a-francia-29-toneladas-de-cafe-oro-de-primera\/#breadcrumb"},"inLanguage":"es","potentialAction":[{"@type":"ReadAction","target":["https:\/\/www.eldiario.net\/portal\/2022\/02\/23\/productores-exportaran-a-francia-29-toneladas-de-cafe-oro-de-primera\/"]}]},{"@type":"ImageObject","inLanguage":"es","@id":"https:\/\/www.eldiario.net\/portal\/2022\/02\/23\/productores-exportaran-a-francia-29-toneladas-de-cafe-oro-de-primera\/#primaryimage","url":"","contentUrl":""},{"@type":"BreadcrumbList","@id":"https:\/\/www.eldiario.net\/portal\/2022\/02\/23\/productores-exportaran-a-francia-29-toneladas-de-cafe-oro-de-primera\/#breadcrumb","itemListElement":[{"@type":"ListItem","position":1,"name":"Portada","item":"https:\/\/www.eldiario.net\/portal\/"},{"@type":"ListItem","position":2,"name":"Productores exportar\u00e1n a Francia 29 toneladas de caf\u00e9 \u00abOro de primera\u00bb"}]},{"@type":"WebSite","@id":"https:\/\/www.eldiario.net\/portal\/#website","url":"https:\/\/www.eldiario.net\/portal\/","name":"El Diario - Decano de la prensa nacional","description":"El Diario - Decano de la prensa nacional","publisher":{"@id":"https:\/\/www.eldiario.net\/portal\/#organization"},"potentialAction":[{"@type":"SearchAction","target":{"@type":"EntryPoint","urlTemplate":"https:\/\/www.eldiario.net\/portal\/?s={search_term_string}"},"query-input":{"@type":"PropertyValueSpecification","valueRequired":true,"valueName":"search_term_string"}}],"inLanguage":"es"},{"@type":"Organization","@id":"https:\/\/www.eldiario.net\/portal\/#organization","name":"El Diario - Decano de la prensa nacional","url":"https:\/\/www.eldiario.net\/portal\/","logo":{"@type":"ImageObject","inLanguage":"es","@id":"https:\/\/www.eldiario.net\/portal\/#\/schema\/logo\/image\/","url":"https:\/\/www.eldiario.net\/portal\/wp-content\/uploads\/2023\/07\/logo_ED.jpg","contentUrl":"https:\/\/www.eldiario.net\/portal\/wp-content\/uploads\/2023\/07\/logo_ED.jpg","width":272,"height":52,"caption":"El Diario - Decano de la prensa nacional"},"image":{"@id":"https:\/\/www.eldiario.net\/portal\/#\/schema\/logo\/image\/"},"sameAs":["https:\/\/www.facebook.com\/eldiario.bolivia\/","https:\/\/x.com\/eldiario_net"]},{"@type":"Person","@id":"https:\/\/www.eldiario.net\/portal\/#\/schema\/person\/f46445640444750d7d753ccd04ae01b7","name":"Jeanette","image":{"@type":"ImageObject","inLanguage":"es","@id":"https:\/\/secure.gravatar.com\/avatar\/3ea2118a5f7dad2b7138b1187a6b7ee55f160b9968b66013c3a3ef39dd7e5798?s=96&d=mm&r=g","url":"https:\/\/secure.gravatar.com\/avatar\/3ea2118a5f7dad2b7138b1187a6b7ee55f160b9968b66013c3a3ef39dd7e5798?s=96&d=mm&r=g","contentUrl":"https:\/\/secure.gravatar.com\/avatar\/3ea2118a5f7dad2b7138b1187a6b7ee55f160b9968b66013c3a3ef39dd7e5798?s=96&d=mm&r=g","caption":"Jeanette"},"sameAs":["https:\/\/www.eldiario.net\/portal"],"url":"https:\/\/www.eldiario.net\/portal\/author\/jeanette\/"}]}},"_links":{"self":[{"href":"https:\/\/www.eldiario.net\/portal\/wp-json\/wp\/v2\/posts\/65173","targetHints":{"allow":["GET"]}}],"collection":[{"href":"https:\/\/www.eldiario.net\/portal\/wp-json\/wp\/v2\/posts"}],"about":[{"href":"https:\/\/www.eldiario.net\/portal\/wp-json\/wp\/v2\/types\/post"}],"author":[{"embeddable":true,"href":"https:\/\/www.eldiario.net\/portal\/wp-json\/wp\/v2\/users\/1"}],"replies":[{"embeddable":true,"href":"https:\/\/www.eldiario.net\/portal\/wp-json\/wp\/v2\/comments?post=65173"}],"version-history":[{"count":0,"href":"https:\/\/www.eldiario.net\/portal\/wp-json\/wp\/v2\/posts\/65173\/revisions"}],"wp:attachment":[{"href":"https:\/\/www.eldiario.net\/portal\/wp-json\/wp\/v2\/media?parent=65173"}],"wp:term":[{"taxonomy":"category","embeddable":true,"href":"https:\/\/www.eldiario.net\/portal\/wp-json\/wp\/v2\/categories?post=65173"},{"taxonomy":"post_tag","embeddable":true,"href":"https:\/\/www.eldiario.net\/portal\/wp-json\/wp\/v2\/tags?post=65173"}],"curies":[{"name":"wp","href":"https:\/\/api.w.org\/{rel}","templated":true}]}}