{"id":65169,"date":"2022-02-23T05:34:03","date_gmt":"2022-02-23T09:34:03","guid":{"rendered":"https:\/\/www.eldiario.net\/portal\/?p=65169"},"modified":"2022-02-23T05:34:03","modified_gmt":"2022-02-23T09:34:03","slug":"recomiendan-separacion-de-poderes-en-venezuela","status":"publish","type":"post","link":"https:\/\/www.eldiario.net\/portal\/2022\/02\/23\/recomiendan-separacion-de-poderes-en-venezuela\/","title":{"rendered":"Recomiendan separaci\u00f3n  de poderes en Venezuela"},"content":{"rendered":"<p>Caracas.- La Misi\u00f3n de Observaci\u00f3n Electoral de la Uni\u00f3n Europea en Venezuela recomend\u00f3 ayer reforzar la separaci\u00f3n de poderes en la naci\u00f3n sudamericana, en particular el judicial, mayor autonom\u00eda a su organismo electoral y as\u00ed mejorar los procesos de comicios y judiciales.<br \/>\nLa recomendaci\u00f3n es una de las 23 contenidas en el informe final de la misi\u00f3n que vino a Venezuela por primera vez en 15 a\u00f1os a unos comicios: las elecciones regionales del pasado noviembre.<br \/>\nAdem\u00e1s, la independencia judicial en Venezuela es objeto de cr\u00edtica desde hace varios a\u00f1os por parte de organismos como la OEA y grupos no gubernamentales que destacan que desde juzgados de primera instancia hasta el Tribunal Supremo de Justicia operar\u00edan en coordinaci\u00f3n con el gobierno del presidente Nicol\u00e1s Maduro, pero la pose\u00edda del MOE fue la m\u00e1s reciente y de mayor nivel y tras haber estado en el pa\u00eds.<br \/>\nLuego de los comicios de noviembre y un re\u00f1ido escrutinio en Barinas, uno de los 23 estados que eleg\u00edan gobernador, fue el Tribunal Supremo el que fij\u00f3 una nueva elecci\u00f3n y declar\u00f3 que el candidato opositor, con ventaja sobre su rival oficialista, estaba inhabilitado para la contienda porque ten\u00eda pendiente un viejo proceso administrativo, decisiones que correspond\u00edan al organismo electoral.<br \/>\nLa misi\u00f3n de la UE, que estuvo en el pa\u00eds del 14 de octubre al 5 de diciembre, destac\u00f3 que solo conoci\u00f3 del fallo del TSJ sobre Barinas, pero que no pudo observar la segunda elecci\u00f3n, el 9 de enero, porque exced\u00eda la fecha de su presencia en el pa\u00eds, seg\u00fan los t\u00e9rminos del acuerdo con el Consejo Nacional Electoral (CNE), m\u00e1ximo organismo para las elecciones en Venezuela.<br \/>\n\u201cAl ordenar la repetici\u00f3n de las elecciones en Barinas para el 9 de enero de 2022, el TSJ interfiri\u00f3 en las competencias del CNE\u201d, dijo el informe.<br \/>\nEl gobierno de Maduro se ha enfrentado durante mucho tiempo a denunciar pr\u00e1cticas antidemocr\u00e1ticas por parte de Estados Unidos y otros cr\u00edticos, aunque algunos consideran que la presencia de los observados de la Uni\u00f3n Europea le conferir\u00eda un m\u00ednimo de legitimidad al proceso de noviembre.<br \/>\n\u00abEste informe no da legitimidad ni quita legitimidades (&#8230;)solo da recomendaciones\u00bb, dijo la diputada portuguesa y jefa de la misi\u00f3n, Isabel Santos, en una conferencia de prensa online desde Bruselas.<br \/>\nEl Ministerio de Informaci\u00f3n no respondi\u00f3 de inmediato una solicitud de comentarios.<br \/>\nEl informe de 88 p\u00e1ginas fue presentado el pasado lunes de manera virtual a las autoridades del CNE y se basa en los datos recopilados por 134 observadores en los estados y Caracas, dijo.<br \/>\nSantos respondi\u00f3 que aunque su intenci\u00f3n era regresar a Venezuela para presentar el informe final, el CNE no respondi\u00f3 a sus solicitudes para fijar una fecha, por lo que decidi\u00f3 proponer la presentaci\u00f3n telem\u00e1tica.<br \/>\nEl informe tambi\u00e9n fortaleci\u00f3 las facultades sancionadoras del organismo electoral sobre el abuso de recursos del Estado en las campa\u00f1as electorales. (Reuters)<\/p>\n","protected":false},"excerpt":{"rendered":"<p>Caracas.- La Misi\u00f3n de Observaci\u00f3n Electoral de la Uni\u00f3n Europea en Venezuela recomend\u00f3 ayer reforzar la separaci\u00f3n de poderes en la naci\u00f3n sudamericana, en particular el judicial, mayor autonom\u00eda a su organismo electoral y as\u00ed mejorar los procesos de comicios y judiciales. La recomendaci\u00f3n es una de las 23 contenidas en el informe final de [&hellip;]<\/p>\n","protected":false},"author":1,"featured_media":65170,"comment_status":"closed","ping_status":"closed","sticky":false,"template":"","format":"standard","meta":{"_acf_changed":false,"footnotes":""},"categories":[3],"tags":[],"class_list":["post-65169","post","type-post","status-publish","format-standard","has-post-thumbnail","category-internacional"],"acf":{"antetitulo":""},"yoast_head":"<!-- This site is optimized with the Yoast SEO plugin v28.4 - https:\/\/yoast.com\/product\/yoast-seo-wordpress\/ -->\n<title>Recomiendan separaci\u00f3n de poderes en Venezuela - El Diario - Bolivia<\/title>\n<meta name=\"robots\" content=\"index, follow, max-snippet:-1, max-image-preview:large, max-video-preview:-1\" \/>\n<link rel=\"canonical\" href=\"https:\/\/www.eldiario.net\/portal\/2022\/02\/23\/recomiendan-separacion-de-poderes-en-venezuela\/\" \/>\n<meta property=\"og:locale\" content=\"es_ES\" \/>\n<meta property=\"og:type\" content=\"article\" \/>\n<meta property=\"og:title\" content=\"Recomiendan separaci\u00f3n de poderes en Venezuela - El Diario - Bolivia\" \/>\n<meta property=\"og:description\" content=\"Caracas.- La Misi\u00f3n de Observaci\u00f3n Electoral de la Uni\u00f3n Europea en Venezuela recomend\u00f3 ayer reforzar la separaci\u00f3n de poderes en la naci\u00f3n sudamericana, en particular el judicial, mayor autonom\u00eda a su organismo electoral y as\u00ed mejorar los procesos de comicios y judiciales. La recomendaci\u00f3n es una de las 23 contenidas en el informe final de [&hellip;]\" \/>\n<meta property=\"og:url\" content=\"https:\/\/www.eldiario.net\/portal\/2022\/02\/23\/recomiendan-separacion-de-poderes-en-venezuela\/\" \/>\n<meta property=\"og:site_name\" content=\"El Diario - Bolivia\" \/>\n<meta property=\"article:publisher\" content=\"https:\/\/www.facebook.com\/eldiario.bolivia\/\" \/>\n<meta property=\"article:published_time\" content=\"2022-02-23T09:34:03+00:00\" \/>\n<meta name=\"author\" content=\"Jeanette\" \/>\n<meta name=\"twitter:card\" content=\"summary_large_image\" \/>\n<meta name=\"twitter:creator\" content=\"@eldiario_net\" \/>\n<meta name=\"twitter:site\" content=\"@eldiario_net\" \/>\n<meta name=\"twitter:label1\" content=\"Escrito por\" \/>\n\t<meta name=\"twitter:data1\" content=\"Jeanette\" \/>\n\t<meta name=\"twitter:label2\" content=\"Tiempo de lectura\" \/>\n\t<meta name=\"twitter:data2\" content=\"3 minutos\" \/>\n<script type=\"application\/ld+json\" class=\"yoast-schema-graph\">{\"@context\":\"https:\\\/\\\/schema.org\",\"@graph\":[{\"@type\":\"Article\",\"@id\":\"https:\\\/\\\/www.eldiario.net\\\/portal\\\/2022\\\/02\\\/23\\\/recomiendan-separacion-de-poderes-en-venezuela\\\/#article\",\"isPartOf\":{\"@id\":\"https:\\\/\\\/www.eldiario.net\\\/portal\\\/2022\\\/02\\\/23\\\/recomiendan-separacion-de-poderes-en-venezuela\\\/\"},\"author\":{\"name\":\"Jeanette\",\"@id\":\"https:\\\/\\\/www.eldiario.net\\\/portal\\\/#\\\/schema\\\/person\\\/f46445640444750d7d753ccd04ae01b7\"},\"headline\":\"Recomiendan separaci\u00f3n de poderes en Venezuela\",\"datePublished\":\"2022-02-23T09:34:03+00:00\",\"mainEntityOfPage\":{\"@id\":\"https:\\\/\\\/www.eldiario.net\\\/portal\\\/2022\\\/02\\\/23\\\/recomiendan-separacion-de-poderes-en-venezuela\\\/\"},\"wordCount\":521,\"publisher\":{\"@id\":\"https:\\\/\\\/www.eldiario.net\\\/portal\\\/#organization\"},\"image\":{\"@id\":\"https:\\\/\\\/www.eldiario.net\\\/portal\\\/2022\\\/02\\\/23\\\/recomiendan-separacion-de-poderes-en-venezuela\\\/#primaryimage\"},\"thumbnailUrl\":\"\",\"articleSection\":[\"Internacional\"],\"inLanguage\":\"es\"},{\"@type\":\"WebPage\",\"@id\":\"https:\\\/\\\/www.eldiario.net\\\/portal\\\/2022\\\/02\\\/23\\\/recomiendan-separacion-de-poderes-en-venezuela\\\/\",\"url\":\"https:\\\/\\\/www.eldiario.net\\\/portal\\\/2022\\\/02\\\/23\\\/recomiendan-separacion-de-poderes-en-venezuela\\\/\",\"name\":\"Recomiendan separaci\u00f3n de poderes en Venezuela - El Diario - Bolivia\",\"isPartOf\":{\"@id\":\"https:\\\/\\\/www.eldiario.net\\\/portal\\\/#website\"},\"primaryImageOfPage\":{\"@id\":\"https:\\\/\\\/www.eldiario.net\\\/portal\\\/2022\\\/02\\\/23\\\/recomiendan-separacion-de-poderes-en-venezuela\\\/#primaryimage\"},\"image\":{\"@id\":\"https:\\\/\\\/www.eldiario.net\\\/portal\\\/2022\\\/02\\\/23\\\/recomiendan-separacion-de-poderes-en-venezuela\\\/#primaryimage\"},\"thumbnailUrl\":\"\",\"datePublished\":\"2022-02-23T09:34:03+00:00\",\"breadcrumb\":{\"@id\":\"https:\\\/\\\/www.eldiario.net\\\/portal\\\/2022\\\/02\\\/23\\\/recomiendan-separacion-de-poderes-en-venezuela\\\/#breadcrumb\"},\"inLanguage\":\"es\",\"potentialAction\":[{\"@type\":\"ReadAction\",\"target\":[\"https:\\\/\\\/www.eldiario.net\\\/portal\\\/2022\\\/02\\\/23\\\/recomiendan-separacion-de-poderes-en-venezuela\\\/\"]}]},{\"@type\":\"ImageObject\",\"inLanguage\":\"es\",\"@id\":\"https:\\\/\\\/www.eldiario.net\\\/portal\\\/2022\\\/02\\\/23\\\/recomiendan-separacion-de-poderes-en-venezuela\\\/#primaryimage\",\"url\":\"\",\"contentUrl\":\"\"},{\"@type\":\"BreadcrumbList\",\"@id\":\"https:\\\/\\\/www.eldiario.net\\\/portal\\\/2022\\\/02\\\/23\\\/recomiendan-separacion-de-poderes-en-venezuela\\\/#breadcrumb\",\"itemListElement\":[{\"@type\":\"ListItem\",\"position\":1,\"name\":\"Portada\",\"item\":\"https:\\\/\\\/www.eldiario.net\\\/portal\\\/\"},{\"@type\":\"ListItem\",\"position\":2,\"name\":\"Recomiendan separaci\u00f3n de poderes en Venezuela\"}]},{\"@type\":\"WebSite\",\"@id\":\"https:\\\/\\\/www.eldiario.net\\\/portal\\\/#website\",\"url\":\"https:\\\/\\\/www.eldiario.net\\\/portal\\\/\",\"name\":\"El Diario - Decano de la prensa nacional\",\"description\":\"El Diario - Decano de la prensa nacional\",\"publisher\":{\"@id\":\"https:\\\/\\\/www.eldiario.net\\\/portal\\\/#organization\"},\"potentialAction\":[{\"@type\":\"SearchAction\",\"target\":{\"@type\":\"EntryPoint\",\"urlTemplate\":\"https:\\\/\\\/www.eldiario.net\\\/portal\\\/?s={search_term_string}\"},\"query-input\":{\"@type\":\"PropertyValueSpecification\",\"valueRequired\":true,\"valueName\":\"search_term_string\"}}],\"inLanguage\":\"es\"},{\"@type\":\"Organization\",\"@id\":\"https:\\\/\\\/www.eldiario.net\\\/portal\\\/#organization\",\"name\":\"El Diario - Decano de la prensa nacional\",\"url\":\"https:\\\/\\\/www.eldiario.net\\\/portal\\\/\",\"logo\":{\"@type\":\"ImageObject\",\"inLanguage\":\"es\",\"@id\":\"https:\\\/\\\/www.eldiario.net\\\/portal\\\/#\\\/schema\\\/logo\\\/image\\\/\",\"url\":\"https:\\\/\\\/www.eldiario.net\\\/portal\\\/wp-content\\\/uploads\\\/2023\\\/07\\\/logo_ED.jpg\",\"contentUrl\":\"https:\\\/\\\/www.eldiario.net\\\/portal\\\/wp-content\\\/uploads\\\/2023\\\/07\\\/logo_ED.jpg\",\"width\":272,\"height\":52,\"caption\":\"El Diario - Decano de la prensa nacional\"},\"image\":{\"@id\":\"https:\\\/\\\/www.eldiario.net\\\/portal\\\/#\\\/schema\\\/logo\\\/image\\\/\"},\"sameAs\":[\"https:\\\/\\\/www.facebook.com\\\/eldiario.bolivia\\\/\",\"https:\\\/\\\/x.com\\\/eldiario_net\"]},{\"@type\":\"Person\",\"@id\":\"https:\\\/\\\/www.eldiario.net\\\/portal\\\/#\\\/schema\\\/person\\\/f46445640444750d7d753ccd04ae01b7\",\"name\":\"Jeanette\",\"image\":{\"@type\":\"ImageObject\",\"inLanguage\":\"es\",\"@id\":\"https:\\\/\\\/secure.gravatar.com\\\/avatar\\\/3ea2118a5f7dad2b7138b1187a6b7ee55f160b9968b66013c3a3ef39dd7e5798?s=96&d=mm&r=g\",\"url\":\"https:\\\/\\\/secure.gravatar.com\\\/avatar\\\/3ea2118a5f7dad2b7138b1187a6b7ee55f160b9968b66013c3a3ef39dd7e5798?s=96&d=mm&r=g\",\"contentUrl\":\"https:\\\/\\\/secure.gravatar.com\\\/avatar\\\/3ea2118a5f7dad2b7138b1187a6b7ee55f160b9968b66013c3a3ef39dd7e5798?s=96&d=mm&r=g\",\"caption\":\"Jeanette\"},\"sameAs\":[\"https:\\\/\\\/www.eldiario.net\\\/portal\"],\"url\":\"https:\\\/\\\/www.eldiario.net\\\/portal\\\/author\\\/jeanette\\\/\"}]}<\/script>\n<!-- \/ Yoast SEO plugin. -->","yoast_head_json":{"title":"Recomiendan separaci\u00f3n de poderes en Venezuela - El Diario - Bolivia","robots":{"index":"index","follow":"follow","max-snippet":"max-snippet:-1","max-image-preview":"max-image-preview:large","max-video-preview":"max-video-preview:-1"},"canonical":"https:\/\/www.eldiario.net\/portal\/2022\/02\/23\/recomiendan-separacion-de-poderes-en-venezuela\/","og_locale":"es_ES","og_type":"article","og_title":"Recomiendan separaci\u00f3n de poderes en Venezuela - El Diario - Bolivia","og_description":"Caracas.- La Misi\u00f3n de Observaci\u00f3n Electoral de la Uni\u00f3n Europea en Venezuela recomend\u00f3 ayer reforzar la separaci\u00f3n de poderes en la naci\u00f3n sudamericana, en particular el judicial, mayor autonom\u00eda a su organismo electoral y as\u00ed mejorar los procesos de comicios y judiciales. La recomendaci\u00f3n es una de las 23 contenidas en el informe final de [&hellip;]","og_url":"https:\/\/www.eldiario.net\/portal\/2022\/02\/23\/recomiendan-separacion-de-poderes-en-venezuela\/","og_site_name":"El Diario - Bolivia","article_publisher":"https:\/\/www.facebook.com\/eldiario.bolivia\/","article_published_time":"2022-02-23T09:34:03+00:00","author":"Jeanette","twitter_card":"summary_large_image","twitter_creator":"@eldiario_net","twitter_site":"@eldiario_net","twitter_misc":{"Escrito por":"Jeanette","Tiempo de lectura":"3 minutos"},"schema":{"@context":"https:\/\/schema.org","@graph":[{"@type":"Article","@id":"https:\/\/www.eldiario.net\/portal\/2022\/02\/23\/recomiendan-separacion-de-poderes-en-venezuela\/#article","isPartOf":{"@id":"https:\/\/www.eldiario.net\/portal\/2022\/02\/23\/recomiendan-separacion-de-poderes-en-venezuela\/"},"author":{"name":"Jeanette","@id":"https:\/\/www.eldiario.net\/portal\/#\/schema\/person\/f46445640444750d7d753ccd04ae01b7"},"headline":"Recomiendan separaci\u00f3n de poderes en Venezuela","datePublished":"2022-02-23T09:34:03+00:00","mainEntityOfPage":{"@id":"https:\/\/www.eldiario.net\/portal\/2022\/02\/23\/recomiendan-separacion-de-poderes-en-venezuela\/"},"wordCount":521,"publisher":{"@id":"https:\/\/www.eldiario.net\/portal\/#organization"},"image":{"@id":"https:\/\/www.eldiario.net\/portal\/2022\/02\/23\/recomiendan-separacion-de-poderes-en-venezuela\/#primaryimage"},"thumbnailUrl":"","articleSection":["Internacional"],"inLanguage":"es"},{"@type":"WebPage","@id":"https:\/\/www.eldiario.net\/portal\/2022\/02\/23\/recomiendan-separacion-de-poderes-en-venezuela\/","url":"https:\/\/www.eldiario.net\/portal\/2022\/02\/23\/recomiendan-separacion-de-poderes-en-venezuela\/","name":"Recomiendan separaci\u00f3n de poderes en Venezuela - El Diario - Bolivia","isPartOf":{"@id":"https:\/\/www.eldiario.net\/portal\/#website"},"primaryImageOfPage":{"@id":"https:\/\/www.eldiario.net\/portal\/2022\/02\/23\/recomiendan-separacion-de-poderes-en-venezuela\/#primaryimage"},"image":{"@id":"https:\/\/www.eldiario.net\/portal\/2022\/02\/23\/recomiendan-separacion-de-poderes-en-venezuela\/#primaryimage"},"thumbnailUrl":"","datePublished":"2022-02-23T09:34:03+00:00","breadcrumb":{"@id":"https:\/\/www.eldiario.net\/portal\/2022\/02\/23\/recomiendan-separacion-de-poderes-en-venezuela\/#breadcrumb"},"inLanguage":"es","potentialAction":[{"@type":"ReadAction","target":["https:\/\/www.eldiario.net\/portal\/2022\/02\/23\/recomiendan-separacion-de-poderes-en-venezuela\/"]}]},{"@type":"ImageObject","inLanguage":"es","@id":"https:\/\/www.eldiario.net\/portal\/2022\/02\/23\/recomiendan-separacion-de-poderes-en-venezuela\/#primaryimage","url":"","contentUrl":""},{"@type":"BreadcrumbList","@id":"https:\/\/www.eldiario.net\/portal\/2022\/02\/23\/recomiendan-separacion-de-poderes-en-venezuela\/#breadcrumb","itemListElement":[{"@type":"ListItem","position":1,"name":"Portada","item":"https:\/\/www.eldiario.net\/portal\/"},{"@type":"ListItem","position":2,"name":"Recomiendan separaci\u00f3n de poderes en Venezuela"}]},{"@type":"WebSite","@id":"https:\/\/www.eldiario.net\/portal\/#website","url":"https:\/\/www.eldiario.net\/portal\/","name":"El Diario - Decano de la prensa nacional","description":"El Diario - Decano de la prensa nacional","publisher":{"@id":"https:\/\/www.eldiario.net\/portal\/#organization"},"potentialAction":[{"@type":"SearchAction","target":{"@type":"EntryPoint","urlTemplate":"https:\/\/www.eldiario.net\/portal\/?s={search_term_string}"},"query-input":{"@type":"PropertyValueSpecification","valueRequired":true,"valueName":"search_term_string"}}],"inLanguage":"es"},{"@type":"Organization","@id":"https:\/\/www.eldiario.net\/portal\/#organization","name":"El Diario - Decano de la prensa nacional","url":"https:\/\/www.eldiario.net\/portal\/","logo":{"@type":"ImageObject","inLanguage":"es","@id":"https:\/\/www.eldiario.net\/portal\/#\/schema\/logo\/image\/","url":"https:\/\/www.eldiario.net\/portal\/wp-content\/uploads\/2023\/07\/logo_ED.jpg","contentUrl":"https:\/\/www.eldiario.net\/portal\/wp-content\/uploads\/2023\/07\/logo_ED.jpg","width":272,"height":52,"caption":"El Diario - Decano de la prensa nacional"},"image":{"@id":"https:\/\/www.eldiario.net\/portal\/#\/schema\/logo\/image\/"},"sameAs":["https:\/\/www.facebook.com\/eldiario.bolivia\/","https:\/\/x.com\/eldiario_net"]},{"@type":"Person","@id":"https:\/\/www.eldiario.net\/portal\/#\/schema\/person\/f46445640444750d7d753ccd04ae01b7","name":"Jeanette","image":{"@type":"ImageObject","inLanguage":"es","@id":"https:\/\/secure.gravatar.com\/avatar\/3ea2118a5f7dad2b7138b1187a6b7ee55f160b9968b66013c3a3ef39dd7e5798?s=96&d=mm&r=g","url":"https:\/\/secure.gravatar.com\/avatar\/3ea2118a5f7dad2b7138b1187a6b7ee55f160b9968b66013c3a3ef39dd7e5798?s=96&d=mm&r=g","contentUrl":"https:\/\/secure.gravatar.com\/avatar\/3ea2118a5f7dad2b7138b1187a6b7ee55f160b9968b66013c3a3ef39dd7e5798?s=96&d=mm&r=g","caption":"Jeanette"},"sameAs":["https:\/\/www.eldiario.net\/portal"],"url":"https:\/\/www.eldiario.net\/portal\/author\/jeanette\/"}]}},"_links":{"self":[{"href":"https:\/\/www.eldiario.net\/portal\/wp-json\/wp\/v2\/posts\/65169","targetHints":{"allow":["GET"]}}],"collection":[{"href":"https:\/\/www.eldiario.net\/portal\/wp-json\/wp\/v2\/posts"}],"about":[{"href":"https:\/\/www.eldiario.net\/portal\/wp-json\/wp\/v2\/types\/post"}],"author":[{"embeddable":true,"href":"https:\/\/www.eldiario.net\/portal\/wp-json\/wp\/v2\/users\/1"}],"replies":[{"embeddable":true,"href":"https:\/\/www.eldiario.net\/portal\/wp-json\/wp\/v2\/comments?post=65169"}],"version-history":[{"count":0,"href":"https:\/\/www.eldiario.net\/portal\/wp-json\/wp\/v2\/posts\/65169\/revisions"}],"wp:attachment":[{"href":"https:\/\/www.eldiario.net\/portal\/wp-json\/wp\/v2\/media?parent=65169"}],"wp:term":[{"taxonomy":"category","embeddable":true,"href":"https:\/\/www.eldiario.net\/portal\/wp-json\/wp\/v2\/categories?post=65169"},{"taxonomy":"post_tag","embeddable":true,"href":"https:\/\/www.eldiario.net\/portal\/wp-json\/wp\/v2\/tags?post=65169"}],"curies":[{"name":"wp","href":"https:\/\/api.w.org\/{rel}","templated":true}]}}