{"id":65166,"date":"2022-02-23T05:33:03","date_gmt":"2022-02-23T09:33:03","guid":{"rendered":"https:\/\/www.eldiario.net\/portal\/?p=65166"},"modified":"2022-02-23T05:33:03","modified_gmt":"2022-02-23T09:33:03","slug":"80-000-hectareas-son-arrasadas-y-muere-un-boliviano-por-incendios","status":"publish","type":"post","link":"https:\/\/www.eldiario.net\/portal\/2022\/02\/23\/80-000-hectareas-son-arrasadas-y-muere-un-boliviano-por-incendios\/","title":{"rendered":"80.000 hect\u00e1reas son arrasadas y  muere un boliviano por incendios"},"content":{"rendered":"<p>Antofagasta.- Adri\u00e1n Romero, de 78 a\u00f1os y de nacionalidad boliviana, muri\u00f3 por el incendio ocurrido en la regi\u00f3n de Mejillones en Antofagasta. El fuego consumi\u00f3 80.000 hect\u00e1reas.<br \/>\nAutoridades de Chile informaron que al menos 52 connacionales resultaron damnificados.<br \/>\n\u201cSe tratar\u00eda de 52 personas damnificadas y un fallecido, el Sr. Adri\u00e1n Moreno de 78 a\u00f1os, todos de nacionalidad boliviana. El representante de los residentes bolivianos en Mejillones nos colabor\u00f3 con algunos datos. La informaci\u00f3n es preliminar y se ir\u00e1 actualizando\u201d, sostuvo el c\u00f3nsul en Antofagasta, Efra\u00edn Balderas.<br \/>\nEl incendio ocurri\u00f3 en un campamento ubicado en el sector de la Villa Internacional hacia el norte de Mejillones, seg\u00fan reportaron desde la unidad de bomberos al Consulado, quienes adem\u00e1s informaron que se trabaj\u00f3 durante dos horas para apagar el fuego con apoyo de carabineros y personal municipal de emergencia.<br \/>\nSeg\u00fan la red Bio Bio, la Corporaci\u00f3n Nacional Forestal (Conaf) inform\u00f3 que los incendios forestales en Chile han consumido cerca de 80 mil hect\u00e1reas en lo que va del a\u00f1o, triplicando a la temporada anterior.<br \/>\nSon 111 los siniestros activos en el pa\u00eds y cinco de ellos se mantienen en Alerta Roja, siendo la situaci\u00f3n m\u00e1s preocupante la que atraviesa La Araucan\u00eda.<br \/>\nPese a que el n\u00famero de incendios ha aumentado solo un 3 % respecto a la temporada pasada, la propagaci\u00f3n de las llamas ha generado un gran n\u00famero de hect\u00e1reas afectadas: de 28 mil pasaron a 80 mil.<br \/>\nEsta situaci\u00f3n deriv\u00f3 en la utilizaci\u00f3n del Sistema Nacional de Operaciones, que permite solicitar apoyo interregional.<br \/>\nEl director Ejecutivo de Conaf, Rodrigo Munita, afirm\u00f3 que el n\u00famero de focos activos est\u00e1 dentro de los par\u00e1metros. Sin embargo, se mostr\u00f3 preocupado por la r\u00e1pida propagaci\u00f3n del fuego.<br \/>\nAdem\u00e1s, el presidente regional de Bomberos en La Araucan\u00eda, Luis Carmach, explic\u00f3 que esta temporada parti\u00f3 de forma anticipada en septiembre y que las complicaciones de la pandemia han influido en la disminuci\u00f3n de voluntarios.<br \/>\nCarmarch lament\u00f3 que la mayor parte de los siniestros se est\u00e9n produciendo de forma intencional, porque complejiza su combate.<br \/>\nLas condiciones de temperatura, vientos y humedad son factores relevantes y, pese a que debieran comenzar a disminuir en los pr\u00f3ximos d\u00edas, la zona central a\u00fan espera alzas.<br \/>\nAs\u00ed lo explic\u00f3 Edita Amador, meteor\u00f3loga del Centro Nacional de An\u00e1lisis de la DMC, quien afirm\u00f3 que durante esta temporada el viento ha sido determinante. (Agencias)<\/p>\n","protected":false},"excerpt":{"rendered":"<p>Antofagasta.- Adri\u00e1n Romero, de 78 a\u00f1os y de nacionalidad boliviana, muri\u00f3 por el incendio ocurrido en la regi\u00f3n de Mejillones en Antofagasta. El fuego consumi\u00f3 80.000 hect\u00e1reas. Autoridades de Chile informaron que al menos 52 connacionales resultaron damnificados. \u201cSe tratar\u00eda de 52 personas damnificadas y un fallecido, el Sr. Adri\u00e1n Moreno de 78 a\u00f1os, todos [&hellip;]<\/p>\n","protected":false},"author":1,"featured_media":65167,"comment_status":"closed","ping_status":"closed","sticky":false,"template":"","format":"standard","meta":{"_acf_changed":false,"footnotes":""},"categories":[3],"tags":[],"class_list":["post-65166","post","type-post","status-publish","format-standard","has-post-thumbnail","category-internacional"],"acf":{"antetitulo":""},"yoast_head":"<!-- This site is optimized with the Yoast SEO plugin v28.4 - https:\/\/yoast.com\/product\/yoast-seo-wordpress\/ -->\n<title>80.000 hect\u00e1reas son arrasadas y muere un boliviano por incendios - El Diario - Bolivia<\/title>\n<meta name=\"robots\" content=\"index, follow, max-snippet:-1, max-image-preview:large, max-video-preview:-1\" \/>\n<link rel=\"canonical\" href=\"https:\/\/www.eldiario.net\/portal\/2022\/02\/23\/80-000-hectareas-son-arrasadas-y-muere-un-boliviano-por-incendios\/\" \/>\n<meta property=\"og:locale\" content=\"es_ES\" \/>\n<meta property=\"og:type\" content=\"article\" \/>\n<meta property=\"og:title\" content=\"80.000 hect\u00e1reas son arrasadas y muere un boliviano por incendios - El Diario - Bolivia\" \/>\n<meta property=\"og:description\" content=\"Antofagasta.- Adri\u00e1n Romero, de 78 a\u00f1os y de nacionalidad boliviana, muri\u00f3 por el incendio ocurrido en la regi\u00f3n de Mejillones en Antofagasta. El fuego consumi\u00f3 80.000 hect\u00e1reas. Autoridades de Chile informaron que al menos 52 connacionales resultaron damnificados. \u201cSe tratar\u00eda de 52 personas damnificadas y un fallecido, el Sr. Adri\u00e1n Moreno de 78 a\u00f1os, todos [&hellip;]\" \/>\n<meta property=\"og:url\" content=\"https:\/\/www.eldiario.net\/portal\/2022\/02\/23\/80-000-hectareas-son-arrasadas-y-muere-un-boliviano-por-incendios\/\" \/>\n<meta property=\"og:site_name\" content=\"El Diario - Bolivia\" \/>\n<meta property=\"article:publisher\" content=\"https:\/\/www.facebook.com\/eldiario.bolivia\/\" \/>\n<meta property=\"article:published_time\" content=\"2022-02-23T09:33:03+00:00\" \/>\n<meta property=\"og:image\" content=\"https:\/\/www.eldiario.net\/portal\/wp-content\/uploads\/2022\/02\/Chile.jpg\" \/>\n\t<meta property=\"og:image:width\" content=\"900\" \/>\n\t<meta property=\"og:image:height\" content=\"600\" \/>\n\t<meta property=\"og:image:type\" content=\"image\/jpeg\" \/>\n<meta name=\"author\" content=\"Jeanette\" \/>\n<meta name=\"twitter:card\" content=\"summary_large_image\" \/>\n<meta name=\"twitter:creator\" content=\"@eldiario_net\" \/>\n<meta name=\"twitter:site\" content=\"@eldiario_net\" \/>\n<meta name=\"twitter:label1\" content=\"Escrito por\" \/>\n\t<meta name=\"twitter:data1\" content=\"Jeanette\" \/>\n\t<meta name=\"twitter:label2\" content=\"Tiempo de lectura\" \/>\n\t<meta name=\"twitter:data2\" content=\"2 minutos\" \/>\n<script type=\"application\/ld+json\" class=\"yoast-schema-graph\">{\"@context\":\"https:\\\/\\\/schema.org\",\"@graph\":[{\"@type\":\"Article\",\"@id\":\"https:\\\/\\\/www.eldiario.net\\\/portal\\\/2022\\\/02\\\/23\\\/80-000-hectareas-son-arrasadas-y-muere-un-boliviano-por-incendios\\\/#article\",\"isPartOf\":{\"@id\":\"https:\\\/\\\/www.eldiario.net\\\/portal\\\/2022\\\/02\\\/23\\\/80-000-hectareas-son-arrasadas-y-muere-un-boliviano-por-incendios\\\/\"},\"author\":{\"name\":\"Jeanette\",\"@id\":\"https:\\\/\\\/www.eldiario.net\\\/portal\\\/#\\\/schema\\\/person\\\/f46445640444750d7d753ccd04ae01b7\"},\"headline\":\"80.000 hect\u00e1reas son arrasadas y muere un boliviano por incendios\",\"datePublished\":\"2022-02-23T09:33:03+00:00\",\"mainEntityOfPage\":{\"@id\":\"https:\\\/\\\/www.eldiario.net\\\/portal\\\/2022\\\/02\\\/23\\\/80-000-hectareas-son-arrasadas-y-muere-un-boliviano-por-incendios\\\/\"},\"wordCount\":429,\"publisher\":{\"@id\":\"https:\\\/\\\/www.eldiario.net\\\/portal\\\/#organization\"},\"image\":{\"@id\":\"https:\\\/\\\/www.eldiario.net\\\/portal\\\/2022\\\/02\\\/23\\\/80-000-hectareas-son-arrasadas-y-muere-un-boliviano-por-incendios\\\/#primaryimage\"},\"thumbnailUrl\":\"https:\\\/\\\/www.eldiario.net\\\/portal\\\/wp-content\\\/uploads\\\/2022\\\/02\\\/Chile.jpg\",\"articleSection\":[\"Internacional\"],\"inLanguage\":\"es\"},{\"@type\":\"WebPage\",\"@id\":\"https:\\\/\\\/www.eldiario.net\\\/portal\\\/2022\\\/02\\\/23\\\/80-000-hectareas-son-arrasadas-y-muere-un-boliviano-por-incendios\\\/\",\"url\":\"https:\\\/\\\/www.eldiario.net\\\/portal\\\/2022\\\/02\\\/23\\\/80-000-hectareas-son-arrasadas-y-muere-un-boliviano-por-incendios\\\/\",\"name\":\"80.000 hect\u00e1reas son arrasadas y muere un boliviano por incendios - El Diario - Bolivia\",\"isPartOf\":{\"@id\":\"https:\\\/\\\/www.eldiario.net\\\/portal\\\/#website\"},\"primaryImageOfPage\":{\"@id\":\"https:\\\/\\\/www.eldiario.net\\\/portal\\\/2022\\\/02\\\/23\\\/80-000-hectareas-son-arrasadas-y-muere-un-boliviano-por-incendios\\\/#primaryimage\"},\"image\":{\"@id\":\"https:\\\/\\\/www.eldiario.net\\\/portal\\\/2022\\\/02\\\/23\\\/80-000-hectareas-son-arrasadas-y-muere-un-boliviano-por-incendios\\\/#primaryimage\"},\"thumbnailUrl\":\"https:\\\/\\\/www.eldiario.net\\\/portal\\\/wp-content\\\/uploads\\\/2022\\\/02\\\/Chile.jpg\",\"datePublished\":\"2022-02-23T09:33:03+00:00\",\"breadcrumb\":{\"@id\":\"https:\\\/\\\/www.eldiario.net\\\/portal\\\/2022\\\/02\\\/23\\\/80-000-hectareas-son-arrasadas-y-muere-un-boliviano-por-incendios\\\/#breadcrumb\"},\"inLanguage\":\"es\",\"potentialAction\":[{\"@type\":\"ReadAction\",\"target\":[\"https:\\\/\\\/www.eldiario.net\\\/portal\\\/2022\\\/02\\\/23\\\/80-000-hectareas-son-arrasadas-y-muere-un-boliviano-por-incendios\\\/\"]}]},{\"@type\":\"ImageObject\",\"inLanguage\":\"es\",\"@id\":\"https:\\\/\\\/www.eldiario.net\\\/portal\\\/2022\\\/02\\\/23\\\/80-000-hectareas-son-arrasadas-y-muere-un-boliviano-por-incendios\\\/#primaryimage\",\"url\":\"https:\\\/\\\/www.eldiario.net\\\/portal\\\/wp-content\\\/uploads\\\/2022\\\/02\\\/Chile.jpg\",\"contentUrl\":\"https:\\\/\\\/www.eldiario.net\\\/portal\\\/wp-content\\\/uploads\\\/2022\\\/02\\\/Chile.jpg\",\"width\":900,\"height\":600,\"caption\":\"FOTO MUESTRA A UN FUNCIONARIO DE BOMBEROS SOFOCANDO EL FUEGO EN ANTOFAGASTA (CHILE).\"},{\"@type\":\"BreadcrumbList\",\"@id\":\"https:\\\/\\\/www.eldiario.net\\\/portal\\\/2022\\\/02\\\/23\\\/80-000-hectareas-son-arrasadas-y-muere-un-boliviano-por-incendios\\\/#breadcrumb\",\"itemListElement\":[{\"@type\":\"ListItem\",\"position\":1,\"name\":\"Portada\",\"item\":\"https:\\\/\\\/www.eldiario.net\\\/portal\\\/\"},{\"@type\":\"ListItem\",\"position\":2,\"name\":\"80.000 hect\u00e1reas son arrasadas y muere un boliviano por incendios\"}]},{\"@type\":\"WebSite\",\"@id\":\"https:\\\/\\\/www.eldiario.net\\\/portal\\\/#website\",\"url\":\"https:\\\/\\\/www.eldiario.net\\\/portal\\\/\",\"name\":\"El Diario - Decano de la prensa nacional\",\"description\":\"El Diario - Decano de la prensa nacional\",\"publisher\":{\"@id\":\"https:\\\/\\\/www.eldiario.net\\\/portal\\\/#organization\"},\"potentialAction\":[{\"@type\":\"SearchAction\",\"target\":{\"@type\":\"EntryPoint\",\"urlTemplate\":\"https:\\\/\\\/www.eldiario.net\\\/portal\\\/?s={search_term_string}\"},\"query-input\":{\"@type\":\"PropertyValueSpecification\",\"valueRequired\":true,\"valueName\":\"search_term_string\"}}],\"inLanguage\":\"es\"},{\"@type\":\"Organization\",\"@id\":\"https:\\\/\\\/www.eldiario.net\\\/portal\\\/#organization\",\"name\":\"El Diario - Decano de la prensa nacional\",\"url\":\"https:\\\/\\\/www.eldiario.net\\\/portal\\\/\",\"logo\":{\"@type\":\"ImageObject\",\"inLanguage\":\"es\",\"@id\":\"https:\\\/\\\/www.eldiario.net\\\/portal\\\/#\\\/schema\\\/logo\\\/image\\\/\",\"url\":\"https:\\\/\\\/www.eldiario.net\\\/portal\\\/wp-content\\\/uploads\\\/2023\\\/07\\\/logo_ED.jpg\",\"contentUrl\":\"https:\\\/\\\/www.eldiario.net\\\/portal\\\/wp-content\\\/uploads\\\/2023\\\/07\\\/logo_ED.jpg\",\"width\":272,\"height\":52,\"caption\":\"El Diario - Decano de la prensa nacional\"},\"image\":{\"@id\":\"https:\\\/\\\/www.eldiario.net\\\/portal\\\/#\\\/schema\\\/logo\\\/image\\\/\"},\"sameAs\":[\"https:\\\/\\\/www.facebook.com\\\/eldiario.bolivia\\\/\",\"https:\\\/\\\/x.com\\\/eldiario_net\"]},{\"@type\":\"Person\",\"@id\":\"https:\\\/\\\/www.eldiario.net\\\/portal\\\/#\\\/schema\\\/person\\\/f46445640444750d7d753ccd04ae01b7\",\"name\":\"Jeanette\",\"image\":{\"@type\":\"ImageObject\",\"inLanguage\":\"es\",\"@id\":\"https:\\\/\\\/secure.gravatar.com\\\/avatar\\\/3ea2118a5f7dad2b7138b1187a6b7ee55f160b9968b66013c3a3ef39dd7e5798?s=96&d=mm&r=g\",\"url\":\"https:\\\/\\\/secure.gravatar.com\\\/avatar\\\/3ea2118a5f7dad2b7138b1187a6b7ee55f160b9968b66013c3a3ef39dd7e5798?s=96&d=mm&r=g\",\"contentUrl\":\"https:\\\/\\\/secure.gravatar.com\\\/avatar\\\/3ea2118a5f7dad2b7138b1187a6b7ee55f160b9968b66013c3a3ef39dd7e5798?s=96&d=mm&r=g\",\"caption\":\"Jeanette\"},\"sameAs\":[\"https:\\\/\\\/www.eldiario.net\\\/portal\"],\"url\":\"https:\\\/\\\/www.eldiario.net\\\/portal\\\/author\\\/jeanette\\\/\"}]}<\/script>\n<!-- \/ Yoast SEO plugin. -->","yoast_head_json":{"title":"80.000 hect\u00e1reas son arrasadas y muere un boliviano por incendios - El Diario - Bolivia","robots":{"index":"index","follow":"follow","max-snippet":"max-snippet:-1","max-image-preview":"max-image-preview:large","max-video-preview":"max-video-preview:-1"},"canonical":"https:\/\/www.eldiario.net\/portal\/2022\/02\/23\/80-000-hectareas-son-arrasadas-y-muere-un-boliviano-por-incendios\/","og_locale":"es_ES","og_type":"article","og_title":"80.000 hect\u00e1reas son arrasadas y muere un boliviano por incendios - El Diario - Bolivia","og_description":"Antofagasta.- Adri\u00e1n Romero, de 78 a\u00f1os y de nacionalidad boliviana, muri\u00f3 por el incendio ocurrido en la regi\u00f3n de Mejillones en Antofagasta. El fuego consumi\u00f3 80.000 hect\u00e1reas. Autoridades de Chile informaron que al menos 52 connacionales resultaron damnificados. \u201cSe tratar\u00eda de 52 personas damnificadas y un fallecido, el Sr. Adri\u00e1n Moreno de 78 a\u00f1os, todos [&hellip;]","og_url":"https:\/\/www.eldiario.net\/portal\/2022\/02\/23\/80-000-hectareas-son-arrasadas-y-muere-un-boliviano-por-incendios\/","og_site_name":"El Diario - Bolivia","article_publisher":"https:\/\/www.facebook.com\/eldiario.bolivia\/","article_published_time":"2022-02-23T09:33:03+00:00","og_image":[{"width":900,"height":600,"url":"https:\/\/www.eldiario.net\/portal\/wp-content\/uploads\/2022\/02\/Chile.jpg","type":"image\/jpeg"}],"author":"Jeanette","twitter_card":"summary_large_image","twitter_creator":"@eldiario_net","twitter_site":"@eldiario_net","twitter_misc":{"Escrito por":"Jeanette","Tiempo de lectura":"2 minutos"},"schema":{"@context":"https:\/\/schema.org","@graph":[{"@type":"Article","@id":"https:\/\/www.eldiario.net\/portal\/2022\/02\/23\/80-000-hectareas-son-arrasadas-y-muere-un-boliviano-por-incendios\/#article","isPartOf":{"@id":"https:\/\/www.eldiario.net\/portal\/2022\/02\/23\/80-000-hectareas-son-arrasadas-y-muere-un-boliviano-por-incendios\/"},"author":{"name":"Jeanette","@id":"https:\/\/www.eldiario.net\/portal\/#\/schema\/person\/f46445640444750d7d753ccd04ae01b7"},"headline":"80.000 hect\u00e1reas son arrasadas y muere un boliviano por incendios","datePublished":"2022-02-23T09:33:03+00:00","mainEntityOfPage":{"@id":"https:\/\/www.eldiario.net\/portal\/2022\/02\/23\/80-000-hectareas-son-arrasadas-y-muere-un-boliviano-por-incendios\/"},"wordCount":429,"publisher":{"@id":"https:\/\/www.eldiario.net\/portal\/#organization"},"image":{"@id":"https:\/\/www.eldiario.net\/portal\/2022\/02\/23\/80-000-hectareas-son-arrasadas-y-muere-un-boliviano-por-incendios\/#primaryimage"},"thumbnailUrl":"https:\/\/www.eldiario.net\/portal\/wp-content\/uploads\/2022\/02\/Chile.jpg","articleSection":["Internacional"],"inLanguage":"es"},{"@type":"WebPage","@id":"https:\/\/www.eldiario.net\/portal\/2022\/02\/23\/80-000-hectareas-son-arrasadas-y-muere-un-boliviano-por-incendios\/","url":"https:\/\/www.eldiario.net\/portal\/2022\/02\/23\/80-000-hectareas-son-arrasadas-y-muere-un-boliviano-por-incendios\/","name":"80.000 hect\u00e1reas son arrasadas y muere un boliviano por incendios - El Diario - Bolivia","isPartOf":{"@id":"https:\/\/www.eldiario.net\/portal\/#website"},"primaryImageOfPage":{"@id":"https:\/\/www.eldiario.net\/portal\/2022\/02\/23\/80-000-hectareas-son-arrasadas-y-muere-un-boliviano-por-incendios\/#primaryimage"},"image":{"@id":"https:\/\/www.eldiario.net\/portal\/2022\/02\/23\/80-000-hectareas-son-arrasadas-y-muere-un-boliviano-por-incendios\/#primaryimage"},"thumbnailUrl":"https:\/\/www.eldiario.net\/portal\/wp-content\/uploads\/2022\/02\/Chile.jpg","datePublished":"2022-02-23T09:33:03+00:00","breadcrumb":{"@id":"https:\/\/www.eldiario.net\/portal\/2022\/02\/23\/80-000-hectareas-son-arrasadas-y-muere-un-boliviano-por-incendios\/#breadcrumb"},"inLanguage":"es","potentialAction":[{"@type":"ReadAction","target":["https:\/\/www.eldiario.net\/portal\/2022\/02\/23\/80-000-hectareas-son-arrasadas-y-muere-un-boliviano-por-incendios\/"]}]},{"@type":"ImageObject","inLanguage":"es","@id":"https:\/\/www.eldiario.net\/portal\/2022\/02\/23\/80-000-hectareas-son-arrasadas-y-muere-un-boliviano-por-incendios\/#primaryimage","url":"https:\/\/www.eldiario.net\/portal\/wp-content\/uploads\/2022\/02\/Chile.jpg","contentUrl":"https:\/\/www.eldiario.net\/portal\/wp-content\/uploads\/2022\/02\/Chile.jpg","width":900,"height":600,"caption":"FOTO MUESTRA A UN FUNCIONARIO DE BOMBEROS SOFOCANDO EL FUEGO EN ANTOFAGASTA (CHILE)."},{"@type":"BreadcrumbList","@id":"https:\/\/www.eldiario.net\/portal\/2022\/02\/23\/80-000-hectareas-son-arrasadas-y-muere-un-boliviano-por-incendios\/#breadcrumb","itemListElement":[{"@type":"ListItem","position":1,"name":"Portada","item":"https:\/\/www.eldiario.net\/portal\/"},{"@type":"ListItem","position":2,"name":"80.000 hect\u00e1reas son arrasadas y muere un boliviano por incendios"}]},{"@type":"WebSite","@id":"https:\/\/www.eldiario.net\/portal\/#website","url":"https:\/\/www.eldiario.net\/portal\/","name":"El Diario - Decano de la prensa nacional","description":"El Diario - Decano de la prensa nacional","publisher":{"@id":"https:\/\/www.eldiario.net\/portal\/#organization"},"potentialAction":[{"@type":"SearchAction","target":{"@type":"EntryPoint","urlTemplate":"https:\/\/www.eldiario.net\/portal\/?s={search_term_string}"},"query-input":{"@type":"PropertyValueSpecification","valueRequired":true,"valueName":"search_term_string"}}],"inLanguage":"es"},{"@type":"Organization","@id":"https:\/\/www.eldiario.net\/portal\/#organization","name":"El Diario - Decano de la prensa nacional","url":"https:\/\/www.eldiario.net\/portal\/","logo":{"@type":"ImageObject","inLanguage":"es","@id":"https:\/\/www.eldiario.net\/portal\/#\/schema\/logo\/image\/","url":"https:\/\/www.eldiario.net\/portal\/wp-content\/uploads\/2023\/07\/logo_ED.jpg","contentUrl":"https:\/\/www.eldiario.net\/portal\/wp-content\/uploads\/2023\/07\/logo_ED.jpg","width":272,"height":52,"caption":"El Diario - Decano de la prensa nacional"},"image":{"@id":"https:\/\/www.eldiario.net\/portal\/#\/schema\/logo\/image\/"},"sameAs":["https:\/\/www.facebook.com\/eldiario.bolivia\/","https:\/\/x.com\/eldiario_net"]},{"@type":"Person","@id":"https:\/\/www.eldiario.net\/portal\/#\/schema\/person\/f46445640444750d7d753ccd04ae01b7","name":"Jeanette","image":{"@type":"ImageObject","inLanguage":"es","@id":"https:\/\/secure.gravatar.com\/avatar\/3ea2118a5f7dad2b7138b1187a6b7ee55f160b9968b66013c3a3ef39dd7e5798?s=96&d=mm&r=g","url":"https:\/\/secure.gravatar.com\/avatar\/3ea2118a5f7dad2b7138b1187a6b7ee55f160b9968b66013c3a3ef39dd7e5798?s=96&d=mm&r=g","contentUrl":"https:\/\/secure.gravatar.com\/avatar\/3ea2118a5f7dad2b7138b1187a6b7ee55f160b9968b66013c3a3ef39dd7e5798?s=96&d=mm&r=g","caption":"Jeanette"},"sameAs":["https:\/\/www.eldiario.net\/portal"],"url":"https:\/\/www.eldiario.net\/portal\/author\/jeanette\/"}]}},"_links":{"self":[{"href":"https:\/\/www.eldiario.net\/portal\/wp-json\/wp\/v2\/posts\/65166","targetHints":{"allow":["GET"]}}],"collection":[{"href":"https:\/\/www.eldiario.net\/portal\/wp-json\/wp\/v2\/posts"}],"about":[{"href":"https:\/\/www.eldiario.net\/portal\/wp-json\/wp\/v2\/types\/post"}],"author":[{"embeddable":true,"href":"https:\/\/www.eldiario.net\/portal\/wp-json\/wp\/v2\/users\/1"}],"replies":[{"embeddable":true,"href":"https:\/\/www.eldiario.net\/portal\/wp-json\/wp\/v2\/comments?post=65166"}],"version-history":[{"count":0,"href":"https:\/\/www.eldiario.net\/portal\/wp-json\/wp\/v2\/posts\/65166\/revisions"}],"wp:featuredmedia":[{"embeddable":true,"href":"https:\/\/www.eldiario.net\/portal\/wp-json\/wp\/v2\/media\/65167"}],"wp:attachment":[{"href":"https:\/\/www.eldiario.net\/portal\/wp-json\/wp\/v2\/media?parent=65166"}],"wp:term":[{"taxonomy":"category","embeddable":true,"href":"https:\/\/www.eldiario.net\/portal\/wp-json\/wp\/v2\/categories?post=65166"},{"taxonomy":"post_tag","embeddable":true,"href":"https:\/\/www.eldiario.net\/portal\/wp-json\/wp\/v2\/tags?post=65166"}],"curies":[{"name":"wp","href":"https:\/\/api.w.org\/{rel}","templated":true}]}}