{"id":65160,"date":"2022-02-23T05:31:11","date_gmt":"2022-02-23T09:31:11","guid":{"rendered":"https:\/\/www.eldiario.net\/portal\/?p=65160"},"modified":"2022-02-23T05:31:11","modified_gmt":"2022-02-23T09:31:11","slug":"paraguay-levanta-medidas-sanitarias-de-pandemia","status":"publish","type":"post","link":"https:\/\/www.eldiario.net\/portal\/2022\/02\/23\/paraguay-levanta-medidas-sanitarias-de-pandemia\/","title":{"rendered":"Paraguay levanta medidas  sanitarias de pandemia"},"content":{"rendered":"<p>Asunci\u00f3n.- El Gobierno paraguayo resolvi\u00f3 ayer levantar todas las medidas sanitarias impuestas en el marco de la pandemia de coronavirus, excepto el uso de tapabocas y la exigencia del esquema de vacunaci\u00f3n para quienes ingresan al pa\u00eds.<br \/>\nEl jefe de gabinete de la presidencia paraguaya, Hern\u00e1n Huttemann, dijo a que los decretos que se han firmado los \u00faltimos dos a\u00f1os con restricciones para evitar los contagios no se renovar\u00e1n, ya que el Gobierno quiere volcar todo su esfuerzo a incentivar la vacunaci\u00f3n contra el covid-19.<br \/>\n\u201cEl contexto en el que surgieron estos decretos era diferente al que estamos viviendo (&#8230;) hoy la realidad de nuestro pa\u00eds es distinta, contamos con la vacuna y aprendizajes para convivir con este virus\u201d, dijo Huttemann.<br \/>\n\u201cLa decisi\u00f3n de la presidencia es no volver a dictar un decreto que establecer medidas sanitarias (&#8230;) los esfuerzos del Gobierno se van a volcar totalmente a incentivar la vacunaci\u00f3n porque creemos que es la clave para salir de esto\u201d, agreg\u00f3.<br \/>\nLa decisi\u00f3n deja sin efecto medidas restrictivas en comercios, oficinas, instituciones educativas, locales gastron\u00f3micas, eventos sociales, deportivos y religiosos, as\u00ed como visitas a centros penitenciarios.<br \/>\nEl uso obligatorio de mascarillas en cerrados o abiertos donde no se pueda guardar distancia f\u00edsica sigue vigente, dijo el funcionario, ya que est\u00e1 contemplado en una ley aprobada por el Congreso, al igual que las disposiciones del ministerio de Salud P\u00fablica para la entrada al pa\u00eds.<br \/>\nParaguay exige a los viajeros el esquema de vacunaci\u00f3n completa y el test PCR a aquellos que proceden de pa\u00edses fuera del Mercosur o l\u00edmites.<br \/>\nLos casos de covid-19 bajaron las \u00faltimas dos semanas tras la fuerte ola que se inici\u00f3 a finales de diciembre con la llegada de la variante \u00f3micron.\u00a0Menos de la mitad de la poblaci\u00f3n de 7 millones de habitantes recibieron dos dosis de la vacuna. (Reuters)<\/p>\n","protected":false},"excerpt":{"rendered":"<p>Asunci\u00f3n.- El Gobierno paraguayo resolvi\u00f3 ayer levantar todas las medidas sanitarias impuestas en el marco de la pandemia de coronavirus, excepto el uso de tapabocas y la exigencia del esquema de vacunaci\u00f3n para quienes ingresan al pa\u00eds. El jefe de gabinete de la presidencia paraguaya, Hern\u00e1n Huttemann, dijo a que los decretos que se han [&hellip;]<\/p>\n","protected":false},"author":1,"featured_media":65161,"comment_status":"closed","ping_status":"closed","sticky":false,"template":"","format":"standard","meta":{"_acf_changed":false,"footnotes":""},"categories":[3],"tags":[],"class_list":["post-65160","post","type-post","status-publish","format-standard","has-post-thumbnail","category-internacional"],"acf":{"antetitulo":""},"yoast_head":"<!-- This site is optimized with the Yoast SEO plugin v28.4 - https:\/\/yoast.com\/product\/yoast-seo-wordpress\/ -->\n<title>Paraguay levanta medidas sanitarias de pandemia - El Diario - Bolivia<\/title>\n<meta name=\"robots\" content=\"index, follow, max-snippet:-1, max-image-preview:large, max-video-preview:-1\" \/>\n<link rel=\"canonical\" href=\"https:\/\/www.eldiario.net\/portal\/2022\/02\/23\/paraguay-levanta-medidas-sanitarias-de-pandemia\/\" \/>\n<meta property=\"og:locale\" content=\"es_ES\" \/>\n<meta property=\"og:type\" content=\"article\" \/>\n<meta property=\"og:title\" content=\"Paraguay levanta medidas sanitarias de pandemia - El Diario - Bolivia\" \/>\n<meta property=\"og:description\" content=\"Asunci\u00f3n.- El Gobierno paraguayo resolvi\u00f3 ayer levantar todas las medidas sanitarias impuestas en el marco de la pandemia de coronavirus, excepto el uso de tapabocas y la exigencia del esquema de vacunaci\u00f3n para quienes ingresan al pa\u00eds. El jefe de gabinete de la presidencia paraguaya, Hern\u00e1n Huttemann, dijo a que los decretos que se han [&hellip;]\" \/>\n<meta property=\"og:url\" content=\"https:\/\/www.eldiario.net\/portal\/2022\/02\/23\/paraguay-levanta-medidas-sanitarias-de-pandemia\/\" \/>\n<meta property=\"og:site_name\" content=\"El Diario - Bolivia\" \/>\n<meta property=\"article:publisher\" content=\"https:\/\/www.facebook.com\/eldiario.bolivia\/\" \/>\n<meta property=\"article:published_time\" content=\"2022-02-23T09:31:11+00:00\" \/>\n<meta name=\"author\" content=\"Jeanette\" \/>\n<meta name=\"twitter:card\" content=\"summary_large_image\" \/>\n<meta name=\"twitter:creator\" content=\"@eldiario_net\" \/>\n<meta name=\"twitter:site\" content=\"@eldiario_net\" \/>\n<meta name=\"twitter:label1\" content=\"Escrito por\" \/>\n\t<meta name=\"twitter:data1\" content=\"Jeanette\" \/>\n\t<meta name=\"twitter:label2\" content=\"Tiempo de lectura\" \/>\n\t<meta name=\"twitter:data2\" content=\"2 minutos\" \/>\n<script type=\"application\/ld+json\" class=\"yoast-schema-graph\">{\"@context\":\"https:\\\/\\\/schema.org\",\"@graph\":[{\"@type\":\"Article\",\"@id\":\"https:\\\/\\\/www.eldiario.net\\\/portal\\\/2022\\\/02\\\/23\\\/paraguay-levanta-medidas-sanitarias-de-pandemia\\\/#article\",\"isPartOf\":{\"@id\":\"https:\\\/\\\/www.eldiario.net\\\/portal\\\/2022\\\/02\\\/23\\\/paraguay-levanta-medidas-sanitarias-de-pandemia\\\/\"},\"author\":{\"name\":\"Jeanette\",\"@id\":\"https:\\\/\\\/www.eldiario.net\\\/portal\\\/#\\\/schema\\\/person\\\/2c57cf2b7a7ae032e449e4c9b1019eac\"},\"headline\":\"Paraguay levanta medidas sanitarias de pandemia\",\"datePublished\":\"2022-02-23T09:31:11+00:00\",\"mainEntityOfPage\":{\"@id\":\"https:\\\/\\\/www.eldiario.net\\\/portal\\\/2022\\\/02\\\/23\\\/paraguay-levanta-medidas-sanitarias-de-pandemia\\\/\"},\"wordCount\":328,\"publisher\":{\"@id\":\"https:\\\/\\\/www.eldiario.net\\\/portal\\\/#organization\"},\"image\":{\"@id\":\"https:\\\/\\\/www.eldiario.net\\\/portal\\\/2022\\\/02\\\/23\\\/paraguay-levanta-medidas-sanitarias-de-pandemia\\\/#primaryimage\"},\"thumbnailUrl\":\"\",\"articleSection\":[\"Internacional\"],\"inLanguage\":\"es\"},{\"@type\":\"WebPage\",\"@id\":\"https:\\\/\\\/www.eldiario.net\\\/portal\\\/2022\\\/02\\\/23\\\/paraguay-levanta-medidas-sanitarias-de-pandemia\\\/\",\"url\":\"https:\\\/\\\/www.eldiario.net\\\/portal\\\/2022\\\/02\\\/23\\\/paraguay-levanta-medidas-sanitarias-de-pandemia\\\/\",\"name\":\"Paraguay levanta medidas sanitarias de pandemia - El Diario - Bolivia\",\"isPartOf\":{\"@id\":\"https:\\\/\\\/www.eldiario.net\\\/portal\\\/#website\"},\"primaryImageOfPage\":{\"@id\":\"https:\\\/\\\/www.eldiario.net\\\/portal\\\/2022\\\/02\\\/23\\\/paraguay-levanta-medidas-sanitarias-de-pandemia\\\/#primaryimage\"},\"image\":{\"@id\":\"https:\\\/\\\/www.eldiario.net\\\/portal\\\/2022\\\/02\\\/23\\\/paraguay-levanta-medidas-sanitarias-de-pandemia\\\/#primaryimage\"},\"thumbnailUrl\":\"\",\"datePublished\":\"2022-02-23T09:31:11+00:00\",\"breadcrumb\":{\"@id\":\"https:\\\/\\\/www.eldiario.net\\\/portal\\\/2022\\\/02\\\/23\\\/paraguay-levanta-medidas-sanitarias-de-pandemia\\\/#breadcrumb\"},\"inLanguage\":\"es\",\"potentialAction\":[{\"@type\":\"ReadAction\",\"target\":[\"https:\\\/\\\/www.eldiario.net\\\/portal\\\/2022\\\/02\\\/23\\\/paraguay-levanta-medidas-sanitarias-de-pandemia\\\/\"]}]},{\"@type\":\"ImageObject\",\"inLanguage\":\"es\",\"@id\":\"https:\\\/\\\/www.eldiario.net\\\/portal\\\/2022\\\/02\\\/23\\\/paraguay-levanta-medidas-sanitarias-de-pandemia\\\/#primaryimage\",\"url\":\"\",\"contentUrl\":\"\"},{\"@type\":\"BreadcrumbList\",\"@id\":\"https:\\\/\\\/www.eldiario.net\\\/portal\\\/2022\\\/02\\\/23\\\/paraguay-levanta-medidas-sanitarias-de-pandemia\\\/#breadcrumb\",\"itemListElement\":[{\"@type\":\"ListItem\",\"position\":1,\"name\":\"Portada\",\"item\":\"https:\\\/\\\/www.eldiario.net\\\/portal\\\/\"},{\"@type\":\"ListItem\",\"position\":2,\"name\":\"Paraguay levanta medidas sanitarias de pandemia\"}]},{\"@type\":\"WebSite\",\"@id\":\"https:\\\/\\\/www.eldiario.net\\\/portal\\\/#website\",\"url\":\"https:\\\/\\\/www.eldiario.net\\\/portal\\\/\",\"name\":\"El Diario - Decano de la prensa nacional\",\"description\":\"El Diario - Decano de la prensa nacional\",\"publisher\":{\"@id\":\"https:\\\/\\\/www.eldiario.net\\\/portal\\\/#organization\"},\"potentialAction\":[{\"@type\":\"SearchAction\",\"target\":{\"@type\":\"EntryPoint\",\"urlTemplate\":\"https:\\\/\\\/www.eldiario.net\\\/portal\\\/?s={search_term_string}\"},\"query-input\":{\"@type\":\"PropertyValueSpecification\",\"valueRequired\":true,\"valueName\":\"search_term_string\"}}],\"inLanguage\":\"es\"},{\"@type\":\"Organization\",\"@id\":\"https:\\\/\\\/www.eldiario.net\\\/portal\\\/#organization\",\"name\":\"El Diario - Decano de la prensa nacional\",\"url\":\"https:\\\/\\\/www.eldiario.net\\\/portal\\\/\",\"logo\":{\"@type\":\"ImageObject\",\"inLanguage\":\"es\",\"@id\":\"https:\\\/\\\/www.eldiario.net\\\/portal\\\/#\\\/schema\\\/logo\\\/image\\\/\",\"url\":\"https:\\\/\\\/www.eldiario.net\\\/portal\\\/wp-content\\\/uploads\\\/2023\\\/07\\\/logo_ED.jpg\",\"contentUrl\":\"https:\\\/\\\/www.eldiario.net\\\/portal\\\/wp-content\\\/uploads\\\/2023\\\/07\\\/logo_ED.jpg\",\"width\":272,\"height\":52,\"caption\":\"El Diario - Decano de la prensa nacional\"},\"image\":{\"@id\":\"https:\\\/\\\/www.eldiario.net\\\/portal\\\/#\\\/schema\\\/logo\\\/image\\\/\"},\"sameAs\":[\"https:\\\/\\\/www.facebook.com\\\/eldiario.bolivia\\\/\",\"https:\\\/\\\/x.com\\\/eldiario_net\"]},{\"@type\":\"Person\",\"@id\":\"https:\\\/\\\/www.eldiario.net\\\/portal\\\/#\\\/schema\\\/person\\\/2c57cf2b7a7ae032e449e4c9b1019eac\",\"name\":\"Jeanette\",\"image\":{\"@type\":\"ImageObject\",\"inLanguage\":\"es\",\"@id\":\"https:\\\/\\\/secure.gravatar.com\\\/avatar\\\/3ea2118a5f7dad2b7138b1187a6b7ee55f160b9968b66013c3a3ef39dd7e5798?s=96&d=mm&r=g\",\"url\":\"https:\\\/\\\/secure.gravatar.com\\\/avatar\\\/3ea2118a5f7dad2b7138b1187a6b7ee55f160b9968b66013c3a3ef39dd7e5798?s=96&d=mm&r=g\",\"contentUrl\":\"https:\\\/\\\/secure.gravatar.com\\\/avatar\\\/3ea2118a5f7dad2b7138b1187a6b7ee55f160b9968b66013c3a3ef39dd7e5798?s=96&d=mm&r=g\",\"caption\":\"Jeanette\"},\"sameAs\":[\"https:\\\/\\\/www.eldiario.net\\\/portal\"],\"url\":\"https:\\\/\\\/www.eldiario.net\\\/portal\\\/author\\\/jeanette\\\/\"}]}<\/script>\n<!-- \/ Yoast SEO plugin. -->","yoast_head_json":{"title":"Paraguay levanta medidas sanitarias de pandemia - El Diario - Bolivia","robots":{"index":"index","follow":"follow","max-snippet":"max-snippet:-1","max-image-preview":"max-image-preview:large","max-video-preview":"max-video-preview:-1"},"canonical":"https:\/\/www.eldiario.net\/portal\/2022\/02\/23\/paraguay-levanta-medidas-sanitarias-de-pandemia\/","og_locale":"es_ES","og_type":"article","og_title":"Paraguay levanta medidas sanitarias de pandemia - El Diario - Bolivia","og_description":"Asunci\u00f3n.- El Gobierno paraguayo resolvi\u00f3 ayer levantar todas las medidas sanitarias impuestas en el marco de la pandemia de coronavirus, excepto el uso de tapabocas y la exigencia del esquema de vacunaci\u00f3n para quienes ingresan al pa\u00eds. El jefe de gabinete de la presidencia paraguaya, Hern\u00e1n Huttemann, dijo a que los decretos que se han [&hellip;]","og_url":"https:\/\/www.eldiario.net\/portal\/2022\/02\/23\/paraguay-levanta-medidas-sanitarias-de-pandemia\/","og_site_name":"El Diario - Bolivia","article_publisher":"https:\/\/www.facebook.com\/eldiario.bolivia\/","article_published_time":"2022-02-23T09:31:11+00:00","author":"Jeanette","twitter_card":"summary_large_image","twitter_creator":"@eldiario_net","twitter_site":"@eldiario_net","twitter_misc":{"Escrito por":"Jeanette","Tiempo de lectura":"2 minutos"},"schema":{"@context":"https:\/\/schema.org","@graph":[{"@type":"Article","@id":"https:\/\/www.eldiario.net\/portal\/2022\/02\/23\/paraguay-levanta-medidas-sanitarias-de-pandemia\/#article","isPartOf":{"@id":"https:\/\/www.eldiario.net\/portal\/2022\/02\/23\/paraguay-levanta-medidas-sanitarias-de-pandemia\/"},"author":{"name":"Jeanette","@id":"https:\/\/www.eldiario.net\/portal\/#\/schema\/person\/2c57cf2b7a7ae032e449e4c9b1019eac"},"headline":"Paraguay levanta medidas sanitarias de pandemia","datePublished":"2022-02-23T09:31:11+00:00","mainEntityOfPage":{"@id":"https:\/\/www.eldiario.net\/portal\/2022\/02\/23\/paraguay-levanta-medidas-sanitarias-de-pandemia\/"},"wordCount":328,"publisher":{"@id":"https:\/\/www.eldiario.net\/portal\/#organization"},"image":{"@id":"https:\/\/www.eldiario.net\/portal\/2022\/02\/23\/paraguay-levanta-medidas-sanitarias-de-pandemia\/#primaryimage"},"thumbnailUrl":"","articleSection":["Internacional"],"inLanguage":"es"},{"@type":"WebPage","@id":"https:\/\/www.eldiario.net\/portal\/2022\/02\/23\/paraguay-levanta-medidas-sanitarias-de-pandemia\/","url":"https:\/\/www.eldiario.net\/portal\/2022\/02\/23\/paraguay-levanta-medidas-sanitarias-de-pandemia\/","name":"Paraguay levanta medidas sanitarias de pandemia - El Diario - Bolivia","isPartOf":{"@id":"https:\/\/www.eldiario.net\/portal\/#website"},"primaryImageOfPage":{"@id":"https:\/\/www.eldiario.net\/portal\/2022\/02\/23\/paraguay-levanta-medidas-sanitarias-de-pandemia\/#primaryimage"},"image":{"@id":"https:\/\/www.eldiario.net\/portal\/2022\/02\/23\/paraguay-levanta-medidas-sanitarias-de-pandemia\/#primaryimage"},"thumbnailUrl":"","datePublished":"2022-02-23T09:31:11+00:00","breadcrumb":{"@id":"https:\/\/www.eldiario.net\/portal\/2022\/02\/23\/paraguay-levanta-medidas-sanitarias-de-pandemia\/#breadcrumb"},"inLanguage":"es","potentialAction":[{"@type":"ReadAction","target":["https:\/\/www.eldiario.net\/portal\/2022\/02\/23\/paraguay-levanta-medidas-sanitarias-de-pandemia\/"]}]},{"@type":"ImageObject","inLanguage":"es","@id":"https:\/\/www.eldiario.net\/portal\/2022\/02\/23\/paraguay-levanta-medidas-sanitarias-de-pandemia\/#primaryimage","url":"","contentUrl":""},{"@type":"BreadcrumbList","@id":"https:\/\/www.eldiario.net\/portal\/2022\/02\/23\/paraguay-levanta-medidas-sanitarias-de-pandemia\/#breadcrumb","itemListElement":[{"@type":"ListItem","position":1,"name":"Portada","item":"https:\/\/www.eldiario.net\/portal\/"},{"@type":"ListItem","position":2,"name":"Paraguay levanta medidas sanitarias de pandemia"}]},{"@type":"WebSite","@id":"https:\/\/www.eldiario.net\/portal\/#website","url":"https:\/\/www.eldiario.net\/portal\/","name":"El Diario - Decano de la prensa nacional","description":"El Diario - Decano de la prensa nacional","publisher":{"@id":"https:\/\/www.eldiario.net\/portal\/#organization"},"potentialAction":[{"@type":"SearchAction","target":{"@type":"EntryPoint","urlTemplate":"https:\/\/www.eldiario.net\/portal\/?s={search_term_string}"},"query-input":{"@type":"PropertyValueSpecification","valueRequired":true,"valueName":"search_term_string"}}],"inLanguage":"es"},{"@type":"Organization","@id":"https:\/\/www.eldiario.net\/portal\/#organization","name":"El Diario - Decano de la prensa nacional","url":"https:\/\/www.eldiario.net\/portal\/","logo":{"@type":"ImageObject","inLanguage":"es","@id":"https:\/\/www.eldiario.net\/portal\/#\/schema\/logo\/image\/","url":"https:\/\/www.eldiario.net\/portal\/wp-content\/uploads\/2023\/07\/logo_ED.jpg","contentUrl":"https:\/\/www.eldiario.net\/portal\/wp-content\/uploads\/2023\/07\/logo_ED.jpg","width":272,"height":52,"caption":"El Diario - Decano de la prensa nacional"},"image":{"@id":"https:\/\/www.eldiario.net\/portal\/#\/schema\/logo\/image\/"},"sameAs":["https:\/\/www.facebook.com\/eldiario.bolivia\/","https:\/\/x.com\/eldiario_net"]},{"@type":"Person","@id":"https:\/\/www.eldiario.net\/portal\/#\/schema\/person\/2c57cf2b7a7ae032e449e4c9b1019eac","name":"Jeanette","image":{"@type":"ImageObject","inLanguage":"es","@id":"https:\/\/secure.gravatar.com\/avatar\/3ea2118a5f7dad2b7138b1187a6b7ee55f160b9968b66013c3a3ef39dd7e5798?s=96&d=mm&r=g","url":"https:\/\/secure.gravatar.com\/avatar\/3ea2118a5f7dad2b7138b1187a6b7ee55f160b9968b66013c3a3ef39dd7e5798?s=96&d=mm&r=g","contentUrl":"https:\/\/secure.gravatar.com\/avatar\/3ea2118a5f7dad2b7138b1187a6b7ee55f160b9968b66013c3a3ef39dd7e5798?s=96&d=mm&r=g","caption":"Jeanette"},"sameAs":["https:\/\/www.eldiario.net\/portal"],"url":"https:\/\/www.eldiario.net\/portal\/author\/jeanette\/"}]}},"_links":{"self":[{"href":"https:\/\/www.eldiario.net\/portal\/wp-json\/wp\/v2\/posts\/65160","targetHints":{"allow":["GET"]}}],"collection":[{"href":"https:\/\/www.eldiario.net\/portal\/wp-json\/wp\/v2\/posts"}],"about":[{"href":"https:\/\/www.eldiario.net\/portal\/wp-json\/wp\/v2\/types\/post"}],"author":[{"embeddable":true,"href":"https:\/\/www.eldiario.net\/portal\/wp-json\/wp\/v2\/users\/1"}],"replies":[{"embeddable":true,"href":"https:\/\/www.eldiario.net\/portal\/wp-json\/wp\/v2\/comments?post=65160"}],"version-history":[{"count":0,"href":"https:\/\/www.eldiario.net\/portal\/wp-json\/wp\/v2\/posts\/65160\/revisions"}],"wp:attachment":[{"href":"https:\/\/www.eldiario.net\/portal\/wp-json\/wp\/v2\/media?parent=65160"}],"wp:term":[{"taxonomy":"category","embeddable":true,"href":"https:\/\/www.eldiario.net\/portal\/wp-json\/wp\/v2\/categories?post=65160"},{"taxonomy":"post_tag","embeddable":true,"href":"https:\/\/www.eldiario.net\/portal\/wp-json\/wp\/v2\/tags?post=65160"}],"curies":[{"name":"wp","href":"https:\/\/api.w.org\/{rel}","templated":true}]}}