{"id":64991,"date":"2022-02-22T05:54:38","date_gmt":"2022-02-22T09:54:38","guid":{"rendered":"https:\/\/www.eldiario.net\/portal\/?p=64991"},"modified":"2022-02-22T05:54:38","modified_gmt":"2022-02-22T09:54:38","slug":"castedo-asume-fegasacruz-y-busca-duplicar-exportaciones","status":"publish","type":"post","link":"https:\/\/www.eldiario.net\/portal\/2022\/02\/22\/castedo-asume-fegasacruz-y-busca-duplicar-exportaciones\/","title":{"rendered":"Castedo asume Fegasacruz y  busca duplicar exportaciones"},"content":{"rendered":"<p>Consolidar y duplicar la exportaci\u00f3n de excedentes de carne garantizando el mercado interno, proyectar el desarrollo de otros mercados adicionales a los actuales como Rusia, China, Per\u00fa y Ecuador, son los principales objetivos de Adri\u00e1n Castedo Vald\u00e9s, nuevo presidente de la Federaci\u00f3n de Ganaderos de Santa Cruz (Fegasacruz).<\/p>\n<p>Las elecciones se realizaron en Pail\u00f3n y en su discurso, como nuevo presidente de Fegasacruz, Castedo considera que su gesti\u00f3n (2022-2024) debe marcar el inicio de una mejor comunicaci\u00f3n con las asociaciones y los productores, algo que, en su criterio, adoleci\u00f3 la directiva saliente.<\/p>\n<p>Adem\u00e1s, pretende encarar un di\u00e1logo sincero con las distintas instancias para lograr mejores d\u00edas para el sector agropecuario y el progreso de las distintas ecoregiones de Santa Cruz.<\/p>\n<p>A decir del m\u00e1ximo dirigente ganadero, durante la rueda de prensa de presentaci\u00f3n, el plan de trabajo a desarrollarse estar\u00e1 enmarcado en integrarse con todas las \u00e1reas institucionales (Gobierno central, departamental y gobiernos municipales), observando que las demandas de los productores son muchas, por ejemplo, pronta atenci\u00f3n en casos de falta de agua, forraje, seguridad jur\u00eddica, entre otros temas.<\/p>\n<p>Remarca que el pa\u00eds viene saliendo de una crisis econ\u00f3mica dif\u00edcil, donde el sector agropecuario puede ser un \u201cgran puntal\u201d de desarrollo y empleo para la econom\u00eda nacional, habida cuenta de la disminuci\u00f3n de las divisas por concepto de hidrocarburos.<\/p>\n<p>Castedo menciona tambi\u00e9n que se debe apuntalar los centros de engorde de animales, pero con seguridad jur\u00eddica para que el ganadero invierta; producci\u00f3n de forraje y alimentos, acceso a la biotecnolog\u00eda y constante mejora de los \u00edndices reproductivos.<\/p>\n<p>Asimismo, enfatiza que los productores ganaderos en el campo necesitan el resguardo de las autoridades e intendencias municipales para que fiscalicen el expendio de carne en los puntos de venta. Con esta acci\u00f3n, podr\u00e1 combatirse el abigeato y as\u00ed la carne comercializada tendr\u00e1 la seguridad que proviene de lugares autorizados por el Servicio Nacional de Sanidad Agropecuaria e Inocuidad Alimentaria (Senasag) con la debida inocuidad. Castedo se\u00f1ala que son los mataderos en las provincias y en la capital cruce\u00f1a los centros de referencia y ley.<\/p>\n<p>Apunta que uno de los mandatos inmediatos en su agenda de trabajo es afrontar el ciclo de vacunaci\u00f3n contra la rabia bovina.<\/p>\n<p>El ganadero precis\u00f3 que la informaci\u00f3n debe ser fluida, y no s\u00f3lo durante los congresos que se realizan. Sostiene que son las asociaciones las que dan vida a esta actividad, por lo que se debe buscar la uni\u00f3n.<\/p>\n<p>Castedo alcanz\u00f3 la presidencia por el frente Ganaderos Unidos, acompa\u00f1ado del vicepresidente elegido Alejandro Hurtado, productor ca\u00f1ero y lechero del Norte Integrado.<\/p>\n","protected":false},"excerpt":{"rendered":"<p>Consolidar y duplicar la exportaci\u00f3n de excedentes de carne garantizando el mercado interno, proyectar el desarrollo de otros mercados adicionales a los actuales como Rusia, China, Per\u00fa y Ecuador, son los principales objetivos de Adri\u00e1n Castedo Vald\u00e9s, nuevo presidente de la Federaci\u00f3n de Ganaderos de Santa Cruz (Fegasacruz). Las elecciones se realizaron en Pail\u00f3n y [&hellip;]<\/p>\n","protected":false},"author":1,"featured_media":64992,"comment_status":"closed","ping_status":"closed","sticky":false,"template":"","format":"standard","meta":{"_acf_changed":false,"footnotes":""},"categories":[7],"tags":[],"class_list":["post-64991","post","type-post","status-publish","format-standard","has-post-thumbnail","category-economia"],"acf":{"antetitulo":""},"yoast_head":"<!-- This site is optimized with the Yoast SEO plugin v28.4 - https:\/\/yoast.com\/product\/yoast-seo-wordpress\/ -->\n<title>Castedo asume Fegasacruz y busca duplicar exportaciones - El Diario - Bolivia<\/title>\n<meta name=\"robots\" content=\"index, follow, max-snippet:-1, max-image-preview:large, max-video-preview:-1\" \/>\n<link rel=\"canonical\" href=\"https:\/\/www.eldiario.net\/portal\/2022\/02\/22\/castedo-asume-fegasacruz-y-busca-duplicar-exportaciones\/\" \/>\n<meta property=\"og:locale\" content=\"es_ES\" \/>\n<meta property=\"og:type\" content=\"article\" \/>\n<meta property=\"og:title\" content=\"Castedo asume Fegasacruz y busca duplicar exportaciones - El Diario - Bolivia\" \/>\n<meta property=\"og:description\" content=\"Consolidar y duplicar la exportaci\u00f3n de excedentes de carne garantizando el mercado interno, proyectar el desarrollo de otros mercados adicionales a los actuales como Rusia, China, Per\u00fa y Ecuador, son los principales objetivos de Adri\u00e1n Castedo Vald\u00e9s, nuevo presidente de la Federaci\u00f3n de Ganaderos de Santa Cruz (Fegasacruz). Las elecciones se realizaron en Pail\u00f3n y [&hellip;]\" \/>\n<meta property=\"og:url\" content=\"https:\/\/www.eldiario.net\/portal\/2022\/02\/22\/castedo-asume-fegasacruz-y-busca-duplicar-exportaciones\/\" \/>\n<meta property=\"og:site_name\" content=\"El Diario - Bolivia\" \/>\n<meta property=\"article:publisher\" content=\"https:\/\/www.facebook.com\/eldiario.bolivia\/\" \/>\n<meta property=\"article:published_time\" content=\"2022-02-22T09:54:38+00:00\" \/>\n<meta name=\"author\" content=\"Jeanette\" \/>\n<meta name=\"twitter:card\" content=\"summary_large_image\" \/>\n<meta name=\"twitter:creator\" content=\"@eldiario_net\" \/>\n<meta name=\"twitter:site\" content=\"@eldiario_net\" \/>\n<meta name=\"twitter:label1\" content=\"Escrito por\" \/>\n\t<meta name=\"twitter:data1\" content=\"Jeanette\" \/>\n\t<meta name=\"twitter:label2\" content=\"Tiempo de lectura\" \/>\n\t<meta name=\"twitter:data2\" content=\"2 minutos\" \/>\n<script type=\"application\/ld+json\" class=\"yoast-schema-graph\">{\"@context\":\"https:\\\/\\\/schema.org\",\"@graph\":[{\"@type\":\"Article\",\"@id\":\"https:\\\/\\\/www.eldiario.net\\\/portal\\\/2022\\\/02\\\/22\\\/castedo-asume-fegasacruz-y-busca-duplicar-exportaciones\\\/#article\",\"isPartOf\":{\"@id\":\"https:\\\/\\\/www.eldiario.net\\\/portal\\\/2022\\\/02\\\/22\\\/castedo-asume-fegasacruz-y-busca-duplicar-exportaciones\\\/\"},\"author\":{\"name\":\"Jeanette\",\"@id\":\"https:\\\/\\\/www.eldiario.net\\\/portal\\\/#\\\/schema\\\/person\\\/2c57cf2b7a7ae032e449e4c9b1019eac\"},\"headline\":\"Castedo asume Fegasacruz y busca duplicar exportaciones\",\"datePublished\":\"2022-02-22T09:54:38+00:00\",\"mainEntityOfPage\":{\"@id\":\"https:\\\/\\\/www.eldiario.net\\\/portal\\\/2022\\\/02\\\/22\\\/castedo-asume-fegasacruz-y-busca-duplicar-exportaciones\\\/\"},\"wordCount\":463,\"publisher\":{\"@id\":\"https:\\\/\\\/www.eldiario.net\\\/portal\\\/#organization\"},\"image\":{\"@id\":\"https:\\\/\\\/www.eldiario.net\\\/portal\\\/2022\\\/02\\\/22\\\/castedo-asume-fegasacruz-y-busca-duplicar-exportaciones\\\/#primaryimage\"},\"thumbnailUrl\":\"\",\"articleSection\":[\"Econom\u00eda\"],\"inLanguage\":\"es\"},{\"@type\":\"WebPage\",\"@id\":\"https:\\\/\\\/www.eldiario.net\\\/portal\\\/2022\\\/02\\\/22\\\/castedo-asume-fegasacruz-y-busca-duplicar-exportaciones\\\/\",\"url\":\"https:\\\/\\\/www.eldiario.net\\\/portal\\\/2022\\\/02\\\/22\\\/castedo-asume-fegasacruz-y-busca-duplicar-exportaciones\\\/\",\"name\":\"Castedo asume Fegasacruz y busca duplicar exportaciones - El Diario - Bolivia\",\"isPartOf\":{\"@id\":\"https:\\\/\\\/www.eldiario.net\\\/portal\\\/#website\"},\"primaryImageOfPage\":{\"@id\":\"https:\\\/\\\/www.eldiario.net\\\/portal\\\/2022\\\/02\\\/22\\\/castedo-asume-fegasacruz-y-busca-duplicar-exportaciones\\\/#primaryimage\"},\"image\":{\"@id\":\"https:\\\/\\\/www.eldiario.net\\\/portal\\\/2022\\\/02\\\/22\\\/castedo-asume-fegasacruz-y-busca-duplicar-exportaciones\\\/#primaryimage\"},\"thumbnailUrl\":\"\",\"datePublished\":\"2022-02-22T09:54:38+00:00\",\"breadcrumb\":{\"@id\":\"https:\\\/\\\/www.eldiario.net\\\/portal\\\/2022\\\/02\\\/22\\\/castedo-asume-fegasacruz-y-busca-duplicar-exportaciones\\\/#breadcrumb\"},\"inLanguage\":\"es\",\"potentialAction\":[{\"@type\":\"ReadAction\",\"target\":[\"https:\\\/\\\/www.eldiario.net\\\/portal\\\/2022\\\/02\\\/22\\\/castedo-asume-fegasacruz-y-busca-duplicar-exportaciones\\\/\"]}]},{\"@type\":\"ImageObject\",\"inLanguage\":\"es\",\"@id\":\"https:\\\/\\\/www.eldiario.net\\\/portal\\\/2022\\\/02\\\/22\\\/castedo-asume-fegasacruz-y-busca-duplicar-exportaciones\\\/#primaryimage\",\"url\":\"\",\"contentUrl\":\"\"},{\"@type\":\"BreadcrumbList\",\"@id\":\"https:\\\/\\\/www.eldiario.net\\\/portal\\\/2022\\\/02\\\/22\\\/castedo-asume-fegasacruz-y-busca-duplicar-exportaciones\\\/#breadcrumb\",\"itemListElement\":[{\"@type\":\"ListItem\",\"position\":1,\"name\":\"Portada\",\"item\":\"https:\\\/\\\/www.eldiario.net\\\/portal\\\/\"},{\"@type\":\"ListItem\",\"position\":2,\"name\":\"Castedo asume Fegasacruz y busca duplicar exportaciones\"}]},{\"@type\":\"WebSite\",\"@id\":\"https:\\\/\\\/www.eldiario.net\\\/portal\\\/#website\",\"url\":\"https:\\\/\\\/www.eldiario.net\\\/portal\\\/\",\"name\":\"El Diario - Decano de la prensa nacional\",\"description\":\"El Diario - Decano de la prensa nacional\",\"publisher\":{\"@id\":\"https:\\\/\\\/www.eldiario.net\\\/portal\\\/#organization\"},\"potentialAction\":[{\"@type\":\"SearchAction\",\"target\":{\"@type\":\"EntryPoint\",\"urlTemplate\":\"https:\\\/\\\/www.eldiario.net\\\/portal\\\/?s={search_term_string}\"},\"query-input\":{\"@type\":\"PropertyValueSpecification\",\"valueRequired\":true,\"valueName\":\"search_term_string\"}}],\"inLanguage\":\"es\"},{\"@type\":\"Organization\",\"@id\":\"https:\\\/\\\/www.eldiario.net\\\/portal\\\/#organization\",\"name\":\"El Diario - Decano de la prensa nacional\",\"url\":\"https:\\\/\\\/www.eldiario.net\\\/portal\\\/\",\"logo\":{\"@type\":\"ImageObject\",\"inLanguage\":\"es\",\"@id\":\"https:\\\/\\\/www.eldiario.net\\\/portal\\\/#\\\/schema\\\/logo\\\/image\\\/\",\"url\":\"https:\\\/\\\/www.eldiario.net\\\/portal\\\/wp-content\\\/uploads\\\/2023\\\/07\\\/logo_ED.jpg\",\"contentUrl\":\"https:\\\/\\\/www.eldiario.net\\\/portal\\\/wp-content\\\/uploads\\\/2023\\\/07\\\/logo_ED.jpg\",\"width\":272,\"height\":52,\"caption\":\"El Diario - Decano de la prensa nacional\"},\"image\":{\"@id\":\"https:\\\/\\\/www.eldiario.net\\\/portal\\\/#\\\/schema\\\/logo\\\/image\\\/\"},\"sameAs\":[\"https:\\\/\\\/www.facebook.com\\\/eldiario.bolivia\\\/\",\"https:\\\/\\\/x.com\\\/eldiario_net\"]},{\"@type\":\"Person\",\"@id\":\"https:\\\/\\\/www.eldiario.net\\\/portal\\\/#\\\/schema\\\/person\\\/2c57cf2b7a7ae032e449e4c9b1019eac\",\"name\":\"Jeanette\",\"image\":{\"@type\":\"ImageObject\",\"inLanguage\":\"es\",\"@id\":\"https:\\\/\\\/secure.gravatar.com\\\/avatar\\\/3ea2118a5f7dad2b7138b1187a6b7ee55f160b9968b66013c3a3ef39dd7e5798?s=96&d=mm&r=g\",\"url\":\"https:\\\/\\\/secure.gravatar.com\\\/avatar\\\/3ea2118a5f7dad2b7138b1187a6b7ee55f160b9968b66013c3a3ef39dd7e5798?s=96&d=mm&r=g\",\"contentUrl\":\"https:\\\/\\\/secure.gravatar.com\\\/avatar\\\/3ea2118a5f7dad2b7138b1187a6b7ee55f160b9968b66013c3a3ef39dd7e5798?s=96&d=mm&r=g\",\"caption\":\"Jeanette\"},\"sameAs\":[\"https:\\\/\\\/www.eldiario.net\\\/portal\"],\"url\":\"https:\\\/\\\/www.eldiario.net\\\/portal\\\/author\\\/jeanette\\\/\"}]}<\/script>\n<!-- \/ Yoast SEO plugin. -->","yoast_head_json":{"title":"Castedo asume Fegasacruz y busca duplicar exportaciones - El Diario - Bolivia","robots":{"index":"index","follow":"follow","max-snippet":"max-snippet:-1","max-image-preview":"max-image-preview:large","max-video-preview":"max-video-preview:-1"},"canonical":"https:\/\/www.eldiario.net\/portal\/2022\/02\/22\/castedo-asume-fegasacruz-y-busca-duplicar-exportaciones\/","og_locale":"es_ES","og_type":"article","og_title":"Castedo asume Fegasacruz y busca duplicar exportaciones - El Diario - Bolivia","og_description":"Consolidar y duplicar la exportaci\u00f3n de excedentes de carne garantizando el mercado interno, proyectar el desarrollo de otros mercados adicionales a los actuales como Rusia, China, Per\u00fa y Ecuador, son los principales objetivos de Adri\u00e1n Castedo Vald\u00e9s, nuevo presidente de la Federaci\u00f3n de Ganaderos de Santa Cruz (Fegasacruz). Las elecciones se realizaron en Pail\u00f3n y [&hellip;]","og_url":"https:\/\/www.eldiario.net\/portal\/2022\/02\/22\/castedo-asume-fegasacruz-y-busca-duplicar-exportaciones\/","og_site_name":"El Diario - Bolivia","article_publisher":"https:\/\/www.facebook.com\/eldiario.bolivia\/","article_published_time":"2022-02-22T09:54:38+00:00","author":"Jeanette","twitter_card":"summary_large_image","twitter_creator":"@eldiario_net","twitter_site":"@eldiario_net","twitter_misc":{"Escrito por":"Jeanette","Tiempo de lectura":"2 minutos"},"schema":{"@context":"https:\/\/schema.org","@graph":[{"@type":"Article","@id":"https:\/\/www.eldiario.net\/portal\/2022\/02\/22\/castedo-asume-fegasacruz-y-busca-duplicar-exportaciones\/#article","isPartOf":{"@id":"https:\/\/www.eldiario.net\/portal\/2022\/02\/22\/castedo-asume-fegasacruz-y-busca-duplicar-exportaciones\/"},"author":{"name":"Jeanette","@id":"https:\/\/www.eldiario.net\/portal\/#\/schema\/person\/2c57cf2b7a7ae032e449e4c9b1019eac"},"headline":"Castedo asume Fegasacruz y busca duplicar exportaciones","datePublished":"2022-02-22T09:54:38+00:00","mainEntityOfPage":{"@id":"https:\/\/www.eldiario.net\/portal\/2022\/02\/22\/castedo-asume-fegasacruz-y-busca-duplicar-exportaciones\/"},"wordCount":463,"publisher":{"@id":"https:\/\/www.eldiario.net\/portal\/#organization"},"image":{"@id":"https:\/\/www.eldiario.net\/portal\/2022\/02\/22\/castedo-asume-fegasacruz-y-busca-duplicar-exportaciones\/#primaryimage"},"thumbnailUrl":"","articleSection":["Econom\u00eda"],"inLanguage":"es"},{"@type":"WebPage","@id":"https:\/\/www.eldiario.net\/portal\/2022\/02\/22\/castedo-asume-fegasacruz-y-busca-duplicar-exportaciones\/","url":"https:\/\/www.eldiario.net\/portal\/2022\/02\/22\/castedo-asume-fegasacruz-y-busca-duplicar-exportaciones\/","name":"Castedo asume Fegasacruz y busca duplicar exportaciones - El Diario - Bolivia","isPartOf":{"@id":"https:\/\/www.eldiario.net\/portal\/#website"},"primaryImageOfPage":{"@id":"https:\/\/www.eldiario.net\/portal\/2022\/02\/22\/castedo-asume-fegasacruz-y-busca-duplicar-exportaciones\/#primaryimage"},"image":{"@id":"https:\/\/www.eldiario.net\/portal\/2022\/02\/22\/castedo-asume-fegasacruz-y-busca-duplicar-exportaciones\/#primaryimage"},"thumbnailUrl":"","datePublished":"2022-02-22T09:54:38+00:00","breadcrumb":{"@id":"https:\/\/www.eldiario.net\/portal\/2022\/02\/22\/castedo-asume-fegasacruz-y-busca-duplicar-exportaciones\/#breadcrumb"},"inLanguage":"es","potentialAction":[{"@type":"ReadAction","target":["https:\/\/www.eldiario.net\/portal\/2022\/02\/22\/castedo-asume-fegasacruz-y-busca-duplicar-exportaciones\/"]}]},{"@type":"ImageObject","inLanguage":"es","@id":"https:\/\/www.eldiario.net\/portal\/2022\/02\/22\/castedo-asume-fegasacruz-y-busca-duplicar-exportaciones\/#primaryimage","url":"","contentUrl":""},{"@type":"BreadcrumbList","@id":"https:\/\/www.eldiario.net\/portal\/2022\/02\/22\/castedo-asume-fegasacruz-y-busca-duplicar-exportaciones\/#breadcrumb","itemListElement":[{"@type":"ListItem","position":1,"name":"Portada","item":"https:\/\/www.eldiario.net\/portal\/"},{"@type":"ListItem","position":2,"name":"Castedo asume Fegasacruz y busca duplicar exportaciones"}]},{"@type":"WebSite","@id":"https:\/\/www.eldiario.net\/portal\/#website","url":"https:\/\/www.eldiario.net\/portal\/","name":"El Diario - Decano de la prensa nacional","description":"El Diario - Decano de la prensa nacional","publisher":{"@id":"https:\/\/www.eldiario.net\/portal\/#organization"},"potentialAction":[{"@type":"SearchAction","target":{"@type":"EntryPoint","urlTemplate":"https:\/\/www.eldiario.net\/portal\/?s={search_term_string}"},"query-input":{"@type":"PropertyValueSpecification","valueRequired":true,"valueName":"search_term_string"}}],"inLanguage":"es"},{"@type":"Organization","@id":"https:\/\/www.eldiario.net\/portal\/#organization","name":"El Diario - Decano de la prensa nacional","url":"https:\/\/www.eldiario.net\/portal\/","logo":{"@type":"ImageObject","inLanguage":"es","@id":"https:\/\/www.eldiario.net\/portal\/#\/schema\/logo\/image\/","url":"https:\/\/www.eldiario.net\/portal\/wp-content\/uploads\/2023\/07\/logo_ED.jpg","contentUrl":"https:\/\/www.eldiario.net\/portal\/wp-content\/uploads\/2023\/07\/logo_ED.jpg","width":272,"height":52,"caption":"El Diario - Decano de la prensa nacional"},"image":{"@id":"https:\/\/www.eldiario.net\/portal\/#\/schema\/logo\/image\/"},"sameAs":["https:\/\/www.facebook.com\/eldiario.bolivia\/","https:\/\/x.com\/eldiario_net"]},{"@type":"Person","@id":"https:\/\/www.eldiario.net\/portal\/#\/schema\/person\/2c57cf2b7a7ae032e449e4c9b1019eac","name":"Jeanette","image":{"@type":"ImageObject","inLanguage":"es","@id":"https:\/\/secure.gravatar.com\/avatar\/3ea2118a5f7dad2b7138b1187a6b7ee55f160b9968b66013c3a3ef39dd7e5798?s=96&d=mm&r=g","url":"https:\/\/secure.gravatar.com\/avatar\/3ea2118a5f7dad2b7138b1187a6b7ee55f160b9968b66013c3a3ef39dd7e5798?s=96&d=mm&r=g","contentUrl":"https:\/\/secure.gravatar.com\/avatar\/3ea2118a5f7dad2b7138b1187a6b7ee55f160b9968b66013c3a3ef39dd7e5798?s=96&d=mm&r=g","caption":"Jeanette"},"sameAs":["https:\/\/www.eldiario.net\/portal"],"url":"https:\/\/www.eldiario.net\/portal\/author\/jeanette\/"}]}},"_links":{"self":[{"href":"https:\/\/www.eldiario.net\/portal\/wp-json\/wp\/v2\/posts\/64991","targetHints":{"allow":["GET"]}}],"collection":[{"href":"https:\/\/www.eldiario.net\/portal\/wp-json\/wp\/v2\/posts"}],"about":[{"href":"https:\/\/www.eldiario.net\/portal\/wp-json\/wp\/v2\/types\/post"}],"author":[{"embeddable":true,"href":"https:\/\/www.eldiario.net\/portal\/wp-json\/wp\/v2\/users\/1"}],"replies":[{"embeddable":true,"href":"https:\/\/www.eldiario.net\/portal\/wp-json\/wp\/v2\/comments?post=64991"}],"version-history":[{"count":0,"href":"https:\/\/www.eldiario.net\/portal\/wp-json\/wp\/v2\/posts\/64991\/revisions"}],"wp:attachment":[{"href":"https:\/\/www.eldiario.net\/portal\/wp-json\/wp\/v2\/media?parent=64991"}],"wp:term":[{"taxonomy":"category","embeddable":true,"href":"https:\/\/www.eldiario.net\/portal\/wp-json\/wp\/v2\/categories?post=64991"},{"taxonomy":"post_tag","embeddable":true,"href":"https:\/\/www.eldiario.net\/portal\/wp-json\/wp\/v2\/tags?post=64991"}],"curies":[{"name":"wp","href":"https:\/\/api.w.org\/{rel}","templated":true}]}}