{"id":64978,"date":"2022-02-22T05:50:25","date_gmt":"2022-02-22T09:50:25","guid":{"rendered":"https:\/\/www.eldiario.net\/portal\/?p=64978"},"modified":"2022-02-22T05:50:25","modified_gmt":"2022-02-22T09:50:25","slug":"mas-de-bs-8-millones-para-tecnologia-agricola","status":"publish","type":"post","link":"https:\/\/www.eldiario.net\/portal\/2022\/02\/22\/mas-de-bs-8-millones-para-tecnologia-agricola\/","title":{"rendered":"M\u00e1s de Bs 8 millones  para tecnolog\u00eda agr\u00edcola"},"content":{"rendered":"<p>La Feria Tecnol\u00f3gica Agroalimentaria del Programa de Creaci\u00f3n de Iniciativas Agroalimentarias Rurales &#8211; CRIAR II, realizada en el municipio de San Juli\u00e1n del departamento de Santa Cruz, fue escenario para informar sobre la inversi\u00f3n que se realiza en la regi\u00f3n en tecnolog\u00eda agr\u00edcola, por m\u00e1s de 8 millones de bolivianos.<\/p>\n<p>Informaron que en el municipio de San Juli\u00e1n del departamento de Santa Cruz, se cuenta con una inversi\u00f3n de 8.149.680 bolivianos.<\/p>\n<p>En el desarrollo del acto, el presidente del Estado, Luis Arce Catacora, asegur\u00f3 que la dotaci\u00f3n de tecnolog\u00edas agr\u00edcolas, permitir\u00e1 incrementar y mejorar los procesos productivos\u00a0del municipio de San Juli\u00e1n.<\/p>\n<p>Por su parte, el ministro de Desarrollo Rural y Tierras, Remmy Gonzales, indic\u00f3 que el Gobierno trabaja de manera comprometida para fortalecer la producci\u00f3n y reactivar la econom\u00eda del pa\u00eds.<\/p>\n<p>\u00abVenimos al municipio de San Juli\u00e1n con tecnolog\u00eda adecuada a sus capacidades, productivas, nuestros productores podr\u00e1n elegir de una variedad de equipos agr\u00edcolas, el que mejor le favorezca en la producci\u00f3n\u00bb, manifest\u00f3 la primera autoridad del Ministerio.<\/p>\n<p>Del evento participaron tambi\u00e9n, el alcalde del municipio de San Juli\u00e1n, Willy Calder\u00f3n, el alcalde del municipio de San Ram\u00f3n, Germ\u00e1n Sanchez, el Ejecutivo de la Federaci\u00f3n de Comunidades Interculturales de San Juli\u00e1n Norte, Isidro Pacsi, el Coordinador Nacional del Programa CRIAR II, Porfirio Cussy, organizaciones sociales y beneficiarios.<\/p>\n<p>La ayuda al \u00e1rea rural contin\u00faa, y a los beneficiarios se incrementan, pero todav\u00eda no hay informaci\u00f3n de los resultados de la inversi\u00f3n realizada a la fecha.<\/p>\n","protected":false},"excerpt":{"rendered":"<p>La Feria Tecnol\u00f3gica Agroalimentaria del Programa de Creaci\u00f3n de Iniciativas Agroalimentarias Rurales &#8211; CRIAR II, realizada en el municipio de San Juli\u00e1n del departamento de Santa Cruz, fue escenario para informar sobre la inversi\u00f3n que se realiza en la regi\u00f3n en tecnolog\u00eda agr\u00edcola, por m\u00e1s de 8 millones de bolivianos. Informaron que en el municipio [&hellip;]<\/p>\n","protected":false},"author":1,"featured_media":64979,"comment_status":"closed","ping_status":"closed","sticky":false,"template":"","format":"standard","meta":{"_acf_changed":false,"footnotes":""},"categories":[7],"tags":[],"class_list":["post-64978","post","type-post","status-publish","format-standard","has-post-thumbnail","category-economia"],"acf":{"antetitulo":""},"yoast_head":"<!-- This site is optimized with the Yoast SEO plugin v28.4 - https:\/\/yoast.com\/product\/yoast-seo-wordpress\/ -->\n<title>M\u00e1s de Bs 8 millones para tecnolog\u00eda agr\u00edcola - El Diario - Bolivia<\/title>\n<meta name=\"robots\" content=\"index, follow, max-snippet:-1, max-image-preview:large, max-video-preview:-1\" \/>\n<link rel=\"canonical\" href=\"https:\/\/www.eldiario.net\/portal\/2022\/02\/22\/mas-de-bs-8-millones-para-tecnologia-agricola\/\" \/>\n<meta property=\"og:locale\" content=\"es_ES\" \/>\n<meta property=\"og:type\" content=\"article\" \/>\n<meta property=\"og:title\" content=\"M\u00e1s de Bs 8 millones para tecnolog\u00eda agr\u00edcola - El Diario - Bolivia\" \/>\n<meta property=\"og:description\" content=\"La Feria Tecnol\u00f3gica Agroalimentaria del Programa de Creaci\u00f3n de Iniciativas Agroalimentarias Rurales &#8211; CRIAR II, realizada en el municipio de San Juli\u00e1n del departamento de Santa Cruz, fue escenario para informar sobre la inversi\u00f3n que se realiza en la regi\u00f3n en tecnolog\u00eda agr\u00edcola, por m\u00e1s de 8 millones de bolivianos. Informaron que en el municipio [&hellip;]\" \/>\n<meta property=\"og:url\" content=\"https:\/\/www.eldiario.net\/portal\/2022\/02\/22\/mas-de-bs-8-millones-para-tecnologia-agricola\/\" \/>\n<meta property=\"og:site_name\" content=\"El Diario - Bolivia\" \/>\n<meta property=\"article:publisher\" content=\"https:\/\/www.facebook.com\/eldiario.bolivia\/\" \/>\n<meta property=\"article:published_time\" content=\"2022-02-22T09:50:25+00:00\" \/>\n<meta property=\"og:image\" content=\"https:\/\/www.eldiario.net\/portal\/wp-content\/uploads\/2022\/02\/julian-foto.jpg\" \/>\n\t<meta property=\"og:image:width\" content=\"1280\" \/>\n\t<meta property=\"og:image:height\" content=\"737\" \/>\n\t<meta property=\"og:image:type\" content=\"image\/jpeg\" \/>\n<meta name=\"author\" content=\"Jeanette\" \/>\n<meta name=\"twitter:card\" content=\"summary_large_image\" \/>\n<meta name=\"twitter:creator\" content=\"@eldiario_net\" \/>\n<meta name=\"twitter:site\" content=\"@eldiario_net\" \/>\n<meta name=\"twitter:label1\" content=\"Escrito por\" \/>\n\t<meta name=\"twitter:data1\" content=\"Jeanette\" \/>\n\t<meta name=\"twitter:label2\" content=\"Tiempo de lectura\" \/>\n\t<meta name=\"twitter:data2\" content=\"1 minuto\" \/>\n<script type=\"application\/ld+json\" class=\"yoast-schema-graph\">{\"@context\":\"https:\\\/\\\/schema.org\",\"@graph\":[{\"@type\":\"Article\",\"@id\":\"https:\\\/\\\/www.eldiario.net\\\/portal\\\/2022\\\/02\\\/22\\\/mas-de-bs-8-millones-para-tecnologia-agricola\\\/#article\",\"isPartOf\":{\"@id\":\"https:\\\/\\\/www.eldiario.net\\\/portal\\\/2022\\\/02\\\/22\\\/mas-de-bs-8-millones-para-tecnologia-agricola\\\/\"},\"author\":{\"name\":\"Jeanette\",\"@id\":\"https:\\\/\\\/www.eldiario.net\\\/portal\\\/#\\\/schema\\\/person\\\/2c57cf2b7a7ae032e449e4c9b1019eac\"},\"headline\":\"M\u00e1s de Bs 8 millones para tecnolog\u00eda agr\u00edcola\",\"datePublished\":\"2022-02-22T09:50:25+00:00\",\"mainEntityOfPage\":{\"@id\":\"https:\\\/\\\/www.eldiario.net\\\/portal\\\/2022\\\/02\\\/22\\\/mas-de-bs-8-millones-para-tecnologia-agricola\\\/\"},\"wordCount\":286,\"publisher\":{\"@id\":\"https:\\\/\\\/www.eldiario.net\\\/portal\\\/#organization\"},\"image\":{\"@id\":\"https:\\\/\\\/www.eldiario.net\\\/portal\\\/2022\\\/02\\\/22\\\/mas-de-bs-8-millones-para-tecnologia-agricola\\\/#primaryimage\"},\"thumbnailUrl\":\"https:\\\/\\\/www.eldiario.net\\\/portal\\\/wp-content\\\/uploads\\\/2022\\\/02\\\/julian-foto.jpg\",\"articleSection\":[\"Econom\u00eda\"],\"inLanguage\":\"es\"},{\"@type\":\"WebPage\",\"@id\":\"https:\\\/\\\/www.eldiario.net\\\/portal\\\/2022\\\/02\\\/22\\\/mas-de-bs-8-millones-para-tecnologia-agricola\\\/\",\"url\":\"https:\\\/\\\/www.eldiario.net\\\/portal\\\/2022\\\/02\\\/22\\\/mas-de-bs-8-millones-para-tecnologia-agricola\\\/\",\"name\":\"M\u00e1s de Bs 8 millones para tecnolog\u00eda agr\u00edcola - El Diario - Bolivia\",\"isPartOf\":{\"@id\":\"https:\\\/\\\/www.eldiario.net\\\/portal\\\/#website\"},\"primaryImageOfPage\":{\"@id\":\"https:\\\/\\\/www.eldiario.net\\\/portal\\\/2022\\\/02\\\/22\\\/mas-de-bs-8-millones-para-tecnologia-agricola\\\/#primaryimage\"},\"image\":{\"@id\":\"https:\\\/\\\/www.eldiario.net\\\/portal\\\/2022\\\/02\\\/22\\\/mas-de-bs-8-millones-para-tecnologia-agricola\\\/#primaryimage\"},\"thumbnailUrl\":\"https:\\\/\\\/www.eldiario.net\\\/portal\\\/wp-content\\\/uploads\\\/2022\\\/02\\\/julian-foto.jpg\",\"datePublished\":\"2022-02-22T09:50:25+00:00\",\"breadcrumb\":{\"@id\":\"https:\\\/\\\/www.eldiario.net\\\/portal\\\/2022\\\/02\\\/22\\\/mas-de-bs-8-millones-para-tecnologia-agricola\\\/#breadcrumb\"},\"inLanguage\":\"es\",\"potentialAction\":[{\"@type\":\"ReadAction\",\"target\":[\"https:\\\/\\\/www.eldiario.net\\\/portal\\\/2022\\\/02\\\/22\\\/mas-de-bs-8-millones-para-tecnologia-agricola\\\/\"]}]},{\"@type\":\"ImageObject\",\"inLanguage\":\"es\",\"@id\":\"https:\\\/\\\/www.eldiario.net\\\/portal\\\/2022\\\/02\\\/22\\\/mas-de-bs-8-millones-para-tecnologia-agricola\\\/#primaryimage\",\"url\":\"https:\\\/\\\/www.eldiario.net\\\/portal\\\/wp-content\\\/uploads\\\/2022\\\/02\\\/julian-foto.jpg\",\"contentUrl\":\"https:\\\/\\\/www.eldiario.net\\\/portal\\\/wp-content\\\/uploads\\\/2022\\\/02\\\/julian-foto.jpg\",\"width\":1280,\"height\":737,\"caption\":\"Momentos de la entrega de equipos a productores de San Juli\u00e1n. Foto MDRyT\"},{\"@type\":\"BreadcrumbList\",\"@id\":\"https:\\\/\\\/www.eldiario.net\\\/portal\\\/2022\\\/02\\\/22\\\/mas-de-bs-8-millones-para-tecnologia-agricola\\\/#breadcrumb\",\"itemListElement\":[{\"@type\":\"ListItem\",\"position\":1,\"name\":\"Portada\",\"item\":\"https:\\\/\\\/www.eldiario.net\\\/portal\\\/\"},{\"@type\":\"ListItem\",\"position\":2,\"name\":\"M\u00e1s de Bs 8 millones para tecnolog\u00eda agr\u00edcola\"}]},{\"@type\":\"WebSite\",\"@id\":\"https:\\\/\\\/www.eldiario.net\\\/portal\\\/#website\",\"url\":\"https:\\\/\\\/www.eldiario.net\\\/portal\\\/\",\"name\":\"El Diario - Decano de la prensa nacional\",\"description\":\"El Diario - Decano de la prensa nacional\",\"publisher\":{\"@id\":\"https:\\\/\\\/www.eldiario.net\\\/portal\\\/#organization\"},\"potentialAction\":[{\"@type\":\"SearchAction\",\"target\":{\"@type\":\"EntryPoint\",\"urlTemplate\":\"https:\\\/\\\/www.eldiario.net\\\/portal\\\/?s={search_term_string}\"},\"query-input\":{\"@type\":\"PropertyValueSpecification\",\"valueRequired\":true,\"valueName\":\"search_term_string\"}}],\"inLanguage\":\"es\"},{\"@type\":\"Organization\",\"@id\":\"https:\\\/\\\/www.eldiario.net\\\/portal\\\/#organization\",\"name\":\"El Diario - Decano de la prensa nacional\",\"url\":\"https:\\\/\\\/www.eldiario.net\\\/portal\\\/\",\"logo\":{\"@type\":\"ImageObject\",\"inLanguage\":\"es\",\"@id\":\"https:\\\/\\\/www.eldiario.net\\\/portal\\\/#\\\/schema\\\/logo\\\/image\\\/\",\"url\":\"https:\\\/\\\/www.eldiario.net\\\/portal\\\/wp-content\\\/uploads\\\/2023\\\/07\\\/logo_ED.jpg\",\"contentUrl\":\"https:\\\/\\\/www.eldiario.net\\\/portal\\\/wp-content\\\/uploads\\\/2023\\\/07\\\/logo_ED.jpg\",\"width\":272,\"height\":52,\"caption\":\"El Diario - Decano de la prensa nacional\"},\"image\":{\"@id\":\"https:\\\/\\\/www.eldiario.net\\\/portal\\\/#\\\/schema\\\/logo\\\/image\\\/\"},\"sameAs\":[\"https:\\\/\\\/www.facebook.com\\\/eldiario.bolivia\\\/\",\"https:\\\/\\\/x.com\\\/eldiario_net\"]},{\"@type\":\"Person\",\"@id\":\"https:\\\/\\\/www.eldiario.net\\\/portal\\\/#\\\/schema\\\/person\\\/2c57cf2b7a7ae032e449e4c9b1019eac\",\"name\":\"Jeanette\",\"image\":{\"@type\":\"ImageObject\",\"inLanguage\":\"es\",\"@id\":\"https:\\\/\\\/secure.gravatar.com\\\/avatar\\\/3ea2118a5f7dad2b7138b1187a6b7ee55f160b9968b66013c3a3ef39dd7e5798?s=96&d=mm&r=g\",\"url\":\"https:\\\/\\\/secure.gravatar.com\\\/avatar\\\/3ea2118a5f7dad2b7138b1187a6b7ee55f160b9968b66013c3a3ef39dd7e5798?s=96&d=mm&r=g\",\"contentUrl\":\"https:\\\/\\\/secure.gravatar.com\\\/avatar\\\/3ea2118a5f7dad2b7138b1187a6b7ee55f160b9968b66013c3a3ef39dd7e5798?s=96&d=mm&r=g\",\"caption\":\"Jeanette\"},\"sameAs\":[\"https:\\\/\\\/www.eldiario.net\\\/portal\"],\"url\":\"https:\\\/\\\/www.eldiario.net\\\/portal\\\/author\\\/jeanette\\\/\"}]}<\/script>\n<!-- \/ Yoast SEO plugin. -->","yoast_head_json":{"title":"M\u00e1s de Bs 8 millones para tecnolog\u00eda agr\u00edcola - El Diario - Bolivia","robots":{"index":"index","follow":"follow","max-snippet":"max-snippet:-1","max-image-preview":"max-image-preview:large","max-video-preview":"max-video-preview:-1"},"canonical":"https:\/\/www.eldiario.net\/portal\/2022\/02\/22\/mas-de-bs-8-millones-para-tecnologia-agricola\/","og_locale":"es_ES","og_type":"article","og_title":"M\u00e1s de Bs 8 millones para tecnolog\u00eda agr\u00edcola - El Diario - Bolivia","og_description":"La Feria Tecnol\u00f3gica Agroalimentaria del Programa de Creaci\u00f3n de Iniciativas Agroalimentarias Rurales &#8211; CRIAR II, realizada en el municipio de San Juli\u00e1n del departamento de Santa Cruz, fue escenario para informar sobre la inversi\u00f3n que se realiza en la regi\u00f3n en tecnolog\u00eda agr\u00edcola, por m\u00e1s de 8 millones de bolivianos. Informaron que en el municipio [&hellip;]","og_url":"https:\/\/www.eldiario.net\/portal\/2022\/02\/22\/mas-de-bs-8-millones-para-tecnologia-agricola\/","og_site_name":"El Diario - Bolivia","article_publisher":"https:\/\/www.facebook.com\/eldiario.bolivia\/","article_published_time":"2022-02-22T09:50:25+00:00","og_image":[{"width":1280,"height":737,"url":"https:\/\/www.eldiario.net\/portal\/wp-content\/uploads\/2022\/02\/julian-foto.jpg","type":"image\/jpeg"}],"author":"Jeanette","twitter_card":"summary_large_image","twitter_creator":"@eldiario_net","twitter_site":"@eldiario_net","twitter_misc":{"Escrito por":"Jeanette","Tiempo de lectura":"1 minuto"},"schema":{"@context":"https:\/\/schema.org","@graph":[{"@type":"Article","@id":"https:\/\/www.eldiario.net\/portal\/2022\/02\/22\/mas-de-bs-8-millones-para-tecnologia-agricola\/#article","isPartOf":{"@id":"https:\/\/www.eldiario.net\/portal\/2022\/02\/22\/mas-de-bs-8-millones-para-tecnologia-agricola\/"},"author":{"name":"Jeanette","@id":"https:\/\/www.eldiario.net\/portal\/#\/schema\/person\/2c57cf2b7a7ae032e449e4c9b1019eac"},"headline":"M\u00e1s de Bs 8 millones para tecnolog\u00eda agr\u00edcola","datePublished":"2022-02-22T09:50:25+00:00","mainEntityOfPage":{"@id":"https:\/\/www.eldiario.net\/portal\/2022\/02\/22\/mas-de-bs-8-millones-para-tecnologia-agricola\/"},"wordCount":286,"publisher":{"@id":"https:\/\/www.eldiario.net\/portal\/#organization"},"image":{"@id":"https:\/\/www.eldiario.net\/portal\/2022\/02\/22\/mas-de-bs-8-millones-para-tecnologia-agricola\/#primaryimage"},"thumbnailUrl":"https:\/\/www.eldiario.net\/portal\/wp-content\/uploads\/2022\/02\/julian-foto.jpg","articleSection":["Econom\u00eda"],"inLanguage":"es"},{"@type":"WebPage","@id":"https:\/\/www.eldiario.net\/portal\/2022\/02\/22\/mas-de-bs-8-millones-para-tecnologia-agricola\/","url":"https:\/\/www.eldiario.net\/portal\/2022\/02\/22\/mas-de-bs-8-millones-para-tecnologia-agricola\/","name":"M\u00e1s de Bs 8 millones para tecnolog\u00eda agr\u00edcola - El Diario - Bolivia","isPartOf":{"@id":"https:\/\/www.eldiario.net\/portal\/#website"},"primaryImageOfPage":{"@id":"https:\/\/www.eldiario.net\/portal\/2022\/02\/22\/mas-de-bs-8-millones-para-tecnologia-agricola\/#primaryimage"},"image":{"@id":"https:\/\/www.eldiario.net\/portal\/2022\/02\/22\/mas-de-bs-8-millones-para-tecnologia-agricola\/#primaryimage"},"thumbnailUrl":"https:\/\/www.eldiario.net\/portal\/wp-content\/uploads\/2022\/02\/julian-foto.jpg","datePublished":"2022-02-22T09:50:25+00:00","breadcrumb":{"@id":"https:\/\/www.eldiario.net\/portal\/2022\/02\/22\/mas-de-bs-8-millones-para-tecnologia-agricola\/#breadcrumb"},"inLanguage":"es","potentialAction":[{"@type":"ReadAction","target":["https:\/\/www.eldiario.net\/portal\/2022\/02\/22\/mas-de-bs-8-millones-para-tecnologia-agricola\/"]}]},{"@type":"ImageObject","inLanguage":"es","@id":"https:\/\/www.eldiario.net\/portal\/2022\/02\/22\/mas-de-bs-8-millones-para-tecnologia-agricola\/#primaryimage","url":"https:\/\/www.eldiario.net\/portal\/wp-content\/uploads\/2022\/02\/julian-foto.jpg","contentUrl":"https:\/\/www.eldiario.net\/portal\/wp-content\/uploads\/2022\/02\/julian-foto.jpg","width":1280,"height":737,"caption":"Momentos de la entrega de equipos a productores de San Juli\u00e1n. Foto MDRyT"},{"@type":"BreadcrumbList","@id":"https:\/\/www.eldiario.net\/portal\/2022\/02\/22\/mas-de-bs-8-millones-para-tecnologia-agricola\/#breadcrumb","itemListElement":[{"@type":"ListItem","position":1,"name":"Portada","item":"https:\/\/www.eldiario.net\/portal\/"},{"@type":"ListItem","position":2,"name":"M\u00e1s de Bs 8 millones para tecnolog\u00eda agr\u00edcola"}]},{"@type":"WebSite","@id":"https:\/\/www.eldiario.net\/portal\/#website","url":"https:\/\/www.eldiario.net\/portal\/","name":"El Diario - Decano de la prensa nacional","description":"El Diario - Decano de la prensa nacional","publisher":{"@id":"https:\/\/www.eldiario.net\/portal\/#organization"},"potentialAction":[{"@type":"SearchAction","target":{"@type":"EntryPoint","urlTemplate":"https:\/\/www.eldiario.net\/portal\/?s={search_term_string}"},"query-input":{"@type":"PropertyValueSpecification","valueRequired":true,"valueName":"search_term_string"}}],"inLanguage":"es"},{"@type":"Organization","@id":"https:\/\/www.eldiario.net\/portal\/#organization","name":"El Diario - Decano de la prensa nacional","url":"https:\/\/www.eldiario.net\/portal\/","logo":{"@type":"ImageObject","inLanguage":"es","@id":"https:\/\/www.eldiario.net\/portal\/#\/schema\/logo\/image\/","url":"https:\/\/www.eldiario.net\/portal\/wp-content\/uploads\/2023\/07\/logo_ED.jpg","contentUrl":"https:\/\/www.eldiario.net\/portal\/wp-content\/uploads\/2023\/07\/logo_ED.jpg","width":272,"height":52,"caption":"El Diario - Decano de la prensa nacional"},"image":{"@id":"https:\/\/www.eldiario.net\/portal\/#\/schema\/logo\/image\/"},"sameAs":["https:\/\/www.facebook.com\/eldiario.bolivia\/","https:\/\/x.com\/eldiario_net"]},{"@type":"Person","@id":"https:\/\/www.eldiario.net\/portal\/#\/schema\/person\/2c57cf2b7a7ae032e449e4c9b1019eac","name":"Jeanette","image":{"@type":"ImageObject","inLanguage":"es","@id":"https:\/\/secure.gravatar.com\/avatar\/3ea2118a5f7dad2b7138b1187a6b7ee55f160b9968b66013c3a3ef39dd7e5798?s=96&d=mm&r=g","url":"https:\/\/secure.gravatar.com\/avatar\/3ea2118a5f7dad2b7138b1187a6b7ee55f160b9968b66013c3a3ef39dd7e5798?s=96&d=mm&r=g","contentUrl":"https:\/\/secure.gravatar.com\/avatar\/3ea2118a5f7dad2b7138b1187a6b7ee55f160b9968b66013c3a3ef39dd7e5798?s=96&d=mm&r=g","caption":"Jeanette"},"sameAs":["https:\/\/www.eldiario.net\/portal"],"url":"https:\/\/www.eldiario.net\/portal\/author\/jeanette\/"}]}},"_links":{"self":[{"href":"https:\/\/www.eldiario.net\/portal\/wp-json\/wp\/v2\/posts\/64978","targetHints":{"allow":["GET"]}}],"collection":[{"href":"https:\/\/www.eldiario.net\/portal\/wp-json\/wp\/v2\/posts"}],"about":[{"href":"https:\/\/www.eldiario.net\/portal\/wp-json\/wp\/v2\/types\/post"}],"author":[{"embeddable":true,"href":"https:\/\/www.eldiario.net\/portal\/wp-json\/wp\/v2\/users\/1"}],"replies":[{"embeddable":true,"href":"https:\/\/www.eldiario.net\/portal\/wp-json\/wp\/v2\/comments?post=64978"}],"version-history":[{"count":0,"href":"https:\/\/www.eldiario.net\/portal\/wp-json\/wp\/v2\/posts\/64978\/revisions"}],"wp:featuredmedia":[{"embeddable":true,"href":"https:\/\/www.eldiario.net\/portal\/wp-json\/wp\/v2\/media\/64979"}],"wp:attachment":[{"href":"https:\/\/www.eldiario.net\/portal\/wp-json\/wp\/v2\/media?parent=64978"}],"wp:term":[{"taxonomy":"category","embeddable":true,"href":"https:\/\/www.eldiario.net\/portal\/wp-json\/wp\/v2\/categories?post=64978"},{"taxonomy":"post_tag","embeddable":true,"href":"https:\/\/www.eldiario.net\/portal\/wp-json\/wp\/v2\/tags?post=64978"}],"curies":[{"name":"wp","href":"https:\/\/api.w.org\/{rel}","templated":true}]}}