{"id":64968,"date":"2022-02-22T05:46:34","date_gmt":"2022-02-22T09:46:34","guid":{"rendered":"https:\/\/www.eldiario.net\/portal\/?p=64968"},"modified":"2022-02-22T05:46:34","modified_gmt":"2022-02-22T09:46:34","slug":"confirman-que-radialista-fue-asesinada-no-se-suicido","status":"publish","type":"post","link":"https:\/\/www.eldiario.net\/portal\/2022\/02\/22\/confirman-que-radialista-fue-asesinada-no-se-suicido\/","title":{"rendered":"Confirman que radialista  fue asesinada, no se suicid\u00f3"},"content":{"rendered":"<p>El fiscal departamental de Santa Cruz, Roger Mariaca, confirm\u00f3 ayer que tras la inspecci\u00f3n ocular en la casa en donde viv\u00eda la<a href=\"https:\/\/unitel.bo\/buscar\/?tag=diana+p%C3%B3rcel\">\u00a0radialista, Diana P.<\/a>, encontrada sin vida el pasado 5 de febrero, el caso se investiga como presunto feminicidio. Descarta que fuera auto-atentado.<\/p>\n<p>Ayer efectivos de la Fuerza Especial de Lucha Contra la Violencia (Felcv) y la Fiscal\u00eda llegaron hasta la vivienda de la joven, ubicada en el segundo anillo de la avenida Pira\u00ed, en la ciudad de Santa Cruz de la Sierra.<\/p>\n<p>Inicialmente la fiscal Francisca Rivero inform\u00f3 p\u00fablicamente que Diana P. hab\u00eda atentado contra su vida y se detall\u00f3 que la causa de la muerte fue por asfixia mec\u00e1nica.<\/p>\n<p>El director de la Felcv, Edson Claure, manifest\u00f3 que el caso pas\u00f3 a dos investigadores para que lleguen a la verdad hist\u00f3rica de los hechos.<\/p>\n<p>&nbsp;<\/p>\n<p><strong>DATOS <\/strong><\/p>\n<p>La v\u00edctima ten\u00eda, 23 a\u00f1os de edad, trabajaba en Radio Mix, y desde hace un tiempo viv\u00eda con su novio, Carlos V. La pareja de la joven fue quien la encontr\u00f3 y relat\u00f3 que ella estaba de espaldas. \u201cLa vi con una cadena y con marcas rojas (en el cuello), sus labios estaban morados\u201d, dijo.<\/p>\n<p>La familia de la v\u00edctima fatal denunci\u00f3 que el cuerpo presentaba varios hematomas. \u201cYo pido justicia, porque mi hija no se iba a hacer eso, ella tiene todo su cuerpo morado, hasta sus ojos, tiene golpes, sus piernas, est\u00e1 toda ara\u00f1ada\u201d, dijo.<\/p>\n<p>&nbsp;<\/p>\n","protected":false},"excerpt":{"rendered":"<p>El fiscal departamental de Santa Cruz, Roger Mariaca, confirm\u00f3 ayer que tras la inspecci\u00f3n ocular en la casa en donde viv\u00eda la\u00a0radialista, Diana P., encontrada sin vida el pasado 5 de febrero, el caso se investiga como presunto feminicidio. Descarta que fuera auto-atentado. Ayer efectivos de la Fuerza Especial de Lucha Contra la Violencia (Felcv) [&hellip;]<\/p>\n","protected":false},"author":1,"featured_media":64969,"comment_status":"closed","ping_status":"closed","sticky":false,"template":"","format":"standard","meta":{"_acf_changed":false,"footnotes":""},"categories":[39],"tags":[],"class_list":["post-64968","post","type-post","status-publish","format-standard","has-post-thumbnail","category-sociedad"],"acf":{"antetitulo":""},"yoast_head":"<!-- This site is optimized with the Yoast SEO plugin v28.4 - https:\/\/yoast.com\/product\/yoast-seo-wordpress\/ -->\n<title>Confirman que radialista fue asesinada, no se suicid\u00f3 - El Diario - Bolivia<\/title>\n<meta name=\"robots\" content=\"index, follow, max-snippet:-1, max-image-preview:large, max-video-preview:-1\" \/>\n<link rel=\"canonical\" href=\"https:\/\/www.eldiario.net\/portal\/2022\/02\/22\/confirman-que-radialista-fue-asesinada-no-se-suicido\/\" \/>\n<meta property=\"og:locale\" content=\"es_ES\" \/>\n<meta property=\"og:type\" content=\"article\" \/>\n<meta property=\"og:title\" content=\"Confirman que radialista fue asesinada, no se suicid\u00f3 - El Diario - Bolivia\" \/>\n<meta property=\"og:description\" content=\"El fiscal departamental de Santa Cruz, Roger Mariaca, confirm\u00f3 ayer que tras la inspecci\u00f3n ocular en la casa en donde viv\u00eda la\u00a0radialista, Diana P., encontrada sin vida el pasado 5 de febrero, el caso se investiga como presunto feminicidio. Descarta que fuera auto-atentado. Ayer efectivos de la Fuerza Especial de Lucha Contra la Violencia (Felcv) [&hellip;]\" \/>\n<meta property=\"og:url\" content=\"https:\/\/www.eldiario.net\/portal\/2022\/02\/22\/confirman-que-radialista-fue-asesinada-no-se-suicido\/\" \/>\n<meta property=\"og:site_name\" content=\"El Diario - Bolivia\" \/>\n<meta property=\"article:publisher\" content=\"https:\/\/www.facebook.com\/eldiario.bolivia\/\" \/>\n<meta property=\"article:published_time\" content=\"2022-02-22T09:46:34+00:00\" \/>\n<meta name=\"author\" content=\"Jeanette\" \/>\n<meta name=\"twitter:card\" content=\"summary_large_image\" \/>\n<meta name=\"twitter:creator\" content=\"@eldiario_net\" \/>\n<meta name=\"twitter:site\" content=\"@eldiario_net\" \/>\n<meta name=\"twitter:label1\" content=\"Escrito por\" \/>\n\t<meta name=\"twitter:data1\" content=\"Jeanette\" \/>\n\t<meta name=\"twitter:label2\" content=\"Tiempo de lectura\" \/>\n\t<meta name=\"twitter:data2\" content=\"2 minutos\" \/>\n<script type=\"application\/ld+json\" class=\"yoast-schema-graph\">{\"@context\":\"https:\\\/\\\/schema.org\",\"@graph\":[{\"@type\":\"Article\",\"@id\":\"https:\\\/\\\/www.eldiario.net\\\/portal\\\/2022\\\/02\\\/22\\\/confirman-que-radialista-fue-asesinada-no-se-suicido\\\/#article\",\"isPartOf\":{\"@id\":\"https:\\\/\\\/www.eldiario.net\\\/portal\\\/2022\\\/02\\\/22\\\/confirman-que-radialista-fue-asesinada-no-se-suicido\\\/\"},\"author\":{\"name\":\"Jeanette\",\"@id\":\"https:\\\/\\\/www.eldiario.net\\\/portal\\\/#\\\/schema\\\/person\\\/2c57cf2b7a7ae032e449e4c9b1019eac\"},\"headline\":\"Confirman que radialista fue asesinada, no se suicid\u00f3\",\"datePublished\":\"2022-02-22T09:46:34+00:00\",\"mainEntityOfPage\":{\"@id\":\"https:\\\/\\\/www.eldiario.net\\\/portal\\\/2022\\\/02\\\/22\\\/confirman-que-radialista-fue-asesinada-no-se-suicido\\\/\"},\"wordCount\":256,\"publisher\":{\"@id\":\"https:\\\/\\\/www.eldiario.net\\\/portal\\\/#organization\"},\"image\":{\"@id\":\"https:\\\/\\\/www.eldiario.net\\\/portal\\\/2022\\\/02\\\/22\\\/confirman-que-radialista-fue-asesinada-no-se-suicido\\\/#primaryimage\"},\"thumbnailUrl\":\"\",\"articleSection\":[\"Sociedad - Seguridad\"],\"inLanguage\":\"es\"},{\"@type\":\"WebPage\",\"@id\":\"https:\\\/\\\/www.eldiario.net\\\/portal\\\/2022\\\/02\\\/22\\\/confirman-que-radialista-fue-asesinada-no-se-suicido\\\/\",\"url\":\"https:\\\/\\\/www.eldiario.net\\\/portal\\\/2022\\\/02\\\/22\\\/confirman-que-radialista-fue-asesinada-no-se-suicido\\\/\",\"name\":\"Confirman que radialista fue asesinada, no se suicid\u00f3 - El Diario - Bolivia\",\"isPartOf\":{\"@id\":\"https:\\\/\\\/www.eldiario.net\\\/portal\\\/#website\"},\"primaryImageOfPage\":{\"@id\":\"https:\\\/\\\/www.eldiario.net\\\/portal\\\/2022\\\/02\\\/22\\\/confirman-que-radialista-fue-asesinada-no-se-suicido\\\/#primaryimage\"},\"image\":{\"@id\":\"https:\\\/\\\/www.eldiario.net\\\/portal\\\/2022\\\/02\\\/22\\\/confirman-que-radialista-fue-asesinada-no-se-suicido\\\/#primaryimage\"},\"thumbnailUrl\":\"\",\"datePublished\":\"2022-02-22T09:46:34+00:00\",\"breadcrumb\":{\"@id\":\"https:\\\/\\\/www.eldiario.net\\\/portal\\\/2022\\\/02\\\/22\\\/confirman-que-radialista-fue-asesinada-no-se-suicido\\\/#breadcrumb\"},\"inLanguage\":\"es\",\"potentialAction\":[{\"@type\":\"ReadAction\",\"target\":[\"https:\\\/\\\/www.eldiario.net\\\/portal\\\/2022\\\/02\\\/22\\\/confirman-que-radialista-fue-asesinada-no-se-suicido\\\/\"]}]},{\"@type\":\"ImageObject\",\"inLanguage\":\"es\",\"@id\":\"https:\\\/\\\/www.eldiario.net\\\/portal\\\/2022\\\/02\\\/22\\\/confirman-que-radialista-fue-asesinada-no-se-suicido\\\/#primaryimage\",\"url\":\"\",\"contentUrl\":\"\"},{\"@type\":\"BreadcrumbList\",\"@id\":\"https:\\\/\\\/www.eldiario.net\\\/portal\\\/2022\\\/02\\\/22\\\/confirman-que-radialista-fue-asesinada-no-se-suicido\\\/#breadcrumb\",\"itemListElement\":[{\"@type\":\"ListItem\",\"position\":1,\"name\":\"Portada\",\"item\":\"https:\\\/\\\/www.eldiario.net\\\/portal\\\/\"},{\"@type\":\"ListItem\",\"position\":2,\"name\":\"Confirman que radialista fue asesinada, no se suicid\u00f3\"}]},{\"@type\":\"WebSite\",\"@id\":\"https:\\\/\\\/www.eldiario.net\\\/portal\\\/#website\",\"url\":\"https:\\\/\\\/www.eldiario.net\\\/portal\\\/\",\"name\":\"El Diario - Decano de la prensa nacional\",\"description\":\"El Diario - Decano de la prensa nacional\",\"publisher\":{\"@id\":\"https:\\\/\\\/www.eldiario.net\\\/portal\\\/#organization\"},\"potentialAction\":[{\"@type\":\"SearchAction\",\"target\":{\"@type\":\"EntryPoint\",\"urlTemplate\":\"https:\\\/\\\/www.eldiario.net\\\/portal\\\/?s={search_term_string}\"},\"query-input\":{\"@type\":\"PropertyValueSpecification\",\"valueRequired\":true,\"valueName\":\"search_term_string\"}}],\"inLanguage\":\"es\"},{\"@type\":\"Organization\",\"@id\":\"https:\\\/\\\/www.eldiario.net\\\/portal\\\/#organization\",\"name\":\"El Diario - Decano de la prensa nacional\",\"url\":\"https:\\\/\\\/www.eldiario.net\\\/portal\\\/\",\"logo\":{\"@type\":\"ImageObject\",\"inLanguage\":\"es\",\"@id\":\"https:\\\/\\\/www.eldiario.net\\\/portal\\\/#\\\/schema\\\/logo\\\/image\\\/\",\"url\":\"https:\\\/\\\/www.eldiario.net\\\/portal\\\/wp-content\\\/uploads\\\/2023\\\/07\\\/logo_ED.jpg\",\"contentUrl\":\"https:\\\/\\\/www.eldiario.net\\\/portal\\\/wp-content\\\/uploads\\\/2023\\\/07\\\/logo_ED.jpg\",\"width\":272,\"height\":52,\"caption\":\"El Diario - Decano de la prensa nacional\"},\"image\":{\"@id\":\"https:\\\/\\\/www.eldiario.net\\\/portal\\\/#\\\/schema\\\/logo\\\/image\\\/\"},\"sameAs\":[\"https:\\\/\\\/www.facebook.com\\\/eldiario.bolivia\\\/\",\"https:\\\/\\\/x.com\\\/eldiario_net\"]},{\"@type\":\"Person\",\"@id\":\"https:\\\/\\\/www.eldiario.net\\\/portal\\\/#\\\/schema\\\/person\\\/2c57cf2b7a7ae032e449e4c9b1019eac\",\"name\":\"Jeanette\",\"image\":{\"@type\":\"ImageObject\",\"inLanguage\":\"es\",\"@id\":\"https:\\\/\\\/secure.gravatar.com\\\/avatar\\\/3ea2118a5f7dad2b7138b1187a6b7ee55f160b9968b66013c3a3ef39dd7e5798?s=96&d=mm&r=g\",\"url\":\"https:\\\/\\\/secure.gravatar.com\\\/avatar\\\/3ea2118a5f7dad2b7138b1187a6b7ee55f160b9968b66013c3a3ef39dd7e5798?s=96&d=mm&r=g\",\"contentUrl\":\"https:\\\/\\\/secure.gravatar.com\\\/avatar\\\/3ea2118a5f7dad2b7138b1187a6b7ee55f160b9968b66013c3a3ef39dd7e5798?s=96&d=mm&r=g\",\"caption\":\"Jeanette\"},\"sameAs\":[\"https:\\\/\\\/www.eldiario.net\\\/portal\"],\"url\":\"https:\\\/\\\/www.eldiario.net\\\/portal\\\/author\\\/jeanette\\\/\"}]}<\/script>\n<!-- \/ Yoast SEO plugin. -->","yoast_head_json":{"title":"Confirman que radialista fue asesinada, no se suicid\u00f3 - El Diario - Bolivia","robots":{"index":"index","follow":"follow","max-snippet":"max-snippet:-1","max-image-preview":"max-image-preview:large","max-video-preview":"max-video-preview:-1"},"canonical":"https:\/\/www.eldiario.net\/portal\/2022\/02\/22\/confirman-que-radialista-fue-asesinada-no-se-suicido\/","og_locale":"es_ES","og_type":"article","og_title":"Confirman que radialista fue asesinada, no se suicid\u00f3 - El Diario - Bolivia","og_description":"El fiscal departamental de Santa Cruz, Roger Mariaca, confirm\u00f3 ayer que tras la inspecci\u00f3n ocular en la casa en donde viv\u00eda la\u00a0radialista, Diana P., encontrada sin vida el pasado 5 de febrero, el caso se investiga como presunto feminicidio. Descarta que fuera auto-atentado. Ayer efectivos de la Fuerza Especial de Lucha Contra la Violencia (Felcv) [&hellip;]","og_url":"https:\/\/www.eldiario.net\/portal\/2022\/02\/22\/confirman-que-radialista-fue-asesinada-no-se-suicido\/","og_site_name":"El Diario - Bolivia","article_publisher":"https:\/\/www.facebook.com\/eldiario.bolivia\/","article_published_time":"2022-02-22T09:46:34+00:00","author":"Jeanette","twitter_card":"summary_large_image","twitter_creator":"@eldiario_net","twitter_site":"@eldiario_net","twitter_misc":{"Escrito por":"Jeanette","Tiempo de lectura":"2 minutos"},"schema":{"@context":"https:\/\/schema.org","@graph":[{"@type":"Article","@id":"https:\/\/www.eldiario.net\/portal\/2022\/02\/22\/confirman-que-radialista-fue-asesinada-no-se-suicido\/#article","isPartOf":{"@id":"https:\/\/www.eldiario.net\/portal\/2022\/02\/22\/confirman-que-radialista-fue-asesinada-no-se-suicido\/"},"author":{"name":"Jeanette","@id":"https:\/\/www.eldiario.net\/portal\/#\/schema\/person\/2c57cf2b7a7ae032e449e4c9b1019eac"},"headline":"Confirman que radialista fue asesinada, no se suicid\u00f3","datePublished":"2022-02-22T09:46:34+00:00","mainEntityOfPage":{"@id":"https:\/\/www.eldiario.net\/portal\/2022\/02\/22\/confirman-que-radialista-fue-asesinada-no-se-suicido\/"},"wordCount":256,"publisher":{"@id":"https:\/\/www.eldiario.net\/portal\/#organization"},"image":{"@id":"https:\/\/www.eldiario.net\/portal\/2022\/02\/22\/confirman-que-radialista-fue-asesinada-no-se-suicido\/#primaryimage"},"thumbnailUrl":"","articleSection":["Sociedad - Seguridad"],"inLanguage":"es"},{"@type":"WebPage","@id":"https:\/\/www.eldiario.net\/portal\/2022\/02\/22\/confirman-que-radialista-fue-asesinada-no-se-suicido\/","url":"https:\/\/www.eldiario.net\/portal\/2022\/02\/22\/confirman-que-radialista-fue-asesinada-no-se-suicido\/","name":"Confirman que radialista fue asesinada, no se suicid\u00f3 - El Diario - Bolivia","isPartOf":{"@id":"https:\/\/www.eldiario.net\/portal\/#website"},"primaryImageOfPage":{"@id":"https:\/\/www.eldiario.net\/portal\/2022\/02\/22\/confirman-que-radialista-fue-asesinada-no-se-suicido\/#primaryimage"},"image":{"@id":"https:\/\/www.eldiario.net\/portal\/2022\/02\/22\/confirman-que-radialista-fue-asesinada-no-se-suicido\/#primaryimage"},"thumbnailUrl":"","datePublished":"2022-02-22T09:46:34+00:00","breadcrumb":{"@id":"https:\/\/www.eldiario.net\/portal\/2022\/02\/22\/confirman-que-radialista-fue-asesinada-no-se-suicido\/#breadcrumb"},"inLanguage":"es","potentialAction":[{"@type":"ReadAction","target":["https:\/\/www.eldiario.net\/portal\/2022\/02\/22\/confirman-que-radialista-fue-asesinada-no-se-suicido\/"]}]},{"@type":"ImageObject","inLanguage":"es","@id":"https:\/\/www.eldiario.net\/portal\/2022\/02\/22\/confirman-que-radialista-fue-asesinada-no-se-suicido\/#primaryimage","url":"","contentUrl":""},{"@type":"BreadcrumbList","@id":"https:\/\/www.eldiario.net\/portal\/2022\/02\/22\/confirman-que-radialista-fue-asesinada-no-se-suicido\/#breadcrumb","itemListElement":[{"@type":"ListItem","position":1,"name":"Portada","item":"https:\/\/www.eldiario.net\/portal\/"},{"@type":"ListItem","position":2,"name":"Confirman que radialista fue asesinada, no se suicid\u00f3"}]},{"@type":"WebSite","@id":"https:\/\/www.eldiario.net\/portal\/#website","url":"https:\/\/www.eldiario.net\/portal\/","name":"El Diario - Decano de la prensa nacional","description":"El Diario - Decano de la prensa nacional","publisher":{"@id":"https:\/\/www.eldiario.net\/portal\/#organization"},"potentialAction":[{"@type":"SearchAction","target":{"@type":"EntryPoint","urlTemplate":"https:\/\/www.eldiario.net\/portal\/?s={search_term_string}"},"query-input":{"@type":"PropertyValueSpecification","valueRequired":true,"valueName":"search_term_string"}}],"inLanguage":"es"},{"@type":"Organization","@id":"https:\/\/www.eldiario.net\/portal\/#organization","name":"El Diario - Decano de la prensa nacional","url":"https:\/\/www.eldiario.net\/portal\/","logo":{"@type":"ImageObject","inLanguage":"es","@id":"https:\/\/www.eldiario.net\/portal\/#\/schema\/logo\/image\/","url":"https:\/\/www.eldiario.net\/portal\/wp-content\/uploads\/2023\/07\/logo_ED.jpg","contentUrl":"https:\/\/www.eldiario.net\/portal\/wp-content\/uploads\/2023\/07\/logo_ED.jpg","width":272,"height":52,"caption":"El Diario - Decano de la prensa nacional"},"image":{"@id":"https:\/\/www.eldiario.net\/portal\/#\/schema\/logo\/image\/"},"sameAs":["https:\/\/www.facebook.com\/eldiario.bolivia\/","https:\/\/x.com\/eldiario_net"]},{"@type":"Person","@id":"https:\/\/www.eldiario.net\/portal\/#\/schema\/person\/2c57cf2b7a7ae032e449e4c9b1019eac","name":"Jeanette","image":{"@type":"ImageObject","inLanguage":"es","@id":"https:\/\/secure.gravatar.com\/avatar\/3ea2118a5f7dad2b7138b1187a6b7ee55f160b9968b66013c3a3ef39dd7e5798?s=96&d=mm&r=g","url":"https:\/\/secure.gravatar.com\/avatar\/3ea2118a5f7dad2b7138b1187a6b7ee55f160b9968b66013c3a3ef39dd7e5798?s=96&d=mm&r=g","contentUrl":"https:\/\/secure.gravatar.com\/avatar\/3ea2118a5f7dad2b7138b1187a6b7ee55f160b9968b66013c3a3ef39dd7e5798?s=96&d=mm&r=g","caption":"Jeanette"},"sameAs":["https:\/\/www.eldiario.net\/portal"],"url":"https:\/\/www.eldiario.net\/portal\/author\/jeanette\/"}]}},"_links":{"self":[{"href":"https:\/\/www.eldiario.net\/portal\/wp-json\/wp\/v2\/posts\/64968","targetHints":{"allow":["GET"]}}],"collection":[{"href":"https:\/\/www.eldiario.net\/portal\/wp-json\/wp\/v2\/posts"}],"about":[{"href":"https:\/\/www.eldiario.net\/portal\/wp-json\/wp\/v2\/types\/post"}],"author":[{"embeddable":true,"href":"https:\/\/www.eldiario.net\/portal\/wp-json\/wp\/v2\/users\/1"}],"replies":[{"embeddable":true,"href":"https:\/\/www.eldiario.net\/portal\/wp-json\/wp\/v2\/comments?post=64968"}],"version-history":[{"count":0,"href":"https:\/\/www.eldiario.net\/portal\/wp-json\/wp\/v2\/posts\/64968\/revisions"}],"wp:attachment":[{"href":"https:\/\/www.eldiario.net\/portal\/wp-json\/wp\/v2\/media?parent=64968"}],"wp:term":[{"taxonomy":"category","embeddable":true,"href":"https:\/\/www.eldiario.net\/portal\/wp-json\/wp\/v2\/categories?post=64968"},{"taxonomy":"post_tag","embeddable":true,"href":"https:\/\/www.eldiario.net\/portal\/wp-json\/wp\/v2\/tags?post=64968"}],"curies":[{"name":"wp","href":"https:\/\/api.w.org\/{rel}","templated":true}]}}