{"id":64936,"date":"2022-02-22T05:36:59","date_gmt":"2022-02-22T09:36:59","guid":{"rendered":"https:\/\/www.eldiario.net\/portal\/?p=64936"},"modified":"2022-02-22T05:36:59","modified_gmt":"2022-02-22T09:36:59","slug":"boric-invita-a-investidura-al-escritor-sergio-ramirez","status":"publish","type":"post","link":"https:\/\/www.eldiario.net\/portal\/2022\/02\/22\/boric-invita-a-investidura-al-escritor-sergio-ramirez\/","title":{"rendered":"Boric invita a investidura  al escritor Sergio Ram\u00edrez"},"content":{"rendered":"<p>Santiago.- El presidente electo de Chile, Gabriel Boric, invit\u00f3 a su toma de posesi\u00f3n al escritor y exvicepresidente nicarag\u00fcense Sergio Ram\u00edrez, acusado de conspirar e incitar al odio por las autoridades bajo control de Daniel Ortega, que en estos \u00faltimos meses ha recrudecido la presi\u00f3n sobre la disidencia pol\u00edtica.<\/p>\n<p>Ram\u00edrez comparti\u00f3 en Twitter la carta de Boric, agradeci\u00e9ndole no solo la invitaci\u00f3n en s\u00ed, sino tambi\u00e9n la \u00absolidaridad\u00bb demostrada con Nicaragua en este \u00faltimo a\u00f1o.<\/p>\n<p>El nuevo mandatario chileno, que asumir\u00e1 el cargo de marzo, se ha mostrado cr\u00edtico tanto con el Gobierno de Venezuela como con el de Nicaragua, desmarc\u00e1ndose as\u00ed de otras administraciones de izquierdas de la regi\u00f3n. Sus cr\u00edticas tambi\u00e9n son compartidas con la futura ministra de Exteriores, Antonia Urrejola, antigua responsable de la Comisi\u00f3n Interamericana de Derechos Humanos (CIDH).<\/p>\n<p>Boric no ha sido tan directo en su carta a Ram\u00edrez, a\u00fan pendiente de respuesta. \u00abEn este inicio de un nuevo periodo para nuestro pa\u00eds, queremos compartir con compa\u00f1eras y compa\u00f1eros de ruta que, desde otros pa\u00edses y naciones, est\u00e1n trabajando para construir un presente y un futuro de mayor dignidad, justicia y bienestar para todos y todas\u00bb, reza la misiva. (Europa Press)<\/p>\n<p>&nbsp;<\/p>\n","protected":false},"excerpt":{"rendered":"<p>Santiago.- El presidente electo de Chile, Gabriel Boric, invit\u00f3 a su toma de posesi\u00f3n al escritor y exvicepresidente nicarag\u00fcense Sergio Ram\u00edrez, acusado de conspirar e incitar al odio por las autoridades bajo control de Daniel Ortega, que en estos \u00faltimos meses ha recrudecido la presi\u00f3n sobre la disidencia pol\u00edtica. Ram\u00edrez comparti\u00f3 en Twitter la carta [&hellip;]<\/p>\n","protected":false},"author":1,"featured_media":64937,"comment_status":"closed","ping_status":"closed","sticky":false,"template":"","format":"standard","meta":{"_acf_changed":false,"footnotes":""},"categories":[3],"tags":[],"class_list":["post-64936","post","type-post","status-publish","format-standard","has-post-thumbnail","category-internacional"],"acf":{"antetitulo":""},"yoast_head":"<!-- This site is optimized with the Yoast SEO plugin v28.4 - https:\/\/yoast.com\/product\/yoast-seo-wordpress\/ -->\n<title>Boric invita a investidura al escritor Sergio Ram\u00edrez - El Diario - Bolivia<\/title>\n<meta name=\"robots\" content=\"index, follow, max-snippet:-1, max-image-preview:large, max-video-preview:-1\" \/>\n<link rel=\"canonical\" href=\"https:\/\/www.eldiario.net\/portal\/2022\/02\/22\/boric-invita-a-investidura-al-escritor-sergio-ramirez\/\" \/>\n<meta property=\"og:locale\" content=\"es_ES\" \/>\n<meta property=\"og:type\" content=\"article\" \/>\n<meta property=\"og:title\" content=\"Boric invita a investidura al escritor Sergio Ram\u00edrez - El Diario - Bolivia\" \/>\n<meta property=\"og:description\" content=\"Santiago.- El presidente electo de Chile, Gabriel Boric, invit\u00f3 a su toma de posesi\u00f3n al escritor y exvicepresidente nicarag\u00fcense Sergio Ram\u00edrez, acusado de conspirar e incitar al odio por las autoridades bajo control de Daniel Ortega, que en estos \u00faltimos meses ha recrudecido la presi\u00f3n sobre la disidencia pol\u00edtica. Ram\u00edrez comparti\u00f3 en Twitter la carta [&hellip;]\" \/>\n<meta property=\"og:url\" content=\"https:\/\/www.eldiario.net\/portal\/2022\/02\/22\/boric-invita-a-investidura-al-escritor-sergio-ramirez\/\" \/>\n<meta property=\"og:site_name\" content=\"El Diario - Bolivia\" \/>\n<meta property=\"article:publisher\" content=\"https:\/\/www.facebook.com\/eldiario.bolivia\/\" \/>\n<meta property=\"article:published_time\" content=\"2022-02-22T09:36:59+00:00\" \/>\n<meta property=\"og:image\" content=\"https:\/\/www.eldiario.net\/portal\/wp-content\/uploads\/2022\/02\/Boric-FOTO.jpg\" \/>\n\t<meta property=\"og:image:width\" content=\"1200\" \/>\n\t<meta property=\"og:image:height\" content=\"799\" \/>\n\t<meta property=\"og:image:type\" content=\"image\/jpeg\" \/>\n<meta name=\"author\" content=\"Jeanette\" \/>\n<meta name=\"twitter:card\" content=\"summary_large_image\" \/>\n<meta name=\"twitter:creator\" content=\"@eldiario_net\" \/>\n<meta name=\"twitter:site\" content=\"@eldiario_net\" \/>\n<meta name=\"twitter:label1\" content=\"Escrito por\" \/>\n\t<meta name=\"twitter:data1\" content=\"Jeanette\" \/>\n\t<meta name=\"twitter:label2\" content=\"Tiempo de lectura\" \/>\n\t<meta name=\"twitter:data2\" content=\"1 minuto\" \/>\n<script type=\"application\/ld+json\" class=\"yoast-schema-graph\">{\"@context\":\"https:\\\/\\\/schema.org\",\"@graph\":[{\"@type\":\"Article\",\"@id\":\"https:\\\/\\\/www.eldiario.net\\\/portal\\\/2022\\\/02\\\/22\\\/boric-invita-a-investidura-al-escritor-sergio-ramirez\\\/#article\",\"isPartOf\":{\"@id\":\"https:\\\/\\\/www.eldiario.net\\\/portal\\\/2022\\\/02\\\/22\\\/boric-invita-a-investidura-al-escritor-sergio-ramirez\\\/\"},\"author\":{\"name\":\"Jeanette\",\"@id\":\"https:\\\/\\\/www.eldiario.net\\\/portal\\\/#\\\/schema\\\/person\\\/2c57cf2b7a7ae032e449e4c9b1019eac\"},\"headline\":\"Boric invita a investidura al escritor Sergio Ram\u00edrez\",\"datePublished\":\"2022-02-22T09:36:59+00:00\",\"mainEntityOfPage\":{\"@id\":\"https:\\\/\\\/www.eldiario.net\\\/portal\\\/2022\\\/02\\\/22\\\/boric-invita-a-investidura-al-escritor-sergio-ramirez\\\/\"},\"wordCount\":230,\"publisher\":{\"@id\":\"https:\\\/\\\/www.eldiario.net\\\/portal\\\/#organization\"},\"image\":{\"@id\":\"https:\\\/\\\/www.eldiario.net\\\/portal\\\/2022\\\/02\\\/22\\\/boric-invita-a-investidura-al-escritor-sergio-ramirez\\\/#primaryimage\"},\"thumbnailUrl\":\"https:\\\/\\\/www.eldiario.net\\\/portal\\\/wp-content\\\/uploads\\\/2022\\\/02\\\/Boric-FOTO.jpg\",\"articleSection\":[\"Internacional\"],\"inLanguage\":\"es\"},{\"@type\":\"WebPage\",\"@id\":\"https:\\\/\\\/www.eldiario.net\\\/portal\\\/2022\\\/02\\\/22\\\/boric-invita-a-investidura-al-escritor-sergio-ramirez\\\/\",\"url\":\"https:\\\/\\\/www.eldiario.net\\\/portal\\\/2022\\\/02\\\/22\\\/boric-invita-a-investidura-al-escritor-sergio-ramirez\\\/\",\"name\":\"Boric invita a investidura al escritor Sergio Ram\u00edrez - El Diario - Bolivia\",\"isPartOf\":{\"@id\":\"https:\\\/\\\/www.eldiario.net\\\/portal\\\/#website\"},\"primaryImageOfPage\":{\"@id\":\"https:\\\/\\\/www.eldiario.net\\\/portal\\\/2022\\\/02\\\/22\\\/boric-invita-a-investidura-al-escritor-sergio-ramirez\\\/#primaryimage\"},\"image\":{\"@id\":\"https:\\\/\\\/www.eldiario.net\\\/portal\\\/2022\\\/02\\\/22\\\/boric-invita-a-investidura-al-escritor-sergio-ramirez\\\/#primaryimage\"},\"thumbnailUrl\":\"https:\\\/\\\/www.eldiario.net\\\/portal\\\/wp-content\\\/uploads\\\/2022\\\/02\\\/Boric-FOTO.jpg\",\"datePublished\":\"2022-02-22T09:36:59+00:00\",\"breadcrumb\":{\"@id\":\"https:\\\/\\\/www.eldiario.net\\\/portal\\\/2022\\\/02\\\/22\\\/boric-invita-a-investidura-al-escritor-sergio-ramirez\\\/#breadcrumb\"},\"inLanguage\":\"es\",\"potentialAction\":[{\"@type\":\"ReadAction\",\"target\":[\"https:\\\/\\\/www.eldiario.net\\\/portal\\\/2022\\\/02\\\/22\\\/boric-invita-a-investidura-al-escritor-sergio-ramirez\\\/\"]}]},{\"@type\":\"ImageObject\",\"inLanguage\":\"es\",\"@id\":\"https:\\\/\\\/www.eldiario.net\\\/portal\\\/2022\\\/02\\\/22\\\/boric-invita-a-investidura-al-escritor-sergio-ramirez\\\/#primaryimage\",\"url\":\"https:\\\/\\\/www.eldiario.net\\\/portal\\\/wp-content\\\/uploads\\\/2022\\\/02\\\/Boric-FOTO.jpg\",\"contentUrl\":\"https:\\\/\\\/www.eldiario.net\\\/portal\\\/wp-content\\\/uploads\\\/2022\\\/02\\\/Boric-FOTO.jpg\",\"width\":1200,\"height\":799,\"caption\":\"EL PRESIDENTE ELECTO DE CHILE, GABRIEL BORIC. EUROPA PRESS\"},{\"@type\":\"BreadcrumbList\",\"@id\":\"https:\\\/\\\/www.eldiario.net\\\/portal\\\/2022\\\/02\\\/22\\\/boric-invita-a-investidura-al-escritor-sergio-ramirez\\\/#breadcrumb\",\"itemListElement\":[{\"@type\":\"ListItem\",\"position\":1,\"name\":\"Portada\",\"item\":\"https:\\\/\\\/www.eldiario.net\\\/portal\\\/\"},{\"@type\":\"ListItem\",\"position\":2,\"name\":\"Boric invita a investidura al escritor Sergio Ram\u00edrez\"}]},{\"@type\":\"WebSite\",\"@id\":\"https:\\\/\\\/www.eldiario.net\\\/portal\\\/#website\",\"url\":\"https:\\\/\\\/www.eldiario.net\\\/portal\\\/\",\"name\":\"El Diario - Decano de la prensa nacional\",\"description\":\"El Diario - Decano de la prensa nacional\",\"publisher\":{\"@id\":\"https:\\\/\\\/www.eldiario.net\\\/portal\\\/#organization\"},\"potentialAction\":[{\"@type\":\"SearchAction\",\"target\":{\"@type\":\"EntryPoint\",\"urlTemplate\":\"https:\\\/\\\/www.eldiario.net\\\/portal\\\/?s={search_term_string}\"},\"query-input\":{\"@type\":\"PropertyValueSpecification\",\"valueRequired\":true,\"valueName\":\"search_term_string\"}}],\"inLanguage\":\"es\"},{\"@type\":\"Organization\",\"@id\":\"https:\\\/\\\/www.eldiario.net\\\/portal\\\/#organization\",\"name\":\"El Diario - Decano de la prensa nacional\",\"url\":\"https:\\\/\\\/www.eldiario.net\\\/portal\\\/\",\"logo\":{\"@type\":\"ImageObject\",\"inLanguage\":\"es\",\"@id\":\"https:\\\/\\\/www.eldiario.net\\\/portal\\\/#\\\/schema\\\/logo\\\/image\\\/\",\"url\":\"https:\\\/\\\/www.eldiario.net\\\/portal\\\/wp-content\\\/uploads\\\/2023\\\/07\\\/logo_ED.jpg\",\"contentUrl\":\"https:\\\/\\\/www.eldiario.net\\\/portal\\\/wp-content\\\/uploads\\\/2023\\\/07\\\/logo_ED.jpg\",\"width\":272,\"height\":52,\"caption\":\"El Diario - Decano de la prensa nacional\"},\"image\":{\"@id\":\"https:\\\/\\\/www.eldiario.net\\\/portal\\\/#\\\/schema\\\/logo\\\/image\\\/\"},\"sameAs\":[\"https:\\\/\\\/www.facebook.com\\\/eldiario.bolivia\\\/\",\"https:\\\/\\\/x.com\\\/eldiario_net\"]},{\"@type\":\"Person\",\"@id\":\"https:\\\/\\\/www.eldiario.net\\\/portal\\\/#\\\/schema\\\/person\\\/2c57cf2b7a7ae032e449e4c9b1019eac\",\"name\":\"Jeanette\",\"image\":{\"@type\":\"ImageObject\",\"inLanguage\":\"es\",\"@id\":\"https:\\\/\\\/secure.gravatar.com\\\/avatar\\\/3ea2118a5f7dad2b7138b1187a6b7ee55f160b9968b66013c3a3ef39dd7e5798?s=96&d=mm&r=g\",\"url\":\"https:\\\/\\\/secure.gravatar.com\\\/avatar\\\/3ea2118a5f7dad2b7138b1187a6b7ee55f160b9968b66013c3a3ef39dd7e5798?s=96&d=mm&r=g\",\"contentUrl\":\"https:\\\/\\\/secure.gravatar.com\\\/avatar\\\/3ea2118a5f7dad2b7138b1187a6b7ee55f160b9968b66013c3a3ef39dd7e5798?s=96&d=mm&r=g\",\"caption\":\"Jeanette\"},\"sameAs\":[\"https:\\\/\\\/www.eldiario.net\\\/portal\"],\"url\":\"https:\\\/\\\/www.eldiario.net\\\/portal\\\/author\\\/jeanette\\\/\"}]}<\/script>\n<!-- \/ Yoast SEO plugin. -->","yoast_head_json":{"title":"Boric invita a investidura al escritor Sergio Ram\u00edrez - El Diario - Bolivia","robots":{"index":"index","follow":"follow","max-snippet":"max-snippet:-1","max-image-preview":"max-image-preview:large","max-video-preview":"max-video-preview:-1"},"canonical":"https:\/\/www.eldiario.net\/portal\/2022\/02\/22\/boric-invita-a-investidura-al-escritor-sergio-ramirez\/","og_locale":"es_ES","og_type":"article","og_title":"Boric invita a investidura al escritor Sergio Ram\u00edrez - El Diario - Bolivia","og_description":"Santiago.- El presidente electo de Chile, Gabriel Boric, invit\u00f3 a su toma de posesi\u00f3n al escritor y exvicepresidente nicarag\u00fcense Sergio Ram\u00edrez, acusado de conspirar e incitar al odio por las autoridades bajo control de Daniel Ortega, que en estos \u00faltimos meses ha recrudecido la presi\u00f3n sobre la disidencia pol\u00edtica. Ram\u00edrez comparti\u00f3 en Twitter la carta [&hellip;]","og_url":"https:\/\/www.eldiario.net\/portal\/2022\/02\/22\/boric-invita-a-investidura-al-escritor-sergio-ramirez\/","og_site_name":"El Diario - Bolivia","article_publisher":"https:\/\/www.facebook.com\/eldiario.bolivia\/","article_published_time":"2022-02-22T09:36:59+00:00","og_image":[{"width":1200,"height":799,"url":"https:\/\/www.eldiario.net\/portal\/wp-content\/uploads\/2022\/02\/Boric-FOTO.jpg","type":"image\/jpeg"}],"author":"Jeanette","twitter_card":"summary_large_image","twitter_creator":"@eldiario_net","twitter_site":"@eldiario_net","twitter_misc":{"Escrito por":"Jeanette","Tiempo de lectura":"1 minuto"},"schema":{"@context":"https:\/\/schema.org","@graph":[{"@type":"Article","@id":"https:\/\/www.eldiario.net\/portal\/2022\/02\/22\/boric-invita-a-investidura-al-escritor-sergio-ramirez\/#article","isPartOf":{"@id":"https:\/\/www.eldiario.net\/portal\/2022\/02\/22\/boric-invita-a-investidura-al-escritor-sergio-ramirez\/"},"author":{"name":"Jeanette","@id":"https:\/\/www.eldiario.net\/portal\/#\/schema\/person\/2c57cf2b7a7ae032e449e4c9b1019eac"},"headline":"Boric invita a investidura al escritor Sergio Ram\u00edrez","datePublished":"2022-02-22T09:36:59+00:00","mainEntityOfPage":{"@id":"https:\/\/www.eldiario.net\/portal\/2022\/02\/22\/boric-invita-a-investidura-al-escritor-sergio-ramirez\/"},"wordCount":230,"publisher":{"@id":"https:\/\/www.eldiario.net\/portal\/#organization"},"image":{"@id":"https:\/\/www.eldiario.net\/portal\/2022\/02\/22\/boric-invita-a-investidura-al-escritor-sergio-ramirez\/#primaryimage"},"thumbnailUrl":"https:\/\/www.eldiario.net\/portal\/wp-content\/uploads\/2022\/02\/Boric-FOTO.jpg","articleSection":["Internacional"],"inLanguage":"es"},{"@type":"WebPage","@id":"https:\/\/www.eldiario.net\/portal\/2022\/02\/22\/boric-invita-a-investidura-al-escritor-sergio-ramirez\/","url":"https:\/\/www.eldiario.net\/portal\/2022\/02\/22\/boric-invita-a-investidura-al-escritor-sergio-ramirez\/","name":"Boric invita a investidura al escritor Sergio Ram\u00edrez - El Diario - Bolivia","isPartOf":{"@id":"https:\/\/www.eldiario.net\/portal\/#website"},"primaryImageOfPage":{"@id":"https:\/\/www.eldiario.net\/portal\/2022\/02\/22\/boric-invita-a-investidura-al-escritor-sergio-ramirez\/#primaryimage"},"image":{"@id":"https:\/\/www.eldiario.net\/portal\/2022\/02\/22\/boric-invita-a-investidura-al-escritor-sergio-ramirez\/#primaryimage"},"thumbnailUrl":"https:\/\/www.eldiario.net\/portal\/wp-content\/uploads\/2022\/02\/Boric-FOTO.jpg","datePublished":"2022-02-22T09:36:59+00:00","breadcrumb":{"@id":"https:\/\/www.eldiario.net\/portal\/2022\/02\/22\/boric-invita-a-investidura-al-escritor-sergio-ramirez\/#breadcrumb"},"inLanguage":"es","potentialAction":[{"@type":"ReadAction","target":["https:\/\/www.eldiario.net\/portal\/2022\/02\/22\/boric-invita-a-investidura-al-escritor-sergio-ramirez\/"]}]},{"@type":"ImageObject","inLanguage":"es","@id":"https:\/\/www.eldiario.net\/portal\/2022\/02\/22\/boric-invita-a-investidura-al-escritor-sergio-ramirez\/#primaryimage","url":"https:\/\/www.eldiario.net\/portal\/wp-content\/uploads\/2022\/02\/Boric-FOTO.jpg","contentUrl":"https:\/\/www.eldiario.net\/portal\/wp-content\/uploads\/2022\/02\/Boric-FOTO.jpg","width":1200,"height":799,"caption":"EL PRESIDENTE ELECTO DE CHILE, GABRIEL BORIC. EUROPA PRESS"},{"@type":"BreadcrumbList","@id":"https:\/\/www.eldiario.net\/portal\/2022\/02\/22\/boric-invita-a-investidura-al-escritor-sergio-ramirez\/#breadcrumb","itemListElement":[{"@type":"ListItem","position":1,"name":"Portada","item":"https:\/\/www.eldiario.net\/portal\/"},{"@type":"ListItem","position":2,"name":"Boric invita a investidura al escritor Sergio Ram\u00edrez"}]},{"@type":"WebSite","@id":"https:\/\/www.eldiario.net\/portal\/#website","url":"https:\/\/www.eldiario.net\/portal\/","name":"El Diario - Decano de la prensa nacional","description":"El Diario - Decano de la prensa nacional","publisher":{"@id":"https:\/\/www.eldiario.net\/portal\/#organization"},"potentialAction":[{"@type":"SearchAction","target":{"@type":"EntryPoint","urlTemplate":"https:\/\/www.eldiario.net\/portal\/?s={search_term_string}"},"query-input":{"@type":"PropertyValueSpecification","valueRequired":true,"valueName":"search_term_string"}}],"inLanguage":"es"},{"@type":"Organization","@id":"https:\/\/www.eldiario.net\/portal\/#organization","name":"El Diario - Decano de la prensa nacional","url":"https:\/\/www.eldiario.net\/portal\/","logo":{"@type":"ImageObject","inLanguage":"es","@id":"https:\/\/www.eldiario.net\/portal\/#\/schema\/logo\/image\/","url":"https:\/\/www.eldiario.net\/portal\/wp-content\/uploads\/2023\/07\/logo_ED.jpg","contentUrl":"https:\/\/www.eldiario.net\/portal\/wp-content\/uploads\/2023\/07\/logo_ED.jpg","width":272,"height":52,"caption":"El Diario - Decano de la prensa nacional"},"image":{"@id":"https:\/\/www.eldiario.net\/portal\/#\/schema\/logo\/image\/"},"sameAs":["https:\/\/www.facebook.com\/eldiario.bolivia\/","https:\/\/x.com\/eldiario_net"]},{"@type":"Person","@id":"https:\/\/www.eldiario.net\/portal\/#\/schema\/person\/2c57cf2b7a7ae032e449e4c9b1019eac","name":"Jeanette","image":{"@type":"ImageObject","inLanguage":"es","@id":"https:\/\/secure.gravatar.com\/avatar\/3ea2118a5f7dad2b7138b1187a6b7ee55f160b9968b66013c3a3ef39dd7e5798?s=96&d=mm&r=g","url":"https:\/\/secure.gravatar.com\/avatar\/3ea2118a5f7dad2b7138b1187a6b7ee55f160b9968b66013c3a3ef39dd7e5798?s=96&d=mm&r=g","contentUrl":"https:\/\/secure.gravatar.com\/avatar\/3ea2118a5f7dad2b7138b1187a6b7ee55f160b9968b66013c3a3ef39dd7e5798?s=96&d=mm&r=g","caption":"Jeanette"},"sameAs":["https:\/\/www.eldiario.net\/portal"],"url":"https:\/\/www.eldiario.net\/portal\/author\/jeanette\/"}]}},"_links":{"self":[{"href":"https:\/\/www.eldiario.net\/portal\/wp-json\/wp\/v2\/posts\/64936","targetHints":{"allow":["GET"]}}],"collection":[{"href":"https:\/\/www.eldiario.net\/portal\/wp-json\/wp\/v2\/posts"}],"about":[{"href":"https:\/\/www.eldiario.net\/portal\/wp-json\/wp\/v2\/types\/post"}],"author":[{"embeddable":true,"href":"https:\/\/www.eldiario.net\/portal\/wp-json\/wp\/v2\/users\/1"}],"replies":[{"embeddable":true,"href":"https:\/\/www.eldiario.net\/portal\/wp-json\/wp\/v2\/comments?post=64936"}],"version-history":[{"count":0,"href":"https:\/\/www.eldiario.net\/portal\/wp-json\/wp\/v2\/posts\/64936\/revisions"}],"wp:featuredmedia":[{"embeddable":true,"href":"https:\/\/www.eldiario.net\/portal\/wp-json\/wp\/v2\/media\/64937"}],"wp:attachment":[{"href":"https:\/\/www.eldiario.net\/portal\/wp-json\/wp\/v2\/media?parent=64936"}],"wp:term":[{"taxonomy":"category","embeddable":true,"href":"https:\/\/www.eldiario.net\/portal\/wp-json\/wp\/v2\/categories?post=64936"},{"taxonomy":"post_tag","embeddable":true,"href":"https:\/\/www.eldiario.net\/portal\/wp-json\/wp\/v2\/tags?post=64936"}],"curies":[{"name":"wp","href":"https:\/\/api.w.org\/{rel}","templated":true}]}}