{"id":64930,"date":"2022-02-22T05:35:10","date_gmt":"2022-02-22T09:35:10","guid":{"rendered":"https:\/\/www.eldiario.net\/portal\/?p=64930"},"modified":"2022-02-22T05:35:10","modified_gmt":"2022-02-22T09:35:10","slug":"ucrania-calcula-concentracion-147-000-efectivos-rusos-en-frontera","status":"publish","type":"post","link":"https:\/\/www.eldiario.net\/portal\/2022\/02\/22\/ucrania-calcula-concentracion-147-000-efectivos-rusos-en-frontera\/","title":{"rendered":"Ucrania calcula concentraci\u00f3n  147.000 efectivos rusos en frontera"},"content":{"rendered":"<p style=\"margin: 0cm; margin-bottom: .0001pt; text-align: justify; text-justify: inter-ideograph; background: white;\"><span style=\"font-size: 14.0pt; color: #222222;\">Kiev.- El ministro de Defensa de Ucrania, Oleksiy Reznikov, se\u00f1al\u00f3 ayer que el n\u00famero de efectivos rusos desplegados en la frontera con Rusia ha ascendido a 147.000, de los cuales 127.000 son terrestres.<\/span><\/p>\n<p style=\"margin: 0cm; margin-bottom: .0001pt; text-align: justify; text-justify: inter-ideograph; background: white;\"><span style=\"font-size: 14.0pt; color: #222222;\">\u00abEstamos observando las unidades rusas, que tienen 127.000 efectivos en el componente terrestre. Con el componente naval y de aviaci\u00f3n, el n\u00famero de efectivos asciende a 147.000 personas. No vemos ninguna retirada y no estamos hablando de que se reduce su n\u00famero. Porque las unidades que est\u00e1n actualmente en movimiento pueden regresar a sus lugares anteriores muy r\u00e1pidamente o trasladarse a otra \u00e1rea\u00bb, seg\u00fan informaciones de la agencia de noticias Ukrinform.<\/span><\/p>\n<p style=\"margin: 0cm; margin-bottom: .0001pt; text-align: justify; text-justify: inter-ideograph; background: white;\"><span style=\"font-size: 14.0pt; color: #222222;\">As\u00ed, se\u00f1al\u00f3 que el ej\u00e9rcito ucraniano est\u00e1 listo para cualquier escenario. \u00abEn ning\u00fan caso subestimamos la amenaza. Su nivel es realmente alto. Pero consideramos todos los escenarios, eligiendo nuestras t\u00e1cticas de comportamiento\u00bb, apunt\u00f3.<\/span><\/p>\n<p style=\"margin: 0cm; margin-bottom: .0001pt; text-align: justify; text-justify: inter-ideograph; background: white;\"><span style=\"font-size: 14.0pt; color: #222222;\">En este sentido, asever\u00f3 que el gobierno ucraniano est\u00e1 considerando la posibilidad de que Rusia \u00abrodee Ucrania\u00bb con sus tropas, \u00abdesde Brest hasta Taganrog\u00bb. <\/span><\/p>\n<p style=\"margin: 0cm; margin-bottom: .0001pt; text-align: justify; text-justify: inter-ideograph; background: white;\"><span style=\"font-size: 14.0pt; color: #222222;\">\u00abTambi\u00e9n se esperaba que, en este contexto, las tropas rusas agraven la situaci\u00f3n en el este de Ucrania. Y todo ello ir\u00eda acompa\u00f1ado de otros medios de presi\u00f3n: ciberataques, minado en las instalaciones civiles, intentos de provocar disturbios con diversos pretextos&#8230;\u00bb, afirm\u00f3.<\/span><\/p>\n<p style=\"margin: 0cm; margin-bottom: .0001pt; text-align: justify; text-justify: inter-ideograph; background: white;\"><span style=\"font-size: 14.0pt; color: #222222;\">Adem\u00e1s, hizo hincapi\u00e9 en que el objetivo de estas acciones es \u00absacudir a Ucrania desde dentro, forzarla a capitular para que el Estado cambie su rumbo pol\u00edtico y renuncie a la perspectiva europea y euroatl\u00e1ntica y finalmente pierda su independencia\u00bb.<\/span><\/p>\n<p style=\"margin: 0cm; margin-bottom: .0001pt; text-align: justify; text-justify: inter-ideograph; background: white;\"><span style=\"font-size: 14.0pt; color: #222222;\">Reznikov explic\u00f3 que las tropas rusas est\u00e1n actualmente maniobrando activamente cerca de las fronteras de Ucrania, especialmente en Crimea. \u00abLos barcos realizan una traves\u00eda en los mares Negro y Azov. Hubo un intento de bloquear incluso todo Azov, as\u00ed como el acceso a nuestros puertos en la regi\u00f3n de Odesa. Pero no lo consiguieron. Actualmente, tres grandes barcos de desembarco y cinco buques de guerra (&#8230;) han entrado en el mar de Azov con el pretexto de participar en los ejercicios\u00bb, indic\u00f3.<\/span><\/p>\n<p style=\"margin: 0cm; margin-bottom: .0001pt; text-align: justify; text-justify: inter-ideograph; background: white;\"><span style=\"font-size: 14.0pt; color: #222222;\">Entre los efectivos que Rusia tendr\u00eda en torno a las fronteras con Ucrania tambi\u00e9n estar\u00edan unos 9.000 en la vecina Bielorrusia, con cuyo ministro de Defensa, Viktor Khrenin, Reznikov ha solicitado una conversaci\u00f3n en relaci\u00f3n a la ampliaci\u00f3n de la maniobras militares entre Mosc\u00fa y Minsk.<\/span><\/p>\n<p style=\"margin: 0cm; margin-bottom: .0001pt; text-align: justify; text-justify: inter-ideograph; background: white;\"><span style=\"font-size: 14.0pt; color: #222222;\">\u00abA trav\u00e9s del agregado de Bielorrusia en Ucrania, ha pedido una conversaci\u00f3n telef\u00f3nica y poder preguntarle directamente qu\u00e9 est\u00e1 pasando. Han anunciado oficialmente extender esos ejercicios, as\u00ed que formalmente no han terminado y las tropas rusas siguen ah\u00ed\u00bb, dijo Reznikov. (Europa Press)<\/span><\/p>\n","protected":false},"excerpt":{"rendered":"<p>Kiev.- El ministro de Defensa de Ucrania, Oleksiy Reznikov, se\u00f1al\u00f3 ayer que el n\u00famero de efectivos rusos desplegados en la frontera con Rusia ha ascendido a 147.000, de los cuales 127.000 son terrestres. \u00abEstamos observando las unidades rusas, que tienen 127.000 efectivos en el componente terrestre. Con el componente naval y de aviaci\u00f3n, el n\u00famero [&hellip;]<\/p>\n","protected":false},"author":1,"featured_media":64931,"comment_status":"closed","ping_status":"closed","sticky":false,"template":"","format":"standard","meta":{"_acf_changed":false,"footnotes":""},"categories":[3],"tags":[],"class_list":["post-64930","post","type-post","status-publish","format-standard","has-post-thumbnail","category-internacional"],"acf":{"antetitulo":""},"yoast_head":"<!-- This site is optimized with the Yoast SEO plugin v28.4 - https:\/\/yoast.com\/product\/yoast-seo-wordpress\/ -->\n<title>Ucrania calcula concentraci\u00f3n 147.000 efectivos rusos en frontera - El Diario - Bolivia<\/title>\n<meta name=\"robots\" content=\"index, follow, max-snippet:-1, max-image-preview:large, max-video-preview:-1\" \/>\n<link rel=\"canonical\" href=\"https:\/\/www.eldiario.net\/portal\/2022\/02\/22\/ucrania-calcula-concentracion-147-000-efectivos-rusos-en-frontera\/\" \/>\n<meta property=\"og:locale\" content=\"es_ES\" \/>\n<meta property=\"og:type\" content=\"article\" \/>\n<meta property=\"og:title\" content=\"Ucrania calcula concentraci\u00f3n 147.000 efectivos rusos en frontera - El Diario - Bolivia\" \/>\n<meta property=\"og:description\" content=\"Kiev.- El ministro de Defensa de Ucrania, Oleksiy Reznikov, se\u00f1al\u00f3 ayer que el n\u00famero de efectivos rusos desplegados en la frontera con Rusia ha ascendido a 147.000, de los cuales 127.000 son terrestres. \u00abEstamos observando las unidades rusas, que tienen 127.000 efectivos en el componente terrestre. Con el componente naval y de aviaci\u00f3n, el n\u00famero [&hellip;]\" \/>\n<meta property=\"og:url\" content=\"https:\/\/www.eldiario.net\/portal\/2022\/02\/22\/ucrania-calcula-concentracion-147-000-efectivos-rusos-en-frontera\/\" \/>\n<meta property=\"og:site_name\" content=\"El Diario - Bolivia\" \/>\n<meta property=\"article:publisher\" content=\"https:\/\/www.facebook.com\/eldiario.bolivia\/\" \/>\n<meta property=\"article:published_time\" content=\"2022-02-22T09:35:10+00:00\" \/>\n<meta name=\"author\" content=\"Jeanette\" \/>\n<meta name=\"twitter:card\" content=\"summary_large_image\" \/>\n<meta name=\"twitter:creator\" content=\"@eldiario_net\" \/>\n<meta name=\"twitter:site\" content=\"@eldiario_net\" \/>\n<meta name=\"twitter:label1\" content=\"Escrito por\" \/>\n\t<meta name=\"twitter:data1\" content=\"Jeanette\" \/>\n\t<meta name=\"twitter:label2\" content=\"Tiempo de lectura\" \/>\n\t<meta name=\"twitter:data2\" content=\"2 minutos\" \/>\n<script type=\"application\/ld+json\" class=\"yoast-schema-graph\">{\"@context\":\"https:\\\/\\\/schema.org\",\"@graph\":[{\"@type\":\"Article\",\"@id\":\"https:\\\/\\\/www.eldiario.net\\\/portal\\\/2022\\\/02\\\/22\\\/ucrania-calcula-concentracion-147-000-efectivos-rusos-en-frontera\\\/#article\",\"isPartOf\":{\"@id\":\"https:\\\/\\\/www.eldiario.net\\\/portal\\\/2022\\\/02\\\/22\\\/ucrania-calcula-concentracion-147-000-efectivos-rusos-en-frontera\\\/\"},\"author\":{\"name\":\"Jeanette\",\"@id\":\"https:\\\/\\\/www.eldiario.net\\\/portal\\\/#\\\/schema\\\/person\\\/2c57cf2b7a7ae032e449e4c9b1019eac\"},\"headline\":\"Ucrania calcula concentraci\u00f3n 147.000 efectivos rusos en frontera\",\"datePublished\":\"2022-02-22T09:35:10+00:00\",\"mainEntityOfPage\":{\"@id\":\"https:\\\/\\\/www.eldiario.net\\\/portal\\\/2022\\\/02\\\/22\\\/ucrania-calcula-concentracion-147-000-efectivos-rusos-en-frontera\\\/\"},\"wordCount\":448,\"publisher\":{\"@id\":\"https:\\\/\\\/www.eldiario.net\\\/portal\\\/#organization\"},\"image\":{\"@id\":\"https:\\\/\\\/www.eldiario.net\\\/portal\\\/2022\\\/02\\\/22\\\/ucrania-calcula-concentracion-147-000-efectivos-rusos-en-frontera\\\/#primaryimage\"},\"thumbnailUrl\":\"\",\"articleSection\":[\"Internacional\"],\"inLanguage\":\"es\"},{\"@type\":\"WebPage\",\"@id\":\"https:\\\/\\\/www.eldiario.net\\\/portal\\\/2022\\\/02\\\/22\\\/ucrania-calcula-concentracion-147-000-efectivos-rusos-en-frontera\\\/\",\"url\":\"https:\\\/\\\/www.eldiario.net\\\/portal\\\/2022\\\/02\\\/22\\\/ucrania-calcula-concentracion-147-000-efectivos-rusos-en-frontera\\\/\",\"name\":\"Ucrania calcula concentraci\u00f3n 147.000 efectivos rusos en frontera - El Diario - Bolivia\",\"isPartOf\":{\"@id\":\"https:\\\/\\\/www.eldiario.net\\\/portal\\\/#website\"},\"primaryImageOfPage\":{\"@id\":\"https:\\\/\\\/www.eldiario.net\\\/portal\\\/2022\\\/02\\\/22\\\/ucrania-calcula-concentracion-147-000-efectivos-rusos-en-frontera\\\/#primaryimage\"},\"image\":{\"@id\":\"https:\\\/\\\/www.eldiario.net\\\/portal\\\/2022\\\/02\\\/22\\\/ucrania-calcula-concentracion-147-000-efectivos-rusos-en-frontera\\\/#primaryimage\"},\"thumbnailUrl\":\"\",\"datePublished\":\"2022-02-22T09:35:10+00:00\",\"breadcrumb\":{\"@id\":\"https:\\\/\\\/www.eldiario.net\\\/portal\\\/2022\\\/02\\\/22\\\/ucrania-calcula-concentracion-147-000-efectivos-rusos-en-frontera\\\/#breadcrumb\"},\"inLanguage\":\"es\",\"potentialAction\":[{\"@type\":\"ReadAction\",\"target\":[\"https:\\\/\\\/www.eldiario.net\\\/portal\\\/2022\\\/02\\\/22\\\/ucrania-calcula-concentracion-147-000-efectivos-rusos-en-frontera\\\/\"]}]},{\"@type\":\"ImageObject\",\"inLanguage\":\"es\",\"@id\":\"https:\\\/\\\/www.eldiario.net\\\/portal\\\/2022\\\/02\\\/22\\\/ucrania-calcula-concentracion-147-000-efectivos-rusos-en-frontera\\\/#primaryimage\",\"url\":\"\",\"contentUrl\":\"\"},{\"@type\":\"BreadcrumbList\",\"@id\":\"https:\\\/\\\/www.eldiario.net\\\/portal\\\/2022\\\/02\\\/22\\\/ucrania-calcula-concentracion-147-000-efectivos-rusos-en-frontera\\\/#breadcrumb\",\"itemListElement\":[{\"@type\":\"ListItem\",\"position\":1,\"name\":\"Portada\",\"item\":\"https:\\\/\\\/www.eldiario.net\\\/portal\\\/\"},{\"@type\":\"ListItem\",\"position\":2,\"name\":\"Ucrania calcula concentraci\u00f3n 147.000 efectivos rusos en frontera\"}]},{\"@type\":\"WebSite\",\"@id\":\"https:\\\/\\\/www.eldiario.net\\\/portal\\\/#website\",\"url\":\"https:\\\/\\\/www.eldiario.net\\\/portal\\\/\",\"name\":\"El Diario - Decano de la prensa nacional\",\"description\":\"El Diario - Decano de la prensa nacional\",\"publisher\":{\"@id\":\"https:\\\/\\\/www.eldiario.net\\\/portal\\\/#organization\"},\"potentialAction\":[{\"@type\":\"SearchAction\",\"target\":{\"@type\":\"EntryPoint\",\"urlTemplate\":\"https:\\\/\\\/www.eldiario.net\\\/portal\\\/?s={search_term_string}\"},\"query-input\":{\"@type\":\"PropertyValueSpecification\",\"valueRequired\":true,\"valueName\":\"search_term_string\"}}],\"inLanguage\":\"es\"},{\"@type\":\"Organization\",\"@id\":\"https:\\\/\\\/www.eldiario.net\\\/portal\\\/#organization\",\"name\":\"El Diario - Decano de la prensa nacional\",\"url\":\"https:\\\/\\\/www.eldiario.net\\\/portal\\\/\",\"logo\":{\"@type\":\"ImageObject\",\"inLanguage\":\"es\",\"@id\":\"https:\\\/\\\/www.eldiario.net\\\/portal\\\/#\\\/schema\\\/logo\\\/image\\\/\",\"url\":\"https:\\\/\\\/www.eldiario.net\\\/portal\\\/wp-content\\\/uploads\\\/2023\\\/07\\\/logo_ED.jpg\",\"contentUrl\":\"https:\\\/\\\/www.eldiario.net\\\/portal\\\/wp-content\\\/uploads\\\/2023\\\/07\\\/logo_ED.jpg\",\"width\":272,\"height\":52,\"caption\":\"El Diario - Decano de la prensa nacional\"},\"image\":{\"@id\":\"https:\\\/\\\/www.eldiario.net\\\/portal\\\/#\\\/schema\\\/logo\\\/image\\\/\"},\"sameAs\":[\"https:\\\/\\\/www.facebook.com\\\/eldiario.bolivia\\\/\",\"https:\\\/\\\/x.com\\\/eldiario_net\"]},{\"@type\":\"Person\",\"@id\":\"https:\\\/\\\/www.eldiario.net\\\/portal\\\/#\\\/schema\\\/person\\\/2c57cf2b7a7ae032e449e4c9b1019eac\",\"name\":\"Jeanette\",\"image\":{\"@type\":\"ImageObject\",\"inLanguage\":\"es\",\"@id\":\"https:\\\/\\\/secure.gravatar.com\\\/avatar\\\/3ea2118a5f7dad2b7138b1187a6b7ee55f160b9968b66013c3a3ef39dd7e5798?s=96&d=mm&r=g\",\"url\":\"https:\\\/\\\/secure.gravatar.com\\\/avatar\\\/3ea2118a5f7dad2b7138b1187a6b7ee55f160b9968b66013c3a3ef39dd7e5798?s=96&d=mm&r=g\",\"contentUrl\":\"https:\\\/\\\/secure.gravatar.com\\\/avatar\\\/3ea2118a5f7dad2b7138b1187a6b7ee55f160b9968b66013c3a3ef39dd7e5798?s=96&d=mm&r=g\",\"caption\":\"Jeanette\"},\"sameAs\":[\"https:\\\/\\\/www.eldiario.net\\\/portal\"],\"url\":\"https:\\\/\\\/www.eldiario.net\\\/portal\\\/author\\\/jeanette\\\/\"}]}<\/script>\n<!-- \/ Yoast SEO plugin. -->","yoast_head_json":{"title":"Ucrania calcula concentraci\u00f3n 147.000 efectivos rusos en frontera - El Diario - Bolivia","robots":{"index":"index","follow":"follow","max-snippet":"max-snippet:-1","max-image-preview":"max-image-preview:large","max-video-preview":"max-video-preview:-1"},"canonical":"https:\/\/www.eldiario.net\/portal\/2022\/02\/22\/ucrania-calcula-concentracion-147-000-efectivos-rusos-en-frontera\/","og_locale":"es_ES","og_type":"article","og_title":"Ucrania calcula concentraci\u00f3n 147.000 efectivos rusos en frontera - El Diario - Bolivia","og_description":"Kiev.- El ministro de Defensa de Ucrania, Oleksiy Reznikov, se\u00f1al\u00f3 ayer que el n\u00famero de efectivos rusos desplegados en la frontera con Rusia ha ascendido a 147.000, de los cuales 127.000 son terrestres. \u00abEstamos observando las unidades rusas, que tienen 127.000 efectivos en el componente terrestre. Con el componente naval y de aviaci\u00f3n, el n\u00famero [&hellip;]","og_url":"https:\/\/www.eldiario.net\/portal\/2022\/02\/22\/ucrania-calcula-concentracion-147-000-efectivos-rusos-en-frontera\/","og_site_name":"El Diario - Bolivia","article_publisher":"https:\/\/www.facebook.com\/eldiario.bolivia\/","article_published_time":"2022-02-22T09:35:10+00:00","author":"Jeanette","twitter_card":"summary_large_image","twitter_creator":"@eldiario_net","twitter_site":"@eldiario_net","twitter_misc":{"Escrito por":"Jeanette","Tiempo de lectura":"2 minutos"},"schema":{"@context":"https:\/\/schema.org","@graph":[{"@type":"Article","@id":"https:\/\/www.eldiario.net\/portal\/2022\/02\/22\/ucrania-calcula-concentracion-147-000-efectivos-rusos-en-frontera\/#article","isPartOf":{"@id":"https:\/\/www.eldiario.net\/portal\/2022\/02\/22\/ucrania-calcula-concentracion-147-000-efectivos-rusos-en-frontera\/"},"author":{"name":"Jeanette","@id":"https:\/\/www.eldiario.net\/portal\/#\/schema\/person\/2c57cf2b7a7ae032e449e4c9b1019eac"},"headline":"Ucrania calcula concentraci\u00f3n 147.000 efectivos rusos en frontera","datePublished":"2022-02-22T09:35:10+00:00","mainEntityOfPage":{"@id":"https:\/\/www.eldiario.net\/portal\/2022\/02\/22\/ucrania-calcula-concentracion-147-000-efectivos-rusos-en-frontera\/"},"wordCount":448,"publisher":{"@id":"https:\/\/www.eldiario.net\/portal\/#organization"},"image":{"@id":"https:\/\/www.eldiario.net\/portal\/2022\/02\/22\/ucrania-calcula-concentracion-147-000-efectivos-rusos-en-frontera\/#primaryimage"},"thumbnailUrl":"","articleSection":["Internacional"],"inLanguage":"es"},{"@type":"WebPage","@id":"https:\/\/www.eldiario.net\/portal\/2022\/02\/22\/ucrania-calcula-concentracion-147-000-efectivos-rusos-en-frontera\/","url":"https:\/\/www.eldiario.net\/portal\/2022\/02\/22\/ucrania-calcula-concentracion-147-000-efectivos-rusos-en-frontera\/","name":"Ucrania calcula concentraci\u00f3n 147.000 efectivos rusos en frontera - El Diario - Bolivia","isPartOf":{"@id":"https:\/\/www.eldiario.net\/portal\/#website"},"primaryImageOfPage":{"@id":"https:\/\/www.eldiario.net\/portal\/2022\/02\/22\/ucrania-calcula-concentracion-147-000-efectivos-rusos-en-frontera\/#primaryimage"},"image":{"@id":"https:\/\/www.eldiario.net\/portal\/2022\/02\/22\/ucrania-calcula-concentracion-147-000-efectivos-rusos-en-frontera\/#primaryimage"},"thumbnailUrl":"","datePublished":"2022-02-22T09:35:10+00:00","breadcrumb":{"@id":"https:\/\/www.eldiario.net\/portal\/2022\/02\/22\/ucrania-calcula-concentracion-147-000-efectivos-rusos-en-frontera\/#breadcrumb"},"inLanguage":"es","potentialAction":[{"@type":"ReadAction","target":["https:\/\/www.eldiario.net\/portal\/2022\/02\/22\/ucrania-calcula-concentracion-147-000-efectivos-rusos-en-frontera\/"]}]},{"@type":"ImageObject","inLanguage":"es","@id":"https:\/\/www.eldiario.net\/portal\/2022\/02\/22\/ucrania-calcula-concentracion-147-000-efectivos-rusos-en-frontera\/#primaryimage","url":"","contentUrl":""},{"@type":"BreadcrumbList","@id":"https:\/\/www.eldiario.net\/portal\/2022\/02\/22\/ucrania-calcula-concentracion-147-000-efectivos-rusos-en-frontera\/#breadcrumb","itemListElement":[{"@type":"ListItem","position":1,"name":"Portada","item":"https:\/\/www.eldiario.net\/portal\/"},{"@type":"ListItem","position":2,"name":"Ucrania calcula concentraci\u00f3n 147.000 efectivos rusos en frontera"}]},{"@type":"WebSite","@id":"https:\/\/www.eldiario.net\/portal\/#website","url":"https:\/\/www.eldiario.net\/portal\/","name":"El Diario - Decano de la prensa nacional","description":"El Diario - Decano de la prensa nacional","publisher":{"@id":"https:\/\/www.eldiario.net\/portal\/#organization"},"potentialAction":[{"@type":"SearchAction","target":{"@type":"EntryPoint","urlTemplate":"https:\/\/www.eldiario.net\/portal\/?s={search_term_string}"},"query-input":{"@type":"PropertyValueSpecification","valueRequired":true,"valueName":"search_term_string"}}],"inLanguage":"es"},{"@type":"Organization","@id":"https:\/\/www.eldiario.net\/portal\/#organization","name":"El Diario - Decano de la prensa nacional","url":"https:\/\/www.eldiario.net\/portal\/","logo":{"@type":"ImageObject","inLanguage":"es","@id":"https:\/\/www.eldiario.net\/portal\/#\/schema\/logo\/image\/","url":"https:\/\/www.eldiario.net\/portal\/wp-content\/uploads\/2023\/07\/logo_ED.jpg","contentUrl":"https:\/\/www.eldiario.net\/portal\/wp-content\/uploads\/2023\/07\/logo_ED.jpg","width":272,"height":52,"caption":"El Diario - Decano de la prensa nacional"},"image":{"@id":"https:\/\/www.eldiario.net\/portal\/#\/schema\/logo\/image\/"},"sameAs":["https:\/\/www.facebook.com\/eldiario.bolivia\/","https:\/\/x.com\/eldiario_net"]},{"@type":"Person","@id":"https:\/\/www.eldiario.net\/portal\/#\/schema\/person\/2c57cf2b7a7ae032e449e4c9b1019eac","name":"Jeanette","image":{"@type":"ImageObject","inLanguage":"es","@id":"https:\/\/secure.gravatar.com\/avatar\/3ea2118a5f7dad2b7138b1187a6b7ee55f160b9968b66013c3a3ef39dd7e5798?s=96&d=mm&r=g","url":"https:\/\/secure.gravatar.com\/avatar\/3ea2118a5f7dad2b7138b1187a6b7ee55f160b9968b66013c3a3ef39dd7e5798?s=96&d=mm&r=g","contentUrl":"https:\/\/secure.gravatar.com\/avatar\/3ea2118a5f7dad2b7138b1187a6b7ee55f160b9968b66013c3a3ef39dd7e5798?s=96&d=mm&r=g","caption":"Jeanette"},"sameAs":["https:\/\/www.eldiario.net\/portal"],"url":"https:\/\/www.eldiario.net\/portal\/author\/jeanette\/"}]}},"_links":{"self":[{"href":"https:\/\/www.eldiario.net\/portal\/wp-json\/wp\/v2\/posts\/64930","targetHints":{"allow":["GET"]}}],"collection":[{"href":"https:\/\/www.eldiario.net\/portal\/wp-json\/wp\/v2\/posts"}],"about":[{"href":"https:\/\/www.eldiario.net\/portal\/wp-json\/wp\/v2\/types\/post"}],"author":[{"embeddable":true,"href":"https:\/\/www.eldiario.net\/portal\/wp-json\/wp\/v2\/users\/1"}],"replies":[{"embeddable":true,"href":"https:\/\/www.eldiario.net\/portal\/wp-json\/wp\/v2\/comments?post=64930"}],"version-history":[{"count":0,"href":"https:\/\/www.eldiario.net\/portal\/wp-json\/wp\/v2\/posts\/64930\/revisions"}],"wp:attachment":[{"href":"https:\/\/www.eldiario.net\/portal\/wp-json\/wp\/v2\/media?parent=64930"}],"wp:term":[{"taxonomy":"category","embeddable":true,"href":"https:\/\/www.eldiario.net\/portal\/wp-json\/wp\/v2\/categories?post=64930"},{"taxonomy":"post_tag","embeddable":true,"href":"https:\/\/www.eldiario.net\/portal\/wp-json\/wp\/v2\/tags?post=64930"}],"curies":[{"name":"wp","href":"https:\/\/api.w.org\/{rel}","templated":true}]}}