{"id":64925,"date":"2022-02-22T05:33:13","date_gmt":"2022-02-22T09:33:13","guid":{"rendered":"https:\/\/www.eldiario.net\/portal\/?p=64925"},"modified":"2022-02-22T05:33:13","modified_gmt":"2022-02-22T09:33:13","slug":"cumbre-y-objetivos-del-milenio","status":"publish","type":"post","link":"https:\/\/www.eldiario.net\/portal\/2022\/02\/22\/cumbre-y-objetivos-del-milenio\/","title":{"rendered":"Cumbre y objetivos del milenio"},"content":{"rendered":"<p><strong>Por: Equipo editor<\/strong><\/p>\n<p>&nbsp;<\/p>\n<p><strong>Antecedentes hist\u00f3ricos<\/strong><\/p>\n<p>&nbsp;<\/p>\n<p>A partir de 1990, la Ayuda Oficial para el Desarrollo (AOD) perdi\u00f3 su utilidad como herramienta en la lucha de bloques, los Estados no cambiar\u00e1n sus pol\u00edticas de ayuda hasta que no vuelvan a entender la AOD como una herramienta, esta vez, para la lucha contra el terrorismo.<\/p>\n<p>&nbsp;<\/p>\n<p>En el \u00e1mbito internacional, desde la Secretar\u00eda General de Naciones Unidas el egipcio Butros Butros-Ghali, propuso la celebraci\u00f3n de una serie de cumbres internacionales para afrontar y poner remedio a los grandes problemas de la humanidad.<\/p>\n<p>&nbsp;<\/p>\n<p>Al d\u00eda de hoy, 1 200 millones de personas subsisten con un d\u00f3lar al d\u00eda, otros 925 millones pasan hambre, 114 millones de ni\u00f1os en edad escolar no acuden a la escuela y de ellos, 63 millones son ni\u00f1as. Al a\u00f1o 11 millones de ni\u00f1os menores de cinco a\u00f1os pierden la vida, la mayor\u00eda por enfermedades tratables; en cuanto a las madres, medio mill\u00f3n fallece cada a\u00f1o durante el parto o maternidad. El SIDA no para de extenderse matando cada a\u00f1o a tres millones de personas, mientras que otros 2 400 millones no tienen acceso a agua potable.<\/p>\n<p>&nbsp;<\/p>\n<p>En este contexto, tras la celebraci\u00f3n de dichas citas a lo largo de los noventa y con la pujanza de los movimientos antiglobalizaci\u00f3n, tuvo lugar en septiembre del a\u00f1o 2000, en la ciudad de Nueva York, la Cumbre del Milenio. Representantes de 189 estados recordaban los compromisos adquiridos en los noventa y firmaban la Declaraci\u00f3n del Milenio.<\/p>\n<p>&nbsp;<\/p>\n<p><strong>Declaraci\u00f3n del milenio<\/strong><\/p>\n<p>&nbsp;<\/p>\n<p>Los Jefes de Estado y de Gobiernos, reunidos en la sede de Naciones Unidas en Nueva York el 8 de septiembre de 2000, acordaron reafirmar la fe en la Organizaci\u00f3n y en su Carta, como cimientos indispensables de un mundo m\u00e1s pac\u00edfico, m\u00e1s pr\u00f3spero y m\u00e1s justo.<\/p>\n<p>&nbsp;<\/p>\n<p>Reafirmaron su adhesi\u00f3n a los prop\u00f3sitos y principios de la Carta de las Naciones Unidas, que han demostrado ser intemporales y universales.<\/p>\n<p>&nbsp;<\/p>\n<p><strong>En aquella reuni\u00f3n se afirm\u00f3:<\/strong><\/p>\n<p>&nbsp;<\/p>\n<p>Estamos decididos a establecer una paz justa y duradera en todo el mundo, de conformidad con los prop\u00f3sitos y principios de la Carta. Reafirmamos nuestra determinaci\u00f3n de apoyar todos los esfuerzos encaminados a hacer respetar la igualdad soberana de todos los Estados, el respeto de su integridad territorial e independencia pol\u00edtica; la soluci\u00f3n de los conflictos por medios pac\u00edficos y en consonancia con los principios de la justicia y del derecho internacional; el derecho de libre determinaci\u00f3n de los pueblos que siguen sometidos a la dominaci\u00f3n colonial y la ocupaci\u00f3n extranjera; la no injerencia en los asuntos internos de los Estados; el respeto de los derechos humanos y las libertades fundamentales; el respeto de la igualdad de derechos de todos, sin distinciones por motivo de raza, sexo, idioma o religi\u00f3n, y la cooperaci\u00f3n internacional para resolver los problemas internacionales de car\u00e1cter econ\u00f3mico, social, cultural o humanitario.<\/p>\n<p>&nbsp;<\/p>\n<p><strong>Valores y principios<\/strong><\/p>\n<p>&nbsp;<\/p>\n<ul>\n<li><strong>La libertad.<\/strong> Los hombres y las mujeres tienen derecho a vivir su vida y a criar a sus hijos con dignidad; libres del hambre y de temor a la violencia, la opresi\u00f3n o la injusticia. La mejor forma de garantizar esos derechos es contar con gobiernos democr\u00e1ticos y participativos basados en la voluntad popular.<\/li>\n<\/ul>\n<p>&nbsp;<\/p>\n<ul>\n<li><strong>La igualdad.<\/strong> No debe negarse a ninguna persona, ni a ninguna naci\u00f3n la posibilidad de beneficiarse del desarrollo. Debe garantizarse la igualdad de derechos y oportunidades de hombres y mujeres.<\/li>\n<\/ul>\n<p>&nbsp;<\/p>\n<ul>\n<li><strong>La solidaridad.<\/strong> Los problemas mundiales deben abordarse de manera tal, que los costos y las cargas se distribuyan con justicia, conforme a los principios fundamentales de la equidad y la justicia social. Los que sufren o los que menos se benefician, merecen la ayuda de los m\u00e1s beneficiados.<\/li>\n<\/ul>\n<p>&nbsp;<\/p>\n<ul>\n<li><strong>La tolerancia.<\/strong> Los seres humanos se deben respetar mutuamente, en toda su diversidad de creencias, culturas e idiomas. No se deben temer ni reprimir las diferencias dentro de las sociedades ni entre \u00e9stas; antes bien, deben apreciarse como preciados bienes de la humanidad. Se debe promover activamente una cultura de paz y di\u00e1logo entre todas las civilizaciones.<\/li>\n<\/ul>\n<p>&nbsp;<\/p>\n<ul>\n<li><strong>El respeto a la naturaleza.<\/strong> Es necesario actuar con prudencia en la gesti\u00f3n y ordenaci\u00f3n de todas las especies vivas y todos los recursos naturales, conforme a los preceptos del desarrollo sostenible. S\u00f3lo as\u00ed podremos conservar y transmitir a nuestros descendientes las inconmensurables riquezas que nos brinda la naturaleza. Es preciso modificar las actuales pautas insostenibles de producci\u00f3n y consumo en inter\u00e9s de nuestro bienestar futuro y en el de nuestros descendientes.<\/li>\n<\/ul>\n<p>&nbsp;<\/p>\n<ul>\n<li><strong>Responsabilidad com\u00fan.<\/strong> La responsabilidad de la gesti\u00f3n del desarrollo econ\u00f3mico, social y las amenazas que pesan sobre la paz y la seguridad internacional deben ser compartidas por las naciones del mundo y a la vez ejercerse multilateralmente. Por ser la organizaci\u00f3n m\u00e1s universal y m\u00e1s representativa de todo el mundo, las Naciones Unidas deben desempe\u00f1ar un papel central hacia la responsabilidad com\u00fan.<\/li>\n<\/ul>\n<p>&nbsp;<\/p>\n<p><strong>Decisiones<\/strong><\/p>\n<p>&nbsp;<\/p>\n<ul>\n<li>Consolidar el respeto del imperio de la ley, en los asuntos internacionales y nacionales, en particular, velar que los estados miembros, cumplan las decisiones de la Corte Internacional de Justicia, con arreglo a la Carta de las Naciones Unidas, en los litigios en que sean partes.<\/li>\n<li>Aumentar la eficacia de las Naciones Unidas en el mantenimiento de la paz y de la seguridad, dotando a la organizaci\u00f3n de los recursos y los instrumentos necesarios para las tareas de prevenci\u00f3n de conflictos, resoluci\u00f3n pac\u00edfica de controversias, mantenimiento de la paz, consolidaci\u00f3n de la paz y reconstrucci\u00f3n despu\u00e9s de los conflictos.<\/li>\n<li>Fortalecer la cooperaci\u00f3n entre las Naciones Unidas y las organizaciones regionales.<\/li>\n<li>Velar por que los Estados partes, apliquen los tratados sobre cuestiones tales como: el control de armamentos y el desarme; el derecho internacional humanitario y el relativo a los derechos humanos; y pedir a todos los estados que consideren la posibilidad de suscribir y ratificar el Estatuto de Roma de la Corte Penal Internacional.<\/li>\n<li>Adoptar medidas concertadas contra el terrorismo internacional y adherirnos cuanto antes a todas las convenciones internacionales pertinentes.<\/li>\n<li>Redoblar nuestros esfuerzos para poner en pr\u00e1ctica nuestro compromiso de luchar contra el problema mundial de la droga.<\/li>\n<li>Intensificar nuestra lucha contra la delincuencia transnacional en todas sus dimensiones, incluidos la trata y el contrabando de seres humanos y el blanqueo de dinero.<\/li>\n<li>Reducir al m\u00ednimo las consecuencias negativas que las sanciones econ\u00f3micas impuestas por las Naciones Unidas pueden tener, en las poblaciones inocentes.<\/li>\n<li>Esforzarnos por eliminar las armas de destrucci\u00f3n en masa, en particular las armas nucleares y mantener abiertas todas las opciones para alcanzar esa meta, incluida la posibilidad de convocar una conferencia internacional para determinar formas adecuadas de eliminar los peligros nucleares.<\/li>\n<li>Adoptar medidas concertadas para poner fin al tr\u00e1fico il\u00edcito de armas peque\u00f1as y armas ligeras, en particular dando mayor transparencia a las transferencias de armas y respaldando medidas de desarme regional, teniendo en cuenta todas las recomendaciones de la Conferencia de las Naciones Unidas sobre el Comercio Il\u00edcito de Armas Peque\u00f1as y Ligeras.<\/li>\n<li>Pedir a todos los estados que consideren la posibilidad de adherirse a la convenci\u00f3n sobre la prohibici\u00f3n del empleo, almacenamiento, producci\u00f3n y transferencia de minas antipersonales y sobre su destrucci\u00f3n, as\u00ed como al Protocolo enmendado relativo a las minas de la convenci\u00f3n sobre armas convencionales.<\/li>\n<\/ul>\n<p>&nbsp;<\/p>\n<p><strong>Los ocho objetivos del milenio<\/strong><\/p>\n<p>&nbsp;<\/p>\n<p>En la Declaraci\u00f3n del Milenio se recogen ocho objetivos referentes a la erradicaci\u00f3n de la pobreza, la educaci\u00f3n primaria universal, la igualdad entre los g\u00e9neros, la mortalidad infantil, la salud materna, el avance del VIH\/SIDA y el sustento del medio ambiente.<\/p>\n<p>&nbsp;<\/p>\n<p>En respuesta de aquellos que demandaban un cambio hacia posturas m\u00e1s sociales de los mercados mundiales y organizaciones financieras se a\u00f1ade el objetivo 8, \u201cFomentar una Asociaci\u00f3n Mundial para el Desarrollo\u201d. En otras palabras, el objetivo promueve que el sistema comercial de ayuda oficial y de pr\u00e9stamo, garantice el logro en el 2015 de los primeros siete objetivos y en general, de un mundo m\u00e1s justo.<\/p>\n<p>&nbsp;<\/p>\n<p>Cada objetivo se divide en una serie de metas, un total de 18, cuantificables mediante 48 indicadores concretos. Por primera vez la agenda internacional del desarrollo pone una fecha para alcanzar estos acuerdos concretos y medibles.<\/p>\n<p>&nbsp;<\/p>\n<p><strong>Los t\u00edtulos de los ocho objetivos, con sus metas espec\u00edficas, son:<\/strong><\/p>\n<p>&nbsp;<\/p>\n<p><strong>Objetivo 1. Erradicar la pobreza extrema y el hambre<\/strong><\/p>\n<p>&nbsp;<\/p>\n<ul>\n<li>Reducir a la mitad, entre 1990 y 2015, la proporci\u00f3n de personas que sufren hambre.<\/li>\n<li>Reducir a la mitad, entre 1990 y 2015, la proporci\u00f3n de personas cuyos ingresos son inferiores a un d\u00f3lar diario.<\/li>\n<li>Conseguir pleno empleo productivo y trabajo digno para todos, incluyendo mujeres y j\u00f3venes, adem\u00e1s rechazando rotundamente el trabajo infantil.<\/li>\n<\/ul>\n<p>&nbsp;<\/p>\n<p><strong>Objetivo 2. Lograr la ense\u00f1anza primaria universal<\/strong><\/p>\n<p>&nbsp;<\/p>\n<ul>\n<li>Asegurar que en el 2015 la infancia de cualquier parte, ni\u00f1os y ni\u00f1as por igual, sean capaces de completar un ciclo completo de ense\u00f1anza primaria.<\/li>\n<\/ul>\n<p>&nbsp;<\/p>\n<p><strong>Objetivo 3. Promover la igualdad entre los g\u00e9neros y la autonom\u00eda de la mujer<\/strong><\/p>\n<p>&nbsp;<\/p>\n<ul>\n<li>Eliminar las desigualdades entre los g\u00e9neros en la ense\u00f1anza primaria y secundaria, preferiblemente para el a\u00f1o 2005, y en todos los niveles de la ense\u00f1anza antes de finales de 2015.<\/li>\n<\/ul>\n<p>&nbsp;<\/p>\n<p><strong>Objetivo 4. Reducir la mortalidad infantil<\/strong><\/p>\n<p>&nbsp;<\/p>\n<ul>\n<li>Reducir en dos terceras partes, entre 1990 y 2015, la mortalidad de ni\u00f1os menores de cinco a\u00f1os.<\/li>\n<\/ul>\n<p>&nbsp;<\/p>\n<p><strong>Objetivo 5. Mejorar la salud materna<\/strong><\/p>\n<p>&nbsp;<\/p>\n<ul>\n<li>Reducir en tres cuartas partes, entre 1990 y 2015, la mortalidad materna.<\/li>\n<li>Lograr el acceso universal a la salud reproductiva.<\/li>\n<\/ul>\n<p>&nbsp;<\/p>\n<p><strong>Objetivo 6. Combatir el VIH\/SIDA, el paludismo y otras enfermedades<\/strong><\/p>\n<p>&nbsp;<\/p>\n<ul>\n<li>Haber detenido y comenzado a reducir la propagaci\u00f3n del VIH\/SIDA en el 2015.<\/li>\n<li>Lograr para el 2010, el acceso universal al tratamiento del VIH\/SIDA de todas las personas que lo necesiten.<\/li>\n<li>Haber detenido y comenzado a reducir en el 2015, la incidencia de la malaria y otras enfermedades graves.<\/li>\n<\/ul>\n<p>&nbsp;<\/p>\n<p><strong>Objetivo 7. Garantizar la sostenibilidad del medio ambiente<\/strong><\/p>\n<p>&nbsp;<\/p>\n<ul>\n<li>Incorporar los principios del desarrollo sostenible en las pol\u00edticas y los programas nacionales; y reducir la p\u00e9rdida de recursos del medio ambiente.<\/li>\n<li>Haber reducido y haber desacelerado considerablemente la p\u00e9rdida de diversidad biol\u00f3gica en el 2010.<\/li>\n<li>Reducir a la mitad para el 2015, la proporci\u00f3n de personas sin acceso sostenible al agua potable y a servicios b\u00e1sicos de saneamiento.<\/li>\n<li>Haber mejorado considerablemente en el 2020, la vida de al menos 100 millones de habitantes de barrios marginales.<\/li>\n<\/ul>\n<p>&nbsp;<\/p>\n<p><strong>Objetivo 8. Fomentar una asociaci\u00f3n mundial para el desarrollo<\/strong><\/p>\n<p>&nbsp;<\/p>\n<ul>\n<li>Desarrollar a\u00fan m\u00e1s un sistema comercial y financiero abierto, basado en normas previsibles y no discriminatorias.<\/li>\n<li>Atender las necesidades especiales de los pa\u00edses menos adelantados.<\/li>\n<li>Atender las necesidades especiales de los pa\u00edses en desarrollo sin litoral y los peque\u00f1os Estados insulares en desarrollo (mediante el Programa de Acci\u00f3n para el desarrollo sostenible de los peque\u00f1os Estados insulares en desarrollo y los resultados del vig\u00e9simo segundo per\u00edodo extraordinario de sesiones de la Asamblea General).<\/li>\n<li>Encarar de manera integral los problemas de la deuda de los pa\u00edses en desarrollo con medidas nacionales e internacionales para que la deuda sea sostenible a largo plazo.<\/li>\n<li>En cooperaci\u00f3n con las empresas farmac\u00e9uticas, proporcionar acceso a los medicamentos esenciales en los pa\u00edses en desarrollo a precios accesibles.<\/li>\n<li>En cooperaci\u00f3n con el sector privado, dar acceso a los beneficios de las nuevas tecnolog\u00edas, especialmente las de informaci\u00f3n y comunicaciones.<\/li>\n<\/ul>\n<p>&nbsp;<\/p>\n<p>El \u00fanico objetivo que no est\u00e1 marcado por ning\u00fan plazo es el octavo, lo que para muchos significa que ya deber\u00eda haberse cumplido los primeros siete.<\/p>\n<p>&nbsp;<\/p>\n<p><strong>Indicadores<\/strong><\/p>\n<p>&nbsp;<\/p>\n<p><strong>Objetivo 1. Erradicar la pobreza extrema y el hambre<\/strong><\/p>\n<p>&nbsp;<\/p>\n<ol>\n<li>Proporci\u00f3n de la poblaci\u00f3n con ingresos inferiores a 1 d\u00f3lar por d\u00eda seg\u00fan la paridad del poder adquisitivo (PPA).<\/li>\n<li>Coeficiente de la brecha de pobreza.<\/li>\n<li>Proporci\u00f3n del consumo nacional que corresponde a la quinta parte m\u00e1s pobre de la poblaci\u00f3n.<\/li>\n<li>Tasa de crecimiento del producto interno bruto por persona empleada.<\/li>\n<li>Tasa de poblaci\u00f3n ocupada.<\/li>\n<li>Proporci\u00f3n de la poblaci\u00f3n ocupada total que trabaja por cuenta propia o en un negocio familiar.<\/li>\n<li>Ni\u00f1os menores de cinco a\u00f1os con peso inferior al normal.<\/li>\n<li>Proporci\u00f3n de la poblaci\u00f3n que no alcanza el nivel m\u00ednimo de consumo de energ\u00eda alimentaria.<\/li>\n<\/ol>\n<p>&nbsp;<\/p>\n<p><strong>Objetivo 2. Lograr la ense\u00f1anza primaria universal<\/strong><\/p>\n<p>&nbsp;<\/p>\n<ol>\n<li>Tasa neta de matriculaci\u00f3n en la ense\u00f1anza primaria.<\/li>\n<li>Proporci\u00f3n de alumnos que comienzan el primer grado y llegan al \u00faltimo grado de la ense\u00f1anza primaria.<\/li>\n<li>Tasa de alfabetizaci\u00f3n de las personas de entre 15 y 24 a\u00f1os, mujeres y hombres.<\/li>\n<\/ol>\n<p>&nbsp;<\/p>\n<p><strong>Objetivo 3. Promover la igualdad entre los g\u00e9neros y la autonom\u00eda de la mujer<\/strong><\/p>\n<p>&nbsp;<\/p>\n<ol>\n<li>Proporci\u00f3n de ni\u00f1as y ni\u00f1os en la ense\u00f1anza primaria, secundaria y superior.<\/li>\n<li>Proporci\u00f3n de mujeres con empleos remunerados en el sector no agr\u00edcola.<\/li>\n<li>Proporci\u00f3n de esca\u00f1os ocupados por mujeres en los parlamentos nacionales.<\/li>\n<\/ol>\n<p>&nbsp;<\/p>\n<p><strong>Objetivo 4. Reducir la mortalidad infantil<\/strong><\/p>\n<p>&nbsp;<\/p>\n<ol>\n<li>Tasa de mortalidad de ni\u00f1os menores de cinco a\u00f1os.<\/li>\n<li>Tasa de mortalidad infantil.<\/li>\n<li>Proporci\u00f3n de ni\u00f1os de un a\u00f1o inmunizados contra el sarampi\u00f3n.<\/li>\n<\/ol>\n<p>&nbsp;<\/p>\n<p><strong>Objetivo 5. Mejorar la salud materna<\/strong><\/p>\n<p>&nbsp;<\/p>\n<ol>\n<li>Tasa de mortalidad materna.<\/li>\n<li>Proporci\u00f3n de partos con asistencia de personal sanitario especializado.<\/li>\n<li>Tasa de uso de anticonceptivos.<\/li>\n<li>Tasa de natalidad entre las adolescentes.<\/li>\n<li>Cobertura de atenci\u00f3n prenatal (al menos una consulta o cuatro consultas).<\/li>\n<li>Necesidades insatisfechas en materia de planificaci\u00f3n familiar.<\/li>\n<\/ol>\n<p>&nbsp;<\/p>\n<p><strong>Objetivo 6. Combatir el VIH\/SIDA, el paludismo y otras enfermedades<\/strong><\/p>\n<p>&nbsp;<\/p>\n<ol>\n<li>Prevalencia del VIH en las personas de entre 15 y 24 a\u00f1os.<\/li>\n<li>Uso de preservativos en la \u00faltima relaci\u00f3n sexual de alto riesgo.<\/li>\n<li>Proporci\u00f3n de la poblaci\u00f3n de entre 15 y 24 a\u00f1os que tiene conocimientos amplios y correctos sobre el VIH\/SIDA.<\/li>\n<li>Relaci\u00f3n entre la asistencia escolar de ni\u00f1os hu\u00e9rfanos y la de ni\u00f1os no hu\u00e9rfanos de entre 10 y 14 a\u00f1os.<\/li>\n<li>Proporci\u00f3n de la poblaci\u00f3n portadora del VIH con infecci\u00f3n avanzada que tiene acceso a medicamentos antirretrovirales.<\/li>\n<li>Incidencia y tasa de mortalidad asociadas a la malaria.<\/li>\n<li>Proporci\u00f3n de ni\u00f1os menores de cinco a\u00f1os que duermen protegidos por mosquiteros impregnados de insecticida y proporci\u00f3n de ni\u00f1os menores de cinco a\u00f1os con fiebre que reciben tratamiento con medicamentos adecuados contra la malaria.<\/li>\n<li>Incidencia y tasa de mortalidad asociadas a la tuberculosis.<\/li>\n<li>Proporci\u00f3n de casos de tuberculosis detectados y curados con el tratamiento breve bajo observaci\u00f3n directa.<\/li>\n<\/ol>\n<p>&nbsp;<\/p>\n<p><strong>Objetivo 7. Garantizar la sostenibilidad del medio ambiente<\/strong><\/p>\n<p>&nbsp;<\/p>\n<ol>\n<li>Proporci\u00f3n de la superficie de tierras cubierta por bosques.<\/li>\n<li>Emisiones de di\u00f3xido de carbono y consumo de sustancias que agotan la capa de ozono.<\/li>\n<li>Proporci\u00f3n de poblaciones de peces que est\u00e1n dentro de l\u00edmites biol\u00f3gicos seguros.<\/li>\n<li>Proporci\u00f3n del total de recursos h\u00eddricos utilizados.<\/li>\n<li>Proporci\u00f3n de zonas terrestres y marinas protegidas.<\/li>\n<li>Proporci\u00f3n de especies en peligro de extinci\u00f3n.<\/li>\n<li>Proporci\u00f3n de la poblaci\u00f3n con acceso a mejores fuentes de agua potable.<\/li>\n<li>Proporci\u00f3n de la poblaci\u00f3n con acceso a mejores servicios de saneamiento.<\/li>\n<li>Proporci\u00f3n de la poblaci\u00f3n urbana que vive en barrios marginales.<\/li>\n<\/ol>\n<p>&nbsp;<\/p>\n<p><strong>Objetivo 8. Fomentar una asociaci\u00f3n mundial para el desarrollo<\/strong><\/p>\n<p>&nbsp;<\/p>\n<ol>\n<li>AOD (Asistencia Oficial para el Desarrollo) en total y para los pa\u00edses menos adelantados, como porcentaje del ingreso nacional bruto de los pa\u00edses donantes del Comit\u00e9 de Asistencia para el Desarrollo de la Organizaci\u00f3n de Cooperaci\u00f3n y Desarrollo Econ\u00f3micos (CAD\/OCDE).<\/li>\n<li>Proporci\u00f3n del total de AOD bilateral y por sectores que los donantes del CAD\/OCDE destinan a servicios sociales b\u00e1sicos (ense\u00f1anza b\u00e1sica, atenci\u00f3n primaria de la salud, nutrici\u00f3n, agua potable y saneamiento).<\/li>\n<li>Proporci\u00f3n de la AOD bilateral de los donantes del CAD\/OCDE que no est\u00e1 condicionada.<\/li>\n<li>AOD recibida por los pa\u00edses en desarrollo sin litoral en proporci\u00f3n a su ingreso nacional bruto.<\/li>\n<li>AOD recibida por los peque\u00f1os Estados insulares en desarrollo en proporci\u00f3n a su ingreso nacional bruto.<\/li>\n<li>Proporci\u00f3n del total de importaciones de los pa\u00edses desarrollados (por su valor y excepto armamentos) procedentes de pa\u00edses en desarrollo y pa\u00edses menos adelantados, admitidas sin pagar derechos.<\/li>\n<li>Aranceles medios aplicados por los pa\u00edses desarrollados a los productos agr\u00edcolas y textiles, y las prendas de vestir procedentes de pa\u00edses en desarrollo.<\/li>\n<li>Estimaci\u00f3n de la ayuda agr\u00edcola de los pa\u00edses de la OCDE en porcentaje de su producto interno bruto.<\/li>\n<li>Proporci\u00f3n de AOD destinada a fomentar la capacidad comercial.<\/li>\n<li>10 N\u00famero total de pa\u00edses que han alcanzado el punto de decisi\u00f3n y n\u00famero total de pa\u00edses que han alcanzado el punto de culminaci\u00f3n de la iniciativa en favor de los pa\u00edses pobres muy endeudados (acumulativo).<\/li>\n<li>Alivio de la deuda comprometida conforme a la iniciativa en favor de los pa\u00edses pobres muy endeudados y la iniciativa multilateral de alivio de la deuda.<\/li>\n<li>Servicio de la deuda como porcentaje de las exportaciones de bienes y servicios.<\/li>\n<li>Proporci\u00f3n de la poblaci\u00f3n con acceso sostenible a medicamentos esenciales a precios accesibles.<\/li>\n<li>L\u00edneas de tel\u00e9fono por cada 100 habitantes.<\/li>\n<li>Abonados a tel\u00e9fonos celulares por cada 100 habitantes.<\/li>\n<li>Usuarios de Internet por cada 100 habitantes.<\/li>\n<\/ol>\n<p>&nbsp;<\/p>\n<p>Ahora mismo, los objetivos constituyen la principal agenda del desarrollo y tanto las diferentes agencias de Naciones Unidas como las organizaciones internacionales de cr\u00e9dito, las ONG y las agencias oficiales de cooperaci\u00f3n focalizan su trabajo en el logro de los ODM.<\/p>\n<p>&nbsp;<\/p>\n<p>No obstante, son muchas las cr\u00edticas que les llueven a los objetivos, hay quien los describe como una nueva declaraci\u00f3n de Naciones Unidas que no se va a cumplir, se cuestiona su sustento, ya que despu\u00e9s del 2015 no se moviliza la misma cantidad de recursos. Para otros, los ODM no son m\u00e1s que un rev\u00e9s en las pol\u00edticas de desarrollo, ya que luchan contra las consecuencias y no contra las causas del subdesarrollo. Esto es discutible, ya que est\u00e1 claro que en el c\u00edrculo vicioso de la pobreza las consecuencias se convierten de nuevo en las causas.<\/p>\n<p>&nbsp;<\/p>\n<p>Tambi\u00e9n se han considerado demasiado generalistas o ambiciosos (varios pron\u00f3sticos ya adelantan que no se lograr\u00e1n los ODM). Y se han calificado como oportunistas, al utilizar algunos indicadores como porcentajes en vez de n\u00fameros absolutos o considerar que la pobreza extrema est\u00e1 situada en un d\u00f3lar al d\u00eda cuando, por ejemplo, el Banco Mundial utiliza la cifra de 1.25 d\u00f3lares diarios como l\u00edmite de la extrema pobreza.<\/p>\n<p><a href=\"https:\/\/www.eldiario.net\/portal\/wp-content\/uploads\/2022\/02\/Bio-Cumbre-y-objetivos-del-milenio.jpg\"><img loading=\"lazy\" decoding=\"async\" class=\"aligncenter size-full wp-image-64927\" src=\"https:\/\/www.eldiario.net\/portal\/wp-content\/uploads\/2022\/02\/Bio-Cumbre-y-objetivos-del-milenio.jpg\" alt=\"\" width=\"1000\" height=\"1000\" srcset=\"https:\/\/www.eldiario.net\/portal\/wp-content\/uploads\/2022\/02\/Bio-Cumbre-y-objetivos-del-milenio.jpg 1000w, https:\/\/www.eldiario.net\/portal\/wp-content\/uploads\/2022\/02\/Bio-Cumbre-y-objetivos-del-milenio-300x300.jpg 300w, https:\/\/www.eldiario.net\/portal\/wp-content\/uploads\/2022\/02\/Bio-Cumbre-y-objetivos-del-milenio-150x150.jpg 150w, https:\/\/www.eldiario.net\/portal\/wp-content\/uploads\/2022\/02\/Bio-Cumbre-y-objetivos-del-milenio-768x768.jpg 768w, https:\/\/www.eldiario.net\/portal\/wp-content\/uploads\/2022\/02\/Bio-Cumbre-y-objetivos-del-milenio-696x696.jpg 696w\" sizes=\"auto, (max-width: 1000px) 100vw, 1000px\" \/><\/a><\/p>\n","protected":false},"excerpt":{"rendered":"<p>Por: Equipo editor &nbsp; Antecedentes hist\u00f3ricos &nbsp; A partir de 1990, la Ayuda Oficial para el Desarrollo (AOD) perdi\u00f3 su utilidad como herramienta en la lucha de bloques, los Estados no cambiar\u00e1n sus pol\u00edticas de ayuda hasta que no vuelvan a entender la AOD como una herramienta, esta vez, para la lucha contra el terrorismo. [&hellip;]<\/p>\n","protected":false},"author":1,"featured_media":64926,"comment_status":"closed","ping_status":"closed","sticky":false,"template":"","format":"standard","meta":{"_acf_changed":false,"footnotes":""},"categories":[43],"tags":[],"class_list":["post-64925","post","type-post","status-publish","format-standard","has-post-thumbnail","category-nuevos-horizontes"],"acf":{"antetitulo":""},"yoast_head":"<!-- This site is optimized with the Yoast SEO plugin v28.4 - https:\/\/yoast.com\/product\/yoast-seo-wordpress\/ -->\n<title>Cumbre y objetivos del milenio - El Diario - Bolivia<\/title>\n<meta name=\"robots\" content=\"index, follow, max-snippet:-1, max-image-preview:large, max-video-preview:-1\" \/>\n<link rel=\"canonical\" href=\"https:\/\/www.eldiario.net\/portal\/2022\/02\/22\/cumbre-y-objetivos-del-milenio\/\" \/>\n<meta property=\"og:locale\" content=\"es_ES\" \/>\n<meta property=\"og:type\" content=\"article\" \/>\n<meta property=\"og:title\" content=\"Cumbre y objetivos del milenio - El Diario - Bolivia\" \/>\n<meta property=\"og:description\" content=\"Por: Equipo editor &nbsp; Antecedentes hist\u00f3ricos &nbsp; A partir de 1990, la Ayuda Oficial para el Desarrollo (AOD) perdi\u00f3 su utilidad como herramienta en la lucha de bloques, los Estados no cambiar\u00e1n sus pol\u00edticas de ayuda hasta que no vuelvan a entender la AOD como una herramienta, esta vez, para la lucha contra el terrorismo. [&hellip;]\" \/>\n<meta property=\"og:url\" content=\"https:\/\/www.eldiario.net\/portal\/2022\/02\/22\/cumbre-y-objetivos-del-milenio\/\" \/>\n<meta property=\"og:site_name\" content=\"El Diario - Bolivia\" \/>\n<meta property=\"article:publisher\" content=\"https:\/\/www.facebook.com\/eldiario.bolivia\/\" \/>\n<meta property=\"article:published_time\" content=\"2022-02-22T09:33:13+00:00\" \/>\n<meta name=\"author\" content=\"Jeanette\" \/>\n<meta name=\"twitter:card\" content=\"summary_large_image\" \/>\n<meta name=\"twitter:creator\" content=\"@eldiario_net\" \/>\n<meta name=\"twitter:site\" content=\"@eldiario_net\" \/>\n<meta name=\"twitter:label1\" content=\"Escrito por\" \/>\n\t<meta name=\"twitter:data1\" content=\"Jeanette\" \/>\n\t<meta name=\"twitter:label2\" content=\"Tiempo de lectura\" \/>\n\t<meta name=\"twitter:data2\" content=\"14 minutos\" \/>\n<script type=\"application\/ld+json\" class=\"yoast-schema-graph\">{\"@context\":\"https:\\\/\\\/schema.org\",\"@graph\":[{\"@type\":\"Article\",\"@id\":\"https:\\\/\\\/www.eldiario.net\\\/portal\\\/2022\\\/02\\\/22\\\/cumbre-y-objetivos-del-milenio\\\/#article\",\"isPartOf\":{\"@id\":\"https:\\\/\\\/www.eldiario.net\\\/portal\\\/2022\\\/02\\\/22\\\/cumbre-y-objetivos-del-milenio\\\/\"},\"author\":{\"name\":\"Jeanette\",\"@id\":\"https:\\\/\\\/www.eldiario.net\\\/portal\\\/#\\\/schema\\\/person\\\/2c57cf2b7a7ae032e449e4c9b1019eac\"},\"headline\":\"Cumbre y objetivos del milenio\",\"datePublished\":\"2022-02-22T09:33:13+00:00\",\"mainEntityOfPage\":{\"@id\":\"https:\\\/\\\/www.eldiario.net\\\/portal\\\/2022\\\/02\\\/22\\\/cumbre-y-objetivos-del-milenio\\\/\"},\"wordCount\":3181,\"publisher\":{\"@id\":\"https:\\\/\\\/www.eldiario.net\\\/portal\\\/#organization\"},\"image\":{\"@id\":\"https:\\\/\\\/www.eldiario.net\\\/portal\\\/2022\\\/02\\\/22\\\/cumbre-y-objetivos-del-milenio\\\/#primaryimage\"},\"thumbnailUrl\":\"\",\"articleSection\":[\"Nuevos Horizontes\"],\"inLanguage\":\"es\"},{\"@type\":\"WebPage\",\"@id\":\"https:\\\/\\\/www.eldiario.net\\\/portal\\\/2022\\\/02\\\/22\\\/cumbre-y-objetivos-del-milenio\\\/\",\"url\":\"https:\\\/\\\/www.eldiario.net\\\/portal\\\/2022\\\/02\\\/22\\\/cumbre-y-objetivos-del-milenio\\\/\",\"name\":\"Cumbre y objetivos del milenio - El Diario - Bolivia\",\"isPartOf\":{\"@id\":\"https:\\\/\\\/www.eldiario.net\\\/portal\\\/#website\"},\"primaryImageOfPage\":{\"@id\":\"https:\\\/\\\/www.eldiario.net\\\/portal\\\/2022\\\/02\\\/22\\\/cumbre-y-objetivos-del-milenio\\\/#primaryimage\"},\"image\":{\"@id\":\"https:\\\/\\\/www.eldiario.net\\\/portal\\\/2022\\\/02\\\/22\\\/cumbre-y-objetivos-del-milenio\\\/#primaryimage\"},\"thumbnailUrl\":\"\",\"datePublished\":\"2022-02-22T09:33:13+00:00\",\"breadcrumb\":{\"@id\":\"https:\\\/\\\/www.eldiario.net\\\/portal\\\/2022\\\/02\\\/22\\\/cumbre-y-objetivos-del-milenio\\\/#breadcrumb\"},\"inLanguage\":\"es\",\"potentialAction\":[{\"@type\":\"ReadAction\",\"target\":[\"https:\\\/\\\/www.eldiario.net\\\/portal\\\/2022\\\/02\\\/22\\\/cumbre-y-objetivos-del-milenio\\\/\"]}]},{\"@type\":\"ImageObject\",\"inLanguage\":\"es\",\"@id\":\"https:\\\/\\\/www.eldiario.net\\\/portal\\\/2022\\\/02\\\/22\\\/cumbre-y-objetivos-del-milenio\\\/#primaryimage\",\"url\":\"\",\"contentUrl\":\"\"},{\"@type\":\"BreadcrumbList\",\"@id\":\"https:\\\/\\\/www.eldiario.net\\\/portal\\\/2022\\\/02\\\/22\\\/cumbre-y-objetivos-del-milenio\\\/#breadcrumb\",\"itemListElement\":[{\"@type\":\"ListItem\",\"position\":1,\"name\":\"Portada\",\"item\":\"https:\\\/\\\/www.eldiario.net\\\/portal\\\/\"},{\"@type\":\"ListItem\",\"position\":2,\"name\":\"Cumbre y objetivos del milenio\"}]},{\"@type\":\"WebSite\",\"@id\":\"https:\\\/\\\/www.eldiario.net\\\/portal\\\/#website\",\"url\":\"https:\\\/\\\/www.eldiario.net\\\/portal\\\/\",\"name\":\"El Diario - Decano de la prensa nacional\",\"description\":\"El Diario - Decano de la prensa nacional\",\"publisher\":{\"@id\":\"https:\\\/\\\/www.eldiario.net\\\/portal\\\/#organization\"},\"potentialAction\":[{\"@type\":\"SearchAction\",\"target\":{\"@type\":\"EntryPoint\",\"urlTemplate\":\"https:\\\/\\\/www.eldiario.net\\\/portal\\\/?s={search_term_string}\"},\"query-input\":{\"@type\":\"PropertyValueSpecification\",\"valueRequired\":true,\"valueName\":\"search_term_string\"}}],\"inLanguage\":\"es\"},{\"@type\":\"Organization\",\"@id\":\"https:\\\/\\\/www.eldiario.net\\\/portal\\\/#organization\",\"name\":\"El Diario - Decano de la prensa nacional\",\"url\":\"https:\\\/\\\/www.eldiario.net\\\/portal\\\/\",\"logo\":{\"@type\":\"ImageObject\",\"inLanguage\":\"es\",\"@id\":\"https:\\\/\\\/www.eldiario.net\\\/portal\\\/#\\\/schema\\\/logo\\\/image\\\/\",\"url\":\"https:\\\/\\\/www.eldiario.net\\\/portal\\\/wp-content\\\/uploads\\\/2023\\\/07\\\/logo_ED.jpg\",\"contentUrl\":\"https:\\\/\\\/www.eldiario.net\\\/portal\\\/wp-content\\\/uploads\\\/2023\\\/07\\\/logo_ED.jpg\",\"width\":272,\"height\":52,\"caption\":\"El Diario - Decano de la prensa nacional\"},\"image\":{\"@id\":\"https:\\\/\\\/www.eldiario.net\\\/portal\\\/#\\\/schema\\\/logo\\\/image\\\/\"},\"sameAs\":[\"https:\\\/\\\/www.facebook.com\\\/eldiario.bolivia\\\/\",\"https:\\\/\\\/x.com\\\/eldiario_net\"]},{\"@type\":\"Person\",\"@id\":\"https:\\\/\\\/www.eldiario.net\\\/portal\\\/#\\\/schema\\\/person\\\/2c57cf2b7a7ae032e449e4c9b1019eac\",\"name\":\"Jeanette\",\"image\":{\"@type\":\"ImageObject\",\"inLanguage\":\"es\",\"@id\":\"https:\\\/\\\/secure.gravatar.com\\\/avatar\\\/3ea2118a5f7dad2b7138b1187a6b7ee55f160b9968b66013c3a3ef39dd7e5798?s=96&d=mm&r=g\",\"url\":\"https:\\\/\\\/secure.gravatar.com\\\/avatar\\\/3ea2118a5f7dad2b7138b1187a6b7ee55f160b9968b66013c3a3ef39dd7e5798?s=96&d=mm&r=g\",\"contentUrl\":\"https:\\\/\\\/secure.gravatar.com\\\/avatar\\\/3ea2118a5f7dad2b7138b1187a6b7ee55f160b9968b66013c3a3ef39dd7e5798?s=96&d=mm&r=g\",\"caption\":\"Jeanette\"},\"sameAs\":[\"https:\\\/\\\/www.eldiario.net\\\/portal\"],\"url\":\"https:\\\/\\\/www.eldiario.net\\\/portal\\\/author\\\/jeanette\\\/\"}]}<\/script>\n<!-- \/ Yoast SEO plugin. -->","yoast_head_json":{"title":"Cumbre y objetivos del milenio - El Diario - Bolivia","robots":{"index":"index","follow":"follow","max-snippet":"max-snippet:-1","max-image-preview":"max-image-preview:large","max-video-preview":"max-video-preview:-1"},"canonical":"https:\/\/www.eldiario.net\/portal\/2022\/02\/22\/cumbre-y-objetivos-del-milenio\/","og_locale":"es_ES","og_type":"article","og_title":"Cumbre y objetivos del milenio - El Diario - Bolivia","og_description":"Por: Equipo editor &nbsp; Antecedentes hist\u00f3ricos &nbsp; A partir de 1990, la Ayuda Oficial para el Desarrollo (AOD) perdi\u00f3 su utilidad como herramienta en la lucha de bloques, los Estados no cambiar\u00e1n sus pol\u00edticas de ayuda hasta que no vuelvan a entender la AOD como una herramienta, esta vez, para la lucha contra el terrorismo. [&hellip;]","og_url":"https:\/\/www.eldiario.net\/portal\/2022\/02\/22\/cumbre-y-objetivos-del-milenio\/","og_site_name":"El Diario - Bolivia","article_publisher":"https:\/\/www.facebook.com\/eldiario.bolivia\/","article_published_time":"2022-02-22T09:33:13+00:00","author":"Jeanette","twitter_card":"summary_large_image","twitter_creator":"@eldiario_net","twitter_site":"@eldiario_net","twitter_misc":{"Escrito por":"Jeanette","Tiempo de lectura":"14 minutos"},"schema":{"@context":"https:\/\/schema.org","@graph":[{"@type":"Article","@id":"https:\/\/www.eldiario.net\/portal\/2022\/02\/22\/cumbre-y-objetivos-del-milenio\/#article","isPartOf":{"@id":"https:\/\/www.eldiario.net\/portal\/2022\/02\/22\/cumbre-y-objetivos-del-milenio\/"},"author":{"name":"Jeanette","@id":"https:\/\/www.eldiario.net\/portal\/#\/schema\/person\/2c57cf2b7a7ae032e449e4c9b1019eac"},"headline":"Cumbre y objetivos del milenio","datePublished":"2022-02-22T09:33:13+00:00","mainEntityOfPage":{"@id":"https:\/\/www.eldiario.net\/portal\/2022\/02\/22\/cumbre-y-objetivos-del-milenio\/"},"wordCount":3181,"publisher":{"@id":"https:\/\/www.eldiario.net\/portal\/#organization"},"image":{"@id":"https:\/\/www.eldiario.net\/portal\/2022\/02\/22\/cumbre-y-objetivos-del-milenio\/#primaryimage"},"thumbnailUrl":"","articleSection":["Nuevos Horizontes"],"inLanguage":"es"},{"@type":"WebPage","@id":"https:\/\/www.eldiario.net\/portal\/2022\/02\/22\/cumbre-y-objetivos-del-milenio\/","url":"https:\/\/www.eldiario.net\/portal\/2022\/02\/22\/cumbre-y-objetivos-del-milenio\/","name":"Cumbre y objetivos del milenio - El Diario - Bolivia","isPartOf":{"@id":"https:\/\/www.eldiario.net\/portal\/#website"},"primaryImageOfPage":{"@id":"https:\/\/www.eldiario.net\/portal\/2022\/02\/22\/cumbre-y-objetivos-del-milenio\/#primaryimage"},"image":{"@id":"https:\/\/www.eldiario.net\/portal\/2022\/02\/22\/cumbre-y-objetivos-del-milenio\/#primaryimage"},"thumbnailUrl":"","datePublished":"2022-02-22T09:33:13+00:00","breadcrumb":{"@id":"https:\/\/www.eldiario.net\/portal\/2022\/02\/22\/cumbre-y-objetivos-del-milenio\/#breadcrumb"},"inLanguage":"es","potentialAction":[{"@type":"ReadAction","target":["https:\/\/www.eldiario.net\/portal\/2022\/02\/22\/cumbre-y-objetivos-del-milenio\/"]}]},{"@type":"ImageObject","inLanguage":"es","@id":"https:\/\/www.eldiario.net\/portal\/2022\/02\/22\/cumbre-y-objetivos-del-milenio\/#primaryimage","url":"","contentUrl":""},{"@type":"BreadcrumbList","@id":"https:\/\/www.eldiario.net\/portal\/2022\/02\/22\/cumbre-y-objetivos-del-milenio\/#breadcrumb","itemListElement":[{"@type":"ListItem","position":1,"name":"Portada","item":"https:\/\/www.eldiario.net\/portal\/"},{"@type":"ListItem","position":2,"name":"Cumbre y objetivos del milenio"}]},{"@type":"WebSite","@id":"https:\/\/www.eldiario.net\/portal\/#website","url":"https:\/\/www.eldiario.net\/portal\/","name":"El Diario - Decano de la prensa nacional","description":"El Diario - Decano de la prensa nacional","publisher":{"@id":"https:\/\/www.eldiario.net\/portal\/#organization"},"potentialAction":[{"@type":"SearchAction","target":{"@type":"EntryPoint","urlTemplate":"https:\/\/www.eldiario.net\/portal\/?s={search_term_string}"},"query-input":{"@type":"PropertyValueSpecification","valueRequired":true,"valueName":"search_term_string"}}],"inLanguage":"es"},{"@type":"Organization","@id":"https:\/\/www.eldiario.net\/portal\/#organization","name":"El Diario - Decano de la prensa nacional","url":"https:\/\/www.eldiario.net\/portal\/","logo":{"@type":"ImageObject","inLanguage":"es","@id":"https:\/\/www.eldiario.net\/portal\/#\/schema\/logo\/image\/","url":"https:\/\/www.eldiario.net\/portal\/wp-content\/uploads\/2023\/07\/logo_ED.jpg","contentUrl":"https:\/\/www.eldiario.net\/portal\/wp-content\/uploads\/2023\/07\/logo_ED.jpg","width":272,"height":52,"caption":"El Diario - Decano de la prensa nacional"},"image":{"@id":"https:\/\/www.eldiario.net\/portal\/#\/schema\/logo\/image\/"},"sameAs":["https:\/\/www.facebook.com\/eldiario.bolivia\/","https:\/\/x.com\/eldiario_net"]},{"@type":"Person","@id":"https:\/\/www.eldiario.net\/portal\/#\/schema\/person\/2c57cf2b7a7ae032e449e4c9b1019eac","name":"Jeanette","image":{"@type":"ImageObject","inLanguage":"es","@id":"https:\/\/secure.gravatar.com\/avatar\/3ea2118a5f7dad2b7138b1187a6b7ee55f160b9968b66013c3a3ef39dd7e5798?s=96&d=mm&r=g","url":"https:\/\/secure.gravatar.com\/avatar\/3ea2118a5f7dad2b7138b1187a6b7ee55f160b9968b66013c3a3ef39dd7e5798?s=96&d=mm&r=g","contentUrl":"https:\/\/secure.gravatar.com\/avatar\/3ea2118a5f7dad2b7138b1187a6b7ee55f160b9968b66013c3a3ef39dd7e5798?s=96&d=mm&r=g","caption":"Jeanette"},"sameAs":["https:\/\/www.eldiario.net\/portal"],"url":"https:\/\/www.eldiario.net\/portal\/author\/jeanette\/"}]}},"_links":{"self":[{"href":"https:\/\/www.eldiario.net\/portal\/wp-json\/wp\/v2\/posts\/64925","targetHints":{"allow":["GET"]}}],"collection":[{"href":"https:\/\/www.eldiario.net\/portal\/wp-json\/wp\/v2\/posts"}],"about":[{"href":"https:\/\/www.eldiario.net\/portal\/wp-json\/wp\/v2\/types\/post"}],"author":[{"embeddable":true,"href":"https:\/\/www.eldiario.net\/portal\/wp-json\/wp\/v2\/users\/1"}],"replies":[{"embeddable":true,"href":"https:\/\/www.eldiario.net\/portal\/wp-json\/wp\/v2\/comments?post=64925"}],"version-history":[{"count":0,"href":"https:\/\/www.eldiario.net\/portal\/wp-json\/wp\/v2\/posts\/64925\/revisions"}],"wp:attachment":[{"href":"https:\/\/www.eldiario.net\/portal\/wp-json\/wp\/v2\/media?parent=64925"}],"wp:term":[{"taxonomy":"category","embeddable":true,"href":"https:\/\/www.eldiario.net\/portal\/wp-json\/wp\/v2\/categories?post=64925"},{"taxonomy":"post_tag","embeddable":true,"href":"https:\/\/www.eldiario.net\/portal\/wp-json\/wp\/v2\/tags?post=64925"}],"curies":[{"name":"wp","href":"https:\/\/api.w.org\/{rel}","templated":true}]}}