{"id":64920,"date":"2022-02-22T05:32:06","date_gmt":"2022-02-22T09:32:06","guid":{"rendered":"https:\/\/www.eldiario.net\/portal\/?p=64920"},"modified":"2022-02-22T05:32:06","modified_gmt":"2022-02-22T09:32:06","slug":"inteligencia-emocional-durante-el-embarazo","status":"publish","type":"post","link":"https:\/\/www.eldiario.net\/portal\/2022\/02\/22\/inteligencia-emocional-durante-el-embarazo\/","title":{"rendered":"Inteligencia emocional durante el embarazo"},"content":{"rendered":"<p><strong>Por: Equipo editor<\/strong><\/p>\n<p>&nbsp;<\/p>\n<p>Debe ofrecerse a la mujer embarazada una educaci\u00f3n integral que conlleve no solamente conocimientos anat\u00f3micos y biol\u00f3gicos sobre el proceso de embarazo, sino tambi\u00e9n contribuir a fortalecer su autoestima, su autocontrol, su automotivaci\u00f3n, su empat\u00eda y sus relaciones sociales y espirituales que establezca con ella misma y con las dem\u00e1s personas, incluyendo a la persona que est\u00e1 en su interior.<\/p>\n<p>&nbsp;<\/p>\n<p>Es muy importante comprender que la vida emocional de la una futura madre tiene como reflejo la vida emocional del futuro beb\u00e9. Por ello, sus habilidades cognoscitivas, emocionales, sociales y espirituales fortalecidas la sit\u00faan en un plano de ser una verdadera protagonista y no una simple espectadora del proceso que vive durante su embarazo.<\/p>\n<p>&nbsp;<\/p>\n<p>En este sentido, est\u00e1 bastante claro que la inteligencia emocional durante el embarazo\u00a0es aquella que permite y facilita, en una mujer embarazada, identificar sus emociones para poder controlarlas; esta tarea cobra amplia relevancia y utilidad en esta etapa de la vida, dado que los\u00a0cambios hormonales del embarazo hacen que las emociones incrementen sus naturaleza y se conviertan en bucle de emociones, valga la expresi\u00f3n.<\/p>\n<p>&nbsp;<\/p>\n<p>Desde el momento de la\u00a0concepci\u00f3n el cuerpo y la mente de una mujer se preparan para la gestaci\u00f3n, as\u00ed como para la futura maternidad. Esto supone una lluvia inmensa de sentimientos contradictorios; pudiendo ser emociones positivas\u00a0como el amor, el deseo, la amistad o el respeto; al igual que\u00a0emociones negativas\u00a0como la tristeza, el temor, el miedo o el rechazo, que desembocan en algunos\u00a0cambios de humor\u00a0que muy pocos entienden.<\/p>\n<p>&nbsp;<\/p>\n<p>De tal manera, se hace necesario hacerle frente a este torrente de\u00a0emociones. Esta idea de trabajar la uni\u00f3n del\u00a0desarrollo emocional, conductual y cognitivo; es decir, el desarrollo integral es una tarea fundamental aunque muchas veces algo ignorada o dada por sentada.<\/p>\n<p>&nbsp;<\/p>\n<p><strong>\u00bfC\u00f3mo afecta el estado emocional de la madre al beb\u00e9?<\/strong><\/p>\n<p>&nbsp;<\/p>\n<p>Existen diferentes estudios que demuestran que le estado emocional de la madre durante el embarazo, afecta a largo plazo a la salud mental y desarrollo sano del futuro beb\u00e9.<\/p>\n<p>&nbsp;<\/p>\n<p>Los cambios f\u00edsicos, ps\u00edquicos y sociales que vive la mujer embarazada, generan m\u00e1s o menos ansiedad en ella dependiendo del proceso social y cultural en que se educ\u00f3, de su conocimiento sobre el proceso qu\u00e9 est\u00e1 viviendo, de las caracter\u00edsticas de su personalidad, de su coeficiente intelectual y su coeficiente emocional, de sus relaciones de convivencia dentro de la familia y la sociedad en general, de las presiones laborales, de las presiones econ\u00f3micas, de su salud f\u00edsica, de su deseo de querer o no tener a su hijo o hija.<\/p>\n<p>&nbsp;<\/p>\n<p>La depresi\u00f3n, ansiedad o niveles altos de estr\u00e9s en la madre, as\u00ed como las emociones negativas continuadas,\u00a0hacen que la madre segregue hormonas que pueden ser toxicas para el desarrollo del beb\u00e9, como el cortisol. Estas hormonas pasan a la\u00a0placenta y llegan al feto, pudiendo afectar al desarrollo de su sistema nervioso.\u00a0De este modo pueden influir en el coeficiente intelectual y predisponer a determinados problemas o trastornos como la hiperactividad, d\u00e9ficit de atenci\u00f3n, falta de memoria, tendencia a ansiedad y depresi\u00f3n, etc.<\/p>\n<p>&nbsp;<\/p>\n<p>Durante la gestaci\u00f3n se produce el desarrollo del sistema nervioso, cuando estas sustancias llegan al feto y alcanzan su sistema nervioso, influyen en el desarrollo del mismo. Y como consecuencia afectan a su funcionamiento futuro.<\/p>\n<p>&nbsp;<\/p>\n<p>Es por eso que se hace necesario que la mujer busque ayuda complementaria que la apoye para convivir con este ser humano en la sociedad y poder fortalecer su autonom\u00eda, su autoestima, su autocontrol, su automotivaci\u00f3n, sus habilidades sociales y espirituales.<\/p>\n<p>&nbsp;<\/p>\n<p><strong>Consejos para trabajar la inteligencia emocional durante el embarazo<\/strong><\/p>\n<p>&nbsp;<\/p>\n<ul>\n<li><strong>Evitar juzgarse.<\/strong> No es que no importe c\u00f3mo se sienta una mujer embarazada, sino entender que lo primero es reconocer ese \u201cestado\u201d, de que est\u00e1 embarazada. Por ello no se debe juzgar por estar o sentirse triste o culpable; de igual forma no es bueno realizar comparaciones con otras mujeres, simplemente porque parece que llevan el embarazo de mejor manea o con variada actitud. La verdad es que solo ellas saben c\u00f3mo se sienten d\u00eda a d\u00eda y cada persona es un mundo.<\/li>\n<\/ul>\n<p>&nbsp;<\/p>\n<ul>\n<li><strong>Mantener y potencializar la autoestima<\/strong>.\u00a0Es necesario <a href=\"https:\/\/elembarazo.net\/formas-para-mejorar-tu-autoestima-en-el-embarazo.html\">mejorar el autoestima durante el embarazo<\/a>, cuanto m\u00e1s se quiera una persona a s\u00ed misma menos le afectar\u00e1 la revoluci\u00f3n emocional propia del embarazo.<\/li>\n<\/ul>\n<p>&nbsp;<\/p>\n<ul>\n<li><strong>No reprimir nuestras emociones.<\/strong> Los sentimientos tienen una funci\u00f3n espec\u00edfica para la supervivencia. Por ello no se debe caer en el error de tratar de controlar lo que se siente en todo momento. Esa actitud es un extremo negativo del autocontrol, por lo mismo no es \u00fatil; muchas veces es mejor dejar que las emociones fluyan y cumplan su cometido y ciclo.<\/li>\n<\/ul>\n<p>&nbsp;<\/p>\n<ul>\n<li><strong>Practicar la empat\u00eda hacia s\u00ed misma.<\/strong> Esto te ayudar\u00e1 a reaccionar mejor ante las emociones propias del embarazo.<\/li>\n<\/ul>\n<p>&nbsp;<\/p>\n<ul>\n<li><strong>Auto motivarse.<\/strong> Para ello es bueno realizar actividades que nos llenen o satisfagan. De igual forma un acierto es compartir las experiencias personales con otras mujeres, por lo que es conveniente asistir a talleres sobre maternidad, practicar yoga y meditaci\u00f3n; en s\u00ed, huir del sedentarismo para evitar dar paso a emociones no deseadas.<\/li>\n<\/ul>\n<p>&nbsp;<\/p>\n<ul>\n<li><strong>Predisponer o preparar el cuerpo y la mente para la maternidad.<\/strong>Es fundamental que una futura mam\u00e1 se prepare para los cambios que acompa\u00f1an al embarazo, parto y maternidad. Siempre ayudar\u00e1 en este punto el practicar alg\u00fan ejercicio moderado que ayude a reforzar la musculatura y evite ganar demasiado peso. Asimismo, tomar conciencia de los estados de \u00e1nimo personales y los cambios por los que se atraviesa.<\/li>\n<\/ul>\n<p>&nbsp;<\/p>\n<ul>\n<li><strong>Reconocer y aceptar los l\u00edmites y recursos personales.<\/strong>Durante el embarazo habr\u00e1 muchas cosas que antes se hac\u00eda y ahora no, es importante saberlo y no preocuparse por ello. Adem\u00e1s es bueno tomar conciencia de que despu\u00e9s del parto poco a poco se podr\u00e1 ir volviendo a estas actividades habituales que se disfrutaban. De la misma manera conocer los propios recursos es fundamental, es bueno apoyarse en ellos. Y buscar apoyo cuando sea necesario.<\/li>\n<\/ul>\n<p>&nbsp;<\/p>\n<ul>\n<li><strong>No ser individualista.<\/strong> Aunque no es poco frecuente que muchas mujeres atraviesan por el embarazo solas por diferentes aspectos, la mayor\u00eda de las futuras madres no est\u00e1n solas; por ello es necesario entender que la madre es la que lleva el beb\u00e9 dentro, pero\u00a0no debe pasar el embarazo sola.\u00a0Es fundamental la implicaci\u00f3n de los pap\u00e1s y de otros familiares o amistades.<\/li>\n<\/ul>\n<p>&nbsp;<\/p>\n<ul>\n<li><strong>Procurar un estilo de vida saludable<\/strong>. Para esto es importante cuidar la alimentaci\u00f3n, el descanso suficiente y no alejarse mucho de la actividad f\u00edsica, claro que la misma debe ser m\u00e1s relajada y moderada como paseos y yoga.<\/li>\n<\/ul>\n<p>&nbsp;<\/p>\n<ul>\n<li><strong>Evitar personas y situaciones que causen malestar.<\/strong><\/li>\n<\/ul>\n<p><strong>\u00a0<\/strong><\/p>\n<ul>\n<li><strong>Re\u00edr con frecuencia.<\/strong>La risa ayuda a mantener un estado de \u00e1nimo positivo.<\/li>\n<\/ul>\n<p>&nbsp;<\/p>\n<ul>\n<li><strong>Mantener contacto fluido con los especialistas.<\/strong> Ante s\u00edntomas ansiosos o depresivos que sean continuados y persistentes, se debe consultar con un\u00a0m\u00e9dico o un especialista.<\/li>\n<\/ul>\n<p><a href=\"https:\/\/www.eldiario.net\/portal\/wp-content\/uploads\/2022\/02\/IE-Alimentacion.jpg\"><img loading=\"lazy\" decoding=\"async\" class=\"aligncenter size-full wp-image-64922\" src=\"https:\/\/www.eldiario.net\/portal\/wp-content\/uploads\/2022\/02\/IE-Alimentacion.jpg\" alt=\"\" width=\"736\" height=\"1018\" \/><\/a><\/p>\n","protected":false},"excerpt":{"rendered":"<p>Por: Equipo editor &nbsp; Debe ofrecerse a la mujer embarazada una educaci\u00f3n integral que conlleve no solamente conocimientos anat\u00f3micos y biol\u00f3gicos sobre el proceso de embarazo, sino tambi\u00e9n contribuir a fortalecer su autoestima, su autocontrol, su automotivaci\u00f3n, su empat\u00eda y sus relaciones sociales y espirituales que establezca con ella misma y con las dem\u00e1s personas, [&hellip;]<\/p>\n","protected":false},"author":1,"featured_media":64921,"comment_status":"closed","ping_status":"closed","sticky":false,"template":"","format":"standard","meta":{"_acf_changed":false,"footnotes":""},"categories":[43],"tags":[],"class_list":["post-64920","post","type-post","status-publish","format-standard","has-post-thumbnail","category-nuevos-horizontes"],"acf":{"antetitulo":""},"yoast_head":"<!-- This site is optimized with the Yoast SEO plugin v28.4 - https:\/\/yoast.com\/product\/yoast-seo-wordpress\/ -->\n<title>Inteligencia emocional durante el embarazo - El Diario - Bolivia<\/title>\n<meta name=\"robots\" content=\"index, follow, max-snippet:-1, max-image-preview:large, max-video-preview:-1\" \/>\n<link rel=\"canonical\" href=\"https:\/\/www.eldiario.net\/portal\/2022\/02\/22\/inteligencia-emocional-durante-el-embarazo\/\" \/>\n<meta property=\"og:locale\" content=\"es_ES\" \/>\n<meta property=\"og:type\" content=\"article\" \/>\n<meta property=\"og:title\" content=\"Inteligencia emocional durante el embarazo - El Diario - Bolivia\" \/>\n<meta property=\"og:description\" content=\"Por: Equipo editor &nbsp; Debe ofrecerse a la mujer embarazada una educaci\u00f3n integral que conlleve no solamente conocimientos anat\u00f3micos y biol\u00f3gicos sobre el proceso de embarazo, sino tambi\u00e9n contribuir a fortalecer su autoestima, su autocontrol, su automotivaci\u00f3n, su empat\u00eda y sus relaciones sociales y espirituales que establezca con ella misma y con las dem\u00e1s personas, [&hellip;]\" \/>\n<meta property=\"og:url\" content=\"https:\/\/www.eldiario.net\/portal\/2022\/02\/22\/inteligencia-emocional-durante-el-embarazo\/\" \/>\n<meta property=\"og:site_name\" content=\"El Diario - Bolivia\" \/>\n<meta property=\"article:publisher\" content=\"https:\/\/www.facebook.com\/eldiario.bolivia\/\" \/>\n<meta property=\"article:published_time\" content=\"2022-02-22T09:32:06+00:00\" \/>\n<meta name=\"author\" content=\"Jeanette\" \/>\n<meta name=\"twitter:card\" content=\"summary_large_image\" \/>\n<meta name=\"twitter:creator\" content=\"@eldiario_net\" \/>\n<meta name=\"twitter:site\" content=\"@eldiario_net\" \/>\n<meta name=\"twitter:label1\" content=\"Escrito por\" \/>\n\t<meta name=\"twitter:data1\" content=\"Jeanette\" \/>\n\t<meta name=\"twitter:label2\" content=\"Tiempo de lectura\" \/>\n\t<meta name=\"twitter:data2\" content=\"6 minutos\" \/>\n<script type=\"application\/ld+json\" class=\"yoast-schema-graph\">{\"@context\":\"https:\\\/\\\/schema.org\",\"@graph\":[{\"@type\":\"Article\",\"@id\":\"https:\\\/\\\/www.eldiario.net\\\/portal\\\/2022\\\/02\\\/22\\\/inteligencia-emocional-durante-el-embarazo\\\/#article\",\"isPartOf\":{\"@id\":\"https:\\\/\\\/www.eldiario.net\\\/portal\\\/2022\\\/02\\\/22\\\/inteligencia-emocional-durante-el-embarazo\\\/\"},\"author\":{\"name\":\"Jeanette\",\"@id\":\"https:\\\/\\\/www.eldiario.net\\\/portal\\\/#\\\/schema\\\/person\\\/2c57cf2b7a7ae032e449e4c9b1019eac\"},\"headline\":\"Inteligencia emocional durante el embarazo\",\"datePublished\":\"2022-02-22T09:32:06+00:00\",\"mainEntityOfPage\":{\"@id\":\"https:\\\/\\\/www.eldiario.net\\\/portal\\\/2022\\\/02\\\/22\\\/inteligencia-emocional-durante-el-embarazo\\\/\"},\"wordCount\":1212,\"publisher\":{\"@id\":\"https:\\\/\\\/www.eldiario.net\\\/portal\\\/#organization\"},\"image\":{\"@id\":\"https:\\\/\\\/www.eldiario.net\\\/portal\\\/2022\\\/02\\\/22\\\/inteligencia-emocional-durante-el-embarazo\\\/#primaryimage\"},\"thumbnailUrl\":\"\",\"articleSection\":[\"Nuevos Horizontes\"],\"inLanguage\":\"es\"},{\"@type\":\"WebPage\",\"@id\":\"https:\\\/\\\/www.eldiario.net\\\/portal\\\/2022\\\/02\\\/22\\\/inteligencia-emocional-durante-el-embarazo\\\/\",\"url\":\"https:\\\/\\\/www.eldiario.net\\\/portal\\\/2022\\\/02\\\/22\\\/inteligencia-emocional-durante-el-embarazo\\\/\",\"name\":\"Inteligencia emocional durante el embarazo - El Diario - Bolivia\",\"isPartOf\":{\"@id\":\"https:\\\/\\\/www.eldiario.net\\\/portal\\\/#website\"},\"primaryImageOfPage\":{\"@id\":\"https:\\\/\\\/www.eldiario.net\\\/portal\\\/2022\\\/02\\\/22\\\/inteligencia-emocional-durante-el-embarazo\\\/#primaryimage\"},\"image\":{\"@id\":\"https:\\\/\\\/www.eldiario.net\\\/portal\\\/2022\\\/02\\\/22\\\/inteligencia-emocional-durante-el-embarazo\\\/#primaryimage\"},\"thumbnailUrl\":\"\",\"datePublished\":\"2022-02-22T09:32:06+00:00\",\"breadcrumb\":{\"@id\":\"https:\\\/\\\/www.eldiario.net\\\/portal\\\/2022\\\/02\\\/22\\\/inteligencia-emocional-durante-el-embarazo\\\/#breadcrumb\"},\"inLanguage\":\"es\",\"potentialAction\":[{\"@type\":\"ReadAction\",\"target\":[\"https:\\\/\\\/www.eldiario.net\\\/portal\\\/2022\\\/02\\\/22\\\/inteligencia-emocional-durante-el-embarazo\\\/\"]}]},{\"@type\":\"ImageObject\",\"inLanguage\":\"es\",\"@id\":\"https:\\\/\\\/www.eldiario.net\\\/portal\\\/2022\\\/02\\\/22\\\/inteligencia-emocional-durante-el-embarazo\\\/#primaryimage\",\"url\":\"\",\"contentUrl\":\"\"},{\"@type\":\"BreadcrumbList\",\"@id\":\"https:\\\/\\\/www.eldiario.net\\\/portal\\\/2022\\\/02\\\/22\\\/inteligencia-emocional-durante-el-embarazo\\\/#breadcrumb\",\"itemListElement\":[{\"@type\":\"ListItem\",\"position\":1,\"name\":\"Portada\",\"item\":\"https:\\\/\\\/www.eldiario.net\\\/portal\\\/\"},{\"@type\":\"ListItem\",\"position\":2,\"name\":\"Inteligencia emocional durante el embarazo\"}]},{\"@type\":\"WebSite\",\"@id\":\"https:\\\/\\\/www.eldiario.net\\\/portal\\\/#website\",\"url\":\"https:\\\/\\\/www.eldiario.net\\\/portal\\\/\",\"name\":\"El Diario - Decano de la prensa nacional\",\"description\":\"El Diario - Decano de la prensa nacional\",\"publisher\":{\"@id\":\"https:\\\/\\\/www.eldiario.net\\\/portal\\\/#organization\"},\"potentialAction\":[{\"@type\":\"SearchAction\",\"target\":{\"@type\":\"EntryPoint\",\"urlTemplate\":\"https:\\\/\\\/www.eldiario.net\\\/portal\\\/?s={search_term_string}\"},\"query-input\":{\"@type\":\"PropertyValueSpecification\",\"valueRequired\":true,\"valueName\":\"search_term_string\"}}],\"inLanguage\":\"es\"},{\"@type\":\"Organization\",\"@id\":\"https:\\\/\\\/www.eldiario.net\\\/portal\\\/#organization\",\"name\":\"El Diario - Decano de la prensa nacional\",\"url\":\"https:\\\/\\\/www.eldiario.net\\\/portal\\\/\",\"logo\":{\"@type\":\"ImageObject\",\"inLanguage\":\"es\",\"@id\":\"https:\\\/\\\/www.eldiario.net\\\/portal\\\/#\\\/schema\\\/logo\\\/image\\\/\",\"url\":\"https:\\\/\\\/www.eldiario.net\\\/portal\\\/wp-content\\\/uploads\\\/2023\\\/07\\\/logo_ED.jpg\",\"contentUrl\":\"https:\\\/\\\/www.eldiario.net\\\/portal\\\/wp-content\\\/uploads\\\/2023\\\/07\\\/logo_ED.jpg\",\"width\":272,\"height\":52,\"caption\":\"El Diario - Decano de la prensa nacional\"},\"image\":{\"@id\":\"https:\\\/\\\/www.eldiario.net\\\/portal\\\/#\\\/schema\\\/logo\\\/image\\\/\"},\"sameAs\":[\"https:\\\/\\\/www.facebook.com\\\/eldiario.bolivia\\\/\",\"https:\\\/\\\/x.com\\\/eldiario_net\"]},{\"@type\":\"Person\",\"@id\":\"https:\\\/\\\/www.eldiario.net\\\/portal\\\/#\\\/schema\\\/person\\\/2c57cf2b7a7ae032e449e4c9b1019eac\",\"name\":\"Jeanette\",\"image\":{\"@type\":\"ImageObject\",\"inLanguage\":\"es\",\"@id\":\"https:\\\/\\\/secure.gravatar.com\\\/avatar\\\/3ea2118a5f7dad2b7138b1187a6b7ee55f160b9968b66013c3a3ef39dd7e5798?s=96&d=mm&r=g\",\"url\":\"https:\\\/\\\/secure.gravatar.com\\\/avatar\\\/3ea2118a5f7dad2b7138b1187a6b7ee55f160b9968b66013c3a3ef39dd7e5798?s=96&d=mm&r=g\",\"contentUrl\":\"https:\\\/\\\/secure.gravatar.com\\\/avatar\\\/3ea2118a5f7dad2b7138b1187a6b7ee55f160b9968b66013c3a3ef39dd7e5798?s=96&d=mm&r=g\",\"caption\":\"Jeanette\"},\"sameAs\":[\"https:\\\/\\\/www.eldiario.net\\\/portal\"],\"url\":\"https:\\\/\\\/www.eldiario.net\\\/portal\\\/author\\\/jeanette\\\/\"}]}<\/script>\n<!-- \/ Yoast SEO plugin. -->","yoast_head_json":{"title":"Inteligencia emocional durante el embarazo - El Diario - Bolivia","robots":{"index":"index","follow":"follow","max-snippet":"max-snippet:-1","max-image-preview":"max-image-preview:large","max-video-preview":"max-video-preview:-1"},"canonical":"https:\/\/www.eldiario.net\/portal\/2022\/02\/22\/inteligencia-emocional-durante-el-embarazo\/","og_locale":"es_ES","og_type":"article","og_title":"Inteligencia emocional durante el embarazo - El Diario - Bolivia","og_description":"Por: Equipo editor &nbsp; Debe ofrecerse a la mujer embarazada una educaci\u00f3n integral que conlleve no solamente conocimientos anat\u00f3micos y biol\u00f3gicos sobre el proceso de embarazo, sino tambi\u00e9n contribuir a fortalecer su autoestima, su autocontrol, su automotivaci\u00f3n, su empat\u00eda y sus relaciones sociales y espirituales que establezca con ella misma y con las dem\u00e1s personas, [&hellip;]","og_url":"https:\/\/www.eldiario.net\/portal\/2022\/02\/22\/inteligencia-emocional-durante-el-embarazo\/","og_site_name":"El Diario - Bolivia","article_publisher":"https:\/\/www.facebook.com\/eldiario.bolivia\/","article_published_time":"2022-02-22T09:32:06+00:00","author":"Jeanette","twitter_card":"summary_large_image","twitter_creator":"@eldiario_net","twitter_site":"@eldiario_net","twitter_misc":{"Escrito por":"Jeanette","Tiempo de lectura":"6 minutos"},"schema":{"@context":"https:\/\/schema.org","@graph":[{"@type":"Article","@id":"https:\/\/www.eldiario.net\/portal\/2022\/02\/22\/inteligencia-emocional-durante-el-embarazo\/#article","isPartOf":{"@id":"https:\/\/www.eldiario.net\/portal\/2022\/02\/22\/inteligencia-emocional-durante-el-embarazo\/"},"author":{"name":"Jeanette","@id":"https:\/\/www.eldiario.net\/portal\/#\/schema\/person\/2c57cf2b7a7ae032e449e4c9b1019eac"},"headline":"Inteligencia emocional durante el embarazo","datePublished":"2022-02-22T09:32:06+00:00","mainEntityOfPage":{"@id":"https:\/\/www.eldiario.net\/portal\/2022\/02\/22\/inteligencia-emocional-durante-el-embarazo\/"},"wordCount":1212,"publisher":{"@id":"https:\/\/www.eldiario.net\/portal\/#organization"},"image":{"@id":"https:\/\/www.eldiario.net\/portal\/2022\/02\/22\/inteligencia-emocional-durante-el-embarazo\/#primaryimage"},"thumbnailUrl":"","articleSection":["Nuevos Horizontes"],"inLanguage":"es"},{"@type":"WebPage","@id":"https:\/\/www.eldiario.net\/portal\/2022\/02\/22\/inteligencia-emocional-durante-el-embarazo\/","url":"https:\/\/www.eldiario.net\/portal\/2022\/02\/22\/inteligencia-emocional-durante-el-embarazo\/","name":"Inteligencia emocional durante el embarazo - El Diario - Bolivia","isPartOf":{"@id":"https:\/\/www.eldiario.net\/portal\/#website"},"primaryImageOfPage":{"@id":"https:\/\/www.eldiario.net\/portal\/2022\/02\/22\/inteligencia-emocional-durante-el-embarazo\/#primaryimage"},"image":{"@id":"https:\/\/www.eldiario.net\/portal\/2022\/02\/22\/inteligencia-emocional-durante-el-embarazo\/#primaryimage"},"thumbnailUrl":"","datePublished":"2022-02-22T09:32:06+00:00","breadcrumb":{"@id":"https:\/\/www.eldiario.net\/portal\/2022\/02\/22\/inteligencia-emocional-durante-el-embarazo\/#breadcrumb"},"inLanguage":"es","potentialAction":[{"@type":"ReadAction","target":["https:\/\/www.eldiario.net\/portal\/2022\/02\/22\/inteligencia-emocional-durante-el-embarazo\/"]}]},{"@type":"ImageObject","inLanguage":"es","@id":"https:\/\/www.eldiario.net\/portal\/2022\/02\/22\/inteligencia-emocional-durante-el-embarazo\/#primaryimage","url":"","contentUrl":""},{"@type":"BreadcrumbList","@id":"https:\/\/www.eldiario.net\/portal\/2022\/02\/22\/inteligencia-emocional-durante-el-embarazo\/#breadcrumb","itemListElement":[{"@type":"ListItem","position":1,"name":"Portada","item":"https:\/\/www.eldiario.net\/portal\/"},{"@type":"ListItem","position":2,"name":"Inteligencia emocional durante el embarazo"}]},{"@type":"WebSite","@id":"https:\/\/www.eldiario.net\/portal\/#website","url":"https:\/\/www.eldiario.net\/portal\/","name":"El Diario - Decano de la prensa nacional","description":"El Diario - Decano de la prensa nacional","publisher":{"@id":"https:\/\/www.eldiario.net\/portal\/#organization"},"potentialAction":[{"@type":"SearchAction","target":{"@type":"EntryPoint","urlTemplate":"https:\/\/www.eldiario.net\/portal\/?s={search_term_string}"},"query-input":{"@type":"PropertyValueSpecification","valueRequired":true,"valueName":"search_term_string"}}],"inLanguage":"es"},{"@type":"Organization","@id":"https:\/\/www.eldiario.net\/portal\/#organization","name":"El Diario - Decano de la prensa nacional","url":"https:\/\/www.eldiario.net\/portal\/","logo":{"@type":"ImageObject","inLanguage":"es","@id":"https:\/\/www.eldiario.net\/portal\/#\/schema\/logo\/image\/","url":"https:\/\/www.eldiario.net\/portal\/wp-content\/uploads\/2023\/07\/logo_ED.jpg","contentUrl":"https:\/\/www.eldiario.net\/portal\/wp-content\/uploads\/2023\/07\/logo_ED.jpg","width":272,"height":52,"caption":"El Diario - Decano de la prensa nacional"},"image":{"@id":"https:\/\/www.eldiario.net\/portal\/#\/schema\/logo\/image\/"},"sameAs":["https:\/\/www.facebook.com\/eldiario.bolivia\/","https:\/\/x.com\/eldiario_net"]},{"@type":"Person","@id":"https:\/\/www.eldiario.net\/portal\/#\/schema\/person\/2c57cf2b7a7ae032e449e4c9b1019eac","name":"Jeanette","image":{"@type":"ImageObject","inLanguage":"es","@id":"https:\/\/secure.gravatar.com\/avatar\/3ea2118a5f7dad2b7138b1187a6b7ee55f160b9968b66013c3a3ef39dd7e5798?s=96&d=mm&r=g","url":"https:\/\/secure.gravatar.com\/avatar\/3ea2118a5f7dad2b7138b1187a6b7ee55f160b9968b66013c3a3ef39dd7e5798?s=96&d=mm&r=g","contentUrl":"https:\/\/secure.gravatar.com\/avatar\/3ea2118a5f7dad2b7138b1187a6b7ee55f160b9968b66013c3a3ef39dd7e5798?s=96&d=mm&r=g","caption":"Jeanette"},"sameAs":["https:\/\/www.eldiario.net\/portal"],"url":"https:\/\/www.eldiario.net\/portal\/author\/jeanette\/"}]}},"_links":{"self":[{"href":"https:\/\/www.eldiario.net\/portal\/wp-json\/wp\/v2\/posts\/64920","targetHints":{"allow":["GET"]}}],"collection":[{"href":"https:\/\/www.eldiario.net\/portal\/wp-json\/wp\/v2\/posts"}],"about":[{"href":"https:\/\/www.eldiario.net\/portal\/wp-json\/wp\/v2\/types\/post"}],"author":[{"embeddable":true,"href":"https:\/\/www.eldiario.net\/portal\/wp-json\/wp\/v2\/users\/1"}],"replies":[{"embeddable":true,"href":"https:\/\/www.eldiario.net\/portal\/wp-json\/wp\/v2\/comments?post=64920"}],"version-history":[{"count":0,"href":"https:\/\/www.eldiario.net\/portal\/wp-json\/wp\/v2\/posts\/64920\/revisions"}],"wp:attachment":[{"href":"https:\/\/www.eldiario.net\/portal\/wp-json\/wp\/v2\/media?parent=64920"}],"wp:term":[{"taxonomy":"category","embeddable":true,"href":"https:\/\/www.eldiario.net\/portal\/wp-json\/wp\/v2\/categories?post=64920"},{"taxonomy":"post_tag","embeddable":true,"href":"https:\/\/www.eldiario.net\/portal\/wp-json\/wp\/v2\/tags?post=64920"}],"curies":[{"name":"wp","href":"https:\/\/api.w.org\/{rel}","templated":true}]}}