{"id":64913,"date":"2022-02-22T05:29:00","date_gmt":"2022-02-22T09:29:00","guid":{"rendered":"https:\/\/www.eldiario.net\/portal\/?p=64913"},"modified":"2022-02-22T05:29:00","modified_gmt":"2022-02-22T09:29:00","slug":"sigue-el-silencio-en-caso-de-la-gaiba","status":"publish","type":"post","link":"https:\/\/www.eldiario.net\/portal\/2022\/02\/22\/sigue-el-silencio-en-caso-de-la-gaiba\/","title":{"rendered":"Sigue el silencio en caso de la Gaiba"},"content":{"rendered":"<p><em><span class=\"dropcap \" style=\"background-color: #ffffff; color: #000000; border-color: #ffffff;\">H<\/span>ay secretos casi arcanos que con excesivo celo son guardados en el pa\u00eds; uno de ellos es el referido a los yacimientos de \u201cjoyas semi-preciosas de la Gaiba\u201d que, durante la gesti\u00f3n del Gral. Luis Garc\u00eda Meza se revel\u00f3 que se explotaba desde hace muchos a\u00f1os y, se dijo, \u201cse har\u00e1 un comunicado pormenorizado al respecto\u201d, que nunca se lo dio a conocer. En ese tiempo se dispuso que la administraci\u00f3n y explotaci\u00f3n de los yacimientos de joyas de la Gaiba estar\u00e1n bajo responsabilidad de las Fuerzas Armadas; sin embargo, ni durante el gobierno del Gral. Garc\u00eda Meza ni en ninguno de los gobiernos que le sucedieron se inform\u00f3 algo al respecto; se prometi\u00f3 mucho y el silencio fue permanente, aunque, por fuentes extraoficiales se supo siempre que continuaba la explotaci\u00f3n y exportaci\u00f3n de lo producido en la Gaiba.<\/em><\/p>\n<p><em>Han pasado m\u00e1s de treinta a\u00f1os desde el \u201cdescubrimiento\u201d de esos yacimientos y el silencio contin\u00faa. \u00bfQu\u00e9 pas\u00f3? \u00bfQu\u00e9 misterios hay en este caso que deber\u00eda ser p\u00fablico? \u00bfPor qu\u00e9 el celo de tantos gobiernos que han pasado ya a la historia? \u00bfCu\u00e1l es la realidad que deber\u00edan revelar las Fuerzas Armadas, puesto que la explotaci\u00f3n del yacimiento estaba a su cargo? Desde esos a\u00f1os de la d\u00e9cada del 80 se dijo mucho sobre la Gaiba y se prometi\u00f3 informes detallados que nunca se dieron. Alguna repartici\u00f3n del Estado tendr\u00eda algo que decir porque se trata de un caso que es de propiedad e inter\u00e9s del Estado y el actual gobierno deber\u00e1 exigir antecedentes e informes claros sobre el caso. Mucho se dijo y est\u00e1 impreso en la prensa de esos a\u00f1os con serie de datos inclusive sobre la posibilidad de que \u201chaya habido continuidad con la cadena de esmeraldas de Colombia\u201d (que nunca se aclar\u00f3 ni se dijo m\u00e1s al respecto).<\/em><\/p>\n<p><em>El caso de la Gaiba no puede continuar como un misterio, cuyo silencio compromete a todos los gobiernos, aunque no hayan tenido parte ni intervenci\u00f3n en la explotaci\u00f3n y manejo de los yacimientos; pero el pa\u00eds debe conocer, saber qu\u00e9 pas\u00f3, cu\u00e1nto se explot\u00f3 y rindi\u00f3 lo producido y explotado. Debe ser inter\u00e9s del actual gobierno que se aclare el caso y, adem\u00e1s, que no sea ejemplo de explotaciones clandestinas, sea de oro o de cualesquiera minerales o bienes que posee el pa\u00eds. La Gaiba no puede seguir como secreto arcano o misterio, algo rec\u00f3ndito o reservado; se trata de una propiedad p\u00fablica puesta bajo administraci\u00f3n y responsabilidad de personas o instituciones que est\u00e1n obligadas a responder e informar sobre su manejo.<\/em><\/p>\n","protected":false},"excerpt":{"rendered":"<p>Hay secretos casi arcanos que con excesivo celo son guardados en el pa\u00eds; uno de ellos es el referido a los yacimientos de \u201cjoyas semi-preciosas de la Gaiba\u201d que, durante la gesti\u00f3n del Gral. Luis Garc\u00eda Meza se revel\u00f3 que se explotaba desde hace muchos a\u00f1os y, se dijo, \u201cse har\u00e1 un comunicado pormenorizado al [&hellip;]<\/p>\n","protected":false},"author":1,"featured_media":0,"comment_status":"closed","ping_status":"closed","sticky":false,"template":"","format":"standard","meta":{"_acf_changed":false,"footnotes":""},"categories":[4],"tags":[],"class_list":["post-64913","post","type-post","status-publish","format-standard","category-editorial"],"acf":{"antetitulo":""},"yoast_head":"<!-- This site is optimized with the Yoast SEO plugin v28.4 - https:\/\/yoast.com\/product\/yoast-seo-wordpress\/ -->\n<title>Sigue el silencio en caso de la Gaiba - El Diario - Bolivia<\/title>\n<meta name=\"robots\" content=\"index, follow, max-snippet:-1, max-image-preview:large, max-video-preview:-1\" \/>\n<link rel=\"canonical\" href=\"https:\/\/www.eldiario.net\/portal\/2022\/02\/22\/sigue-el-silencio-en-caso-de-la-gaiba\/\" \/>\n<meta property=\"og:locale\" content=\"es_ES\" \/>\n<meta property=\"og:type\" content=\"article\" \/>\n<meta property=\"og:title\" content=\"Sigue el silencio en caso de la Gaiba - El Diario - Bolivia\" \/>\n<meta property=\"og:description\" content=\"Hay secretos casi arcanos que con excesivo celo son guardados en el pa\u00eds; uno de ellos es el referido a los yacimientos de \u201cjoyas semi-preciosas de la Gaiba\u201d que, durante la gesti\u00f3n del Gral. Luis Garc\u00eda Meza se revel\u00f3 que se explotaba desde hace muchos a\u00f1os y, se dijo, \u201cse har\u00e1 un comunicado pormenorizado al [&hellip;]\" \/>\n<meta property=\"og:url\" content=\"https:\/\/www.eldiario.net\/portal\/2022\/02\/22\/sigue-el-silencio-en-caso-de-la-gaiba\/\" \/>\n<meta property=\"og:site_name\" content=\"El Diario - Bolivia\" \/>\n<meta property=\"article:publisher\" content=\"https:\/\/www.facebook.com\/eldiario.bolivia\/\" \/>\n<meta property=\"article:published_time\" content=\"2022-02-22T09:29:00+00:00\" \/>\n<meta name=\"author\" content=\"Jeanette\" \/>\n<meta name=\"twitter:card\" content=\"summary_large_image\" \/>\n<meta name=\"twitter:creator\" content=\"@eldiario_net\" \/>\n<meta name=\"twitter:site\" content=\"@eldiario_net\" \/>\n<meta name=\"twitter:label1\" content=\"Escrito por\" \/>\n\t<meta name=\"twitter:data1\" content=\"Jeanette\" \/>\n\t<meta name=\"twitter:label2\" content=\"Tiempo de lectura\" \/>\n\t<meta name=\"twitter:data2\" content=\"2 minutos\" \/>\n<script type=\"application\/ld+json\" class=\"yoast-schema-graph\">{\"@context\":\"https:\\\/\\\/schema.org\",\"@graph\":[{\"@type\":\"Article\",\"@id\":\"https:\\\/\\\/www.eldiario.net\\\/portal\\\/2022\\\/02\\\/22\\\/sigue-el-silencio-en-caso-de-la-gaiba\\\/#article\",\"isPartOf\":{\"@id\":\"https:\\\/\\\/www.eldiario.net\\\/portal\\\/2022\\\/02\\\/22\\\/sigue-el-silencio-en-caso-de-la-gaiba\\\/\"},\"author\":{\"name\":\"Jeanette\",\"@id\":\"https:\\\/\\\/www.eldiario.net\\\/portal\\\/#\\\/schema\\\/person\\\/2c57cf2b7a7ae032e449e4c9b1019eac\"},\"headline\":\"Sigue el silencio en caso de la Gaiba\",\"datePublished\":\"2022-02-22T09:29:00+00:00\",\"mainEntityOfPage\":{\"@id\":\"https:\\\/\\\/www.eldiario.net\\\/portal\\\/2022\\\/02\\\/22\\\/sigue-el-silencio-en-caso-de-la-gaiba\\\/\"},\"wordCount\":466,\"publisher\":{\"@id\":\"https:\\\/\\\/www.eldiario.net\\\/portal\\\/#organization\"},\"articleSection\":[\"Editorial\"],\"inLanguage\":\"es\"},{\"@type\":\"WebPage\",\"@id\":\"https:\\\/\\\/www.eldiario.net\\\/portal\\\/2022\\\/02\\\/22\\\/sigue-el-silencio-en-caso-de-la-gaiba\\\/\",\"url\":\"https:\\\/\\\/www.eldiario.net\\\/portal\\\/2022\\\/02\\\/22\\\/sigue-el-silencio-en-caso-de-la-gaiba\\\/\",\"name\":\"Sigue el silencio en caso de la Gaiba - El Diario - Bolivia\",\"isPartOf\":{\"@id\":\"https:\\\/\\\/www.eldiario.net\\\/portal\\\/#website\"},\"datePublished\":\"2022-02-22T09:29:00+00:00\",\"breadcrumb\":{\"@id\":\"https:\\\/\\\/www.eldiario.net\\\/portal\\\/2022\\\/02\\\/22\\\/sigue-el-silencio-en-caso-de-la-gaiba\\\/#breadcrumb\"},\"inLanguage\":\"es\",\"potentialAction\":[{\"@type\":\"ReadAction\",\"target\":[\"https:\\\/\\\/www.eldiario.net\\\/portal\\\/2022\\\/02\\\/22\\\/sigue-el-silencio-en-caso-de-la-gaiba\\\/\"]}]},{\"@type\":\"BreadcrumbList\",\"@id\":\"https:\\\/\\\/www.eldiario.net\\\/portal\\\/2022\\\/02\\\/22\\\/sigue-el-silencio-en-caso-de-la-gaiba\\\/#breadcrumb\",\"itemListElement\":[{\"@type\":\"ListItem\",\"position\":1,\"name\":\"Portada\",\"item\":\"https:\\\/\\\/www.eldiario.net\\\/portal\\\/\"},{\"@type\":\"ListItem\",\"position\":2,\"name\":\"Sigue el silencio en caso de la Gaiba\"}]},{\"@type\":\"WebSite\",\"@id\":\"https:\\\/\\\/www.eldiario.net\\\/portal\\\/#website\",\"url\":\"https:\\\/\\\/www.eldiario.net\\\/portal\\\/\",\"name\":\"El Diario - Decano de la prensa nacional\",\"description\":\"El Diario - Decano de la prensa nacional\",\"publisher\":{\"@id\":\"https:\\\/\\\/www.eldiario.net\\\/portal\\\/#organization\"},\"potentialAction\":[{\"@type\":\"SearchAction\",\"target\":{\"@type\":\"EntryPoint\",\"urlTemplate\":\"https:\\\/\\\/www.eldiario.net\\\/portal\\\/?s={search_term_string}\"},\"query-input\":{\"@type\":\"PropertyValueSpecification\",\"valueRequired\":true,\"valueName\":\"search_term_string\"}}],\"inLanguage\":\"es\"},{\"@type\":\"Organization\",\"@id\":\"https:\\\/\\\/www.eldiario.net\\\/portal\\\/#organization\",\"name\":\"El Diario - Decano de la prensa nacional\",\"url\":\"https:\\\/\\\/www.eldiario.net\\\/portal\\\/\",\"logo\":{\"@type\":\"ImageObject\",\"inLanguage\":\"es\",\"@id\":\"https:\\\/\\\/www.eldiario.net\\\/portal\\\/#\\\/schema\\\/logo\\\/image\\\/\",\"url\":\"https:\\\/\\\/www.eldiario.net\\\/portal\\\/wp-content\\\/uploads\\\/2023\\\/07\\\/logo_ED.jpg\",\"contentUrl\":\"https:\\\/\\\/www.eldiario.net\\\/portal\\\/wp-content\\\/uploads\\\/2023\\\/07\\\/logo_ED.jpg\",\"width\":272,\"height\":52,\"caption\":\"El Diario - Decano de la prensa nacional\"},\"image\":{\"@id\":\"https:\\\/\\\/www.eldiario.net\\\/portal\\\/#\\\/schema\\\/logo\\\/image\\\/\"},\"sameAs\":[\"https:\\\/\\\/www.facebook.com\\\/eldiario.bolivia\\\/\",\"https:\\\/\\\/x.com\\\/eldiario_net\"]},{\"@type\":\"Person\",\"@id\":\"https:\\\/\\\/www.eldiario.net\\\/portal\\\/#\\\/schema\\\/person\\\/2c57cf2b7a7ae032e449e4c9b1019eac\",\"name\":\"Jeanette\",\"image\":{\"@type\":\"ImageObject\",\"inLanguage\":\"es\",\"@id\":\"https:\\\/\\\/secure.gravatar.com\\\/avatar\\\/3ea2118a5f7dad2b7138b1187a6b7ee55f160b9968b66013c3a3ef39dd7e5798?s=96&d=mm&r=g\",\"url\":\"https:\\\/\\\/secure.gravatar.com\\\/avatar\\\/3ea2118a5f7dad2b7138b1187a6b7ee55f160b9968b66013c3a3ef39dd7e5798?s=96&d=mm&r=g\",\"contentUrl\":\"https:\\\/\\\/secure.gravatar.com\\\/avatar\\\/3ea2118a5f7dad2b7138b1187a6b7ee55f160b9968b66013c3a3ef39dd7e5798?s=96&d=mm&r=g\",\"caption\":\"Jeanette\"},\"sameAs\":[\"https:\\\/\\\/www.eldiario.net\\\/portal\"],\"url\":\"https:\\\/\\\/www.eldiario.net\\\/portal\\\/author\\\/jeanette\\\/\"}]}<\/script>\n<!-- \/ Yoast SEO plugin. -->","yoast_head_json":{"title":"Sigue el silencio en caso de la Gaiba - El Diario - Bolivia","robots":{"index":"index","follow":"follow","max-snippet":"max-snippet:-1","max-image-preview":"max-image-preview:large","max-video-preview":"max-video-preview:-1"},"canonical":"https:\/\/www.eldiario.net\/portal\/2022\/02\/22\/sigue-el-silencio-en-caso-de-la-gaiba\/","og_locale":"es_ES","og_type":"article","og_title":"Sigue el silencio en caso de la Gaiba - El Diario - Bolivia","og_description":"Hay secretos casi arcanos que con excesivo celo son guardados en el pa\u00eds; uno de ellos es el referido a los yacimientos de \u201cjoyas semi-preciosas de la Gaiba\u201d que, durante la gesti\u00f3n del Gral. Luis Garc\u00eda Meza se revel\u00f3 que se explotaba desde hace muchos a\u00f1os y, se dijo, \u201cse har\u00e1 un comunicado pormenorizado al [&hellip;]","og_url":"https:\/\/www.eldiario.net\/portal\/2022\/02\/22\/sigue-el-silencio-en-caso-de-la-gaiba\/","og_site_name":"El Diario - Bolivia","article_publisher":"https:\/\/www.facebook.com\/eldiario.bolivia\/","article_published_time":"2022-02-22T09:29:00+00:00","author":"Jeanette","twitter_card":"summary_large_image","twitter_creator":"@eldiario_net","twitter_site":"@eldiario_net","twitter_misc":{"Escrito por":"Jeanette","Tiempo de lectura":"2 minutos"},"schema":{"@context":"https:\/\/schema.org","@graph":[{"@type":"Article","@id":"https:\/\/www.eldiario.net\/portal\/2022\/02\/22\/sigue-el-silencio-en-caso-de-la-gaiba\/#article","isPartOf":{"@id":"https:\/\/www.eldiario.net\/portal\/2022\/02\/22\/sigue-el-silencio-en-caso-de-la-gaiba\/"},"author":{"name":"Jeanette","@id":"https:\/\/www.eldiario.net\/portal\/#\/schema\/person\/2c57cf2b7a7ae032e449e4c9b1019eac"},"headline":"Sigue el silencio en caso de la Gaiba","datePublished":"2022-02-22T09:29:00+00:00","mainEntityOfPage":{"@id":"https:\/\/www.eldiario.net\/portal\/2022\/02\/22\/sigue-el-silencio-en-caso-de-la-gaiba\/"},"wordCount":466,"publisher":{"@id":"https:\/\/www.eldiario.net\/portal\/#organization"},"articleSection":["Editorial"],"inLanguage":"es"},{"@type":"WebPage","@id":"https:\/\/www.eldiario.net\/portal\/2022\/02\/22\/sigue-el-silencio-en-caso-de-la-gaiba\/","url":"https:\/\/www.eldiario.net\/portal\/2022\/02\/22\/sigue-el-silencio-en-caso-de-la-gaiba\/","name":"Sigue el silencio en caso de la Gaiba - El Diario - Bolivia","isPartOf":{"@id":"https:\/\/www.eldiario.net\/portal\/#website"},"datePublished":"2022-02-22T09:29:00+00:00","breadcrumb":{"@id":"https:\/\/www.eldiario.net\/portal\/2022\/02\/22\/sigue-el-silencio-en-caso-de-la-gaiba\/#breadcrumb"},"inLanguage":"es","potentialAction":[{"@type":"ReadAction","target":["https:\/\/www.eldiario.net\/portal\/2022\/02\/22\/sigue-el-silencio-en-caso-de-la-gaiba\/"]}]},{"@type":"BreadcrumbList","@id":"https:\/\/www.eldiario.net\/portal\/2022\/02\/22\/sigue-el-silencio-en-caso-de-la-gaiba\/#breadcrumb","itemListElement":[{"@type":"ListItem","position":1,"name":"Portada","item":"https:\/\/www.eldiario.net\/portal\/"},{"@type":"ListItem","position":2,"name":"Sigue el silencio en caso de la Gaiba"}]},{"@type":"WebSite","@id":"https:\/\/www.eldiario.net\/portal\/#website","url":"https:\/\/www.eldiario.net\/portal\/","name":"El Diario - Decano de la prensa nacional","description":"El Diario - Decano de la prensa nacional","publisher":{"@id":"https:\/\/www.eldiario.net\/portal\/#organization"},"potentialAction":[{"@type":"SearchAction","target":{"@type":"EntryPoint","urlTemplate":"https:\/\/www.eldiario.net\/portal\/?s={search_term_string}"},"query-input":{"@type":"PropertyValueSpecification","valueRequired":true,"valueName":"search_term_string"}}],"inLanguage":"es"},{"@type":"Organization","@id":"https:\/\/www.eldiario.net\/portal\/#organization","name":"El Diario - Decano de la prensa nacional","url":"https:\/\/www.eldiario.net\/portal\/","logo":{"@type":"ImageObject","inLanguage":"es","@id":"https:\/\/www.eldiario.net\/portal\/#\/schema\/logo\/image\/","url":"https:\/\/www.eldiario.net\/portal\/wp-content\/uploads\/2023\/07\/logo_ED.jpg","contentUrl":"https:\/\/www.eldiario.net\/portal\/wp-content\/uploads\/2023\/07\/logo_ED.jpg","width":272,"height":52,"caption":"El Diario - Decano de la prensa nacional"},"image":{"@id":"https:\/\/www.eldiario.net\/portal\/#\/schema\/logo\/image\/"},"sameAs":["https:\/\/www.facebook.com\/eldiario.bolivia\/","https:\/\/x.com\/eldiario_net"]},{"@type":"Person","@id":"https:\/\/www.eldiario.net\/portal\/#\/schema\/person\/2c57cf2b7a7ae032e449e4c9b1019eac","name":"Jeanette","image":{"@type":"ImageObject","inLanguage":"es","@id":"https:\/\/secure.gravatar.com\/avatar\/3ea2118a5f7dad2b7138b1187a6b7ee55f160b9968b66013c3a3ef39dd7e5798?s=96&d=mm&r=g","url":"https:\/\/secure.gravatar.com\/avatar\/3ea2118a5f7dad2b7138b1187a6b7ee55f160b9968b66013c3a3ef39dd7e5798?s=96&d=mm&r=g","contentUrl":"https:\/\/secure.gravatar.com\/avatar\/3ea2118a5f7dad2b7138b1187a6b7ee55f160b9968b66013c3a3ef39dd7e5798?s=96&d=mm&r=g","caption":"Jeanette"},"sameAs":["https:\/\/www.eldiario.net\/portal"],"url":"https:\/\/www.eldiario.net\/portal\/author\/jeanette\/"}]}},"_links":{"self":[{"href":"https:\/\/www.eldiario.net\/portal\/wp-json\/wp\/v2\/posts\/64913","targetHints":{"allow":["GET"]}}],"collection":[{"href":"https:\/\/www.eldiario.net\/portal\/wp-json\/wp\/v2\/posts"}],"about":[{"href":"https:\/\/www.eldiario.net\/portal\/wp-json\/wp\/v2\/types\/post"}],"author":[{"embeddable":true,"href":"https:\/\/www.eldiario.net\/portal\/wp-json\/wp\/v2\/users\/1"}],"replies":[{"embeddable":true,"href":"https:\/\/www.eldiario.net\/portal\/wp-json\/wp\/v2\/comments?post=64913"}],"version-history":[{"count":0,"href":"https:\/\/www.eldiario.net\/portal\/wp-json\/wp\/v2\/posts\/64913\/revisions"}],"wp:attachment":[{"href":"https:\/\/www.eldiario.net\/portal\/wp-json\/wp\/v2\/media?parent=64913"}],"wp:term":[{"taxonomy":"category","embeddable":true,"href":"https:\/\/www.eldiario.net\/portal\/wp-json\/wp\/v2\/categories?post=64913"},{"taxonomy":"post_tag","embeddable":true,"href":"https:\/\/www.eldiario.net\/portal\/wp-json\/wp\/v2\/tags?post=64913"}],"curies":[{"name":"wp","href":"https:\/\/api.w.org\/{rel}","templated":true}]}}