{"id":6464,"date":"2021-05-26T06:52:46","date_gmt":"2021-05-26T10:52:46","guid":{"rendered":"https:\/\/www.eldiario.net\/portal\/?p=6464"},"modified":"2021-05-26T06:52:46","modified_gmt":"2021-05-26T10:52:46","slug":"gobernacion-retira-acusacion-contra-fernandez","status":"publish","type":"post","link":"https:\/\/www.eldiario.net\/portal\/2021\/05\/26\/gobernacion-retira-acusacion-contra-fernandez\/","title":{"rendered":"Gobernaci\u00f3n retira acusaci\u00f3n contra Fern\u00e1ndez"},"content":{"rendered":"<p class=\"v1MsoNormal\">Por medio de un memorial, el Gobernador de La Paz, Santos Quispe, retir\u00f3 la \u00faltima acusaci\u00f3n particular que se ten\u00eda en el caso del beb\u00e9 Alexander, contra los m\u00e9dicos Jhiery Fern\u00e1ndez, Sandra Madeni y la enfermera Lola Rodr\u00edguez, con lo que, sin acusadores, el juicio podr\u00eda concluir en las siguientes horas.<\/p>\n<p class=\"v1MsoNormal\">La abogada de la Gobernaci\u00f3n, Nancy Llojlla, confirm\u00f3 que el oficio con el retiro de la acusaci\u00f3n se present\u00f3 este martes ante el Tribunal Cuarto de Sentencia de La Paz y debe ser le\u00eddo en la siguiente audiencia en espera de la determinaci\u00f3n que asuman los jueces en el caso.<\/p>\n<p class=\"v1MsoNormal\">\u201cPara m\u00ed y mi familia, hoy reci\u00e9n se acaba la pesadilla que empez\u00f3 en 2014. Ahora s\u00ed respiro tranquilo, pero tambi\u00e9n lamento que siga la negligencia de algunos representantes que se presentan a estos procesos sin estar informados, que cambian su postura por el rechazo de la sociedad, y van a las audiencias como levanta manos y a repetir como loros \u2018me adhiero a lo que diga el representante del Ministerio P\u00fablico\u2019. Creo que deber\u00edan ser sancionados por no cumplir con su trabajo como abogados\u201d, declar\u00f3 a @VisorBolivia el m\u00e9dico Fern\u00e1ndez al enterarse del retiro de la acusaci\u00f3n.<\/p>\n<p class=\"v1MsoNormal\">Por su lado, M\u00f3nica Palma Altamirano lament\u00f3 que los abogados de la Gobernaci\u00f3n de La Paz, el Servicio Departamental de Gesti\u00f3n Social (Sedeges), la Defensor\u00eda de la Ni\u00f1ez de la Alcald\u00eda y los actuales fiscales \u201cno admitan que el doctor Jhiery Fern\u00e1ndez nunca cometi\u00f3 ning\u00fan delito y que se equivocaron en toda las etapas del proceso, desde la investigaci\u00f3n hasta el juicio, donde amenazaron a testigos con el fin de mantener en la c\u00e1rcel al doctor y condenarlo, pese a que sab\u00edan no hab\u00eda pruebas y \u00e9l era inocente\u201d.<\/p>\n<p class=\"v1MsoNormal\">Fern\u00e1ndez record\u00f3 que en la audiencia del lunes, Llojla y el abogado del Sedeges, Jhon Ruiz, dijeron que continuar\u00edan con la acusaci\u00f3n, a pesar de\u00a0 que no contaban con pruebas propias, luego de que la Fiscal\u00eda retir\u00f3 la acusaci\u00f3n. Posterior a las advertencias de los jueces, sobre que su decisi\u00f3n conllevaba una responsabilidad personal e institucional, Ruiz dio marcha atr\u00e1s y retir\u00f3 la demanda. La Gobernaci\u00f3n fue la \u00fanica que qued\u00f3 como acusador hasta este martes.<\/p>\n<p class=\"v1MsoNormal\">\u201cTen\u00edamos la esperanza de que el Ministerio P\u00fablico encamine la investigaci\u00f3n y es de conocimiento p\u00fablico que el beb\u00e9 ten\u00eda ocho meses y necesitaba de mucha protecci\u00f3n\u201d, afirm\u00f3 Llojlla, sin explicar cu\u00e1l fue el fundamento legal para su postura en esa primera audiencia.<\/p>\n<p class=\"v1MsoNormal\">Por otro lado, afirm\u00f3 que la Gobernaci\u00f3n analiza si se sumar\u00e1n al proceso que se sigue contra los exfiscales Susana Boyan y Edwin Blanco, por procesar a un inocente y ocultar pruebas del caso. De la misma forma, se prev\u00e9 que ahora inicie otro proceso con el fin, ahora s\u00ed, de esclarecer las causas de la muerte del beb\u00e9 Alexander. (VisorBolivia)<\/p>\n<p class=\"v1MsoNormal\">\n","protected":false},"excerpt":{"rendered":"<p>Por medio de un memorial, el Gobernador de La Paz, Santos Quispe, retir\u00f3 la \u00faltima acusaci\u00f3n particular que se ten\u00eda en el caso del beb\u00e9 Alexander, contra los m\u00e9dicos Jhiery Fern\u00e1ndez, Sandra Madeni y la enfermera Lola Rodr\u00edguez, con lo que, sin acusadores, el juicio podr\u00eda concluir en las siguientes horas. La abogada de la [&hellip;]<\/p>\n","protected":false},"author":1,"featured_media":6465,"comment_status":"closed","ping_status":"closed","sticky":false,"template":"","format":"standard","meta":{"_acf_changed":false,"footnotes":""},"categories":[15],"tags":[],"class_list":["post-6464","post","type-post","status-publish","format-standard","has-post-thumbnail","category-portada"],"acf":{"antetitulo":""},"yoast_head":"<!-- This site is optimized with the Yoast SEO plugin v28.3 - https:\/\/yoast.com\/product\/yoast-seo-wordpress\/ -->\n<title>Gobernaci\u00f3n retira acusaci\u00f3n contra Fern\u00e1ndez - El Diario - Bolivia<\/title>\n<meta name=\"robots\" content=\"index, follow, max-snippet:-1, max-image-preview:large, max-video-preview:-1\" \/>\n<link rel=\"canonical\" href=\"https:\/\/www.eldiario.net\/portal\/2021\/05\/26\/gobernacion-retira-acusacion-contra-fernandez\/\" \/>\n<meta property=\"og:locale\" content=\"es_ES\" \/>\n<meta property=\"og:type\" content=\"article\" \/>\n<meta property=\"og:title\" content=\"Gobernaci\u00f3n retira acusaci\u00f3n contra Fern\u00e1ndez - El Diario - Bolivia\" \/>\n<meta property=\"og:description\" content=\"Por medio de un memorial, el Gobernador de La Paz, Santos Quispe, retir\u00f3 la \u00faltima acusaci\u00f3n particular que se ten\u00eda en el caso del beb\u00e9 Alexander, contra los m\u00e9dicos Jhiery Fern\u00e1ndez, Sandra Madeni y la enfermera Lola Rodr\u00edguez, con lo que, sin acusadores, el juicio podr\u00eda concluir en las siguientes horas. La abogada de la [&hellip;]\" \/>\n<meta property=\"og:url\" content=\"https:\/\/www.eldiario.net\/portal\/2021\/05\/26\/gobernacion-retira-acusacion-contra-fernandez\/\" \/>\n<meta property=\"og:site_name\" content=\"El Diario - Bolivia\" \/>\n<meta property=\"article:publisher\" content=\"https:\/\/www.facebook.com\/eldiario.bolivia\/\" \/>\n<meta property=\"article:published_time\" content=\"2021-05-26T10:52:46+00:00\" \/>\n<meta property=\"og:image\" content=\"https:\/\/www.eldiario.net\/portal\/wp-content\/uploads\/2021\/05\/P-2-10.jpg\" \/>\n\t<meta property=\"og:image:width\" content=\"692\" \/>\n\t<meta property=\"og:image:height\" content=\"434\" \/>\n\t<meta property=\"og:image:type\" content=\"image\/jpeg\" \/>\n<meta name=\"author\" content=\"Jeanette\" \/>\n<meta name=\"twitter:card\" content=\"summary_large_image\" \/>\n<meta name=\"twitter:creator\" content=\"@eldiario_net\" \/>\n<meta name=\"twitter:site\" content=\"@eldiario_net\" \/>\n<meta name=\"twitter:label1\" content=\"Escrito por\" \/>\n\t<meta name=\"twitter:data1\" content=\"Jeanette\" \/>\n\t<meta name=\"twitter:label2\" content=\"Tiempo de lectura\" \/>\n\t<meta name=\"twitter:data2\" content=\"3 minutos\" \/>\n<script type=\"application\/ld+json\" class=\"yoast-schema-graph\">{\"@context\":\"https:\\\/\\\/schema.org\",\"@graph\":[{\"@type\":\"Article\",\"@id\":\"https:\\\/\\\/www.eldiario.net\\\/portal\\\/2021\\\/05\\\/26\\\/gobernacion-retira-acusacion-contra-fernandez\\\/#article\",\"isPartOf\":{\"@id\":\"https:\\\/\\\/www.eldiario.net\\\/portal\\\/2021\\\/05\\\/26\\\/gobernacion-retira-acusacion-contra-fernandez\\\/\"},\"author\":{\"name\":\"Jeanette\",\"@id\":\"https:\\\/\\\/www.eldiario.net\\\/portal\\\/#\\\/schema\\\/person\\\/f46445640444750d7d753ccd04ae01b7\"},\"headline\":\"Gobernaci\u00f3n retira acusaci\u00f3n contra Fern\u00e1ndez\",\"datePublished\":\"2021-05-26T10:52:46+00:00\",\"mainEntityOfPage\":{\"@id\":\"https:\\\/\\\/www.eldiario.net\\\/portal\\\/2021\\\/05\\\/26\\\/gobernacion-retira-acusacion-contra-fernandez\\\/\"},\"wordCount\":521,\"publisher\":{\"@id\":\"https:\\\/\\\/www.eldiario.net\\\/portal\\\/#organization\"},\"image\":{\"@id\":\"https:\\\/\\\/www.eldiario.net\\\/portal\\\/2021\\\/05\\\/26\\\/gobernacion-retira-acusacion-contra-fernandez\\\/#primaryimage\"},\"thumbnailUrl\":\"https:\\\/\\\/www.eldiario.net\\\/portal\\\/wp-content\\\/uploads\\\/2021\\\/05\\\/P-2-10.jpg\",\"articleSection\":[\"Portada\"],\"inLanguage\":\"es\"},{\"@type\":\"WebPage\",\"@id\":\"https:\\\/\\\/www.eldiario.net\\\/portal\\\/2021\\\/05\\\/26\\\/gobernacion-retira-acusacion-contra-fernandez\\\/\",\"url\":\"https:\\\/\\\/www.eldiario.net\\\/portal\\\/2021\\\/05\\\/26\\\/gobernacion-retira-acusacion-contra-fernandez\\\/\",\"name\":\"Gobernaci\u00f3n retira acusaci\u00f3n contra Fern\u00e1ndez - El Diario - Bolivia\",\"isPartOf\":{\"@id\":\"https:\\\/\\\/www.eldiario.net\\\/portal\\\/#website\"},\"primaryImageOfPage\":{\"@id\":\"https:\\\/\\\/www.eldiario.net\\\/portal\\\/2021\\\/05\\\/26\\\/gobernacion-retira-acusacion-contra-fernandez\\\/#primaryimage\"},\"image\":{\"@id\":\"https:\\\/\\\/www.eldiario.net\\\/portal\\\/2021\\\/05\\\/26\\\/gobernacion-retira-acusacion-contra-fernandez\\\/#primaryimage\"},\"thumbnailUrl\":\"https:\\\/\\\/www.eldiario.net\\\/portal\\\/wp-content\\\/uploads\\\/2021\\\/05\\\/P-2-10.jpg\",\"datePublished\":\"2021-05-26T10:52:46+00:00\",\"breadcrumb\":{\"@id\":\"https:\\\/\\\/www.eldiario.net\\\/portal\\\/2021\\\/05\\\/26\\\/gobernacion-retira-acusacion-contra-fernandez\\\/#breadcrumb\"},\"inLanguage\":\"es\",\"potentialAction\":[{\"@type\":\"ReadAction\",\"target\":[\"https:\\\/\\\/www.eldiario.net\\\/portal\\\/2021\\\/05\\\/26\\\/gobernacion-retira-acusacion-contra-fernandez\\\/\"]}]},{\"@type\":\"ImageObject\",\"inLanguage\":\"es\",\"@id\":\"https:\\\/\\\/www.eldiario.net\\\/portal\\\/2021\\\/05\\\/26\\\/gobernacion-retira-acusacion-contra-fernandez\\\/#primaryimage\",\"url\":\"https:\\\/\\\/www.eldiario.net\\\/portal\\\/wp-content\\\/uploads\\\/2021\\\/05\\\/P-2-10.jpg\",\"contentUrl\":\"https:\\\/\\\/www.eldiario.net\\\/portal\\\/wp-content\\\/uploads\\\/2021\\\/05\\\/P-2-10.jpg\",\"width\":692,\"height\":434},{\"@type\":\"BreadcrumbList\",\"@id\":\"https:\\\/\\\/www.eldiario.net\\\/portal\\\/2021\\\/05\\\/26\\\/gobernacion-retira-acusacion-contra-fernandez\\\/#breadcrumb\",\"itemListElement\":[{\"@type\":\"ListItem\",\"position\":1,\"name\":\"Portada\",\"item\":\"https:\\\/\\\/www.eldiario.net\\\/portal\\\/\"},{\"@type\":\"ListItem\",\"position\":2,\"name\":\"Gobernaci\u00f3n retira acusaci\u00f3n contra Fern\u00e1ndez\"}]},{\"@type\":\"WebSite\",\"@id\":\"https:\\\/\\\/www.eldiario.net\\\/portal\\\/#website\",\"url\":\"https:\\\/\\\/www.eldiario.net\\\/portal\\\/\",\"name\":\"El Diario - Decano de la prensa nacional\",\"description\":\"El Diario - Decano de la prensa nacional\",\"publisher\":{\"@id\":\"https:\\\/\\\/www.eldiario.net\\\/portal\\\/#organization\"},\"potentialAction\":[{\"@type\":\"SearchAction\",\"target\":{\"@type\":\"EntryPoint\",\"urlTemplate\":\"https:\\\/\\\/www.eldiario.net\\\/portal\\\/?s={search_term_string}\"},\"query-input\":{\"@type\":\"PropertyValueSpecification\",\"valueRequired\":true,\"valueName\":\"search_term_string\"}}],\"inLanguage\":\"es\"},{\"@type\":\"Organization\",\"@id\":\"https:\\\/\\\/www.eldiario.net\\\/portal\\\/#organization\",\"name\":\"El Diario - Decano de la prensa nacional\",\"url\":\"https:\\\/\\\/www.eldiario.net\\\/portal\\\/\",\"logo\":{\"@type\":\"ImageObject\",\"inLanguage\":\"es\",\"@id\":\"https:\\\/\\\/www.eldiario.net\\\/portal\\\/#\\\/schema\\\/logo\\\/image\\\/\",\"url\":\"https:\\\/\\\/www.eldiario.net\\\/portal\\\/wp-content\\\/uploads\\\/2023\\\/07\\\/logo_ED.jpg\",\"contentUrl\":\"https:\\\/\\\/www.eldiario.net\\\/portal\\\/wp-content\\\/uploads\\\/2023\\\/07\\\/logo_ED.jpg\",\"width\":272,\"height\":52,\"caption\":\"El Diario - Decano de la prensa nacional\"},\"image\":{\"@id\":\"https:\\\/\\\/www.eldiario.net\\\/portal\\\/#\\\/schema\\\/logo\\\/image\\\/\"},\"sameAs\":[\"https:\\\/\\\/www.facebook.com\\\/eldiario.bolivia\\\/\",\"https:\\\/\\\/x.com\\\/eldiario_net\"]},{\"@type\":\"Person\",\"@id\":\"https:\\\/\\\/www.eldiario.net\\\/portal\\\/#\\\/schema\\\/person\\\/f46445640444750d7d753ccd04ae01b7\",\"name\":\"Jeanette\",\"image\":{\"@type\":\"ImageObject\",\"inLanguage\":\"es\",\"@id\":\"https:\\\/\\\/secure.gravatar.com\\\/avatar\\\/3ea2118a5f7dad2b7138b1187a6b7ee55f160b9968b66013c3a3ef39dd7e5798?s=96&d=mm&r=g\",\"url\":\"https:\\\/\\\/secure.gravatar.com\\\/avatar\\\/3ea2118a5f7dad2b7138b1187a6b7ee55f160b9968b66013c3a3ef39dd7e5798?s=96&d=mm&r=g\",\"contentUrl\":\"https:\\\/\\\/secure.gravatar.com\\\/avatar\\\/3ea2118a5f7dad2b7138b1187a6b7ee55f160b9968b66013c3a3ef39dd7e5798?s=96&d=mm&r=g\",\"caption\":\"Jeanette\"},\"sameAs\":[\"https:\\\/\\\/www.eldiario.net\\\/portal\"],\"url\":\"https:\\\/\\\/www.eldiario.net\\\/portal\\\/author\\\/jeanette\\\/\"}]}<\/script>\n<!-- \/ Yoast SEO plugin. -->","yoast_head_json":{"title":"Gobernaci\u00f3n retira acusaci\u00f3n contra Fern\u00e1ndez - El Diario - Bolivia","robots":{"index":"index","follow":"follow","max-snippet":"max-snippet:-1","max-image-preview":"max-image-preview:large","max-video-preview":"max-video-preview:-1"},"canonical":"https:\/\/www.eldiario.net\/portal\/2021\/05\/26\/gobernacion-retira-acusacion-contra-fernandez\/","og_locale":"es_ES","og_type":"article","og_title":"Gobernaci\u00f3n retira acusaci\u00f3n contra Fern\u00e1ndez - El Diario - Bolivia","og_description":"Por medio de un memorial, el Gobernador de La Paz, Santos Quispe, retir\u00f3 la \u00faltima acusaci\u00f3n particular que se ten\u00eda en el caso del beb\u00e9 Alexander, contra los m\u00e9dicos Jhiery Fern\u00e1ndez, Sandra Madeni y la enfermera Lola Rodr\u00edguez, con lo que, sin acusadores, el juicio podr\u00eda concluir en las siguientes horas. La abogada de la [&hellip;]","og_url":"https:\/\/www.eldiario.net\/portal\/2021\/05\/26\/gobernacion-retira-acusacion-contra-fernandez\/","og_site_name":"El Diario - Bolivia","article_publisher":"https:\/\/www.facebook.com\/eldiario.bolivia\/","article_published_time":"2021-05-26T10:52:46+00:00","og_image":[{"width":692,"height":434,"url":"https:\/\/www.eldiario.net\/portal\/wp-content\/uploads\/2021\/05\/P-2-10.jpg","type":"image\/jpeg"}],"author":"Jeanette","twitter_card":"summary_large_image","twitter_creator":"@eldiario_net","twitter_site":"@eldiario_net","twitter_misc":{"Escrito por":"Jeanette","Tiempo de lectura":"3 minutos"},"schema":{"@context":"https:\/\/schema.org","@graph":[{"@type":"Article","@id":"https:\/\/www.eldiario.net\/portal\/2021\/05\/26\/gobernacion-retira-acusacion-contra-fernandez\/#article","isPartOf":{"@id":"https:\/\/www.eldiario.net\/portal\/2021\/05\/26\/gobernacion-retira-acusacion-contra-fernandez\/"},"author":{"name":"Jeanette","@id":"https:\/\/www.eldiario.net\/portal\/#\/schema\/person\/f46445640444750d7d753ccd04ae01b7"},"headline":"Gobernaci\u00f3n retira acusaci\u00f3n contra Fern\u00e1ndez","datePublished":"2021-05-26T10:52:46+00:00","mainEntityOfPage":{"@id":"https:\/\/www.eldiario.net\/portal\/2021\/05\/26\/gobernacion-retira-acusacion-contra-fernandez\/"},"wordCount":521,"publisher":{"@id":"https:\/\/www.eldiario.net\/portal\/#organization"},"image":{"@id":"https:\/\/www.eldiario.net\/portal\/2021\/05\/26\/gobernacion-retira-acusacion-contra-fernandez\/#primaryimage"},"thumbnailUrl":"https:\/\/www.eldiario.net\/portal\/wp-content\/uploads\/2021\/05\/P-2-10.jpg","articleSection":["Portada"],"inLanguage":"es"},{"@type":"WebPage","@id":"https:\/\/www.eldiario.net\/portal\/2021\/05\/26\/gobernacion-retira-acusacion-contra-fernandez\/","url":"https:\/\/www.eldiario.net\/portal\/2021\/05\/26\/gobernacion-retira-acusacion-contra-fernandez\/","name":"Gobernaci\u00f3n retira acusaci\u00f3n contra Fern\u00e1ndez - El Diario - Bolivia","isPartOf":{"@id":"https:\/\/www.eldiario.net\/portal\/#website"},"primaryImageOfPage":{"@id":"https:\/\/www.eldiario.net\/portal\/2021\/05\/26\/gobernacion-retira-acusacion-contra-fernandez\/#primaryimage"},"image":{"@id":"https:\/\/www.eldiario.net\/portal\/2021\/05\/26\/gobernacion-retira-acusacion-contra-fernandez\/#primaryimage"},"thumbnailUrl":"https:\/\/www.eldiario.net\/portal\/wp-content\/uploads\/2021\/05\/P-2-10.jpg","datePublished":"2021-05-26T10:52:46+00:00","breadcrumb":{"@id":"https:\/\/www.eldiario.net\/portal\/2021\/05\/26\/gobernacion-retira-acusacion-contra-fernandez\/#breadcrumb"},"inLanguage":"es","potentialAction":[{"@type":"ReadAction","target":["https:\/\/www.eldiario.net\/portal\/2021\/05\/26\/gobernacion-retira-acusacion-contra-fernandez\/"]}]},{"@type":"ImageObject","inLanguage":"es","@id":"https:\/\/www.eldiario.net\/portal\/2021\/05\/26\/gobernacion-retira-acusacion-contra-fernandez\/#primaryimage","url":"https:\/\/www.eldiario.net\/portal\/wp-content\/uploads\/2021\/05\/P-2-10.jpg","contentUrl":"https:\/\/www.eldiario.net\/portal\/wp-content\/uploads\/2021\/05\/P-2-10.jpg","width":692,"height":434},{"@type":"BreadcrumbList","@id":"https:\/\/www.eldiario.net\/portal\/2021\/05\/26\/gobernacion-retira-acusacion-contra-fernandez\/#breadcrumb","itemListElement":[{"@type":"ListItem","position":1,"name":"Portada","item":"https:\/\/www.eldiario.net\/portal\/"},{"@type":"ListItem","position":2,"name":"Gobernaci\u00f3n retira acusaci\u00f3n contra Fern\u00e1ndez"}]},{"@type":"WebSite","@id":"https:\/\/www.eldiario.net\/portal\/#website","url":"https:\/\/www.eldiario.net\/portal\/","name":"El Diario - Decano de la prensa nacional","description":"El Diario - Decano de la prensa nacional","publisher":{"@id":"https:\/\/www.eldiario.net\/portal\/#organization"},"potentialAction":[{"@type":"SearchAction","target":{"@type":"EntryPoint","urlTemplate":"https:\/\/www.eldiario.net\/portal\/?s={search_term_string}"},"query-input":{"@type":"PropertyValueSpecification","valueRequired":true,"valueName":"search_term_string"}}],"inLanguage":"es"},{"@type":"Organization","@id":"https:\/\/www.eldiario.net\/portal\/#organization","name":"El Diario - Decano de la prensa nacional","url":"https:\/\/www.eldiario.net\/portal\/","logo":{"@type":"ImageObject","inLanguage":"es","@id":"https:\/\/www.eldiario.net\/portal\/#\/schema\/logo\/image\/","url":"https:\/\/www.eldiario.net\/portal\/wp-content\/uploads\/2023\/07\/logo_ED.jpg","contentUrl":"https:\/\/www.eldiario.net\/portal\/wp-content\/uploads\/2023\/07\/logo_ED.jpg","width":272,"height":52,"caption":"El Diario - Decano de la prensa nacional"},"image":{"@id":"https:\/\/www.eldiario.net\/portal\/#\/schema\/logo\/image\/"},"sameAs":["https:\/\/www.facebook.com\/eldiario.bolivia\/","https:\/\/x.com\/eldiario_net"]},{"@type":"Person","@id":"https:\/\/www.eldiario.net\/portal\/#\/schema\/person\/f46445640444750d7d753ccd04ae01b7","name":"Jeanette","image":{"@type":"ImageObject","inLanguage":"es","@id":"https:\/\/secure.gravatar.com\/avatar\/3ea2118a5f7dad2b7138b1187a6b7ee55f160b9968b66013c3a3ef39dd7e5798?s=96&d=mm&r=g","url":"https:\/\/secure.gravatar.com\/avatar\/3ea2118a5f7dad2b7138b1187a6b7ee55f160b9968b66013c3a3ef39dd7e5798?s=96&d=mm&r=g","contentUrl":"https:\/\/secure.gravatar.com\/avatar\/3ea2118a5f7dad2b7138b1187a6b7ee55f160b9968b66013c3a3ef39dd7e5798?s=96&d=mm&r=g","caption":"Jeanette"},"sameAs":["https:\/\/www.eldiario.net\/portal"],"url":"https:\/\/www.eldiario.net\/portal\/author\/jeanette\/"}]}},"_links":{"self":[{"href":"https:\/\/www.eldiario.net\/portal\/wp-json\/wp\/v2\/posts\/6464","targetHints":{"allow":["GET"]}}],"collection":[{"href":"https:\/\/www.eldiario.net\/portal\/wp-json\/wp\/v2\/posts"}],"about":[{"href":"https:\/\/www.eldiario.net\/portal\/wp-json\/wp\/v2\/types\/post"}],"author":[{"embeddable":true,"href":"https:\/\/www.eldiario.net\/portal\/wp-json\/wp\/v2\/users\/1"}],"replies":[{"embeddable":true,"href":"https:\/\/www.eldiario.net\/portal\/wp-json\/wp\/v2\/comments?post=6464"}],"version-history":[{"count":0,"href":"https:\/\/www.eldiario.net\/portal\/wp-json\/wp\/v2\/posts\/6464\/revisions"}],"wp:featuredmedia":[{"embeddable":true,"href":"https:\/\/www.eldiario.net\/portal\/wp-json\/wp\/v2\/media\/6465"}],"wp:attachment":[{"href":"https:\/\/www.eldiario.net\/portal\/wp-json\/wp\/v2\/media?parent=6464"}],"wp:term":[{"taxonomy":"category","embeddable":true,"href":"https:\/\/www.eldiario.net\/portal\/wp-json\/wp\/v2\/categories?post=6464"},{"taxonomy":"post_tag","embeddable":true,"href":"https:\/\/www.eldiario.net\/portal\/wp-json\/wp\/v2\/tags?post=6464"}],"curies":[{"name":"wp","href":"https:\/\/api.w.org\/{rel}","templated":true}]}}