{"id":6450,"date":"2021-05-26T06:47:30","date_gmt":"2021-05-26T10:47:30","guid":{"rendered":"https:\/\/www.eldiario.net\/portal\/?p=6450"},"modified":"2021-05-26T06:47:30","modified_gmt":"2021-05-26T10:47:30","slug":"lideres-politicos-piden-extradicion-de-exministro-arturo-murillo","status":"publish","type":"post","link":"https:\/\/www.eldiario.net\/portal\/2021\/05\/26\/lideres-politicos-piden-extradicion-de-exministro-arturo-murillo\/","title":{"rendered":"L\u00edderes pol\u00edticos piden extradici\u00f3n  de exministro Arturo Murillo"},"content":{"rendered":"<p>Tras conocerse sobre la aprehensi\u00f3n en Estados Unidos de Sergio M\u00e9ndez, exjefe de gabinete de Arturo Murillo, cuando esta persona fung\u00eda como Ministro de Gobierno, pol\u00edticos de oposici\u00f3n y oficialismo pidieron que se aceleren las investigaciones y se solicite la inmediata extradici\u00f3n de la exautoridad.<br \/>\nUna investigaci\u00f3n de entidades de seguridad en el pa\u00eds del norte permiti\u00f3 establecer que M\u00e9ndez habr\u00eda realizado transacciones irregulares de dinero por la compra de gases lacrim\u00f3genos durante el gobierno de transici\u00f3n, por lo que es acusado de los delitos de lavado de dinero y soborno.<br \/>\nPara el actual gobernador del departamento de Santa Cruz, Luis Fernando Camacho, esta es una muestra de que viejos actores de la pol\u00edtica boliviana aprovecharon el movimiento ciudadano por la defensa de la democracia de 2019 para posteriormente traicionar esta lucha y obtener beneficios.<br \/>\n\u201cCae en EEUU hombre de confianza de Arturo Murillo por coimas y corrupci\u00f3n en el gobierno transitorio. En su momento fuimos claros: el pueblo luch\u00f3 contra el fraude, pero despu\u00e9s los viejos pol\u00edticos se apropiaron del poder y traicionaron nuestra lucha. El Gobierno debe exigir y hacer todo lo posible para extraditar a todos los implicados en este caso de corrupci\u00f3n\u201d, se\u00f1al\u00f3 la autoridad.<br \/>\nPara el expresidente, Jorge Quiroga Ram\u00edrez, la justicia debe castigar a todas las autoridades que da\u00f1an la imagen del pa\u00eds por actos de corrupci\u00f3n. El exmandatario tambi\u00e9n destac\u00f3 el trabajo de las fuerzas de inteligencia y seguridad de Estados Unidos y pidi\u00f3 que el Gobierno boliviano agilice las solicitudes para la extradici\u00f3n.<br \/>\n\u201cTodo el peso de la ley debe caer contra los corruptos dentro y fuera de Bolivia, porque afectan la econom\u00eda, erosionan la democracia y da\u00f1an nuestra imagen. Agradecemos la investigaci\u00f3n del Departamento de Seguridad Nacional y exigimos que Gobierno de Bolivia coopere hasta castigar a los culpables\u201d, manifest\u00f3 desde su cuenta de Twitter.<br \/>\nDesde el oficialismo, el presidente de la C\u00e1mara de Senadores, Andr\u00f3nico Rodr\u00edguez, anunci\u00f3 que desde esta instancia legislativa se oficializar\u00e1 una petici\u00f3n a la Canciller\u00eda para que se agilicen los tr\u00e1mites de extradici\u00f3n de la exautoridad, as\u00ed como celeridad en las investigaciones.<br \/>\n\u201cVamos a promover desde el Senado, de manera oficial, ante la Canciller\u00eda y ante las instancias que corresponde, la extradici\u00f3n. Vamos a pedir de manera formal al Ministerio P\u00fablico que se acelere las investigaciones en todos los casos donde haya tenido alg\u00fan grado de participaci\u00f3n como ministro de Gobierno\u201d, dijo.<br \/>\nLa investigaci\u00f3n se\u00f1ala que M\u00e9ndez recibi\u00f3 un soborno de 5.82 mil d\u00f3lares de Bryan Samuel Berkman, Luis Berkman y Philip Lichtenfeld como garant\u00eda de compra de un stock de gases lacrim\u00f3genos y armamento no letal durante el gobierno de transici\u00f3n.<\/p>\n<figure id=\"attachment_6452\" aria-describedby=\"caption-attachment-6452\" style=\"width: 300px\" class=\"wp-caption aligncenter\"><img loading=\"lazy\" decoding=\"async\" class=\"size-medium wp-image-6452\" src=\"https:\/\/www.eldiario.net\/portal\/wp-content\/uploads\/2021\/05\/Pol-261-300x201.jpg\" alt=\"\" width=\"300\" height=\"201\" srcset=\"https:\/\/www.eldiario.net\/portal\/wp-content\/uploads\/2021\/05\/Pol-261-300x201.jpg 300w, https:\/\/www.eldiario.net\/portal\/wp-content\/uploads\/2021\/05\/Pol-261-768x515.jpg 768w, https:\/\/www.eldiario.net\/portal\/wp-content\/uploads\/2021\/05\/Pol-261-696x467.jpg 696w, https:\/\/www.eldiario.net\/portal\/wp-content\/uploads\/2021\/05\/Pol-261.jpg 1024w\" sizes=\"auto, (max-width: 300px) 100vw, 300px\" \/><figcaption id=\"caption-attachment-6452\" class=\"wp-caption-text\">Gobernador Luis Fernando Camacho.<\/figcaption><\/figure>\n<figure id=\"attachment_6453\" aria-describedby=\"caption-attachment-6453\" style=\"width: 300px\" class=\"wp-caption aligncenter\"><img loading=\"lazy\" decoding=\"async\" class=\"size-medium wp-image-6453\" src=\"https:\/\/www.eldiario.net\/portal\/wp-content\/uploads\/2021\/05\/Pol-262jpg-300x181.jpg\" alt=\"\" width=\"300\" height=\"181\" \/><figcaption id=\"caption-attachment-6453\" class=\"wp-caption-text\">Presidente del Senado, Andr\u00f3nico Rodr\u00edguez.<\/figcaption><\/figure>\n","protected":false},"excerpt":{"rendered":"<p>Tras conocerse sobre la aprehensi\u00f3n en Estados Unidos de Sergio M\u00e9ndez, exjefe de gabinete de Arturo Murillo, cuando esta persona fung\u00eda como Ministro de Gobierno, pol\u00edticos de oposici\u00f3n y oficialismo pidieron que se aceleren las investigaciones y se solicite la inmediata extradici\u00f3n de la exautoridad. Una investigaci\u00f3n de entidades de seguridad en el pa\u00eds del [&hellip;]<\/p>\n","protected":false},"author":1,"featured_media":6451,"comment_status":"closed","ping_status":"closed","sticky":false,"template":"","format":"standard","meta":{"_acf_changed":false,"footnotes":""},"categories":[14],"tags":[],"class_list":["post-6450","post","type-post","status-publish","format-standard","has-post-thumbnail","category-politica"],"acf":{"antetitulo":""},"yoast_head":"<!-- This site is optimized with the Yoast SEO plugin v28.3 - https:\/\/yoast.com\/product\/yoast-seo-wordpress\/ -->\n<title>L\u00edderes pol\u00edticos piden extradici\u00f3n de exministro Arturo Murillo - El Diario - Bolivia<\/title>\n<meta name=\"robots\" content=\"index, follow, max-snippet:-1, max-image-preview:large, max-video-preview:-1\" \/>\n<link rel=\"canonical\" href=\"https:\/\/www.eldiario.net\/portal\/2021\/05\/26\/lideres-politicos-piden-extradicion-de-exministro-arturo-murillo\/\" \/>\n<meta property=\"og:locale\" content=\"es_ES\" \/>\n<meta property=\"og:type\" content=\"article\" \/>\n<meta property=\"og:title\" content=\"L\u00edderes pol\u00edticos piden extradici\u00f3n de exministro Arturo Murillo - El Diario - Bolivia\" \/>\n<meta property=\"og:description\" content=\"Tras conocerse sobre la aprehensi\u00f3n en Estados Unidos de Sergio M\u00e9ndez, exjefe de gabinete de Arturo Murillo, cuando esta persona fung\u00eda como Ministro de Gobierno, pol\u00edticos de oposici\u00f3n y oficialismo pidieron que se aceleren las investigaciones y se solicite la inmediata extradici\u00f3n de la exautoridad. Una investigaci\u00f3n de entidades de seguridad en el pa\u00eds del [&hellip;]\" \/>\n<meta property=\"og:url\" content=\"https:\/\/www.eldiario.net\/portal\/2021\/05\/26\/lideres-politicos-piden-extradicion-de-exministro-arturo-murillo\/\" \/>\n<meta property=\"og:site_name\" content=\"El Diario - Bolivia\" \/>\n<meta property=\"article:publisher\" content=\"https:\/\/www.facebook.com\/eldiario.bolivia\/\" \/>\n<meta property=\"article:published_time\" content=\"2021-05-26T10:47:30+00:00\" \/>\n<meta name=\"author\" content=\"Jeanette\" \/>\n<meta name=\"twitter:card\" content=\"summary_large_image\" \/>\n<meta name=\"twitter:creator\" content=\"@eldiario_net\" \/>\n<meta name=\"twitter:site\" content=\"@eldiario_net\" \/>\n<meta name=\"twitter:label1\" content=\"Escrito por\" \/>\n\t<meta name=\"twitter:data1\" content=\"Jeanette\" \/>\n\t<meta name=\"twitter:label2\" content=\"Tiempo de lectura\" \/>\n\t<meta name=\"twitter:data2\" content=\"3 minutos\" \/>\n<script type=\"application\/ld+json\" class=\"yoast-schema-graph\">{\"@context\":\"https:\\\/\\\/schema.org\",\"@graph\":[{\"@type\":\"Article\",\"@id\":\"https:\\\/\\\/www.eldiario.net\\\/portal\\\/2021\\\/05\\\/26\\\/lideres-politicos-piden-extradicion-de-exministro-arturo-murillo\\\/#article\",\"isPartOf\":{\"@id\":\"https:\\\/\\\/www.eldiario.net\\\/portal\\\/2021\\\/05\\\/26\\\/lideres-politicos-piden-extradicion-de-exministro-arturo-murillo\\\/\"},\"author\":{\"name\":\"Jeanette\",\"@id\":\"https:\\\/\\\/www.eldiario.net\\\/portal\\\/#\\\/schema\\\/person\\\/f46445640444750d7d753ccd04ae01b7\"},\"headline\":\"L\u00edderes pol\u00edticos piden extradici\u00f3n de exministro Arturo Murillo\",\"datePublished\":\"2021-05-26T10:47:30+00:00\",\"mainEntityOfPage\":{\"@id\":\"https:\\\/\\\/www.eldiario.net\\\/portal\\\/2021\\\/05\\\/26\\\/lideres-politicos-piden-extradicion-de-exministro-arturo-murillo\\\/\"},\"wordCount\":516,\"publisher\":{\"@id\":\"https:\\\/\\\/www.eldiario.net\\\/portal\\\/#organization\"},\"image\":{\"@id\":\"https:\\\/\\\/www.eldiario.net\\\/portal\\\/2021\\\/05\\\/26\\\/lideres-politicos-piden-extradicion-de-exministro-arturo-murillo\\\/#primaryimage\"},\"thumbnailUrl\":\"\",\"articleSection\":[\"Pol\u00edtica\"],\"inLanguage\":\"es\"},{\"@type\":\"WebPage\",\"@id\":\"https:\\\/\\\/www.eldiario.net\\\/portal\\\/2021\\\/05\\\/26\\\/lideres-politicos-piden-extradicion-de-exministro-arturo-murillo\\\/\",\"url\":\"https:\\\/\\\/www.eldiario.net\\\/portal\\\/2021\\\/05\\\/26\\\/lideres-politicos-piden-extradicion-de-exministro-arturo-murillo\\\/\",\"name\":\"L\u00edderes pol\u00edticos piden extradici\u00f3n de exministro Arturo Murillo - El Diario - Bolivia\",\"isPartOf\":{\"@id\":\"https:\\\/\\\/www.eldiario.net\\\/portal\\\/#website\"},\"primaryImageOfPage\":{\"@id\":\"https:\\\/\\\/www.eldiario.net\\\/portal\\\/2021\\\/05\\\/26\\\/lideres-politicos-piden-extradicion-de-exministro-arturo-murillo\\\/#primaryimage\"},\"image\":{\"@id\":\"https:\\\/\\\/www.eldiario.net\\\/portal\\\/2021\\\/05\\\/26\\\/lideres-politicos-piden-extradicion-de-exministro-arturo-murillo\\\/#primaryimage\"},\"thumbnailUrl\":\"\",\"datePublished\":\"2021-05-26T10:47:30+00:00\",\"breadcrumb\":{\"@id\":\"https:\\\/\\\/www.eldiario.net\\\/portal\\\/2021\\\/05\\\/26\\\/lideres-politicos-piden-extradicion-de-exministro-arturo-murillo\\\/#breadcrumb\"},\"inLanguage\":\"es\",\"potentialAction\":[{\"@type\":\"ReadAction\",\"target\":[\"https:\\\/\\\/www.eldiario.net\\\/portal\\\/2021\\\/05\\\/26\\\/lideres-politicos-piden-extradicion-de-exministro-arturo-murillo\\\/\"]}]},{\"@type\":\"ImageObject\",\"inLanguage\":\"es\",\"@id\":\"https:\\\/\\\/www.eldiario.net\\\/portal\\\/2021\\\/05\\\/26\\\/lideres-politicos-piden-extradicion-de-exministro-arturo-murillo\\\/#primaryimage\",\"url\":\"\",\"contentUrl\":\"\"},{\"@type\":\"BreadcrumbList\",\"@id\":\"https:\\\/\\\/www.eldiario.net\\\/portal\\\/2021\\\/05\\\/26\\\/lideres-politicos-piden-extradicion-de-exministro-arturo-murillo\\\/#breadcrumb\",\"itemListElement\":[{\"@type\":\"ListItem\",\"position\":1,\"name\":\"Portada\",\"item\":\"https:\\\/\\\/www.eldiario.net\\\/portal\\\/\"},{\"@type\":\"ListItem\",\"position\":2,\"name\":\"L\u00edderes pol\u00edticos piden extradici\u00f3n de exministro Arturo Murillo\"}]},{\"@type\":\"WebSite\",\"@id\":\"https:\\\/\\\/www.eldiario.net\\\/portal\\\/#website\",\"url\":\"https:\\\/\\\/www.eldiario.net\\\/portal\\\/\",\"name\":\"El Diario - Decano de la prensa nacional\",\"description\":\"El Diario - Decano de la prensa nacional\",\"publisher\":{\"@id\":\"https:\\\/\\\/www.eldiario.net\\\/portal\\\/#organization\"},\"potentialAction\":[{\"@type\":\"SearchAction\",\"target\":{\"@type\":\"EntryPoint\",\"urlTemplate\":\"https:\\\/\\\/www.eldiario.net\\\/portal\\\/?s={search_term_string}\"},\"query-input\":{\"@type\":\"PropertyValueSpecification\",\"valueRequired\":true,\"valueName\":\"search_term_string\"}}],\"inLanguage\":\"es\"},{\"@type\":\"Organization\",\"@id\":\"https:\\\/\\\/www.eldiario.net\\\/portal\\\/#organization\",\"name\":\"El Diario - Decano de la prensa nacional\",\"url\":\"https:\\\/\\\/www.eldiario.net\\\/portal\\\/\",\"logo\":{\"@type\":\"ImageObject\",\"inLanguage\":\"es\",\"@id\":\"https:\\\/\\\/www.eldiario.net\\\/portal\\\/#\\\/schema\\\/logo\\\/image\\\/\",\"url\":\"https:\\\/\\\/www.eldiario.net\\\/portal\\\/wp-content\\\/uploads\\\/2023\\\/07\\\/logo_ED.jpg\",\"contentUrl\":\"https:\\\/\\\/www.eldiario.net\\\/portal\\\/wp-content\\\/uploads\\\/2023\\\/07\\\/logo_ED.jpg\",\"width\":272,\"height\":52,\"caption\":\"El Diario - Decano de la prensa nacional\"},\"image\":{\"@id\":\"https:\\\/\\\/www.eldiario.net\\\/portal\\\/#\\\/schema\\\/logo\\\/image\\\/\"},\"sameAs\":[\"https:\\\/\\\/www.facebook.com\\\/eldiario.bolivia\\\/\",\"https:\\\/\\\/x.com\\\/eldiario_net\"]},{\"@type\":\"Person\",\"@id\":\"https:\\\/\\\/www.eldiario.net\\\/portal\\\/#\\\/schema\\\/person\\\/f46445640444750d7d753ccd04ae01b7\",\"name\":\"Jeanette\",\"image\":{\"@type\":\"ImageObject\",\"inLanguage\":\"es\",\"@id\":\"https:\\\/\\\/secure.gravatar.com\\\/avatar\\\/3ea2118a5f7dad2b7138b1187a6b7ee55f160b9968b66013c3a3ef39dd7e5798?s=96&d=mm&r=g\",\"url\":\"https:\\\/\\\/secure.gravatar.com\\\/avatar\\\/3ea2118a5f7dad2b7138b1187a6b7ee55f160b9968b66013c3a3ef39dd7e5798?s=96&d=mm&r=g\",\"contentUrl\":\"https:\\\/\\\/secure.gravatar.com\\\/avatar\\\/3ea2118a5f7dad2b7138b1187a6b7ee55f160b9968b66013c3a3ef39dd7e5798?s=96&d=mm&r=g\",\"caption\":\"Jeanette\"},\"sameAs\":[\"https:\\\/\\\/www.eldiario.net\\\/portal\"],\"url\":\"https:\\\/\\\/www.eldiario.net\\\/portal\\\/author\\\/jeanette\\\/\"}]}<\/script>\n<!-- \/ Yoast SEO plugin. -->","yoast_head_json":{"title":"L\u00edderes pol\u00edticos piden extradici\u00f3n de exministro Arturo Murillo - El Diario - Bolivia","robots":{"index":"index","follow":"follow","max-snippet":"max-snippet:-1","max-image-preview":"max-image-preview:large","max-video-preview":"max-video-preview:-1"},"canonical":"https:\/\/www.eldiario.net\/portal\/2021\/05\/26\/lideres-politicos-piden-extradicion-de-exministro-arturo-murillo\/","og_locale":"es_ES","og_type":"article","og_title":"L\u00edderes pol\u00edticos piden extradici\u00f3n de exministro Arturo Murillo - El Diario - Bolivia","og_description":"Tras conocerse sobre la aprehensi\u00f3n en Estados Unidos de Sergio M\u00e9ndez, exjefe de gabinete de Arturo Murillo, cuando esta persona fung\u00eda como Ministro de Gobierno, pol\u00edticos de oposici\u00f3n y oficialismo pidieron que se aceleren las investigaciones y se solicite la inmediata extradici\u00f3n de la exautoridad. Una investigaci\u00f3n de entidades de seguridad en el pa\u00eds del [&hellip;]","og_url":"https:\/\/www.eldiario.net\/portal\/2021\/05\/26\/lideres-politicos-piden-extradicion-de-exministro-arturo-murillo\/","og_site_name":"El Diario - Bolivia","article_publisher":"https:\/\/www.facebook.com\/eldiario.bolivia\/","article_published_time":"2021-05-26T10:47:30+00:00","author":"Jeanette","twitter_card":"summary_large_image","twitter_creator":"@eldiario_net","twitter_site":"@eldiario_net","twitter_misc":{"Escrito por":"Jeanette","Tiempo de lectura":"3 minutos"},"schema":{"@context":"https:\/\/schema.org","@graph":[{"@type":"Article","@id":"https:\/\/www.eldiario.net\/portal\/2021\/05\/26\/lideres-politicos-piden-extradicion-de-exministro-arturo-murillo\/#article","isPartOf":{"@id":"https:\/\/www.eldiario.net\/portal\/2021\/05\/26\/lideres-politicos-piden-extradicion-de-exministro-arturo-murillo\/"},"author":{"name":"Jeanette","@id":"https:\/\/www.eldiario.net\/portal\/#\/schema\/person\/f46445640444750d7d753ccd04ae01b7"},"headline":"L\u00edderes pol\u00edticos piden extradici\u00f3n de exministro Arturo Murillo","datePublished":"2021-05-26T10:47:30+00:00","mainEntityOfPage":{"@id":"https:\/\/www.eldiario.net\/portal\/2021\/05\/26\/lideres-politicos-piden-extradicion-de-exministro-arturo-murillo\/"},"wordCount":516,"publisher":{"@id":"https:\/\/www.eldiario.net\/portal\/#organization"},"image":{"@id":"https:\/\/www.eldiario.net\/portal\/2021\/05\/26\/lideres-politicos-piden-extradicion-de-exministro-arturo-murillo\/#primaryimage"},"thumbnailUrl":"","articleSection":["Pol\u00edtica"],"inLanguage":"es"},{"@type":"WebPage","@id":"https:\/\/www.eldiario.net\/portal\/2021\/05\/26\/lideres-politicos-piden-extradicion-de-exministro-arturo-murillo\/","url":"https:\/\/www.eldiario.net\/portal\/2021\/05\/26\/lideres-politicos-piden-extradicion-de-exministro-arturo-murillo\/","name":"L\u00edderes pol\u00edticos piden extradici\u00f3n de exministro Arturo Murillo - El Diario - Bolivia","isPartOf":{"@id":"https:\/\/www.eldiario.net\/portal\/#website"},"primaryImageOfPage":{"@id":"https:\/\/www.eldiario.net\/portal\/2021\/05\/26\/lideres-politicos-piden-extradicion-de-exministro-arturo-murillo\/#primaryimage"},"image":{"@id":"https:\/\/www.eldiario.net\/portal\/2021\/05\/26\/lideres-politicos-piden-extradicion-de-exministro-arturo-murillo\/#primaryimage"},"thumbnailUrl":"","datePublished":"2021-05-26T10:47:30+00:00","breadcrumb":{"@id":"https:\/\/www.eldiario.net\/portal\/2021\/05\/26\/lideres-politicos-piden-extradicion-de-exministro-arturo-murillo\/#breadcrumb"},"inLanguage":"es","potentialAction":[{"@type":"ReadAction","target":["https:\/\/www.eldiario.net\/portal\/2021\/05\/26\/lideres-politicos-piden-extradicion-de-exministro-arturo-murillo\/"]}]},{"@type":"ImageObject","inLanguage":"es","@id":"https:\/\/www.eldiario.net\/portal\/2021\/05\/26\/lideres-politicos-piden-extradicion-de-exministro-arturo-murillo\/#primaryimage","url":"","contentUrl":""},{"@type":"BreadcrumbList","@id":"https:\/\/www.eldiario.net\/portal\/2021\/05\/26\/lideres-politicos-piden-extradicion-de-exministro-arturo-murillo\/#breadcrumb","itemListElement":[{"@type":"ListItem","position":1,"name":"Portada","item":"https:\/\/www.eldiario.net\/portal\/"},{"@type":"ListItem","position":2,"name":"L\u00edderes pol\u00edticos piden extradici\u00f3n de exministro Arturo Murillo"}]},{"@type":"WebSite","@id":"https:\/\/www.eldiario.net\/portal\/#website","url":"https:\/\/www.eldiario.net\/portal\/","name":"El Diario - Decano de la prensa nacional","description":"El Diario - Decano de la prensa nacional","publisher":{"@id":"https:\/\/www.eldiario.net\/portal\/#organization"},"potentialAction":[{"@type":"SearchAction","target":{"@type":"EntryPoint","urlTemplate":"https:\/\/www.eldiario.net\/portal\/?s={search_term_string}"},"query-input":{"@type":"PropertyValueSpecification","valueRequired":true,"valueName":"search_term_string"}}],"inLanguage":"es"},{"@type":"Organization","@id":"https:\/\/www.eldiario.net\/portal\/#organization","name":"El Diario - Decano de la prensa nacional","url":"https:\/\/www.eldiario.net\/portal\/","logo":{"@type":"ImageObject","inLanguage":"es","@id":"https:\/\/www.eldiario.net\/portal\/#\/schema\/logo\/image\/","url":"https:\/\/www.eldiario.net\/portal\/wp-content\/uploads\/2023\/07\/logo_ED.jpg","contentUrl":"https:\/\/www.eldiario.net\/portal\/wp-content\/uploads\/2023\/07\/logo_ED.jpg","width":272,"height":52,"caption":"El Diario - Decano de la prensa nacional"},"image":{"@id":"https:\/\/www.eldiario.net\/portal\/#\/schema\/logo\/image\/"},"sameAs":["https:\/\/www.facebook.com\/eldiario.bolivia\/","https:\/\/x.com\/eldiario_net"]},{"@type":"Person","@id":"https:\/\/www.eldiario.net\/portal\/#\/schema\/person\/f46445640444750d7d753ccd04ae01b7","name":"Jeanette","image":{"@type":"ImageObject","inLanguage":"es","@id":"https:\/\/secure.gravatar.com\/avatar\/3ea2118a5f7dad2b7138b1187a6b7ee55f160b9968b66013c3a3ef39dd7e5798?s=96&d=mm&r=g","url":"https:\/\/secure.gravatar.com\/avatar\/3ea2118a5f7dad2b7138b1187a6b7ee55f160b9968b66013c3a3ef39dd7e5798?s=96&d=mm&r=g","contentUrl":"https:\/\/secure.gravatar.com\/avatar\/3ea2118a5f7dad2b7138b1187a6b7ee55f160b9968b66013c3a3ef39dd7e5798?s=96&d=mm&r=g","caption":"Jeanette"},"sameAs":["https:\/\/www.eldiario.net\/portal"],"url":"https:\/\/www.eldiario.net\/portal\/author\/jeanette\/"}]}},"_links":{"self":[{"href":"https:\/\/www.eldiario.net\/portal\/wp-json\/wp\/v2\/posts\/6450","targetHints":{"allow":["GET"]}}],"collection":[{"href":"https:\/\/www.eldiario.net\/portal\/wp-json\/wp\/v2\/posts"}],"about":[{"href":"https:\/\/www.eldiario.net\/portal\/wp-json\/wp\/v2\/types\/post"}],"author":[{"embeddable":true,"href":"https:\/\/www.eldiario.net\/portal\/wp-json\/wp\/v2\/users\/1"}],"replies":[{"embeddable":true,"href":"https:\/\/www.eldiario.net\/portal\/wp-json\/wp\/v2\/comments?post=6450"}],"version-history":[{"count":0,"href":"https:\/\/www.eldiario.net\/portal\/wp-json\/wp\/v2\/posts\/6450\/revisions"}],"wp:attachment":[{"href":"https:\/\/www.eldiario.net\/portal\/wp-json\/wp\/v2\/media?parent=6450"}],"wp:term":[{"taxonomy":"category","embeddable":true,"href":"https:\/\/www.eldiario.net\/portal\/wp-json\/wp\/v2\/categories?post=6450"},{"taxonomy":"post_tag","embeddable":true,"href":"https:\/\/www.eldiario.net\/portal\/wp-json\/wp\/v2\/tags?post=6450"}],"curies":[{"name":"wp","href":"https:\/\/api.w.org\/{rel}","templated":true}]}}