{"id":6447,"date":"2021-05-26T06:45:24","date_gmt":"2021-05-26T10:45:24","guid":{"rendered":"https:\/\/www.eldiario.net\/portal\/?p=6447"},"modified":"2021-05-26T06:45:24","modified_gmt":"2021-05-26T10:45:24","slug":"gestionan-donacion-de-vacunas-ante-eeuu-ue-y-reino-unido","status":"publish","type":"post","link":"https:\/\/www.eldiario.net\/portal\/2021\/05\/26\/gestionan-donacion-de-vacunas-ante-eeuu-ue-y-reino-unido\/","title":{"rendered":"Gestionan donaci\u00f3n de vacunas  ante EEUU, UE y Reino Unido"},"content":{"rendered":"<p>Ante la necesidad de contar con la mayor cantidad de vacunas para la inmunizaci\u00f3n de la poblaci\u00f3n, el senador por comunidad ciudadana, Rodrigo Paz Pereira, anunci\u00f3 que se tiene previsto el env\u00edo de cartas a representantes de la Uni\u00f3n Europea (UE) y el Reino Unido para que en el futuro se considere al pa\u00eds para la donaci\u00f3n de dosis de inmunizantes.<br \/>\nPaz, que d\u00edas atr\u00e1s curso notas a la embajada de los Estados Unidos, solicitando que se tome en cuenta a Bolivia para la donaci\u00f3n de vacunas anunciada por el Gobierno norteamericano, inform\u00f3 que tambi\u00e9n se enviar\u00e1n cartas a representantes de la Uni\u00f3n Europea y el Reino Unido.<br \/>\n\u201cYa envi\u00e9 una carta a la encargada de negocios de la embajada americana para que en ese paquete de vacunas que su gobierno tiene en consideraci\u00f3n para donaci\u00f3n, Bolivia sea considerada\u201d dijo.<br \/>\nAnunci\u00f3 que existe la posibilidad de que pa\u00edses europeos opten por donar dosis al resto del mundo, por lo que es preciso manifestar el inter\u00e9s como pa\u00eds en ser parte de las naciones beneficiadas con estas dosis.<br \/>\n\u201cEntendemos que en un futuro cercano, Europa tambi\u00e9n va a tener una pol\u00edtica de donaci\u00f3n de vacunas similar, ante esta posibilidad, tambi\u00e9n estamos mandando cartas al responsable m\u00e1ximo de la uni\u00f3n europea y a su vez a Gran Breta\u00f1a como otro gran productor\u201d, se\u00f1al\u00f3.<br \/>\nEl legislador sostuvo que es preciso que estos tres grandes espacios de producci\u00f3n de vacunas conozcan de las necesidades del pa\u00eds para que de forma humanitaria puedan colaborar cuando se inicien donaciones.<br \/>\nAdem\u00e1s, reiter\u00f3 que en el presente a\u00f1o se debe llegar a la meta de 15 millones de vacunas, y otra cifra similar en el 2022 para cumplir con la inmunizaci\u00f3n de la poblaci\u00f3n. En caso de que el pa\u00eds no alcance este n\u00famero de inmunizados, se esperan graves consecuencias de nivel social, sanitario y en el \u00e1mbito de la econom\u00eda.<\/p>\n","protected":false},"excerpt":{"rendered":"<p>Ante la necesidad de contar con la mayor cantidad de vacunas para la inmunizaci\u00f3n de la poblaci\u00f3n, el senador por comunidad ciudadana, Rodrigo Paz Pereira, anunci\u00f3 que se tiene previsto el env\u00edo de cartas a representantes de la Uni\u00f3n Europea (UE) y el Reino Unido para que en el futuro se considere al pa\u00eds para [&hellip;]<\/p>\n","protected":false},"author":1,"featured_media":6448,"comment_status":"closed","ping_status":"closed","sticky":false,"template":"","format":"standard","meta":{"_acf_changed":false,"footnotes":""},"categories":[14],"tags":[],"class_list":["post-6447","post","type-post","status-publish","format-standard","has-post-thumbnail","category-politica"],"acf":{"antetitulo":""},"yoast_head":"<!-- This site is optimized with the Yoast SEO plugin v28.3 - https:\/\/yoast.com\/product\/yoast-seo-wordpress\/ -->\n<title>Gestionan donaci\u00f3n de vacunas ante EEUU, UE y Reino Unido - El Diario - Bolivia<\/title>\n<meta name=\"robots\" content=\"index, follow, max-snippet:-1, max-image-preview:large, max-video-preview:-1\" \/>\n<link rel=\"canonical\" href=\"https:\/\/www.eldiario.net\/portal\/2021\/05\/26\/gestionan-donacion-de-vacunas-ante-eeuu-ue-y-reino-unido\/\" \/>\n<meta property=\"og:locale\" content=\"es_ES\" \/>\n<meta property=\"og:type\" content=\"article\" \/>\n<meta property=\"og:title\" content=\"Gestionan donaci\u00f3n de vacunas ante EEUU, UE y Reino Unido - El Diario - Bolivia\" \/>\n<meta property=\"og:description\" content=\"Ante la necesidad de contar con la mayor cantidad de vacunas para la inmunizaci\u00f3n de la poblaci\u00f3n, el senador por comunidad ciudadana, Rodrigo Paz Pereira, anunci\u00f3 que se tiene previsto el env\u00edo de cartas a representantes de la Uni\u00f3n Europea (UE) y el Reino Unido para que en el futuro se considere al pa\u00eds para [&hellip;]\" \/>\n<meta property=\"og:url\" content=\"https:\/\/www.eldiario.net\/portal\/2021\/05\/26\/gestionan-donacion-de-vacunas-ante-eeuu-ue-y-reino-unido\/\" \/>\n<meta property=\"og:site_name\" content=\"El Diario - Bolivia\" \/>\n<meta property=\"article:publisher\" content=\"https:\/\/www.facebook.com\/eldiario.bolivia\/\" \/>\n<meta property=\"article:published_time\" content=\"2021-05-26T10:45:24+00:00\" \/>\n<meta name=\"author\" content=\"Jeanette\" \/>\n<meta name=\"twitter:card\" content=\"summary_large_image\" \/>\n<meta name=\"twitter:creator\" content=\"@eldiario_net\" \/>\n<meta name=\"twitter:site\" content=\"@eldiario_net\" \/>\n<meta name=\"twitter:label1\" content=\"Escrito por\" \/>\n\t<meta name=\"twitter:data1\" content=\"Jeanette\" \/>\n\t<meta name=\"twitter:label2\" content=\"Tiempo de lectura\" \/>\n\t<meta name=\"twitter:data2\" content=\"2 minutos\" \/>\n<script type=\"application\/ld+json\" class=\"yoast-schema-graph\">{\"@context\":\"https:\\\/\\\/schema.org\",\"@graph\":[{\"@type\":\"Article\",\"@id\":\"https:\\\/\\\/www.eldiario.net\\\/portal\\\/2021\\\/05\\\/26\\\/gestionan-donacion-de-vacunas-ante-eeuu-ue-y-reino-unido\\\/#article\",\"isPartOf\":{\"@id\":\"https:\\\/\\\/www.eldiario.net\\\/portal\\\/2021\\\/05\\\/26\\\/gestionan-donacion-de-vacunas-ante-eeuu-ue-y-reino-unido\\\/\"},\"author\":{\"name\":\"Jeanette\",\"@id\":\"https:\\\/\\\/www.eldiario.net\\\/portal\\\/#\\\/schema\\\/person\\\/f46445640444750d7d753ccd04ae01b7\"},\"headline\":\"Gestionan donaci\u00f3n de vacunas ante EEUU, UE y Reino Unido\",\"datePublished\":\"2021-05-26T10:45:24+00:00\",\"mainEntityOfPage\":{\"@id\":\"https:\\\/\\\/www.eldiario.net\\\/portal\\\/2021\\\/05\\\/26\\\/gestionan-donacion-de-vacunas-ante-eeuu-ue-y-reino-unido\\\/\"},\"wordCount\":356,\"publisher\":{\"@id\":\"https:\\\/\\\/www.eldiario.net\\\/portal\\\/#organization\"},\"image\":{\"@id\":\"https:\\\/\\\/www.eldiario.net\\\/portal\\\/2021\\\/05\\\/26\\\/gestionan-donacion-de-vacunas-ante-eeuu-ue-y-reino-unido\\\/#primaryimage\"},\"thumbnailUrl\":\"\",\"articleSection\":[\"Pol\u00edtica\"],\"inLanguage\":\"es\"},{\"@type\":\"WebPage\",\"@id\":\"https:\\\/\\\/www.eldiario.net\\\/portal\\\/2021\\\/05\\\/26\\\/gestionan-donacion-de-vacunas-ante-eeuu-ue-y-reino-unido\\\/\",\"url\":\"https:\\\/\\\/www.eldiario.net\\\/portal\\\/2021\\\/05\\\/26\\\/gestionan-donacion-de-vacunas-ante-eeuu-ue-y-reino-unido\\\/\",\"name\":\"Gestionan donaci\u00f3n de vacunas ante EEUU, UE y Reino Unido - El Diario - Bolivia\",\"isPartOf\":{\"@id\":\"https:\\\/\\\/www.eldiario.net\\\/portal\\\/#website\"},\"primaryImageOfPage\":{\"@id\":\"https:\\\/\\\/www.eldiario.net\\\/portal\\\/2021\\\/05\\\/26\\\/gestionan-donacion-de-vacunas-ante-eeuu-ue-y-reino-unido\\\/#primaryimage\"},\"image\":{\"@id\":\"https:\\\/\\\/www.eldiario.net\\\/portal\\\/2021\\\/05\\\/26\\\/gestionan-donacion-de-vacunas-ante-eeuu-ue-y-reino-unido\\\/#primaryimage\"},\"thumbnailUrl\":\"\",\"datePublished\":\"2021-05-26T10:45:24+00:00\",\"breadcrumb\":{\"@id\":\"https:\\\/\\\/www.eldiario.net\\\/portal\\\/2021\\\/05\\\/26\\\/gestionan-donacion-de-vacunas-ante-eeuu-ue-y-reino-unido\\\/#breadcrumb\"},\"inLanguage\":\"es\",\"potentialAction\":[{\"@type\":\"ReadAction\",\"target\":[\"https:\\\/\\\/www.eldiario.net\\\/portal\\\/2021\\\/05\\\/26\\\/gestionan-donacion-de-vacunas-ante-eeuu-ue-y-reino-unido\\\/\"]}]},{\"@type\":\"ImageObject\",\"inLanguage\":\"es\",\"@id\":\"https:\\\/\\\/www.eldiario.net\\\/portal\\\/2021\\\/05\\\/26\\\/gestionan-donacion-de-vacunas-ante-eeuu-ue-y-reino-unido\\\/#primaryimage\",\"url\":\"\",\"contentUrl\":\"\"},{\"@type\":\"BreadcrumbList\",\"@id\":\"https:\\\/\\\/www.eldiario.net\\\/portal\\\/2021\\\/05\\\/26\\\/gestionan-donacion-de-vacunas-ante-eeuu-ue-y-reino-unido\\\/#breadcrumb\",\"itemListElement\":[{\"@type\":\"ListItem\",\"position\":1,\"name\":\"Portada\",\"item\":\"https:\\\/\\\/www.eldiario.net\\\/portal\\\/\"},{\"@type\":\"ListItem\",\"position\":2,\"name\":\"Gestionan donaci\u00f3n de vacunas ante EEUU, UE y Reino Unido\"}]},{\"@type\":\"WebSite\",\"@id\":\"https:\\\/\\\/www.eldiario.net\\\/portal\\\/#website\",\"url\":\"https:\\\/\\\/www.eldiario.net\\\/portal\\\/\",\"name\":\"El Diario - Decano de la prensa nacional\",\"description\":\"El Diario - Decano de la prensa nacional\",\"publisher\":{\"@id\":\"https:\\\/\\\/www.eldiario.net\\\/portal\\\/#organization\"},\"potentialAction\":[{\"@type\":\"SearchAction\",\"target\":{\"@type\":\"EntryPoint\",\"urlTemplate\":\"https:\\\/\\\/www.eldiario.net\\\/portal\\\/?s={search_term_string}\"},\"query-input\":{\"@type\":\"PropertyValueSpecification\",\"valueRequired\":true,\"valueName\":\"search_term_string\"}}],\"inLanguage\":\"es\"},{\"@type\":\"Organization\",\"@id\":\"https:\\\/\\\/www.eldiario.net\\\/portal\\\/#organization\",\"name\":\"El Diario - Decano de la prensa nacional\",\"url\":\"https:\\\/\\\/www.eldiario.net\\\/portal\\\/\",\"logo\":{\"@type\":\"ImageObject\",\"inLanguage\":\"es\",\"@id\":\"https:\\\/\\\/www.eldiario.net\\\/portal\\\/#\\\/schema\\\/logo\\\/image\\\/\",\"url\":\"https:\\\/\\\/www.eldiario.net\\\/portal\\\/wp-content\\\/uploads\\\/2023\\\/07\\\/logo_ED.jpg\",\"contentUrl\":\"https:\\\/\\\/www.eldiario.net\\\/portal\\\/wp-content\\\/uploads\\\/2023\\\/07\\\/logo_ED.jpg\",\"width\":272,\"height\":52,\"caption\":\"El Diario - Decano de la prensa nacional\"},\"image\":{\"@id\":\"https:\\\/\\\/www.eldiario.net\\\/portal\\\/#\\\/schema\\\/logo\\\/image\\\/\"},\"sameAs\":[\"https:\\\/\\\/www.facebook.com\\\/eldiario.bolivia\\\/\",\"https:\\\/\\\/x.com\\\/eldiario_net\"]},{\"@type\":\"Person\",\"@id\":\"https:\\\/\\\/www.eldiario.net\\\/portal\\\/#\\\/schema\\\/person\\\/f46445640444750d7d753ccd04ae01b7\",\"name\":\"Jeanette\",\"image\":{\"@type\":\"ImageObject\",\"inLanguage\":\"es\",\"@id\":\"https:\\\/\\\/secure.gravatar.com\\\/avatar\\\/3ea2118a5f7dad2b7138b1187a6b7ee55f160b9968b66013c3a3ef39dd7e5798?s=96&d=mm&r=g\",\"url\":\"https:\\\/\\\/secure.gravatar.com\\\/avatar\\\/3ea2118a5f7dad2b7138b1187a6b7ee55f160b9968b66013c3a3ef39dd7e5798?s=96&d=mm&r=g\",\"contentUrl\":\"https:\\\/\\\/secure.gravatar.com\\\/avatar\\\/3ea2118a5f7dad2b7138b1187a6b7ee55f160b9968b66013c3a3ef39dd7e5798?s=96&d=mm&r=g\",\"caption\":\"Jeanette\"},\"sameAs\":[\"https:\\\/\\\/www.eldiario.net\\\/portal\"],\"url\":\"https:\\\/\\\/www.eldiario.net\\\/portal\\\/author\\\/jeanette\\\/\"}]}<\/script>\n<!-- \/ Yoast SEO plugin. -->","yoast_head_json":{"title":"Gestionan donaci\u00f3n de vacunas ante EEUU, UE y Reino Unido - El Diario - Bolivia","robots":{"index":"index","follow":"follow","max-snippet":"max-snippet:-1","max-image-preview":"max-image-preview:large","max-video-preview":"max-video-preview:-1"},"canonical":"https:\/\/www.eldiario.net\/portal\/2021\/05\/26\/gestionan-donacion-de-vacunas-ante-eeuu-ue-y-reino-unido\/","og_locale":"es_ES","og_type":"article","og_title":"Gestionan donaci\u00f3n de vacunas ante EEUU, UE y Reino Unido - El Diario - Bolivia","og_description":"Ante la necesidad de contar con la mayor cantidad de vacunas para la inmunizaci\u00f3n de la poblaci\u00f3n, el senador por comunidad ciudadana, Rodrigo Paz Pereira, anunci\u00f3 que se tiene previsto el env\u00edo de cartas a representantes de la Uni\u00f3n Europea (UE) y el Reino Unido para que en el futuro se considere al pa\u00eds para [&hellip;]","og_url":"https:\/\/www.eldiario.net\/portal\/2021\/05\/26\/gestionan-donacion-de-vacunas-ante-eeuu-ue-y-reino-unido\/","og_site_name":"El Diario - Bolivia","article_publisher":"https:\/\/www.facebook.com\/eldiario.bolivia\/","article_published_time":"2021-05-26T10:45:24+00:00","author":"Jeanette","twitter_card":"summary_large_image","twitter_creator":"@eldiario_net","twitter_site":"@eldiario_net","twitter_misc":{"Escrito por":"Jeanette","Tiempo de lectura":"2 minutos"},"schema":{"@context":"https:\/\/schema.org","@graph":[{"@type":"Article","@id":"https:\/\/www.eldiario.net\/portal\/2021\/05\/26\/gestionan-donacion-de-vacunas-ante-eeuu-ue-y-reino-unido\/#article","isPartOf":{"@id":"https:\/\/www.eldiario.net\/portal\/2021\/05\/26\/gestionan-donacion-de-vacunas-ante-eeuu-ue-y-reino-unido\/"},"author":{"name":"Jeanette","@id":"https:\/\/www.eldiario.net\/portal\/#\/schema\/person\/f46445640444750d7d753ccd04ae01b7"},"headline":"Gestionan donaci\u00f3n de vacunas ante EEUU, UE y Reino Unido","datePublished":"2021-05-26T10:45:24+00:00","mainEntityOfPage":{"@id":"https:\/\/www.eldiario.net\/portal\/2021\/05\/26\/gestionan-donacion-de-vacunas-ante-eeuu-ue-y-reino-unido\/"},"wordCount":356,"publisher":{"@id":"https:\/\/www.eldiario.net\/portal\/#organization"},"image":{"@id":"https:\/\/www.eldiario.net\/portal\/2021\/05\/26\/gestionan-donacion-de-vacunas-ante-eeuu-ue-y-reino-unido\/#primaryimage"},"thumbnailUrl":"","articleSection":["Pol\u00edtica"],"inLanguage":"es"},{"@type":"WebPage","@id":"https:\/\/www.eldiario.net\/portal\/2021\/05\/26\/gestionan-donacion-de-vacunas-ante-eeuu-ue-y-reino-unido\/","url":"https:\/\/www.eldiario.net\/portal\/2021\/05\/26\/gestionan-donacion-de-vacunas-ante-eeuu-ue-y-reino-unido\/","name":"Gestionan donaci\u00f3n de vacunas ante EEUU, UE y Reino Unido - El Diario - Bolivia","isPartOf":{"@id":"https:\/\/www.eldiario.net\/portal\/#website"},"primaryImageOfPage":{"@id":"https:\/\/www.eldiario.net\/portal\/2021\/05\/26\/gestionan-donacion-de-vacunas-ante-eeuu-ue-y-reino-unido\/#primaryimage"},"image":{"@id":"https:\/\/www.eldiario.net\/portal\/2021\/05\/26\/gestionan-donacion-de-vacunas-ante-eeuu-ue-y-reino-unido\/#primaryimage"},"thumbnailUrl":"","datePublished":"2021-05-26T10:45:24+00:00","breadcrumb":{"@id":"https:\/\/www.eldiario.net\/portal\/2021\/05\/26\/gestionan-donacion-de-vacunas-ante-eeuu-ue-y-reino-unido\/#breadcrumb"},"inLanguage":"es","potentialAction":[{"@type":"ReadAction","target":["https:\/\/www.eldiario.net\/portal\/2021\/05\/26\/gestionan-donacion-de-vacunas-ante-eeuu-ue-y-reino-unido\/"]}]},{"@type":"ImageObject","inLanguage":"es","@id":"https:\/\/www.eldiario.net\/portal\/2021\/05\/26\/gestionan-donacion-de-vacunas-ante-eeuu-ue-y-reino-unido\/#primaryimage","url":"","contentUrl":""},{"@type":"BreadcrumbList","@id":"https:\/\/www.eldiario.net\/portal\/2021\/05\/26\/gestionan-donacion-de-vacunas-ante-eeuu-ue-y-reino-unido\/#breadcrumb","itemListElement":[{"@type":"ListItem","position":1,"name":"Portada","item":"https:\/\/www.eldiario.net\/portal\/"},{"@type":"ListItem","position":2,"name":"Gestionan donaci\u00f3n de vacunas ante EEUU, UE y Reino Unido"}]},{"@type":"WebSite","@id":"https:\/\/www.eldiario.net\/portal\/#website","url":"https:\/\/www.eldiario.net\/portal\/","name":"El Diario - Decano de la prensa nacional","description":"El Diario - Decano de la prensa nacional","publisher":{"@id":"https:\/\/www.eldiario.net\/portal\/#organization"},"potentialAction":[{"@type":"SearchAction","target":{"@type":"EntryPoint","urlTemplate":"https:\/\/www.eldiario.net\/portal\/?s={search_term_string}"},"query-input":{"@type":"PropertyValueSpecification","valueRequired":true,"valueName":"search_term_string"}}],"inLanguage":"es"},{"@type":"Organization","@id":"https:\/\/www.eldiario.net\/portal\/#organization","name":"El Diario - Decano de la prensa nacional","url":"https:\/\/www.eldiario.net\/portal\/","logo":{"@type":"ImageObject","inLanguage":"es","@id":"https:\/\/www.eldiario.net\/portal\/#\/schema\/logo\/image\/","url":"https:\/\/www.eldiario.net\/portal\/wp-content\/uploads\/2023\/07\/logo_ED.jpg","contentUrl":"https:\/\/www.eldiario.net\/portal\/wp-content\/uploads\/2023\/07\/logo_ED.jpg","width":272,"height":52,"caption":"El Diario - Decano de la prensa nacional"},"image":{"@id":"https:\/\/www.eldiario.net\/portal\/#\/schema\/logo\/image\/"},"sameAs":["https:\/\/www.facebook.com\/eldiario.bolivia\/","https:\/\/x.com\/eldiario_net"]},{"@type":"Person","@id":"https:\/\/www.eldiario.net\/portal\/#\/schema\/person\/f46445640444750d7d753ccd04ae01b7","name":"Jeanette","image":{"@type":"ImageObject","inLanguage":"es","@id":"https:\/\/secure.gravatar.com\/avatar\/3ea2118a5f7dad2b7138b1187a6b7ee55f160b9968b66013c3a3ef39dd7e5798?s=96&d=mm&r=g","url":"https:\/\/secure.gravatar.com\/avatar\/3ea2118a5f7dad2b7138b1187a6b7ee55f160b9968b66013c3a3ef39dd7e5798?s=96&d=mm&r=g","contentUrl":"https:\/\/secure.gravatar.com\/avatar\/3ea2118a5f7dad2b7138b1187a6b7ee55f160b9968b66013c3a3ef39dd7e5798?s=96&d=mm&r=g","caption":"Jeanette"},"sameAs":["https:\/\/www.eldiario.net\/portal"],"url":"https:\/\/www.eldiario.net\/portal\/author\/jeanette\/"}]}},"_links":{"self":[{"href":"https:\/\/www.eldiario.net\/portal\/wp-json\/wp\/v2\/posts\/6447","targetHints":{"allow":["GET"]}}],"collection":[{"href":"https:\/\/www.eldiario.net\/portal\/wp-json\/wp\/v2\/posts"}],"about":[{"href":"https:\/\/www.eldiario.net\/portal\/wp-json\/wp\/v2\/types\/post"}],"author":[{"embeddable":true,"href":"https:\/\/www.eldiario.net\/portal\/wp-json\/wp\/v2\/users\/1"}],"replies":[{"embeddable":true,"href":"https:\/\/www.eldiario.net\/portal\/wp-json\/wp\/v2\/comments?post=6447"}],"version-history":[{"count":0,"href":"https:\/\/www.eldiario.net\/portal\/wp-json\/wp\/v2\/posts\/6447\/revisions"}],"wp:attachment":[{"href":"https:\/\/www.eldiario.net\/portal\/wp-json\/wp\/v2\/media?parent=6447"}],"wp:term":[{"taxonomy":"category","embeddable":true,"href":"https:\/\/www.eldiario.net\/portal\/wp-json\/wp\/v2\/categories?post=6447"},{"taxonomy":"post_tag","embeddable":true,"href":"https:\/\/www.eldiario.net\/portal\/wp-json\/wp\/v2\/tags?post=6447"}],"curies":[{"name":"wp","href":"https:\/\/api.w.org\/{rel}","templated":true}]}}