{"id":6444,"date":"2021-05-26T06:44:06","date_gmt":"2021-05-26T10:44:06","guid":{"rendered":"https:\/\/www.eldiario.net\/portal\/?p=6444"},"modified":"2021-05-26T06:44:06","modified_gmt":"2021-05-26T10:44:06","slug":"mesa-supera-covid-19-y-pide-que-campana-de-vacunacion-se-amplie","status":"publish","type":"post","link":"https:\/\/www.eldiario.net\/portal\/2021\/05\/26\/mesa-supera-covid-19-y-pide-que-campana-de-vacunacion-se-amplie\/","title":{"rendered":"Mesa supera covid-19 y pide que  campa\u00f1a de vacunaci\u00f3n se ampl\u00ede"},"content":{"rendered":"<p>Ante el alarmante incremento de casos positivos por covid-19 y la ausencia de personas en puntos de vacunaci\u00f3n, el expresidente Carlos Mesa Gisbert plante\u00f3 que la vacunaci\u00f3n se aplique sin distinci\u00f3n de edad ni otra condici\u00f3n para reducir cifras de contagio y de fallecimientos. Pidi\u00f3 establecer una l\u00ednea de vacunaci\u00f3n sin restricci\u00f3n de edad, enfermedad de base u otros requisitos.<br \/>\nEl exmandatario se\u00f1al\u00f3 que el pedido es que la vacunaci\u00f3n se ampl\u00ede a m\u00e1s ciudadanos, levantando las restricciones por edad y que cualquier persona que desee recibir la inmunizaci\u00f3n pueda acceder a ella.<br \/>\n\u201cLa propuesta de Comunidad Ciudadana es: liberen las vacunas ya. Establezcamos una l\u00ednea de vacunaci\u00f3n indistinta, es decir, que no pidas la edad ni enfermedad de base ni ning\u00fan otro requisito\u201d, manifest\u00f3.<br \/>\nMesa, que recientemente super\u00f3 la enfermedad, se\u00f1al\u00f3 que Bolivia empez\u00f3 la vacunaci\u00f3n hace 90 d\u00edas y hasta el domingo pasado se hab\u00eda inoculado casi 1.4 millones de dosis, es decir un promedio de 15.300 por d\u00eda. \u201cA este ritmo, el total de 15 millones de dosis que se necesitan se aplicar\u00e1n en m\u00e1s de dos a\u00f1os\u201d, se\u00f1al\u00f3.<br \/>\nPor otro lado, explic\u00f3 que algunas de las vacunas necesitan una manipulaci\u00f3n especial que asegure la cadena de fr\u00edo \u201cmientras permanezcan m\u00e1s tiempo almacenadas, m\u00e1s riesgo habr\u00e1 de que pierdan su efecto\u201d, asever\u00f3. Tambi\u00e9n afirm\u00f3 que es necesario aumentar los sitios de vacunaci\u00f3n y el tiempo de atenci\u00f3n: \u201cno puede ser solo de seis horas y tampoco dejar de vacunar los fines de semana\u201d, opin\u00f3.<br \/>\nRecord\u00f3 que la \u00fanica respuesta que est\u00e1 funcionando en los pa\u00edses que la aplican es la vacuna y que solamente un proceso de inmunizaci\u00f3n, por esta v\u00eda, de la mayor parte de la poblaci\u00f3n del pa\u00eds va a permitir superar la pandemia. \u201cTenemos que vacunarnos todos, dejar la l\u00ednea de pensamiento de que la vacuna no sirve para nada o peor, que la vacuna es la que realmente de genera la gravedad de la enfermedad, el conjunto de los ciudadanos tenemos que entender que la vacuna es el \u00fanico camino posible\u201d, enfatiz\u00f3.<\/p>\n","protected":false},"excerpt":{"rendered":"<p>Ante el alarmante incremento de casos positivos por covid-19 y la ausencia de personas en puntos de vacunaci\u00f3n, el expresidente Carlos Mesa Gisbert plante\u00f3 que la vacunaci\u00f3n se aplique sin distinci\u00f3n de edad ni otra condici\u00f3n para reducir cifras de contagio y de fallecimientos. Pidi\u00f3 establecer una l\u00ednea de vacunaci\u00f3n sin restricci\u00f3n de edad, enfermedad [&hellip;]<\/p>\n","protected":false},"author":1,"featured_media":6445,"comment_status":"closed","ping_status":"closed","sticky":false,"template":"","format":"standard","meta":{"_acf_changed":false,"footnotes":""},"categories":[14],"tags":[],"class_list":["post-6444","post","type-post","status-publish","format-standard","has-post-thumbnail","category-politica"],"acf":{"antetitulo":""},"yoast_head":"<!-- This site is optimized with the Yoast SEO plugin v28.3 - https:\/\/yoast.com\/product\/yoast-seo-wordpress\/ -->\n<title>Mesa supera covid-19 y pide que campa\u00f1a de vacunaci\u00f3n se ampl\u00ede - El Diario - Bolivia<\/title>\n<meta name=\"robots\" content=\"index, follow, max-snippet:-1, max-image-preview:large, max-video-preview:-1\" \/>\n<link rel=\"canonical\" href=\"https:\/\/www.eldiario.net\/portal\/2021\/05\/26\/mesa-supera-covid-19-y-pide-que-campana-de-vacunacion-se-amplie\/\" \/>\n<meta property=\"og:locale\" content=\"es_ES\" \/>\n<meta property=\"og:type\" content=\"article\" \/>\n<meta property=\"og:title\" content=\"Mesa supera covid-19 y pide que campa\u00f1a de vacunaci\u00f3n se ampl\u00ede - El Diario - Bolivia\" \/>\n<meta property=\"og:description\" content=\"Ante el alarmante incremento de casos positivos por covid-19 y la ausencia de personas en puntos de vacunaci\u00f3n, el expresidente Carlos Mesa Gisbert plante\u00f3 que la vacunaci\u00f3n se aplique sin distinci\u00f3n de edad ni otra condici\u00f3n para reducir cifras de contagio y de fallecimientos. Pidi\u00f3 establecer una l\u00ednea de vacunaci\u00f3n sin restricci\u00f3n de edad, enfermedad [&hellip;]\" \/>\n<meta property=\"og:url\" content=\"https:\/\/www.eldiario.net\/portal\/2021\/05\/26\/mesa-supera-covid-19-y-pide-que-campana-de-vacunacion-se-amplie\/\" \/>\n<meta property=\"og:site_name\" content=\"El Diario - Bolivia\" \/>\n<meta property=\"article:publisher\" content=\"https:\/\/www.facebook.com\/eldiario.bolivia\/\" \/>\n<meta property=\"article:published_time\" content=\"2021-05-26T10:44:06+00:00\" \/>\n<meta property=\"og:image\" content=\"https:\/\/www.eldiario.net\/portal\/wp-content\/uploads\/2021\/05\/Pol-264.jpg\" \/>\n\t<meta property=\"og:image:width\" content=\"300\" \/>\n\t<meta property=\"og:image:height\" content=\"168\" \/>\n\t<meta property=\"og:image:type\" content=\"image\/jpeg\" \/>\n<meta name=\"author\" content=\"Jeanette\" \/>\n<meta name=\"twitter:card\" content=\"summary_large_image\" \/>\n<meta name=\"twitter:creator\" content=\"@eldiario_net\" \/>\n<meta name=\"twitter:site\" content=\"@eldiario_net\" \/>\n<meta name=\"twitter:label1\" content=\"Escrito por\" \/>\n\t<meta name=\"twitter:data1\" content=\"Jeanette\" \/>\n\t<meta name=\"twitter:label2\" content=\"Tiempo de lectura\" \/>\n\t<meta name=\"twitter:data2\" content=\"2 minutos\" \/>\n<script type=\"application\/ld+json\" class=\"yoast-schema-graph\">{\"@context\":\"https:\\\/\\\/schema.org\",\"@graph\":[{\"@type\":\"Article\",\"@id\":\"https:\\\/\\\/www.eldiario.net\\\/portal\\\/2021\\\/05\\\/26\\\/mesa-supera-covid-19-y-pide-que-campana-de-vacunacion-se-amplie\\\/#article\",\"isPartOf\":{\"@id\":\"https:\\\/\\\/www.eldiario.net\\\/portal\\\/2021\\\/05\\\/26\\\/mesa-supera-covid-19-y-pide-que-campana-de-vacunacion-se-amplie\\\/\"},\"author\":{\"name\":\"Jeanette\",\"@id\":\"https:\\\/\\\/www.eldiario.net\\\/portal\\\/#\\\/schema\\\/person\\\/f46445640444750d7d753ccd04ae01b7\"},\"headline\":\"Mesa supera covid-19 y pide que campa\u00f1a de vacunaci\u00f3n se ampl\u00ede\",\"datePublished\":\"2021-05-26T10:44:06+00:00\",\"mainEntityOfPage\":{\"@id\":\"https:\\\/\\\/www.eldiario.net\\\/portal\\\/2021\\\/05\\\/26\\\/mesa-supera-covid-19-y-pide-que-campana-de-vacunacion-se-amplie\\\/\"},\"wordCount\":386,\"publisher\":{\"@id\":\"https:\\\/\\\/www.eldiario.net\\\/portal\\\/#organization\"},\"image\":{\"@id\":\"https:\\\/\\\/www.eldiario.net\\\/portal\\\/2021\\\/05\\\/26\\\/mesa-supera-covid-19-y-pide-que-campana-de-vacunacion-se-amplie\\\/#primaryimage\"},\"thumbnailUrl\":\"https:\\\/\\\/www.eldiario.net\\\/portal\\\/wp-content\\\/uploads\\\/2021\\\/05\\\/Pol-264.jpg\",\"articleSection\":[\"Pol\u00edtica\"],\"inLanguage\":\"es\"},{\"@type\":\"WebPage\",\"@id\":\"https:\\\/\\\/www.eldiario.net\\\/portal\\\/2021\\\/05\\\/26\\\/mesa-supera-covid-19-y-pide-que-campana-de-vacunacion-se-amplie\\\/\",\"url\":\"https:\\\/\\\/www.eldiario.net\\\/portal\\\/2021\\\/05\\\/26\\\/mesa-supera-covid-19-y-pide-que-campana-de-vacunacion-se-amplie\\\/\",\"name\":\"Mesa supera covid-19 y pide que campa\u00f1a de vacunaci\u00f3n se ampl\u00ede - El Diario - Bolivia\",\"isPartOf\":{\"@id\":\"https:\\\/\\\/www.eldiario.net\\\/portal\\\/#website\"},\"primaryImageOfPage\":{\"@id\":\"https:\\\/\\\/www.eldiario.net\\\/portal\\\/2021\\\/05\\\/26\\\/mesa-supera-covid-19-y-pide-que-campana-de-vacunacion-se-amplie\\\/#primaryimage\"},\"image\":{\"@id\":\"https:\\\/\\\/www.eldiario.net\\\/portal\\\/2021\\\/05\\\/26\\\/mesa-supera-covid-19-y-pide-que-campana-de-vacunacion-se-amplie\\\/#primaryimage\"},\"thumbnailUrl\":\"https:\\\/\\\/www.eldiario.net\\\/portal\\\/wp-content\\\/uploads\\\/2021\\\/05\\\/Pol-264.jpg\",\"datePublished\":\"2021-05-26T10:44:06+00:00\",\"breadcrumb\":{\"@id\":\"https:\\\/\\\/www.eldiario.net\\\/portal\\\/2021\\\/05\\\/26\\\/mesa-supera-covid-19-y-pide-que-campana-de-vacunacion-se-amplie\\\/#breadcrumb\"},\"inLanguage\":\"es\",\"potentialAction\":[{\"@type\":\"ReadAction\",\"target\":[\"https:\\\/\\\/www.eldiario.net\\\/portal\\\/2021\\\/05\\\/26\\\/mesa-supera-covid-19-y-pide-que-campana-de-vacunacion-se-amplie\\\/\"]}]},{\"@type\":\"ImageObject\",\"inLanguage\":\"es\",\"@id\":\"https:\\\/\\\/www.eldiario.net\\\/portal\\\/2021\\\/05\\\/26\\\/mesa-supera-covid-19-y-pide-que-campana-de-vacunacion-se-amplie\\\/#primaryimage\",\"url\":\"https:\\\/\\\/www.eldiario.net\\\/portal\\\/wp-content\\\/uploads\\\/2021\\\/05\\\/Pol-264.jpg\",\"contentUrl\":\"https:\\\/\\\/www.eldiario.net\\\/portal\\\/wp-content\\\/uploads\\\/2021\\\/05\\\/Pol-264.jpg\",\"width\":300,\"height\":168},{\"@type\":\"BreadcrumbList\",\"@id\":\"https:\\\/\\\/www.eldiario.net\\\/portal\\\/2021\\\/05\\\/26\\\/mesa-supera-covid-19-y-pide-que-campana-de-vacunacion-se-amplie\\\/#breadcrumb\",\"itemListElement\":[{\"@type\":\"ListItem\",\"position\":1,\"name\":\"Portada\",\"item\":\"https:\\\/\\\/www.eldiario.net\\\/portal\\\/\"},{\"@type\":\"ListItem\",\"position\":2,\"name\":\"Mesa supera covid-19 y pide que campa\u00f1a de vacunaci\u00f3n se ampl\u00ede\"}]},{\"@type\":\"WebSite\",\"@id\":\"https:\\\/\\\/www.eldiario.net\\\/portal\\\/#website\",\"url\":\"https:\\\/\\\/www.eldiario.net\\\/portal\\\/\",\"name\":\"El Diario - Decano de la prensa nacional\",\"description\":\"El Diario - Decano de la prensa nacional\",\"publisher\":{\"@id\":\"https:\\\/\\\/www.eldiario.net\\\/portal\\\/#organization\"},\"potentialAction\":[{\"@type\":\"SearchAction\",\"target\":{\"@type\":\"EntryPoint\",\"urlTemplate\":\"https:\\\/\\\/www.eldiario.net\\\/portal\\\/?s={search_term_string}\"},\"query-input\":{\"@type\":\"PropertyValueSpecification\",\"valueRequired\":true,\"valueName\":\"search_term_string\"}}],\"inLanguage\":\"es\"},{\"@type\":\"Organization\",\"@id\":\"https:\\\/\\\/www.eldiario.net\\\/portal\\\/#organization\",\"name\":\"El Diario - Decano de la prensa nacional\",\"url\":\"https:\\\/\\\/www.eldiario.net\\\/portal\\\/\",\"logo\":{\"@type\":\"ImageObject\",\"inLanguage\":\"es\",\"@id\":\"https:\\\/\\\/www.eldiario.net\\\/portal\\\/#\\\/schema\\\/logo\\\/image\\\/\",\"url\":\"https:\\\/\\\/www.eldiario.net\\\/portal\\\/wp-content\\\/uploads\\\/2023\\\/07\\\/logo_ED.jpg\",\"contentUrl\":\"https:\\\/\\\/www.eldiario.net\\\/portal\\\/wp-content\\\/uploads\\\/2023\\\/07\\\/logo_ED.jpg\",\"width\":272,\"height\":52,\"caption\":\"El Diario - Decano de la prensa nacional\"},\"image\":{\"@id\":\"https:\\\/\\\/www.eldiario.net\\\/portal\\\/#\\\/schema\\\/logo\\\/image\\\/\"},\"sameAs\":[\"https:\\\/\\\/www.facebook.com\\\/eldiario.bolivia\\\/\",\"https:\\\/\\\/x.com\\\/eldiario_net\"]},{\"@type\":\"Person\",\"@id\":\"https:\\\/\\\/www.eldiario.net\\\/portal\\\/#\\\/schema\\\/person\\\/f46445640444750d7d753ccd04ae01b7\",\"name\":\"Jeanette\",\"image\":{\"@type\":\"ImageObject\",\"inLanguage\":\"es\",\"@id\":\"https:\\\/\\\/secure.gravatar.com\\\/avatar\\\/3ea2118a5f7dad2b7138b1187a6b7ee55f160b9968b66013c3a3ef39dd7e5798?s=96&d=mm&r=g\",\"url\":\"https:\\\/\\\/secure.gravatar.com\\\/avatar\\\/3ea2118a5f7dad2b7138b1187a6b7ee55f160b9968b66013c3a3ef39dd7e5798?s=96&d=mm&r=g\",\"contentUrl\":\"https:\\\/\\\/secure.gravatar.com\\\/avatar\\\/3ea2118a5f7dad2b7138b1187a6b7ee55f160b9968b66013c3a3ef39dd7e5798?s=96&d=mm&r=g\",\"caption\":\"Jeanette\"},\"sameAs\":[\"https:\\\/\\\/www.eldiario.net\\\/portal\"],\"url\":\"https:\\\/\\\/www.eldiario.net\\\/portal\\\/author\\\/jeanette\\\/\"}]}<\/script>\n<!-- \/ Yoast SEO plugin. -->","yoast_head_json":{"title":"Mesa supera covid-19 y pide que campa\u00f1a de vacunaci\u00f3n se ampl\u00ede - El Diario - Bolivia","robots":{"index":"index","follow":"follow","max-snippet":"max-snippet:-1","max-image-preview":"max-image-preview:large","max-video-preview":"max-video-preview:-1"},"canonical":"https:\/\/www.eldiario.net\/portal\/2021\/05\/26\/mesa-supera-covid-19-y-pide-que-campana-de-vacunacion-se-amplie\/","og_locale":"es_ES","og_type":"article","og_title":"Mesa supera covid-19 y pide que campa\u00f1a de vacunaci\u00f3n se ampl\u00ede - El Diario - Bolivia","og_description":"Ante el alarmante incremento de casos positivos por covid-19 y la ausencia de personas en puntos de vacunaci\u00f3n, el expresidente Carlos Mesa Gisbert plante\u00f3 que la vacunaci\u00f3n se aplique sin distinci\u00f3n de edad ni otra condici\u00f3n para reducir cifras de contagio y de fallecimientos. Pidi\u00f3 establecer una l\u00ednea de vacunaci\u00f3n sin restricci\u00f3n de edad, enfermedad [&hellip;]","og_url":"https:\/\/www.eldiario.net\/portal\/2021\/05\/26\/mesa-supera-covid-19-y-pide-que-campana-de-vacunacion-se-amplie\/","og_site_name":"El Diario - Bolivia","article_publisher":"https:\/\/www.facebook.com\/eldiario.bolivia\/","article_published_time":"2021-05-26T10:44:06+00:00","og_image":[{"width":300,"height":168,"url":"https:\/\/www.eldiario.net\/portal\/wp-content\/uploads\/2021\/05\/Pol-264.jpg","type":"image\/jpeg"}],"author":"Jeanette","twitter_card":"summary_large_image","twitter_creator":"@eldiario_net","twitter_site":"@eldiario_net","twitter_misc":{"Escrito por":"Jeanette","Tiempo de lectura":"2 minutos"},"schema":{"@context":"https:\/\/schema.org","@graph":[{"@type":"Article","@id":"https:\/\/www.eldiario.net\/portal\/2021\/05\/26\/mesa-supera-covid-19-y-pide-que-campana-de-vacunacion-se-amplie\/#article","isPartOf":{"@id":"https:\/\/www.eldiario.net\/portal\/2021\/05\/26\/mesa-supera-covid-19-y-pide-que-campana-de-vacunacion-se-amplie\/"},"author":{"name":"Jeanette","@id":"https:\/\/www.eldiario.net\/portal\/#\/schema\/person\/f46445640444750d7d753ccd04ae01b7"},"headline":"Mesa supera covid-19 y pide que campa\u00f1a de vacunaci\u00f3n se ampl\u00ede","datePublished":"2021-05-26T10:44:06+00:00","mainEntityOfPage":{"@id":"https:\/\/www.eldiario.net\/portal\/2021\/05\/26\/mesa-supera-covid-19-y-pide-que-campana-de-vacunacion-se-amplie\/"},"wordCount":386,"publisher":{"@id":"https:\/\/www.eldiario.net\/portal\/#organization"},"image":{"@id":"https:\/\/www.eldiario.net\/portal\/2021\/05\/26\/mesa-supera-covid-19-y-pide-que-campana-de-vacunacion-se-amplie\/#primaryimage"},"thumbnailUrl":"https:\/\/www.eldiario.net\/portal\/wp-content\/uploads\/2021\/05\/Pol-264.jpg","articleSection":["Pol\u00edtica"],"inLanguage":"es"},{"@type":"WebPage","@id":"https:\/\/www.eldiario.net\/portal\/2021\/05\/26\/mesa-supera-covid-19-y-pide-que-campana-de-vacunacion-se-amplie\/","url":"https:\/\/www.eldiario.net\/portal\/2021\/05\/26\/mesa-supera-covid-19-y-pide-que-campana-de-vacunacion-se-amplie\/","name":"Mesa supera covid-19 y pide que campa\u00f1a de vacunaci\u00f3n se ampl\u00ede - El Diario - Bolivia","isPartOf":{"@id":"https:\/\/www.eldiario.net\/portal\/#website"},"primaryImageOfPage":{"@id":"https:\/\/www.eldiario.net\/portal\/2021\/05\/26\/mesa-supera-covid-19-y-pide-que-campana-de-vacunacion-se-amplie\/#primaryimage"},"image":{"@id":"https:\/\/www.eldiario.net\/portal\/2021\/05\/26\/mesa-supera-covid-19-y-pide-que-campana-de-vacunacion-se-amplie\/#primaryimage"},"thumbnailUrl":"https:\/\/www.eldiario.net\/portal\/wp-content\/uploads\/2021\/05\/Pol-264.jpg","datePublished":"2021-05-26T10:44:06+00:00","breadcrumb":{"@id":"https:\/\/www.eldiario.net\/portal\/2021\/05\/26\/mesa-supera-covid-19-y-pide-que-campana-de-vacunacion-se-amplie\/#breadcrumb"},"inLanguage":"es","potentialAction":[{"@type":"ReadAction","target":["https:\/\/www.eldiario.net\/portal\/2021\/05\/26\/mesa-supera-covid-19-y-pide-que-campana-de-vacunacion-se-amplie\/"]}]},{"@type":"ImageObject","inLanguage":"es","@id":"https:\/\/www.eldiario.net\/portal\/2021\/05\/26\/mesa-supera-covid-19-y-pide-que-campana-de-vacunacion-se-amplie\/#primaryimage","url":"https:\/\/www.eldiario.net\/portal\/wp-content\/uploads\/2021\/05\/Pol-264.jpg","contentUrl":"https:\/\/www.eldiario.net\/portal\/wp-content\/uploads\/2021\/05\/Pol-264.jpg","width":300,"height":168},{"@type":"BreadcrumbList","@id":"https:\/\/www.eldiario.net\/portal\/2021\/05\/26\/mesa-supera-covid-19-y-pide-que-campana-de-vacunacion-se-amplie\/#breadcrumb","itemListElement":[{"@type":"ListItem","position":1,"name":"Portada","item":"https:\/\/www.eldiario.net\/portal\/"},{"@type":"ListItem","position":2,"name":"Mesa supera covid-19 y pide que campa\u00f1a de vacunaci\u00f3n se ampl\u00ede"}]},{"@type":"WebSite","@id":"https:\/\/www.eldiario.net\/portal\/#website","url":"https:\/\/www.eldiario.net\/portal\/","name":"El Diario - Decano de la prensa nacional","description":"El Diario - Decano de la prensa nacional","publisher":{"@id":"https:\/\/www.eldiario.net\/portal\/#organization"},"potentialAction":[{"@type":"SearchAction","target":{"@type":"EntryPoint","urlTemplate":"https:\/\/www.eldiario.net\/portal\/?s={search_term_string}"},"query-input":{"@type":"PropertyValueSpecification","valueRequired":true,"valueName":"search_term_string"}}],"inLanguage":"es"},{"@type":"Organization","@id":"https:\/\/www.eldiario.net\/portal\/#organization","name":"El Diario - Decano de la prensa nacional","url":"https:\/\/www.eldiario.net\/portal\/","logo":{"@type":"ImageObject","inLanguage":"es","@id":"https:\/\/www.eldiario.net\/portal\/#\/schema\/logo\/image\/","url":"https:\/\/www.eldiario.net\/portal\/wp-content\/uploads\/2023\/07\/logo_ED.jpg","contentUrl":"https:\/\/www.eldiario.net\/portal\/wp-content\/uploads\/2023\/07\/logo_ED.jpg","width":272,"height":52,"caption":"El Diario - Decano de la prensa nacional"},"image":{"@id":"https:\/\/www.eldiario.net\/portal\/#\/schema\/logo\/image\/"},"sameAs":["https:\/\/www.facebook.com\/eldiario.bolivia\/","https:\/\/x.com\/eldiario_net"]},{"@type":"Person","@id":"https:\/\/www.eldiario.net\/portal\/#\/schema\/person\/f46445640444750d7d753ccd04ae01b7","name":"Jeanette","image":{"@type":"ImageObject","inLanguage":"es","@id":"https:\/\/secure.gravatar.com\/avatar\/3ea2118a5f7dad2b7138b1187a6b7ee55f160b9968b66013c3a3ef39dd7e5798?s=96&d=mm&r=g","url":"https:\/\/secure.gravatar.com\/avatar\/3ea2118a5f7dad2b7138b1187a6b7ee55f160b9968b66013c3a3ef39dd7e5798?s=96&d=mm&r=g","contentUrl":"https:\/\/secure.gravatar.com\/avatar\/3ea2118a5f7dad2b7138b1187a6b7ee55f160b9968b66013c3a3ef39dd7e5798?s=96&d=mm&r=g","caption":"Jeanette"},"sameAs":["https:\/\/www.eldiario.net\/portal"],"url":"https:\/\/www.eldiario.net\/portal\/author\/jeanette\/"}]}},"_links":{"self":[{"href":"https:\/\/www.eldiario.net\/portal\/wp-json\/wp\/v2\/posts\/6444","targetHints":{"allow":["GET"]}}],"collection":[{"href":"https:\/\/www.eldiario.net\/portal\/wp-json\/wp\/v2\/posts"}],"about":[{"href":"https:\/\/www.eldiario.net\/portal\/wp-json\/wp\/v2\/types\/post"}],"author":[{"embeddable":true,"href":"https:\/\/www.eldiario.net\/portal\/wp-json\/wp\/v2\/users\/1"}],"replies":[{"embeddable":true,"href":"https:\/\/www.eldiario.net\/portal\/wp-json\/wp\/v2\/comments?post=6444"}],"version-history":[{"count":0,"href":"https:\/\/www.eldiario.net\/portal\/wp-json\/wp\/v2\/posts\/6444\/revisions"}],"wp:featuredmedia":[{"embeddable":true,"href":"https:\/\/www.eldiario.net\/portal\/wp-json\/wp\/v2\/media\/6445"}],"wp:attachment":[{"href":"https:\/\/www.eldiario.net\/portal\/wp-json\/wp\/v2\/media?parent=6444"}],"wp:term":[{"taxonomy":"category","embeddable":true,"href":"https:\/\/www.eldiario.net\/portal\/wp-json\/wp\/v2\/categories?post=6444"},{"taxonomy":"post_tag","embeddable":true,"href":"https:\/\/www.eldiario.net\/portal\/wp-json\/wp\/v2\/tags?post=6444"}],"curies":[{"name":"wp","href":"https:\/\/api.w.org\/{rel}","templated":true}]}}