{"id":6442,"date":"2021-05-26T06:42:39","date_gmt":"2021-05-26T10:42:39","guid":{"rendered":"https:\/\/www.eldiario.net\/portal\/?p=6442"},"modified":"2021-05-26T06:42:39","modified_gmt":"2021-05-26T10:42:39","slug":"diputado-del-mas-califico-de-infiltrados-al-entorno-de-morales","status":"publish","type":"post","link":"https:\/\/www.eldiario.net\/portal\/2021\/05\/26\/diputado-del-mas-califico-de-infiltrados-al-entorno-de-morales\/","title":{"rendered":"Diputado del MAS calific\u00f3 de infiltrados al entorno de Morales"},"content":{"rendered":"<p>Ante las pugnas al interior del Movimiento al Socialismo (MAS) por los constantes pedidos de renovaci\u00f3n en sus filas y por la designaci\u00f3n de nuevas autoridades en entidades estatales, el diputado Rolando Cuellar calific\u00f3 como infiltrados a todo el entorno de Evo Morales por oponerse al surgimiento de nuevos liderazgos en el partido en funci\u00f3n de gobierno.<br \/>\nEl parlamentario acus\u00f3 a varias exautoridades del gobierno de Morales de ser agentes encubiertos, cuya finalidad es dividir y evitar que nuevos liderazgos surjan del MAS y ocupen cargos p\u00fablicos.<br \/>\nCuellar se\u00f1al\u00f3 directamente a un grupo de exministros, a quienes acus\u00f3 de oponerse a la renovaci\u00f3n en el partido azul por el hecho de pertenecer al grupo denominado como los fundadores de esta organizaci\u00f3n pol\u00edtica.<br \/>\n\u201cMe refiero a Quintana, a Romero. El que se opone a la renovaci\u00f3n es un agente de la CIA, es un agente infiltrado de la derecha, eso le digo a los fundadores, son unos infiltrados\u201d, manifest\u00f3.<br \/>\nAgreg\u00f3 que los casos de todas las exautoridades que en su momento huyeron del pa\u00eds o buscaron asilo en delegaciones diplom\u00e1ticas ser\u00e1n tratados por un congreso ordinario del partido para definir su expulsi\u00f3n definitiva.<br \/>\n\u201cQuintana, Romero, Salvatierra y Arce Zaconeta, todos estos cobardes que se escaparon y no defendieron al hermano Evo ni al proceso revolucionario y van a ser expulsados en el congreso ordinario\u201d, indic\u00f3.<br \/>\nPor su parte, el diputado oficialista, Ren\u00e1n Cabezas, manifest\u00f3 que las declaraciones de Cuellar solo buscan lograr un poco de protagonismo y malestar para intentar dividir al partido de Gobierno, por lo que no comparte sus acusaciones.<br \/>\n\u201cNo descarto que este con intenciones de dividir el MAS, pero no estoy de acuerdo con lo que \u00e9l asegura\u201d, dijo.<br \/>\nEl legislador tambi\u00e9n confirm\u00f3 la suspensi\u00f3n del congreso org\u00e1nico del Movimiento al Socialismo programado para el mes de junio, esto debido al recrudecimiento de los casos reportados de coronavirus que se vive en el pa\u00eds.<\/p>\n","protected":false},"excerpt":{"rendered":"<p>Ante las pugnas al interior del Movimiento al Socialismo (MAS) por los constantes pedidos de renovaci\u00f3n en sus filas y por la designaci\u00f3n de nuevas autoridades en entidades estatales, el diputado Rolando Cuellar calific\u00f3 como infiltrados a todo el entorno de Evo Morales por oponerse al surgimiento de nuevos liderazgos en el partido en funci\u00f3n [&hellip;]<\/p>\n","protected":false},"author":1,"featured_media":0,"comment_status":"closed","ping_status":"closed","sticky":false,"template":"","format":"standard","meta":{"_acf_changed":false,"footnotes":""},"categories":[14],"tags":[],"class_list":["post-6442","post","type-post","status-publish","format-standard","category-politica"],"acf":{"antetitulo":""},"yoast_head":"<!-- This site is optimized with the Yoast SEO plugin v28.3 - https:\/\/yoast.com\/product\/yoast-seo-wordpress\/ -->\n<title>Diputado del MAS calific\u00f3 de infiltrados al entorno de Morales - El Diario - Bolivia<\/title>\n<meta name=\"robots\" content=\"index, follow, max-snippet:-1, max-image-preview:large, max-video-preview:-1\" \/>\n<link rel=\"canonical\" href=\"https:\/\/www.eldiario.net\/portal\/2021\/05\/26\/diputado-del-mas-califico-de-infiltrados-al-entorno-de-morales\/\" \/>\n<meta property=\"og:locale\" content=\"es_ES\" \/>\n<meta property=\"og:type\" content=\"article\" \/>\n<meta property=\"og:title\" content=\"Diputado del MAS calific\u00f3 de infiltrados al entorno de Morales - El Diario - Bolivia\" \/>\n<meta property=\"og:description\" content=\"Ante las pugnas al interior del Movimiento al Socialismo (MAS) por los constantes pedidos de renovaci\u00f3n en sus filas y por la designaci\u00f3n de nuevas autoridades en entidades estatales, el diputado Rolando Cuellar calific\u00f3 como infiltrados a todo el entorno de Evo Morales por oponerse al surgimiento de nuevos liderazgos en el partido en funci\u00f3n [&hellip;]\" \/>\n<meta property=\"og:url\" content=\"https:\/\/www.eldiario.net\/portal\/2021\/05\/26\/diputado-del-mas-califico-de-infiltrados-al-entorno-de-morales\/\" \/>\n<meta property=\"og:site_name\" content=\"El Diario - Bolivia\" \/>\n<meta property=\"article:publisher\" content=\"https:\/\/www.facebook.com\/eldiario.bolivia\/\" \/>\n<meta property=\"article:published_time\" content=\"2021-05-26T10:42:39+00:00\" \/>\n<meta name=\"author\" content=\"Jeanette\" \/>\n<meta name=\"twitter:card\" content=\"summary_large_image\" \/>\n<meta name=\"twitter:creator\" content=\"@eldiario_net\" \/>\n<meta name=\"twitter:site\" content=\"@eldiario_net\" \/>\n<meta name=\"twitter:label1\" content=\"Escrito por\" \/>\n\t<meta name=\"twitter:data1\" content=\"Jeanette\" \/>\n\t<meta name=\"twitter:label2\" content=\"Tiempo de lectura\" \/>\n\t<meta name=\"twitter:data2\" content=\"2 minutos\" \/>\n<script type=\"application\/ld+json\" class=\"yoast-schema-graph\">{\"@context\":\"https:\\\/\\\/schema.org\",\"@graph\":[{\"@type\":\"Article\",\"@id\":\"https:\\\/\\\/www.eldiario.net\\\/portal\\\/2021\\\/05\\\/26\\\/diputado-del-mas-califico-de-infiltrados-al-entorno-de-morales\\\/#article\",\"isPartOf\":{\"@id\":\"https:\\\/\\\/www.eldiario.net\\\/portal\\\/2021\\\/05\\\/26\\\/diputado-del-mas-califico-de-infiltrados-al-entorno-de-morales\\\/\"},\"author\":{\"name\":\"Jeanette\",\"@id\":\"https:\\\/\\\/www.eldiario.net\\\/portal\\\/#\\\/schema\\\/person\\\/f46445640444750d7d753ccd04ae01b7\"},\"headline\":\"Diputado del MAS calific\u00f3 de infiltrados al entorno de Morales\",\"datePublished\":\"2021-05-26T10:42:39+00:00\",\"mainEntityOfPage\":{\"@id\":\"https:\\\/\\\/www.eldiario.net\\\/portal\\\/2021\\\/05\\\/26\\\/diputado-del-mas-califico-de-infiltrados-al-entorno-de-morales\\\/\"},\"wordCount\":345,\"publisher\":{\"@id\":\"https:\\\/\\\/www.eldiario.net\\\/portal\\\/#organization\"},\"articleSection\":[\"Pol\u00edtica\"],\"inLanguage\":\"es\"},{\"@type\":\"WebPage\",\"@id\":\"https:\\\/\\\/www.eldiario.net\\\/portal\\\/2021\\\/05\\\/26\\\/diputado-del-mas-califico-de-infiltrados-al-entorno-de-morales\\\/\",\"url\":\"https:\\\/\\\/www.eldiario.net\\\/portal\\\/2021\\\/05\\\/26\\\/diputado-del-mas-califico-de-infiltrados-al-entorno-de-morales\\\/\",\"name\":\"Diputado del MAS calific\u00f3 de infiltrados al entorno de Morales - El Diario - Bolivia\",\"isPartOf\":{\"@id\":\"https:\\\/\\\/www.eldiario.net\\\/portal\\\/#website\"},\"datePublished\":\"2021-05-26T10:42:39+00:00\",\"breadcrumb\":{\"@id\":\"https:\\\/\\\/www.eldiario.net\\\/portal\\\/2021\\\/05\\\/26\\\/diputado-del-mas-califico-de-infiltrados-al-entorno-de-morales\\\/#breadcrumb\"},\"inLanguage\":\"es\",\"potentialAction\":[{\"@type\":\"ReadAction\",\"target\":[\"https:\\\/\\\/www.eldiario.net\\\/portal\\\/2021\\\/05\\\/26\\\/diputado-del-mas-califico-de-infiltrados-al-entorno-de-morales\\\/\"]}]},{\"@type\":\"BreadcrumbList\",\"@id\":\"https:\\\/\\\/www.eldiario.net\\\/portal\\\/2021\\\/05\\\/26\\\/diputado-del-mas-califico-de-infiltrados-al-entorno-de-morales\\\/#breadcrumb\",\"itemListElement\":[{\"@type\":\"ListItem\",\"position\":1,\"name\":\"Portada\",\"item\":\"https:\\\/\\\/www.eldiario.net\\\/portal\\\/\"},{\"@type\":\"ListItem\",\"position\":2,\"name\":\"Diputado del MAS calific\u00f3 de infiltrados al entorno de Morales\"}]},{\"@type\":\"WebSite\",\"@id\":\"https:\\\/\\\/www.eldiario.net\\\/portal\\\/#website\",\"url\":\"https:\\\/\\\/www.eldiario.net\\\/portal\\\/\",\"name\":\"El Diario - Decano de la prensa nacional\",\"description\":\"El Diario - Decano de la prensa nacional\",\"publisher\":{\"@id\":\"https:\\\/\\\/www.eldiario.net\\\/portal\\\/#organization\"},\"potentialAction\":[{\"@type\":\"SearchAction\",\"target\":{\"@type\":\"EntryPoint\",\"urlTemplate\":\"https:\\\/\\\/www.eldiario.net\\\/portal\\\/?s={search_term_string}\"},\"query-input\":{\"@type\":\"PropertyValueSpecification\",\"valueRequired\":true,\"valueName\":\"search_term_string\"}}],\"inLanguage\":\"es\"},{\"@type\":\"Organization\",\"@id\":\"https:\\\/\\\/www.eldiario.net\\\/portal\\\/#organization\",\"name\":\"El Diario - Decano de la prensa nacional\",\"url\":\"https:\\\/\\\/www.eldiario.net\\\/portal\\\/\",\"logo\":{\"@type\":\"ImageObject\",\"inLanguage\":\"es\",\"@id\":\"https:\\\/\\\/www.eldiario.net\\\/portal\\\/#\\\/schema\\\/logo\\\/image\\\/\",\"url\":\"https:\\\/\\\/www.eldiario.net\\\/portal\\\/wp-content\\\/uploads\\\/2023\\\/07\\\/logo_ED.jpg\",\"contentUrl\":\"https:\\\/\\\/www.eldiario.net\\\/portal\\\/wp-content\\\/uploads\\\/2023\\\/07\\\/logo_ED.jpg\",\"width\":272,\"height\":52,\"caption\":\"El Diario - Decano de la prensa nacional\"},\"image\":{\"@id\":\"https:\\\/\\\/www.eldiario.net\\\/portal\\\/#\\\/schema\\\/logo\\\/image\\\/\"},\"sameAs\":[\"https:\\\/\\\/www.facebook.com\\\/eldiario.bolivia\\\/\",\"https:\\\/\\\/x.com\\\/eldiario_net\"]},{\"@type\":\"Person\",\"@id\":\"https:\\\/\\\/www.eldiario.net\\\/portal\\\/#\\\/schema\\\/person\\\/f46445640444750d7d753ccd04ae01b7\",\"name\":\"Jeanette\",\"image\":{\"@type\":\"ImageObject\",\"inLanguage\":\"es\",\"@id\":\"https:\\\/\\\/secure.gravatar.com\\\/avatar\\\/3ea2118a5f7dad2b7138b1187a6b7ee55f160b9968b66013c3a3ef39dd7e5798?s=96&d=mm&r=g\",\"url\":\"https:\\\/\\\/secure.gravatar.com\\\/avatar\\\/3ea2118a5f7dad2b7138b1187a6b7ee55f160b9968b66013c3a3ef39dd7e5798?s=96&d=mm&r=g\",\"contentUrl\":\"https:\\\/\\\/secure.gravatar.com\\\/avatar\\\/3ea2118a5f7dad2b7138b1187a6b7ee55f160b9968b66013c3a3ef39dd7e5798?s=96&d=mm&r=g\",\"caption\":\"Jeanette\"},\"sameAs\":[\"https:\\\/\\\/www.eldiario.net\\\/portal\"],\"url\":\"https:\\\/\\\/www.eldiario.net\\\/portal\\\/author\\\/jeanette\\\/\"}]}<\/script>\n<!-- \/ Yoast SEO plugin. -->","yoast_head_json":{"title":"Diputado del MAS calific\u00f3 de infiltrados al entorno de Morales - El Diario - Bolivia","robots":{"index":"index","follow":"follow","max-snippet":"max-snippet:-1","max-image-preview":"max-image-preview:large","max-video-preview":"max-video-preview:-1"},"canonical":"https:\/\/www.eldiario.net\/portal\/2021\/05\/26\/diputado-del-mas-califico-de-infiltrados-al-entorno-de-morales\/","og_locale":"es_ES","og_type":"article","og_title":"Diputado del MAS calific\u00f3 de infiltrados al entorno de Morales - El Diario - Bolivia","og_description":"Ante las pugnas al interior del Movimiento al Socialismo (MAS) por los constantes pedidos de renovaci\u00f3n en sus filas y por la designaci\u00f3n de nuevas autoridades en entidades estatales, el diputado Rolando Cuellar calific\u00f3 como infiltrados a todo el entorno de Evo Morales por oponerse al surgimiento de nuevos liderazgos en el partido en funci\u00f3n [&hellip;]","og_url":"https:\/\/www.eldiario.net\/portal\/2021\/05\/26\/diputado-del-mas-califico-de-infiltrados-al-entorno-de-morales\/","og_site_name":"El Diario - Bolivia","article_publisher":"https:\/\/www.facebook.com\/eldiario.bolivia\/","article_published_time":"2021-05-26T10:42:39+00:00","author":"Jeanette","twitter_card":"summary_large_image","twitter_creator":"@eldiario_net","twitter_site":"@eldiario_net","twitter_misc":{"Escrito por":"Jeanette","Tiempo de lectura":"2 minutos"},"schema":{"@context":"https:\/\/schema.org","@graph":[{"@type":"Article","@id":"https:\/\/www.eldiario.net\/portal\/2021\/05\/26\/diputado-del-mas-califico-de-infiltrados-al-entorno-de-morales\/#article","isPartOf":{"@id":"https:\/\/www.eldiario.net\/portal\/2021\/05\/26\/diputado-del-mas-califico-de-infiltrados-al-entorno-de-morales\/"},"author":{"name":"Jeanette","@id":"https:\/\/www.eldiario.net\/portal\/#\/schema\/person\/f46445640444750d7d753ccd04ae01b7"},"headline":"Diputado del MAS calific\u00f3 de infiltrados al entorno de Morales","datePublished":"2021-05-26T10:42:39+00:00","mainEntityOfPage":{"@id":"https:\/\/www.eldiario.net\/portal\/2021\/05\/26\/diputado-del-mas-califico-de-infiltrados-al-entorno-de-morales\/"},"wordCount":345,"publisher":{"@id":"https:\/\/www.eldiario.net\/portal\/#organization"},"articleSection":["Pol\u00edtica"],"inLanguage":"es"},{"@type":"WebPage","@id":"https:\/\/www.eldiario.net\/portal\/2021\/05\/26\/diputado-del-mas-califico-de-infiltrados-al-entorno-de-morales\/","url":"https:\/\/www.eldiario.net\/portal\/2021\/05\/26\/diputado-del-mas-califico-de-infiltrados-al-entorno-de-morales\/","name":"Diputado del MAS calific\u00f3 de infiltrados al entorno de Morales - El Diario - Bolivia","isPartOf":{"@id":"https:\/\/www.eldiario.net\/portal\/#website"},"datePublished":"2021-05-26T10:42:39+00:00","breadcrumb":{"@id":"https:\/\/www.eldiario.net\/portal\/2021\/05\/26\/diputado-del-mas-califico-de-infiltrados-al-entorno-de-morales\/#breadcrumb"},"inLanguage":"es","potentialAction":[{"@type":"ReadAction","target":["https:\/\/www.eldiario.net\/portal\/2021\/05\/26\/diputado-del-mas-califico-de-infiltrados-al-entorno-de-morales\/"]}]},{"@type":"BreadcrumbList","@id":"https:\/\/www.eldiario.net\/portal\/2021\/05\/26\/diputado-del-mas-califico-de-infiltrados-al-entorno-de-morales\/#breadcrumb","itemListElement":[{"@type":"ListItem","position":1,"name":"Portada","item":"https:\/\/www.eldiario.net\/portal\/"},{"@type":"ListItem","position":2,"name":"Diputado del MAS calific\u00f3 de infiltrados al entorno de Morales"}]},{"@type":"WebSite","@id":"https:\/\/www.eldiario.net\/portal\/#website","url":"https:\/\/www.eldiario.net\/portal\/","name":"El Diario - Decano de la prensa nacional","description":"El Diario - Decano de la prensa nacional","publisher":{"@id":"https:\/\/www.eldiario.net\/portal\/#organization"},"potentialAction":[{"@type":"SearchAction","target":{"@type":"EntryPoint","urlTemplate":"https:\/\/www.eldiario.net\/portal\/?s={search_term_string}"},"query-input":{"@type":"PropertyValueSpecification","valueRequired":true,"valueName":"search_term_string"}}],"inLanguage":"es"},{"@type":"Organization","@id":"https:\/\/www.eldiario.net\/portal\/#organization","name":"El Diario - Decano de la prensa nacional","url":"https:\/\/www.eldiario.net\/portal\/","logo":{"@type":"ImageObject","inLanguage":"es","@id":"https:\/\/www.eldiario.net\/portal\/#\/schema\/logo\/image\/","url":"https:\/\/www.eldiario.net\/portal\/wp-content\/uploads\/2023\/07\/logo_ED.jpg","contentUrl":"https:\/\/www.eldiario.net\/portal\/wp-content\/uploads\/2023\/07\/logo_ED.jpg","width":272,"height":52,"caption":"El Diario - Decano de la prensa nacional"},"image":{"@id":"https:\/\/www.eldiario.net\/portal\/#\/schema\/logo\/image\/"},"sameAs":["https:\/\/www.facebook.com\/eldiario.bolivia\/","https:\/\/x.com\/eldiario_net"]},{"@type":"Person","@id":"https:\/\/www.eldiario.net\/portal\/#\/schema\/person\/f46445640444750d7d753ccd04ae01b7","name":"Jeanette","image":{"@type":"ImageObject","inLanguage":"es","@id":"https:\/\/secure.gravatar.com\/avatar\/3ea2118a5f7dad2b7138b1187a6b7ee55f160b9968b66013c3a3ef39dd7e5798?s=96&d=mm&r=g","url":"https:\/\/secure.gravatar.com\/avatar\/3ea2118a5f7dad2b7138b1187a6b7ee55f160b9968b66013c3a3ef39dd7e5798?s=96&d=mm&r=g","contentUrl":"https:\/\/secure.gravatar.com\/avatar\/3ea2118a5f7dad2b7138b1187a6b7ee55f160b9968b66013c3a3ef39dd7e5798?s=96&d=mm&r=g","caption":"Jeanette"},"sameAs":["https:\/\/www.eldiario.net\/portal"],"url":"https:\/\/www.eldiario.net\/portal\/author\/jeanette\/"}]}},"_links":{"self":[{"href":"https:\/\/www.eldiario.net\/portal\/wp-json\/wp\/v2\/posts\/6442","targetHints":{"allow":["GET"]}}],"collection":[{"href":"https:\/\/www.eldiario.net\/portal\/wp-json\/wp\/v2\/posts"}],"about":[{"href":"https:\/\/www.eldiario.net\/portal\/wp-json\/wp\/v2\/types\/post"}],"author":[{"embeddable":true,"href":"https:\/\/www.eldiario.net\/portal\/wp-json\/wp\/v2\/users\/1"}],"replies":[{"embeddable":true,"href":"https:\/\/www.eldiario.net\/portal\/wp-json\/wp\/v2\/comments?post=6442"}],"version-history":[{"count":0,"href":"https:\/\/www.eldiario.net\/portal\/wp-json\/wp\/v2\/posts\/6442\/revisions"}],"wp:attachment":[{"href":"https:\/\/www.eldiario.net\/portal\/wp-json\/wp\/v2\/media?parent=6442"}],"wp:term":[{"taxonomy":"category","embeddable":true,"href":"https:\/\/www.eldiario.net\/portal\/wp-json\/wp\/v2\/categories?post=6442"},{"taxonomy":"post_tag","embeddable":true,"href":"https:\/\/www.eldiario.net\/portal\/wp-json\/wp\/v2\/tags?post=6442"}],"curies":[{"name":"wp","href":"https:\/\/api.w.org\/{rel}","templated":true}]}}