{"id":6435,"date":"2021-05-26T06:39:42","date_gmt":"2021-05-26T10:39:42","guid":{"rendered":"https:\/\/www.eldiario.net\/portal\/?p=6435"},"modified":"2021-05-26T06:39:42","modified_gmt":"2021-05-26T10:39:42","slug":"john-arandia-ante-nuevo-reto-como-gerente-general-de-canal-f-10","status":"publish","type":"post","link":"https:\/\/www.eldiario.net\/portal\/2021\/05\/26\/john-arandia-ante-nuevo-reto-como-gerente-general-de-canal-f-10\/","title":{"rendered":"John Arandia ante nuevo reto como Gerente General de Canal F-10"},"content":{"rendered":"<p>Se inicia un reto muy importante en la vida del conocido periodista John Arandia Hurtado, como Gerente General del canal de televisi\u00f3n en la ciudad de El Alto, F-10. Un profesional carism\u00e1tico, sencillo y con mucha visi\u00f3n en el rubro.<br \/>\nEn una entrevista con EL DIARIO, se logr\u00f3 conocer algunas de las facetas que tiene el profesional comunicador, quien comenz\u00f3 a dedicarle al cien por cien de su tiempo a este medio de comunicaci\u00f3n televisivo, el cual viene a ser el sue\u00f1o de un empresario alte\u00f1o, ahora hecho realidad.<br \/>\n\u201cNunca nos hab\u00edamos imaginado que se necesitaba tanto para sacar adelante un canal de televisi\u00f3n de esta naturaleza, porque es un medio con todas las tecnolog\u00edas de punta que uno se puede imaginar, porque es una se\u00f1al Full H-D, en la televisi\u00f3n, y es desde ah\u00ed que nace F-10, y de esta manera poder darle, no solo a la poblaci\u00f3n alte\u00f1a, sino a todo el pa\u00eds, un medio de comunicaci\u00f3n que ser\u00e1n emitidas sus se\u00f1ales desde la ciudad de El Alto\u201d, indic\u00f3 Arandia Hurtado.<\/p>\n<p>COMPROMISO<br \/>\nCON EL ALTO<br \/>\nPara el nuevo Gerente General de F-10, este medio de comunicaci\u00f3n naci\u00f3 con una visi\u00f3n muy comprometida, primero con la ciudad de El Alto, nace con un lema: \u201cDesde lo m\u00e1s alto para la gente\u201d, dedicada a toda la poblaci\u00f3n alte\u00f1a, donde todo lo que se haga en este medio de comunicaci\u00f3n tendr\u00e1 un contenido diverso de su gente.<br \/>\nDe esta forma, para Jhon Arandia Hurtado, todo este proyecto se ha convertido en un reto social, cultural, de informaci\u00f3n y de poner agenda en el pa\u00eds desde esta ciudad, aunque no adelant\u00f3 el tipo de programaci\u00f3n que contendr\u00e1 en todos los horarios de entretenimiento y de informaci\u00f3n de este nuevo medio de comunicaci\u00f3n televisivo.<br \/>\n\u201cSiento que le debo mucho a la ciudad de El Alto, es por eso que acepto este reto, a pesar de que nunca imagin\u00e9 subir para asumir este cargo, a pesar de que yo soy de esa ciudad, porque desde muy peque\u00f1o viv\u00ed aqu\u00ed, y desde que asum\u00ed esta responsabilidad tuve el grato honor de encontrarme con los amigos y fue tambi\u00e9n como encontrarme con mi ra\u00edz y mi esencia\u201d, record\u00f3 el comunicador social.<br \/>\nPor otro lado, se\u00f1al\u00f3 que cuenta con el apoyo del propietario de este medio de comunicaci\u00f3n quien, para Jhon Arandia, es un entendido en la problem\u00e1tica de esta urbe y, por otro lado, tambi\u00e9n est\u00e1 un equipo de gente en televisi\u00f3n muy profesional, con quienes tiene el reto de sacar adelante este medio de comunicaci\u00f3n.<br \/>\nUno de los pocos adelantos que dio a conocer es que lo que caracterizar\u00e1 a este medio de comunicaci\u00f3n ser\u00e1 mostrarle al ciudadano alte\u00f1o otra imagen que no estar\u00e1 enmarcada en los hechos de violencia, sino tendr\u00e1 un contenido de relato desde las historias m\u00e1s escondidas que tiene para mostrar esta ciudad.<br \/>\nUNA CIUDAD QUE LO VIO CRECER<br \/>\nAl ser consultado el nuevo Gerente General del canal de televisi\u00f3n F-10 sobre su deseo de vivir en la ciudad de El Alto, Jhon Arandia dijo que a pesar del fr\u00edo ser\u00eda un gusto volver a vivir al lugar donde le vio crecer, pero que todo est\u00e1 sujeto al tiempo que le tiene que dedicar a su nueva responsabilidad.<br \/>\n\u201cNo le temo al fr\u00edo, solo hay que abrigarse, por eso tengo las ganas de volver a vivir en la ciudad que me vio crecer, tengo muchos amigos con los que ya me encontr\u00e9 y muy seguro de los que tendr\u00e9, porque el alte\u00f1o es as\u00ed muy amigo de todos, no es como se lo quiere mostrar, de violento y agresivo, por eso estamos decididos mediante este nuevo medio de comunicaci\u00f3n televisivo de mostrar al pa\u00eds y al mundo al verdadero ciudadano alte\u00f1o\u201d, asever\u00f3 el entrevistado.<\/p>\n<p>PRONTA INAUGURACI\u00d3N<br \/>\nEl canal de televisi\u00f3n F-10 ser\u00e1 inaugurado de manera oficial a finales del mes de junio, medio de comunicaci\u00f3n que cuenta con dos estudios modernos: uno ubicado en la plaza Chacarilla de la zona de Ciudad Sat\u00e9lite del Distrito 1 y un segundo estudio que se encuentra en los predios de la antena de la avenida Panor\u00e1mica.<\/p>\n<figure id=\"attachment_6437\" aria-describedby=\"caption-attachment-6437\" style=\"width: 300px\" class=\"wp-caption aligncenter\"><img loading=\"lazy\" decoding=\"async\" class=\"size-medium wp-image-6437\" src=\"https:\/\/www.eldiario.net\/portal\/wp-content\/uploads\/2021\/05\/2AL-7-300x200.jpg\" alt=\"\" width=\"300\" height=\"200\" \/><figcaption id=\"caption-attachment-6437\" class=\"wp-caption-text\">ARANDIA SE SIENTE COMPROMETIDO ANTE ESTE NUEVO RETO.<\/figcaption><\/figure>\n","protected":false},"excerpt":{"rendered":"<p>Se inicia un reto muy importante en la vida del conocido periodista John Arandia Hurtado, como Gerente General del canal de televisi\u00f3n en la ciudad de El Alto, F-10. Un profesional carism\u00e1tico, sencillo y con mucha visi\u00f3n en el rubro. En una entrevista con EL DIARIO, se logr\u00f3 conocer algunas de las facetas que tiene [&hellip;]<\/p>\n","protected":false},"author":1,"featured_media":6436,"comment_status":"closed","ping_status":"closed","sticky":false,"template":"","format":"standard","meta":{"_acf_changed":false,"footnotes":""},"categories":[12],"tags":[],"class_list":["post-6435","post","type-post","status-publish","format-standard","has-post-thumbnail","category-nacional"],"acf":{"antetitulo":""},"yoast_head":"<!-- This site is optimized with the Yoast SEO plugin v28.4 - https:\/\/yoast.com\/product\/yoast-seo-wordpress\/ -->\n<title>John Arandia ante nuevo reto como Gerente General de Canal F-10 - El Diario - Bolivia<\/title>\n<meta name=\"robots\" content=\"index, follow, max-snippet:-1, max-image-preview:large, max-video-preview:-1\" \/>\n<link rel=\"canonical\" href=\"https:\/\/www.eldiario.net\/portal\/2021\/05\/26\/john-arandia-ante-nuevo-reto-como-gerente-general-de-canal-f-10\/\" \/>\n<meta property=\"og:locale\" content=\"es_ES\" \/>\n<meta property=\"og:type\" content=\"article\" \/>\n<meta property=\"og:title\" content=\"John Arandia ante nuevo reto como Gerente General de Canal F-10 - El Diario - Bolivia\" \/>\n<meta property=\"og:description\" content=\"Se inicia un reto muy importante en la vida del conocido periodista John Arandia Hurtado, como Gerente General del canal de televisi\u00f3n en la ciudad de El Alto, F-10. Un profesional carism\u00e1tico, sencillo y con mucha visi\u00f3n en el rubro. En una entrevista con EL DIARIO, se logr\u00f3 conocer algunas de las facetas que tiene [&hellip;]\" \/>\n<meta property=\"og:url\" content=\"https:\/\/www.eldiario.net\/portal\/2021\/05\/26\/john-arandia-ante-nuevo-reto-como-gerente-general-de-canal-f-10\/\" \/>\n<meta property=\"og:site_name\" content=\"El Diario - Bolivia\" \/>\n<meta property=\"article:publisher\" content=\"https:\/\/www.facebook.com\/eldiario.bolivia\/\" \/>\n<meta property=\"article:published_time\" content=\"2021-05-26T10:39:42+00:00\" \/>\n<meta name=\"author\" content=\"Jeanette\" \/>\n<meta name=\"twitter:card\" content=\"summary_large_image\" \/>\n<meta name=\"twitter:creator\" content=\"@eldiario_net\" \/>\n<meta name=\"twitter:site\" content=\"@eldiario_net\" \/>\n<meta name=\"twitter:label1\" content=\"Escrito por\" \/>\n\t<meta name=\"twitter:data1\" content=\"Jeanette\" \/>\n\t<meta name=\"twitter:label2\" content=\"Tiempo de lectura\" \/>\n\t<meta name=\"twitter:data2\" content=\"4 minutos\" \/>\n<script type=\"application\/ld+json\" class=\"yoast-schema-graph\">{\"@context\":\"https:\\\/\\\/schema.org\",\"@graph\":[{\"@type\":\"Article\",\"@id\":\"https:\\\/\\\/www.eldiario.net\\\/portal\\\/2021\\\/05\\\/26\\\/john-arandia-ante-nuevo-reto-como-gerente-general-de-canal-f-10\\\/#article\",\"isPartOf\":{\"@id\":\"https:\\\/\\\/www.eldiario.net\\\/portal\\\/2021\\\/05\\\/26\\\/john-arandia-ante-nuevo-reto-como-gerente-general-de-canal-f-10\\\/\"},\"author\":{\"name\":\"Jeanette\",\"@id\":\"https:\\\/\\\/www.eldiario.net\\\/portal\\\/#\\\/schema\\\/person\\\/f46445640444750d7d753ccd04ae01b7\"},\"headline\":\"John Arandia ante nuevo reto como Gerente General de Canal F-10\",\"datePublished\":\"2021-05-26T10:39:42+00:00\",\"mainEntityOfPage\":{\"@id\":\"https:\\\/\\\/www.eldiario.net\\\/portal\\\/2021\\\/05\\\/26\\\/john-arandia-ante-nuevo-reto-como-gerente-general-de-canal-f-10\\\/\"},\"wordCount\":760,\"publisher\":{\"@id\":\"https:\\\/\\\/www.eldiario.net\\\/portal\\\/#organization\"},\"image\":{\"@id\":\"https:\\\/\\\/www.eldiario.net\\\/portal\\\/2021\\\/05\\\/26\\\/john-arandia-ante-nuevo-reto-como-gerente-general-de-canal-f-10\\\/#primaryimage\"},\"thumbnailUrl\":\"\",\"articleSection\":[\"Nacional\"],\"inLanguage\":\"es\"},{\"@type\":\"WebPage\",\"@id\":\"https:\\\/\\\/www.eldiario.net\\\/portal\\\/2021\\\/05\\\/26\\\/john-arandia-ante-nuevo-reto-como-gerente-general-de-canal-f-10\\\/\",\"url\":\"https:\\\/\\\/www.eldiario.net\\\/portal\\\/2021\\\/05\\\/26\\\/john-arandia-ante-nuevo-reto-como-gerente-general-de-canal-f-10\\\/\",\"name\":\"John Arandia ante nuevo reto como Gerente General de Canal F-10 - El Diario - Bolivia\",\"isPartOf\":{\"@id\":\"https:\\\/\\\/www.eldiario.net\\\/portal\\\/#website\"},\"primaryImageOfPage\":{\"@id\":\"https:\\\/\\\/www.eldiario.net\\\/portal\\\/2021\\\/05\\\/26\\\/john-arandia-ante-nuevo-reto-como-gerente-general-de-canal-f-10\\\/#primaryimage\"},\"image\":{\"@id\":\"https:\\\/\\\/www.eldiario.net\\\/portal\\\/2021\\\/05\\\/26\\\/john-arandia-ante-nuevo-reto-como-gerente-general-de-canal-f-10\\\/#primaryimage\"},\"thumbnailUrl\":\"\",\"datePublished\":\"2021-05-26T10:39:42+00:00\",\"breadcrumb\":{\"@id\":\"https:\\\/\\\/www.eldiario.net\\\/portal\\\/2021\\\/05\\\/26\\\/john-arandia-ante-nuevo-reto-como-gerente-general-de-canal-f-10\\\/#breadcrumb\"},\"inLanguage\":\"es\",\"potentialAction\":[{\"@type\":\"ReadAction\",\"target\":[\"https:\\\/\\\/www.eldiario.net\\\/portal\\\/2021\\\/05\\\/26\\\/john-arandia-ante-nuevo-reto-como-gerente-general-de-canal-f-10\\\/\"]}]},{\"@type\":\"ImageObject\",\"inLanguage\":\"es\",\"@id\":\"https:\\\/\\\/www.eldiario.net\\\/portal\\\/2021\\\/05\\\/26\\\/john-arandia-ante-nuevo-reto-como-gerente-general-de-canal-f-10\\\/#primaryimage\",\"url\":\"\",\"contentUrl\":\"\"},{\"@type\":\"BreadcrumbList\",\"@id\":\"https:\\\/\\\/www.eldiario.net\\\/portal\\\/2021\\\/05\\\/26\\\/john-arandia-ante-nuevo-reto-como-gerente-general-de-canal-f-10\\\/#breadcrumb\",\"itemListElement\":[{\"@type\":\"ListItem\",\"position\":1,\"name\":\"Portada\",\"item\":\"https:\\\/\\\/www.eldiario.net\\\/portal\\\/\"},{\"@type\":\"ListItem\",\"position\":2,\"name\":\"John Arandia ante nuevo reto como Gerente General de Canal F-10\"}]},{\"@type\":\"WebSite\",\"@id\":\"https:\\\/\\\/www.eldiario.net\\\/portal\\\/#website\",\"url\":\"https:\\\/\\\/www.eldiario.net\\\/portal\\\/\",\"name\":\"El Diario - Decano de la prensa nacional\",\"description\":\"El Diario - Decano de la prensa nacional\",\"publisher\":{\"@id\":\"https:\\\/\\\/www.eldiario.net\\\/portal\\\/#organization\"},\"potentialAction\":[{\"@type\":\"SearchAction\",\"target\":{\"@type\":\"EntryPoint\",\"urlTemplate\":\"https:\\\/\\\/www.eldiario.net\\\/portal\\\/?s={search_term_string}\"},\"query-input\":{\"@type\":\"PropertyValueSpecification\",\"valueRequired\":true,\"valueName\":\"search_term_string\"}}],\"inLanguage\":\"es\"},{\"@type\":\"Organization\",\"@id\":\"https:\\\/\\\/www.eldiario.net\\\/portal\\\/#organization\",\"name\":\"El Diario - Decano de la prensa nacional\",\"url\":\"https:\\\/\\\/www.eldiario.net\\\/portal\\\/\",\"logo\":{\"@type\":\"ImageObject\",\"inLanguage\":\"es\",\"@id\":\"https:\\\/\\\/www.eldiario.net\\\/portal\\\/#\\\/schema\\\/logo\\\/image\\\/\",\"url\":\"https:\\\/\\\/www.eldiario.net\\\/portal\\\/wp-content\\\/uploads\\\/2023\\\/07\\\/logo_ED.jpg\",\"contentUrl\":\"https:\\\/\\\/www.eldiario.net\\\/portal\\\/wp-content\\\/uploads\\\/2023\\\/07\\\/logo_ED.jpg\",\"width\":272,\"height\":52,\"caption\":\"El Diario - Decano de la prensa nacional\"},\"image\":{\"@id\":\"https:\\\/\\\/www.eldiario.net\\\/portal\\\/#\\\/schema\\\/logo\\\/image\\\/\"},\"sameAs\":[\"https:\\\/\\\/www.facebook.com\\\/eldiario.bolivia\\\/\",\"https:\\\/\\\/x.com\\\/eldiario_net\"]},{\"@type\":\"Person\",\"@id\":\"https:\\\/\\\/www.eldiario.net\\\/portal\\\/#\\\/schema\\\/person\\\/f46445640444750d7d753ccd04ae01b7\",\"name\":\"Jeanette\",\"image\":{\"@type\":\"ImageObject\",\"inLanguage\":\"es\",\"@id\":\"https:\\\/\\\/secure.gravatar.com\\\/avatar\\\/3ea2118a5f7dad2b7138b1187a6b7ee55f160b9968b66013c3a3ef39dd7e5798?s=96&d=mm&r=g\",\"url\":\"https:\\\/\\\/secure.gravatar.com\\\/avatar\\\/3ea2118a5f7dad2b7138b1187a6b7ee55f160b9968b66013c3a3ef39dd7e5798?s=96&d=mm&r=g\",\"contentUrl\":\"https:\\\/\\\/secure.gravatar.com\\\/avatar\\\/3ea2118a5f7dad2b7138b1187a6b7ee55f160b9968b66013c3a3ef39dd7e5798?s=96&d=mm&r=g\",\"caption\":\"Jeanette\"},\"sameAs\":[\"https:\\\/\\\/www.eldiario.net\\\/portal\"],\"url\":\"https:\\\/\\\/www.eldiario.net\\\/portal\\\/author\\\/jeanette\\\/\"}]}<\/script>\n<!-- \/ Yoast SEO plugin. -->","yoast_head_json":{"title":"John Arandia ante nuevo reto como Gerente General de Canal F-10 - El Diario - Bolivia","robots":{"index":"index","follow":"follow","max-snippet":"max-snippet:-1","max-image-preview":"max-image-preview:large","max-video-preview":"max-video-preview:-1"},"canonical":"https:\/\/www.eldiario.net\/portal\/2021\/05\/26\/john-arandia-ante-nuevo-reto-como-gerente-general-de-canal-f-10\/","og_locale":"es_ES","og_type":"article","og_title":"John Arandia ante nuevo reto como Gerente General de Canal F-10 - El Diario - Bolivia","og_description":"Se inicia un reto muy importante en la vida del conocido periodista John Arandia Hurtado, como Gerente General del canal de televisi\u00f3n en la ciudad de El Alto, F-10. Un profesional carism\u00e1tico, sencillo y con mucha visi\u00f3n en el rubro. En una entrevista con EL DIARIO, se logr\u00f3 conocer algunas de las facetas que tiene [&hellip;]","og_url":"https:\/\/www.eldiario.net\/portal\/2021\/05\/26\/john-arandia-ante-nuevo-reto-como-gerente-general-de-canal-f-10\/","og_site_name":"El Diario - Bolivia","article_publisher":"https:\/\/www.facebook.com\/eldiario.bolivia\/","article_published_time":"2021-05-26T10:39:42+00:00","author":"Jeanette","twitter_card":"summary_large_image","twitter_creator":"@eldiario_net","twitter_site":"@eldiario_net","twitter_misc":{"Escrito por":"Jeanette","Tiempo de lectura":"4 minutos"},"schema":{"@context":"https:\/\/schema.org","@graph":[{"@type":"Article","@id":"https:\/\/www.eldiario.net\/portal\/2021\/05\/26\/john-arandia-ante-nuevo-reto-como-gerente-general-de-canal-f-10\/#article","isPartOf":{"@id":"https:\/\/www.eldiario.net\/portal\/2021\/05\/26\/john-arandia-ante-nuevo-reto-como-gerente-general-de-canal-f-10\/"},"author":{"name":"Jeanette","@id":"https:\/\/www.eldiario.net\/portal\/#\/schema\/person\/f46445640444750d7d753ccd04ae01b7"},"headline":"John Arandia ante nuevo reto como Gerente General de Canal F-10","datePublished":"2021-05-26T10:39:42+00:00","mainEntityOfPage":{"@id":"https:\/\/www.eldiario.net\/portal\/2021\/05\/26\/john-arandia-ante-nuevo-reto-como-gerente-general-de-canal-f-10\/"},"wordCount":760,"publisher":{"@id":"https:\/\/www.eldiario.net\/portal\/#organization"},"image":{"@id":"https:\/\/www.eldiario.net\/portal\/2021\/05\/26\/john-arandia-ante-nuevo-reto-como-gerente-general-de-canal-f-10\/#primaryimage"},"thumbnailUrl":"","articleSection":["Nacional"],"inLanguage":"es"},{"@type":"WebPage","@id":"https:\/\/www.eldiario.net\/portal\/2021\/05\/26\/john-arandia-ante-nuevo-reto-como-gerente-general-de-canal-f-10\/","url":"https:\/\/www.eldiario.net\/portal\/2021\/05\/26\/john-arandia-ante-nuevo-reto-como-gerente-general-de-canal-f-10\/","name":"John Arandia ante nuevo reto como Gerente General de Canal F-10 - El Diario - Bolivia","isPartOf":{"@id":"https:\/\/www.eldiario.net\/portal\/#website"},"primaryImageOfPage":{"@id":"https:\/\/www.eldiario.net\/portal\/2021\/05\/26\/john-arandia-ante-nuevo-reto-como-gerente-general-de-canal-f-10\/#primaryimage"},"image":{"@id":"https:\/\/www.eldiario.net\/portal\/2021\/05\/26\/john-arandia-ante-nuevo-reto-como-gerente-general-de-canal-f-10\/#primaryimage"},"thumbnailUrl":"","datePublished":"2021-05-26T10:39:42+00:00","breadcrumb":{"@id":"https:\/\/www.eldiario.net\/portal\/2021\/05\/26\/john-arandia-ante-nuevo-reto-como-gerente-general-de-canal-f-10\/#breadcrumb"},"inLanguage":"es","potentialAction":[{"@type":"ReadAction","target":["https:\/\/www.eldiario.net\/portal\/2021\/05\/26\/john-arandia-ante-nuevo-reto-como-gerente-general-de-canal-f-10\/"]}]},{"@type":"ImageObject","inLanguage":"es","@id":"https:\/\/www.eldiario.net\/portal\/2021\/05\/26\/john-arandia-ante-nuevo-reto-como-gerente-general-de-canal-f-10\/#primaryimage","url":"","contentUrl":""},{"@type":"BreadcrumbList","@id":"https:\/\/www.eldiario.net\/portal\/2021\/05\/26\/john-arandia-ante-nuevo-reto-como-gerente-general-de-canal-f-10\/#breadcrumb","itemListElement":[{"@type":"ListItem","position":1,"name":"Portada","item":"https:\/\/www.eldiario.net\/portal\/"},{"@type":"ListItem","position":2,"name":"John Arandia ante nuevo reto como Gerente General de Canal F-10"}]},{"@type":"WebSite","@id":"https:\/\/www.eldiario.net\/portal\/#website","url":"https:\/\/www.eldiario.net\/portal\/","name":"El Diario - Decano de la prensa nacional","description":"El Diario - Decano de la prensa nacional","publisher":{"@id":"https:\/\/www.eldiario.net\/portal\/#organization"},"potentialAction":[{"@type":"SearchAction","target":{"@type":"EntryPoint","urlTemplate":"https:\/\/www.eldiario.net\/portal\/?s={search_term_string}"},"query-input":{"@type":"PropertyValueSpecification","valueRequired":true,"valueName":"search_term_string"}}],"inLanguage":"es"},{"@type":"Organization","@id":"https:\/\/www.eldiario.net\/portal\/#organization","name":"El Diario - Decano de la prensa nacional","url":"https:\/\/www.eldiario.net\/portal\/","logo":{"@type":"ImageObject","inLanguage":"es","@id":"https:\/\/www.eldiario.net\/portal\/#\/schema\/logo\/image\/","url":"https:\/\/www.eldiario.net\/portal\/wp-content\/uploads\/2023\/07\/logo_ED.jpg","contentUrl":"https:\/\/www.eldiario.net\/portal\/wp-content\/uploads\/2023\/07\/logo_ED.jpg","width":272,"height":52,"caption":"El Diario - Decano de la prensa nacional"},"image":{"@id":"https:\/\/www.eldiario.net\/portal\/#\/schema\/logo\/image\/"},"sameAs":["https:\/\/www.facebook.com\/eldiario.bolivia\/","https:\/\/x.com\/eldiario_net"]},{"@type":"Person","@id":"https:\/\/www.eldiario.net\/portal\/#\/schema\/person\/f46445640444750d7d753ccd04ae01b7","name":"Jeanette","image":{"@type":"ImageObject","inLanguage":"es","@id":"https:\/\/secure.gravatar.com\/avatar\/3ea2118a5f7dad2b7138b1187a6b7ee55f160b9968b66013c3a3ef39dd7e5798?s=96&d=mm&r=g","url":"https:\/\/secure.gravatar.com\/avatar\/3ea2118a5f7dad2b7138b1187a6b7ee55f160b9968b66013c3a3ef39dd7e5798?s=96&d=mm&r=g","contentUrl":"https:\/\/secure.gravatar.com\/avatar\/3ea2118a5f7dad2b7138b1187a6b7ee55f160b9968b66013c3a3ef39dd7e5798?s=96&d=mm&r=g","caption":"Jeanette"},"sameAs":["https:\/\/www.eldiario.net\/portal"],"url":"https:\/\/www.eldiario.net\/portal\/author\/jeanette\/"}]}},"_links":{"self":[{"href":"https:\/\/www.eldiario.net\/portal\/wp-json\/wp\/v2\/posts\/6435","targetHints":{"allow":["GET"]}}],"collection":[{"href":"https:\/\/www.eldiario.net\/portal\/wp-json\/wp\/v2\/posts"}],"about":[{"href":"https:\/\/www.eldiario.net\/portal\/wp-json\/wp\/v2\/types\/post"}],"author":[{"embeddable":true,"href":"https:\/\/www.eldiario.net\/portal\/wp-json\/wp\/v2\/users\/1"}],"replies":[{"embeddable":true,"href":"https:\/\/www.eldiario.net\/portal\/wp-json\/wp\/v2\/comments?post=6435"}],"version-history":[{"count":0,"href":"https:\/\/www.eldiario.net\/portal\/wp-json\/wp\/v2\/posts\/6435\/revisions"}],"wp:attachment":[{"href":"https:\/\/www.eldiario.net\/portal\/wp-json\/wp\/v2\/media?parent=6435"}],"wp:term":[{"taxonomy":"category","embeddable":true,"href":"https:\/\/www.eldiario.net\/portal\/wp-json\/wp\/v2\/categories?post=6435"},{"taxonomy":"post_tag","embeddable":true,"href":"https:\/\/www.eldiario.net\/portal\/wp-json\/wp\/v2\/tags?post=6435"}],"curies":[{"name":"wp","href":"https:\/\/api.w.org\/{rel}","templated":true}]}}