{"id":6432,"date":"2021-05-26T06:37:25","date_gmt":"2021-05-26T10:37:25","guid":{"rendered":"https:\/\/www.eldiario.net\/portal\/?p=6432"},"modified":"2021-05-26T06:37:25","modified_gmt":"2021-05-26T10:37:25","slug":"mas-de-mil-fardos-de-ropa-usada-fueron-decomisados","status":"publish","type":"post","link":"https:\/\/www.eldiario.net\/portal\/2021\/05\/26\/mas-de-mil-fardos-de-ropa-usada-fueron-decomisados\/","title":{"rendered":"M\u00e1s de mil fardos de ropa  usada fueron decomisados"},"content":{"rendered":"<p>La Aduana Nacional, decomis\u00f3 m\u00e1s de 1.500 fardos de ropa usada equivalente a 71 toneladas, operativo realizado en la calle Arturo Valle, de la zona 16 de Julio de la ciudad de El Alto, donde dos fiscales fueron retenidos por los comerciantes.<br \/>\nEl operativo que se realiz\u00f3 ayer por la ma\u00f1ana tuvo la participaci\u00f3n de efectivos militares y policiales, la intervenci\u00f3n fue hecha luego de un seguimiento a todas las personas que tuvieron que ver con este contrabando de ropa usada.<br \/>\nLa directora de la Aduana Nacional, Karina Serrudo, se\u00f1al\u00f3 que el operativo fue un \u00e9xito gracias al seguimiento que se efectu\u00f3 durante varios d\u00edas a estos negocios que internaban ropa usada de forma ilegal, en grandes cantidades, donde todo el decomiso tuvo que ser trasladado en nueve camiones hasta las instalaciones de la Aduana Nacional de la ciudad de El Alto.<br \/>\n\u201cEl presente operativo de la ciudad de El Alto, es parte de los otros 75 que se han realizado en todo el pa\u00eds, donde en el caso de la urbe alte\u00f1a, se ha intervenido en 17 dep\u00f3sitos, lo que significa que estas personas se dedicaban a este il\u00edcito desde hace mucho tiempo atr\u00e1s importando de contrabando esta ropa usada\u201d, explic\u00f3 Serrudo.<br \/>\nEn el momento de la intervenci\u00f3n policial y militar para el decomiso de los m\u00e1s de 71 toneladas de ropa usada, se trat\u00f3 de impedir el decomiso, por parte de los propietarios, quienes quemaron llantas y grupos de personas que con mucha violencia trataron de desalojar a los polic\u00edas y militares, quienes tuvieron que utilizar agentes qu\u00edmicos para dispersar al grupo de los comerciantes.<br \/>\nProducto de este incidente y en el intento de lograr incautar toda la mercader\u00eda de los m\u00e1s de 17 dep\u00f3sitos, el grupo de violentos comerciantes, propietarios de esta mercader\u00eda de contrabando, retuvieron durante varias horas a dos fiscales, quienes luego de las negociaciones fueron liberados.<br \/>\nSobre el tema, la directora de la Aduana Nacional, Karina Serrudo, adelant\u00f3 que se tiene identificadas a las personas que promovieron esta actitud, que tiene sanci\u00f3n penal, el privar de libertad a una persona en esas condiciones.<br \/>\nPor su parte, el grupo de comerciantes tambi\u00e9n anunciaron que denunciar\u00e1n ante las autoridades del caso toda esta violencia con la que actuaron los efectivos militares y policiales, quienes utilizaron gases lacrim\u00f3genos en contra de mujeres sin importar que muchas estaban junto a sus hijos en muchos casos.<\/p>\n","protected":false},"excerpt":{"rendered":"<p>La Aduana Nacional, decomis\u00f3 m\u00e1s de 1.500 fardos de ropa usada equivalente a 71 toneladas, operativo realizado en la calle Arturo Valle, de la zona 16 de Julio de la ciudad de El Alto, donde dos fiscales fueron retenidos por los comerciantes. El operativo que se realiz\u00f3 ayer por la ma\u00f1ana tuvo la participaci\u00f3n de [&hellip;]<\/p>\n","protected":false},"author":1,"featured_media":6433,"comment_status":"closed","ping_status":"closed","sticky":false,"template":"","format":"standard","meta":{"_acf_changed":false,"footnotes":""},"categories":[12],"tags":[],"class_list":["post-6432","post","type-post","status-publish","format-standard","has-post-thumbnail","category-nacional"],"acf":{"antetitulo":""},"yoast_head":"<!-- This site is optimized with the Yoast SEO plugin v28.3 - https:\/\/yoast.com\/product\/yoast-seo-wordpress\/ -->\n<title>M\u00e1s de mil fardos de ropa usada fueron decomisados - El Diario - Bolivia<\/title>\n<meta name=\"robots\" content=\"index, follow, max-snippet:-1, max-image-preview:large, max-video-preview:-1\" \/>\n<link rel=\"canonical\" href=\"https:\/\/www.eldiario.net\/portal\/2021\/05\/26\/mas-de-mil-fardos-de-ropa-usada-fueron-decomisados\/\" \/>\n<meta property=\"og:locale\" content=\"es_ES\" \/>\n<meta property=\"og:type\" content=\"article\" \/>\n<meta property=\"og:title\" content=\"M\u00e1s de mil fardos de ropa usada fueron decomisados - El Diario - Bolivia\" \/>\n<meta property=\"og:description\" content=\"La Aduana Nacional, decomis\u00f3 m\u00e1s de 1.500 fardos de ropa usada equivalente a 71 toneladas, operativo realizado en la calle Arturo Valle, de la zona 16 de Julio de la ciudad de El Alto, donde dos fiscales fueron retenidos por los comerciantes. El operativo que se realiz\u00f3 ayer por la ma\u00f1ana tuvo la participaci\u00f3n de [&hellip;]\" \/>\n<meta property=\"og:url\" content=\"https:\/\/www.eldiario.net\/portal\/2021\/05\/26\/mas-de-mil-fardos-de-ropa-usada-fueron-decomisados\/\" \/>\n<meta property=\"og:site_name\" content=\"El Diario - Bolivia\" \/>\n<meta property=\"article:publisher\" content=\"https:\/\/www.facebook.com\/eldiario.bolivia\/\" \/>\n<meta property=\"article:published_time\" content=\"2021-05-26T10:37:25+00:00\" \/>\n<meta name=\"author\" content=\"Jeanette\" \/>\n<meta name=\"twitter:card\" content=\"summary_large_image\" \/>\n<meta name=\"twitter:creator\" content=\"@eldiario_net\" \/>\n<meta name=\"twitter:site\" content=\"@eldiario_net\" \/>\n<meta name=\"twitter:label1\" content=\"Escrito por\" \/>\n\t<meta name=\"twitter:data1\" content=\"Jeanette\" \/>\n\t<meta name=\"twitter:label2\" content=\"Tiempo de lectura\" \/>\n\t<meta name=\"twitter:data2\" content=\"2 minutos\" \/>\n<script type=\"application\/ld+json\" class=\"yoast-schema-graph\">{\"@context\":\"https:\\\/\\\/schema.org\",\"@graph\":[{\"@type\":\"Article\",\"@id\":\"https:\\\/\\\/www.eldiario.net\\\/portal\\\/2021\\\/05\\\/26\\\/mas-de-mil-fardos-de-ropa-usada-fueron-decomisados\\\/#article\",\"isPartOf\":{\"@id\":\"https:\\\/\\\/www.eldiario.net\\\/portal\\\/2021\\\/05\\\/26\\\/mas-de-mil-fardos-de-ropa-usada-fueron-decomisados\\\/\"},\"author\":{\"name\":\"Jeanette\",\"@id\":\"https:\\\/\\\/www.eldiario.net\\\/portal\\\/#\\\/schema\\\/person\\\/f46445640444750d7d753ccd04ae01b7\"},\"headline\":\"M\u00e1s de mil fardos de ropa usada fueron decomisados\",\"datePublished\":\"2021-05-26T10:37:25+00:00\",\"mainEntityOfPage\":{\"@id\":\"https:\\\/\\\/www.eldiario.net\\\/portal\\\/2021\\\/05\\\/26\\\/mas-de-mil-fardos-de-ropa-usada-fueron-decomisados\\\/\"},\"wordCount\":423,\"publisher\":{\"@id\":\"https:\\\/\\\/www.eldiario.net\\\/portal\\\/#organization\"},\"image\":{\"@id\":\"https:\\\/\\\/www.eldiario.net\\\/portal\\\/2021\\\/05\\\/26\\\/mas-de-mil-fardos-de-ropa-usada-fueron-decomisados\\\/#primaryimage\"},\"thumbnailUrl\":\"\",\"articleSection\":[\"Nacional\"],\"inLanguage\":\"es\"},{\"@type\":\"WebPage\",\"@id\":\"https:\\\/\\\/www.eldiario.net\\\/portal\\\/2021\\\/05\\\/26\\\/mas-de-mil-fardos-de-ropa-usada-fueron-decomisados\\\/\",\"url\":\"https:\\\/\\\/www.eldiario.net\\\/portal\\\/2021\\\/05\\\/26\\\/mas-de-mil-fardos-de-ropa-usada-fueron-decomisados\\\/\",\"name\":\"M\u00e1s de mil fardos de ropa usada fueron decomisados - El Diario - Bolivia\",\"isPartOf\":{\"@id\":\"https:\\\/\\\/www.eldiario.net\\\/portal\\\/#website\"},\"primaryImageOfPage\":{\"@id\":\"https:\\\/\\\/www.eldiario.net\\\/portal\\\/2021\\\/05\\\/26\\\/mas-de-mil-fardos-de-ropa-usada-fueron-decomisados\\\/#primaryimage\"},\"image\":{\"@id\":\"https:\\\/\\\/www.eldiario.net\\\/portal\\\/2021\\\/05\\\/26\\\/mas-de-mil-fardos-de-ropa-usada-fueron-decomisados\\\/#primaryimage\"},\"thumbnailUrl\":\"\",\"datePublished\":\"2021-05-26T10:37:25+00:00\",\"breadcrumb\":{\"@id\":\"https:\\\/\\\/www.eldiario.net\\\/portal\\\/2021\\\/05\\\/26\\\/mas-de-mil-fardos-de-ropa-usada-fueron-decomisados\\\/#breadcrumb\"},\"inLanguage\":\"es\",\"potentialAction\":[{\"@type\":\"ReadAction\",\"target\":[\"https:\\\/\\\/www.eldiario.net\\\/portal\\\/2021\\\/05\\\/26\\\/mas-de-mil-fardos-de-ropa-usada-fueron-decomisados\\\/\"]}]},{\"@type\":\"ImageObject\",\"inLanguage\":\"es\",\"@id\":\"https:\\\/\\\/www.eldiario.net\\\/portal\\\/2021\\\/05\\\/26\\\/mas-de-mil-fardos-de-ropa-usada-fueron-decomisados\\\/#primaryimage\",\"url\":\"\",\"contentUrl\":\"\"},{\"@type\":\"BreadcrumbList\",\"@id\":\"https:\\\/\\\/www.eldiario.net\\\/portal\\\/2021\\\/05\\\/26\\\/mas-de-mil-fardos-de-ropa-usada-fueron-decomisados\\\/#breadcrumb\",\"itemListElement\":[{\"@type\":\"ListItem\",\"position\":1,\"name\":\"Portada\",\"item\":\"https:\\\/\\\/www.eldiario.net\\\/portal\\\/\"},{\"@type\":\"ListItem\",\"position\":2,\"name\":\"M\u00e1s de mil fardos de ropa usada fueron decomisados\"}]},{\"@type\":\"WebSite\",\"@id\":\"https:\\\/\\\/www.eldiario.net\\\/portal\\\/#website\",\"url\":\"https:\\\/\\\/www.eldiario.net\\\/portal\\\/\",\"name\":\"El Diario - Decano de la prensa nacional\",\"description\":\"El Diario - Decano de la prensa nacional\",\"publisher\":{\"@id\":\"https:\\\/\\\/www.eldiario.net\\\/portal\\\/#organization\"},\"potentialAction\":[{\"@type\":\"SearchAction\",\"target\":{\"@type\":\"EntryPoint\",\"urlTemplate\":\"https:\\\/\\\/www.eldiario.net\\\/portal\\\/?s={search_term_string}\"},\"query-input\":{\"@type\":\"PropertyValueSpecification\",\"valueRequired\":true,\"valueName\":\"search_term_string\"}}],\"inLanguage\":\"es\"},{\"@type\":\"Organization\",\"@id\":\"https:\\\/\\\/www.eldiario.net\\\/portal\\\/#organization\",\"name\":\"El Diario - Decano de la prensa nacional\",\"url\":\"https:\\\/\\\/www.eldiario.net\\\/portal\\\/\",\"logo\":{\"@type\":\"ImageObject\",\"inLanguage\":\"es\",\"@id\":\"https:\\\/\\\/www.eldiario.net\\\/portal\\\/#\\\/schema\\\/logo\\\/image\\\/\",\"url\":\"https:\\\/\\\/www.eldiario.net\\\/portal\\\/wp-content\\\/uploads\\\/2023\\\/07\\\/logo_ED.jpg\",\"contentUrl\":\"https:\\\/\\\/www.eldiario.net\\\/portal\\\/wp-content\\\/uploads\\\/2023\\\/07\\\/logo_ED.jpg\",\"width\":272,\"height\":52,\"caption\":\"El Diario - Decano de la prensa nacional\"},\"image\":{\"@id\":\"https:\\\/\\\/www.eldiario.net\\\/portal\\\/#\\\/schema\\\/logo\\\/image\\\/\"},\"sameAs\":[\"https:\\\/\\\/www.facebook.com\\\/eldiario.bolivia\\\/\",\"https:\\\/\\\/x.com\\\/eldiario_net\"]},{\"@type\":\"Person\",\"@id\":\"https:\\\/\\\/www.eldiario.net\\\/portal\\\/#\\\/schema\\\/person\\\/f46445640444750d7d753ccd04ae01b7\",\"name\":\"Jeanette\",\"image\":{\"@type\":\"ImageObject\",\"inLanguage\":\"es\",\"@id\":\"https:\\\/\\\/secure.gravatar.com\\\/avatar\\\/3ea2118a5f7dad2b7138b1187a6b7ee55f160b9968b66013c3a3ef39dd7e5798?s=96&d=mm&r=g\",\"url\":\"https:\\\/\\\/secure.gravatar.com\\\/avatar\\\/3ea2118a5f7dad2b7138b1187a6b7ee55f160b9968b66013c3a3ef39dd7e5798?s=96&d=mm&r=g\",\"contentUrl\":\"https:\\\/\\\/secure.gravatar.com\\\/avatar\\\/3ea2118a5f7dad2b7138b1187a6b7ee55f160b9968b66013c3a3ef39dd7e5798?s=96&d=mm&r=g\",\"caption\":\"Jeanette\"},\"sameAs\":[\"https:\\\/\\\/www.eldiario.net\\\/portal\"],\"url\":\"https:\\\/\\\/www.eldiario.net\\\/portal\\\/author\\\/jeanette\\\/\"}]}<\/script>\n<!-- \/ Yoast SEO plugin. -->","yoast_head_json":{"title":"M\u00e1s de mil fardos de ropa usada fueron decomisados - El Diario - Bolivia","robots":{"index":"index","follow":"follow","max-snippet":"max-snippet:-1","max-image-preview":"max-image-preview:large","max-video-preview":"max-video-preview:-1"},"canonical":"https:\/\/www.eldiario.net\/portal\/2021\/05\/26\/mas-de-mil-fardos-de-ropa-usada-fueron-decomisados\/","og_locale":"es_ES","og_type":"article","og_title":"M\u00e1s de mil fardos de ropa usada fueron decomisados - El Diario - Bolivia","og_description":"La Aduana Nacional, decomis\u00f3 m\u00e1s de 1.500 fardos de ropa usada equivalente a 71 toneladas, operativo realizado en la calle Arturo Valle, de la zona 16 de Julio de la ciudad de El Alto, donde dos fiscales fueron retenidos por los comerciantes. El operativo que se realiz\u00f3 ayer por la ma\u00f1ana tuvo la participaci\u00f3n de [&hellip;]","og_url":"https:\/\/www.eldiario.net\/portal\/2021\/05\/26\/mas-de-mil-fardos-de-ropa-usada-fueron-decomisados\/","og_site_name":"El Diario - Bolivia","article_publisher":"https:\/\/www.facebook.com\/eldiario.bolivia\/","article_published_time":"2021-05-26T10:37:25+00:00","author":"Jeanette","twitter_card":"summary_large_image","twitter_creator":"@eldiario_net","twitter_site":"@eldiario_net","twitter_misc":{"Escrito por":"Jeanette","Tiempo de lectura":"2 minutos"},"schema":{"@context":"https:\/\/schema.org","@graph":[{"@type":"Article","@id":"https:\/\/www.eldiario.net\/portal\/2021\/05\/26\/mas-de-mil-fardos-de-ropa-usada-fueron-decomisados\/#article","isPartOf":{"@id":"https:\/\/www.eldiario.net\/portal\/2021\/05\/26\/mas-de-mil-fardos-de-ropa-usada-fueron-decomisados\/"},"author":{"name":"Jeanette","@id":"https:\/\/www.eldiario.net\/portal\/#\/schema\/person\/f46445640444750d7d753ccd04ae01b7"},"headline":"M\u00e1s de mil fardos de ropa usada fueron decomisados","datePublished":"2021-05-26T10:37:25+00:00","mainEntityOfPage":{"@id":"https:\/\/www.eldiario.net\/portal\/2021\/05\/26\/mas-de-mil-fardos-de-ropa-usada-fueron-decomisados\/"},"wordCount":423,"publisher":{"@id":"https:\/\/www.eldiario.net\/portal\/#organization"},"image":{"@id":"https:\/\/www.eldiario.net\/portal\/2021\/05\/26\/mas-de-mil-fardos-de-ropa-usada-fueron-decomisados\/#primaryimage"},"thumbnailUrl":"","articleSection":["Nacional"],"inLanguage":"es"},{"@type":"WebPage","@id":"https:\/\/www.eldiario.net\/portal\/2021\/05\/26\/mas-de-mil-fardos-de-ropa-usada-fueron-decomisados\/","url":"https:\/\/www.eldiario.net\/portal\/2021\/05\/26\/mas-de-mil-fardos-de-ropa-usada-fueron-decomisados\/","name":"M\u00e1s de mil fardos de ropa usada fueron decomisados - El Diario - Bolivia","isPartOf":{"@id":"https:\/\/www.eldiario.net\/portal\/#website"},"primaryImageOfPage":{"@id":"https:\/\/www.eldiario.net\/portal\/2021\/05\/26\/mas-de-mil-fardos-de-ropa-usada-fueron-decomisados\/#primaryimage"},"image":{"@id":"https:\/\/www.eldiario.net\/portal\/2021\/05\/26\/mas-de-mil-fardos-de-ropa-usada-fueron-decomisados\/#primaryimage"},"thumbnailUrl":"","datePublished":"2021-05-26T10:37:25+00:00","breadcrumb":{"@id":"https:\/\/www.eldiario.net\/portal\/2021\/05\/26\/mas-de-mil-fardos-de-ropa-usada-fueron-decomisados\/#breadcrumb"},"inLanguage":"es","potentialAction":[{"@type":"ReadAction","target":["https:\/\/www.eldiario.net\/portal\/2021\/05\/26\/mas-de-mil-fardos-de-ropa-usada-fueron-decomisados\/"]}]},{"@type":"ImageObject","inLanguage":"es","@id":"https:\/\/www.eldiario.net\/portal\/2021\/05\/26\/mas-de-mil-fardos-de-ropa-usada-fueron-decomisados\/#primaryimage","url":"","contentUrl":""},{"@type":"BreadcrumbList","@id":"https:\/\/www.eldiario.net\/portal\/2021\/05\/26\/mas-de-mil-fardos-de-ropa-usada-fueron-decomisados\/#breadcrumb","itemListElement":[{"@type":"ListItem","position":1,"name":"Portada","item":"https:\/\/www.eldiario.net\/portal\/"},{"@type":"ListItem","position":2,"name":"M\u00e1s de mil fardos de ropa usada fueron decomisados"}]},{"@type":"WebSite","@id":"https:\/\/www.eldiario.net\/portal\/#website","url":"https:\/\/www.eldiario.net\/portal\/","name":"El Diario - Decano de la prensa nacional","description":"El Diario - Decano de la prensa nacional","publisher":{"@id":"https:\/\/www.eldiario.net\/portal\/#organization"},"potentialAction":[{"@type":"SearchAction","target":{"@type":"EntryPoint","urlTemplate":"https:\/\/www.eldiario.net\/portal\/?s={search_term_string}"},"query-input":{"@type":"PropertyValueSpecification","valueRequired":true,"valueName":"search_term_string"}}],"inLanguage":"es"},{"@type":"Organization","@id":"https:\/\/www.eldiario.net\/portal\/#organization","name":"El Diario - Decano de la prensa nacional","url":"https:\/\/www.eldiario.net\/portal\/","logo":{"@type":"ImageObject","inLanguage":"es","@id":"https:\/\/www.eldiario.net\/portal\/#\/schema\/logo\/image\/","url":"https:\/\/www.eldiario.net\/portal\/wp-content\/uploads\/2023\/07\/logo_ED.jpg","contentUrl":"https:\/\/www.eldiario.net\/portal\/wp-content\/uploads\/2023\/07\/logo_ED.jpg","width":272,"height":52,"caption":"El Diario - Decano de la prensa nacional"},"image":{"@id":"https:\/\/www.eldiario.net\/portal\/#\/schema\/logo\/image\/"},"sameAs":["https:\/\/www.facebook.com\/eldiario.bolivia\/","https:\/\/x.com\/eldiario_net"]},{"@type":"Person","@id":"https:\/\/www.eldiario.net\/portal\/#\/schema\/person\/f46445640444750d7d753ccd04ae01b7","name":"Jeanette","image":{"@type":"ImageObject","inLanguage":"es","@id":"https:\/\/secure.gravatar.com\/avatar\/3ea2118a5f7dad2b7138b1187a6b7ee55f160b9968b66013c3a3ef39dd7e5798?s=96&d=mm&r=g","url":"https:\/\/secure.gravatar.com\/avatar\/3ea2118a5f7dad2b7138b1187a6b7ee55f160b9968b66013c3a3ef39dd7e5798?s=96&d=mm&r=g","contentUrl":"https:\/\/secure.gravatar.com\/avatar\/3ea2118a5f7dad2b7138b1187a6b7ee55f160b9968b66013c3a3ef39dd7e5798?s=96&d=mm&r=g","caption":"Jeanette"},"sameAs":["https:\/\/www.eldiario.net\/portal"],"url":"https:\/\/www.eldiario.net\/portal\/author\/jeanette\/"}]}},"_links":{"self":[{"href":"https:\/\/www.eldiario.net\/portal\/wp-json\/wp\/v2\/posts\/6432","targetHints":{"allow":["GET"]}}],"collection":[{"href":"https:\/\/www.eldiario.net\/portal\/wp-json\/wp\/v2\/posts"}],"about":[{"href":"https:\/\/www.eldiario.net\/portal\/wp-json\/wp\/v2\/types\/post"}],"author":[{"embeddable":true,"href":"https:\/\/www.eldiario.net\/portal\/wp-json\/wp\/v2\/users\/1"}],"replies":[{"embeddable":true,"href":"https:\/\/www.eldiario.net\/portal\/wp-json\/wp\/v2\/comments?post=6432"}],"version-history":[{"count":0,"href":"https:\/\/www.eldiario.net\/portal\/wp-json\/wp\/v2\/posts\/6432\/revisions"}],"wp:attachment":[{"href":"https:\/\/www.eldiario.net\/portal\/wp-json\/wp\/v2\/media?parent=6432"}],"wp:term":[{"taxonomy":"category","embeddable":true,"href":"https:\/\/www.eldiario.net\/portal\/wp-json\/wp\/v2\/categories?post=6432"},{"taxonomy":"post_tag","embeddable":true,"href":"https:\/\/www.eldiario.net\/portal\/wp-json\/wp\/v2\/tags?post=6432"}],"curies":[{"name":"wp","href":"https:\/\/api.w.org\/{rel}","templated":true}]}}