{"id":6429,"date":"2021-05-26T06:35:22","date_gmt":"2021-05-26T10:35:22","guid":{"rendered":"https:\/\/www.eldiario.net\/portal\/?p=6429"},"modified":"2021-05-26T06:35:22","modified_gmt":"2021-05-26T10:35:22","slug":"colaborador-de-exministro-murillo-es-detenido-por-sospecha-de-sobornos","status":"publish","type":"post","link":"https:\/\/www.eldiario.net\/portal\/2021\/05\/26\/colaborador-de-exministro-murillo-es-detenido-por-sospecha-de-sobornos\/","title":{"rendered":"Colaborador de exministro Murillo  es detenido por sospecha de sobornos"},"content":{"rendered":"<p>Un informe del Bur\u00f3 Federal de Investigaciones (FBI, por su sigla en ingl\u00e9s) de Estados Unidos se\u00f1ala que Rodrigo M\u00e9ndez Mendiz\u00e1bal, exjefe de Gabinete del exministro de Gobierno Arturo Murillo (2019-2020), fue arrestado por percibir sobornos de al menos 582.000 d\u00f3lares para la compra de material no letal.<br \/>\nSeg\u00fan reporte de la agencia AP, Sergio Rodrigo M\u00e9ndez fue arrestado el 21 de mayo en Naples, Florida, y acusado de \u201cconspiraci\u00f3n para cometer lavado de dinero\u201d. Tambi\u00e9n fueron detenidos tres presuntos c\u00f3mplices, todos ellos con doble nacionalidad boliviano-estadounidense, entre ellos el propietario de un proveedor de material policial y militar con sede en Florida y su padre, que seg\u00fan la prensa fue acusado hace dos d\u00e9cadas en Bolivia por contrabando de armas, seg\u00fan reporte de AP.<br \/>\nEn enero de 2021, el exfiscal departamental de La Paz, Marco Coss\u00edo, inform\u00f3 que los exministros Arturo Murillo y Luis Fernando L\u00f3pez fueron imputados formalmente en el caso de presunto sobreprecio en la compra de gases lacrim\u00f3genos.<br \/>\n\u201cLa comisi\u00f3n de fiscales ha informado que ha emitido la correspondiente imputaci\u00f3n formal contra los dos exministros. Estamos solicitando la detenci\u00f3n preventiva en el penal de San Pedro por seis meses, por cuanto tenemos suficientes elementos indiciarios que pueden demostrar la autor\u00eda de estas personas\u201d, inform\u00f3 en esa oportunidad Coss\u00edo.<br \/>\nPrecis\u00f3 que ambas exautoridades fueron imputadas por los delitos de incumplimiento de deberes, resoluciones contrarias a la Constituci\u00f3n Pol\u00edtica del Estado y uso indebido de influencias.<\/p>\n<p>DECLARACI\u00d3N JURADA<br \/>\nDe acuerdo a la declaraci\u00f3n jurada del caso 21-mj-6320-AOV, firmada por Jonathan Eades, agente especial con Investigaciones de Seguridad Nacional (\u201cHSI\u201d), Luis Berkman, Bryan Samuel Berkman, Philip Lichtenfeld y Sergio Rodrigo M\u00e9ndez Mendiz\u00e1bal son acusados por delitos financieros bajo la Ley de Control de Lavado de Dinero y la Ley de Secreto Bancario y delitos relacionados.<br \/>\n\u201cEl 16 de noviembre de 2019 o alrededor de esa fecha, Bryan Samuel Berkman envi\u00f3 un mensaje de texto de WhatsApp a Sergio Rodrigo M\u00e9ndez Mendiz\u00e1bal solicitando una carta del gobierno boliviano afirmando que a un competidor de la Compa\u00f1\u00eda Intermediaria (el \u2018Competidor\u2019) se le hab\u00eda \u2018prohibido\u2019 vender el gas lacrim\u00f3geno de la Compa\u00f1\u00eda Brasil al gobierno boliviano: \u2018T\u00edo, este tipo [Competidor] le est\u00e1 diciendo a la gente [Compa\u00f1\u00eda Brasil] que a\u00fan tiene una entrada con el gobierno para poder vender los gases. La \u00fanica forma de asegurar el apoyo para [Compa\u00f1\u00eda de Brasil] es enviar una carta a [Competidor] indicando que ha sido prohibida y que me env\u00eden una copia para que pueda confirmarla con [Compa\u00f1\u00eda de Brasil]. El problema es que [el competidor] ha vendido una gran cantidad de gases en nombre de [la empresa brasile\u00f1a] durante los \u00faltimos tres a\u00f1os, por lo que obviamente est\u00e1n siendo muy cuidadosos en cuanto a c\u00f3mo tratan de sacar adelante el asunto\u2019\u201d.<br \/>\n\u201cEn o alrededor de noviembre de 2019, Bryan Samuel Berkman, el propietario de Compa\u00f1\u00eda intermediaria, y su padre, Luis Berkman, busc\u00f3 obtener un contrato con el gobierno boliviano para actuar como intermediario en la compra de gas lacrim\u00f3geno y otros equipos no letales por parte del Ministerio de Defensa de Bolivia a la Compa\u00f1\u00eda Brasil\u201d.<br \/>\n\u201cEl 16 de noviembre de 2019 o alrededor de esa fecha, Sergio Rodrigo M\u00e9ndez Mendiz\u00e1bal utilizando la direcci\u00f3n de correo electr\u00f3nico Rodrigo @ [XX] .com, envi\u00f3 un correo electr\u00f3nico a Bryan Samuel Berkman en bryanberkman @ [XX].com (la \u2018Cuenta de correo electr\u00f3nico personal de Bryan Berkman\u2019), adjuntando una carta del Co-Conspirador 1 dirigida a Bryan Samuel Berkman, en su capacidad como representante de la Compa\u00f1\u00eda Intermediadora, buscando cotizaciones para gases lacrim\u00f3genos y otros equipos no letales\u201d.<br \/>\n\u201cEl problema es que [el competidor] ha vendido una gran cantidad de gases en nombre de [la empresa brasile\u00f1a] durante los \u00faltimos tres a\u00f1os, por lo que obviamente est\u00e1n siendo muy cuidadosos en cuanto a c\u00f3mo tratan de sacar adelante el asunto\u201d.<br \/>\n\u201cEl 19 de diciembre de 2019 o alrededor de esa fecha, la Compa\u00f1\u00eda intermediaria celebr\u00f3 un contrato con al Ministerio de Defensa de Bolivia para suministrar gas lacrim\u00f3geno y otros equipos no letales a cambio de aproximadamente $ 5,649,137 (el \u2018Contrato de Gas lacrim\u00f3geno\u2019). Bryan Samuel Berkman firm\u00f3 el contrato de gas lacrim\u00f3geno en nombre de la empresa intermediaria\u201d.<br \/>\n\u201cUna orden de compra con fecha del 17 de diciembre de 2019 muestra que la empresa intermediaria compr\u00f3 el equipo requerido bajo el Contrato de Gas lacrim\u00f3geno de la Compa\u00f1\u00eda de Brasil por aproximadamente $ 3,357,735, lo que dej\u00f3 a la Compa\u00f1\u00eda Intermediaria con aproximadamente $ 2,291,402\u201d.<br \/>\n\u201cEl soborno de $ 582,000 se origin\u00f3 con los mismos fondos que la Compa\u00f1\u00eda Intermediaria hab\u00eda recibido en la Cuenta 0506 en el US Bank 2 del Ministerio de Defensa de Bolivia en virtud del Contrato de Gas lacrim\u00f3geno hicieron uso intencional y corrupto de los correos electr\u00f3nicos y los medios e instrumentos del comercio interestatal para promover una oferta, pago y promesa de realizar pagos en beneficio de Sergio Rodrigo M\u00e9ndez Mendiz\u00e1bal y Co-Conspirador 2 con el prop\u00f3sito de influir, para usar sus capacidades oficiales, asegurando una ventaja indebida e induciendo Sergio Rodrigo M\u00e9ndez Mendiz\u00e1bal y Co-Conspirador 2 para usar su influencia para afectar al Ministerio de Defensa de Bolivia y al Ministerio de Gobierno de Bolivia, con el fin de asistir a la Compa\u00f1\u00eda Intermediaria\u201d.<br \/>\n\u201cBryan Berkman envi\u00f3 un correo electr\u00f3nico a Sergio Rodrigo M\u00e9ndez Mendiz\u00e1bal direcci\u00f3n de correo electr\u00f3nico que termina en @mingobierno.gob.bo (la \u2018Cuenta de Correo Oficial de M\u00e9ndez\u2019), adjuntando una carta \u2018solicitada por el Ministerio de Defensa\u2019 (traducida del espa\u00f1ol) confirmando una extensi\u00f3n de la fecha para la cual la Empresa Intermediaria deb\u00eda proporcionar su primera entrega de equipos al Ministerio de Defensa de conformidad con el Contrato de Gas lacrim\u00f3geno hasta el 10 de enero de 2020\u201d.<br \/>\n\u201cEl 29 de enero de 2020 o alrededor de esa fecha, US Bank 1 se neg\u00f3 a aceptar el 13 de enero de 2020, Transferencia Bancaria y devolvi\u00f3 los aproximadamente $ 5,649,137 al Banco Central de Bolivia\u201d.<br \/>\n\u201cTransferencia de aproximadamente $ 3,976,902 a realizar desde una cuenta bancaria en el Banco Central de Bolivia en Bolivia a la Cuenta 0506 en el US Bank 2 perteneciente a Intermediary Company en Florida\u201d.<br \/>\n\u201cEl pago se realiz\u00f3 en relaci\u00f3n con el Contrato de gas lacrim\u00f3geno\u201d.<br \/>\n\u201cEl 18 de marzo de 2020 o alrededor de esa fecha, se transfiri\u00f3 una transferencia electr\u00f3nica de la Compa\u00f1\u00eda intermediaria. Aproximadamente $ 3,357,735 de la cuenta 0506 en el US Bank 2 a una cuenta bancaria perteneciente a la Compa\u00f1\u00eda Brasil en Brasil para pagar el equipo requerido bajo el Contrato de Gas lacrim\u00f3geno para el Ministerio de Defensa de Bolivia\u201d.<br \/>\n\u201cEn abril de 2020 transferencia de $ 582,000 a beneficio de Sergio Rodrigo M\u00e9ndez Mendiz\u00e1bal\u201d.<br \/>\n\u201cDesde al menos marzo de 2020, hasta abril de 2020 o alrededor de esa fecha, Bryan Samuel Berkman, Luis Berkman, Philip Lichtenfeld, y otros coordinados el pago de un soborno de $ 582,000 para Sergio Rodrigo M\u00e9ndez Mendiz\u00e1bal en Bolivia\u201d.<br \/>\n\u201cEl 21 de marzo de 2020 o alrededor de esa fecha, Philip Lichtenfeld envi\u00f3 un mensaje de texto de WhatsApp mensaje al individuo 1 para discutir un plan para entregar aproximadamente $ 700,000 en efectivo a Bolivia: \u2018Ayer mismo me depositaron parte de los aproximadamente 700,000 para que yo pueda depositarlos en los Estados Unidos\u2019\u201d.<br \/>\n\u201cEl 13 de abril de 2020 o alrededor de esa fecha, el individuo 1 envi\u00f3 un mensaje de texto de WhatsApp a Philip Lichtenfeld, indicando: \u2018Estimado Philip, la cuenta en la que debe depositar es: [US Bank 2] Checking [n\u00famero de cuenta] [Individual 1]\u2019. Philip Lichtenfeld respondi\u00f3, \u2018Excelente, solo un dato m\u00e1s [.] Har\u00e9 una transferencia de USD 700.000 hoy\u2019. (Traducido del espa\u00f1ol). Philip Lichtenfeld luego reenvi\u00f3 estos mensajes de texto a Bryan Samuel Berkman\u201d.<br \/>\n\u201cEl 13 de abril de 2020 o alrededor de esa fecha, Philip Lichtenfeld envi\u00f3 un mensaje de texto de WhatsApp para Bryan Samuel Berkman, diciendo: \u201cIntenta hacer los 700 K en el (US Bank 2), eso es importante para que ma\u00f1ana nos den dinero en efectivo en Bolivia. Rodri est\u00e1 en Cbba esperando\u201d. Con base en la revisi\u00f3n de las pruebas reunidas en esta investigaci\u00f3n, su declarante cree que \u201cCbba\u201d se refiere a Cochabamba, Bolivia, y que \u201cRodri\u201d se refiere \u201cSergio Rodrigo M\u00e9ndez Mendiz\u00e1bal, quien es de Cochabamba\u201d, se revela en parte de la declaraci\u00f3n formulada por el investigador.<\/p>\n","protected":false},"excerpt":{"rendered":"<p>Un informe del Bur\u00f3 Federal de Investigaciones (FBI, por su sigla en ingl\u00e9s) de Estados Unidos se\u00f1ala que Rodrigo M\u00e9ndez Mendiz\u00e1bal, exjefe de Gabinete del exministro de Gobierno Arturo Murillo (2019-2020), fue arrestado por percibir sobornos de al menos 582.000 d\u00f3lares para la compra de material no letal. Seg\u00fan reporte de la agencia AP, Sergio [&hellip;]<\/p>\n","protected":false},"author":1,"featured_media":6430,"comment_status":"closed","ping_status":"closed","sticky":false,"template":"","format":"standard","meta":{"_acf_changed":false,"footnotes":""},"categories":[12],"tags":[],"class_list":["post-6429","post","type-post","status-publish","format-standard","has-post-thumbnail","category-nacional"],"acf":{"antetitulo":""},"yoast_head":"<!-- This site is optimized with the Yoast SEO plugin v28.4 - https:\/\/yoast.com\/product\/yoast-seo-wordpress\/ -->\n<title>Colaborador de exministro Murillo es detenido por sospecha de sobornos - El Diario - Bolivia<\/title>\n<meta name=\"robots\" content=\"index, follow, max-snippet:-1, max-image-preview:large, max-video-preview:-1\" \/>\n<link rel=\"canonical\" href=\"https:\/\/www.eldiario.net\/portal\/2021\/05\/26\/colaborador-de-exministro-murillo-es-detenido-por-sospecha-de-sobornos\/\" \/>\n<meta property=\"og:locale\" content=\"es_ES\" \/>\n<meta property=\"og:type\" content=\"article\" \/>\n<meta property=\"og:title\" content=\"Colaborador de exministro Murillo es detenido por sospecha de sobornos - El Diario - Bolivia\" \/>\n<meta property=\"og:description\" content=\"Un informe del Bur\u00f3 Federal de Investigaciones (FBI, por su sigla en ingl\u00e9s) de Estados Unidos se\u00f1ala que Rodrigo M\u00e9ndez Mendiz\u00e1bal, exjefe de Gabinete del exministro de Gobierno Arturo Murillo (2019-2020), fue arrestado por percibir sobornos de al menos 582.000 d\u00f3lares para la compra de material no letal. Seg\u00fan reporte de la agencia AP, Sergio [&hellip;]\" \/>\n<meta property=\"og:url\" content=\"https:\/\/www.eldiario.net\/portal\/2021\/05\/26\/colaborador-de-exministro-murillo-es-detenido-por-sospecha-de-sobornos\/\" \/>\n<meta property=\"og:site_name\" content=\"El Diario - Bolivia\" \/>\n<meta property=\"article:publisher\" content=\"https:\/\/www.facebook.com\/eldiario.bolivia\/\" \/>\n<meta property=\"article:published_time\" content=\"2021-05-26T10:35:22+00:00\" \/>\n<meta property=\"og:image\" content=\"https:\/\/www.eldiario.net\/portal\/wp-content\/uploads\/2021\/05\/MURILLO-1.jpg\" \/>\n\t<meta property=\"og:image:width\" content=\"390\" \/>\n\t<meta property=\"og:image:height\" content=\"337\" \/>\n\t<meta property=\"og:image:type\" content=\"image\/jpeg\" \/>\n<meta name=\"author\" content=\"Jeanette\" \/>\n<meta name=\"twitter:card\" content=\"summary_large_image\" \/>\n<meta name=\"twitter:creator\" content=\"@eldiario_net\" \/>\n<meta name=\"twitter:site\" content=\"@eldiario_net\" \/>\n<meta name=\"twitter:label1\" content=\"Escrito por\" \/>\n\t<meta name=\"twitter:data1\" content=\"Jeanette\" \/>\n\t<meta name=\"twitter:label2\" content=\"Tiempo de lectura\" \/>\n\t<meta name=\"twitter:data2\" content=\"6 minutos\" \/>\n<script type=\"application\/ld+json\" class=\"yoast-schema-graph\">{\"@context\":\"https:\\\/\\\/schema.org\",\"@graph\":[{\"@type\":\"Article\",\"@id\":\"https:\\\/\\\/www.eldiario.net\\\/portal\\\/2021\\\/05\\\/26\\\/colaborador-de-exministro-murillo-es-detenido-por-sospecha-de-sobornos\\\/#article\",\"isPartOf\":{\"@id\":\"https:\\\/\\\/www.eldiario.net\\\/portal\\\/2021\\\/05\\\/26\\\/colaborador-de-exministro-murillo-es-detenido-por-sospecha-de-sobornos\\\/\"},\"author\":{\"name\":\"Jeanette\",\"@id\":\"https:\\\/\\\/www.eldiario.net\\\/portal\\\/#\\\/schema\\\/person\\\/f46445640444750d7d753ccd04ae01b7\"},\"headline\":\"Colaborador de exministro Murillo es detenido por sospecha de sobornos\",\"datePublished\":\"2021-05-26T10:35:22+00:00\",\"mainEntityOfPage\":{\"@id\":\"https:\\\/\\\/www.eldiario.net\\\/portal\\\/2021\\\/05\\\/26\\\/colaborador-de-exministro-murillo-es-detenido-por-sospecha-de-sobornos\\\/\"},\"wordCount\":1415,\"publisher\":{\"@id\":\"https:\\\/\\\/www.eldiario.net\\\/portal\\\/#organization\"},\"image\":{\"@id\":\"https:\\\/\\\/www.eldiario.net\\\/portal\\\/2021\\\/05\\\/26\\\/colaborador-de-exministro-murillo-es-detenido-por-sospecha-de-sobornos\\\/#primaryimage\"},\"thumbnailUrl\":\"https:\\\/\\\/www.eldiario.net\\\/portal\\\/wp-content\\\/uploads\\\/2021\\\/05\\\/MURILLO-1.jpg\",\"articleSection\":[\"Nacional\"],\"inLanguage\":\"es\"},{\"@type\":\"WebPage\",\"@id\":\"https:\\\/\\\/www.eldiario.net\\\/portal\\\/2021\\\/05\\\/26\\\/colaborador-de-exministro-murillo-es-detenido-por-sospecha-de-sobornos\\\/\",\"url\":\"https:\\\/\\\/www.eldiario.net\\\/portal\\\/2021\\\/05\\\/26\\\/colaborador-de-exministro-murillo-es-detenido-por-sospecha-de-sobornos\\\/\",\"name\":\"Colaborador de exministro Murillo es detenido por sospecha de sobornos - El Diario - Bolivia\",\"isPartOf\":{\"@id\":\"https:\\\/\\\/www.eldiario.net\\\/portal\\\/#website\"},\"primaryImageOfPage\":{\"@id\":\"https:\\\/\\\/www.eldiario.net\\\/portal\\\/2021\\\/05\\\/26\\\/colaborador-de-exministro-murillo-es-detenido-por-sospecha-de-sobornos\\\/#primaryimage\"},\"image\":{\"@id\":\"https:\\\/\\\/www.eldiario.net\\\/portal\\\/2021\\\/05\\\/26\\\/colaborador-de-exministro-murillo-es-detenido-por-sospecha-de-sobornos\\\/#primaryimage\"},\"thumbnailUrl\":\"https:\\\/\\\/www.eldiario.net\\\/portal\\\/wp-content\\\/uploads\\\/2021\\\/05\\\/MURILLO-1.jpg\",\"datePublished\":\"2021-05-26T10:35:22+00:00\",\"breadcrumb\":{\"@id\":\"https:\\\/\\\/www.eldiario.net\\\/portal\\\/2021\\\/05\\\/26\\\/colaborador-de-exministro-murillo-es-detenido-por-sospecha-de-sobornos\\\/#breadcrumb\"},\"inLanguage\":\"es\",\"potentialAction\":[{\"@type\":\"ReadAction\",\"target\":[\"https:\\\/\\\/www.eldiario.net\\\/portal\\\/2021\\\/05\\\/26\\\/colaborador-de-exministro-murillo-es-detenido-por-sospecha-de-sobornos\\\/\"]}]},{\"@type\":\"ImageObject\",\"inLanguage\":\"es\",\"@id\":\"https:\\\/\\\/www.eldiario.net\\\/portal\\\/2021\\\/05\\\/26\\\/colaborador-de-exministro-murillo-es-detenido-por-sospecha-de-sobornos\\\/#primaryimage\",\"url\":\"https:\\\/\\\/www.eldiario.net\\\/portal\\\/wp-content\\\/uploads\\\/2021\\\/05\\\/MURILLO-1.jpg\",\"contentUrl\":\"https:\\\/\\\/www.eldiario.net\\\/portal\\\/wp-content\\\/uploads\\\/2021\\\/05\\\/MURILLO-1.jpg\",\"width\":390,\"height\":337},{\"@type\":\"BreadcrumbList\",\"@id\":\"https:\\\/\\\/www.eldiario.net\\\/portal\\\/2021\\\/05\\\/26\\\/colaborador-de-exministro-murillo-es-detenido-por-sospecha-de-sobornos\\\/#breadcrumb\",\"itemListElement\":[{\"@type\":\"ListItem\",\"position\":1,\"name\":\"Portada\",\"item\":\"https:\\\/\\\/www.eldiario.net\\\/portal\\\/\"},{\"@type\":\"ListItem\",\"position\":2,\"name\":\"Colaborador de exministro Murillo es detenido por sospecha de sobornos\"}]},{\"@type\":\"WebSite\",\"@id\":\"https:\\\/\\\/www.eldiario.net\\\/portal\\\/#website\",\"url\":\"https:\\\/\\\/www.eldiario.net\\\/portal\\\/\",\"name\":\"El Diario - Decano de la prensa nacional\",\"description\":\"El Diario - Decano de la prensa nacional\",\"publisher\":{\"@id\":\"https:\\\/\\\/www.eldiario.net\\\/portal\\\/#organization\"},\"potentialAction\":[{\"@type\":\"SearchAction\",\"target\":{\"@type\":\"EntryPoint\",\"urlTemplate\":\"https:\\\/\\\/www.eldiario.net\\\/portal\\\/?s={search_term_string}\"},\"query-input\":{\"@type\":\"PropertyValueSpecification\",\"valueRequired\":true,\"valueName\":\"search_term_string\"}}],\"inLanguage\":\"es\"},{\"@type\":\"Organization\",\"@id\":\"https:\\\/\\\/www.eldiario.net\\\/portal\\\/#organization\",\"name\":\"El Diario - Decano de la prensa nacional\",\"url\":\"https:\\\/\\\/www.eldiario.net\\\/portal\\\/\",\"logo\":{\"@type\":\"ImageObject\",\"inLanguage\":\"es\",\"@id\":\"https:\\\/\\\/www.eldiario.net\\\/portal\\\/#\\\/schema\\\/logo\\\/image\\\/\",\"url\":\"https:\\\/\\\/www.eldiario.net\\\/portal\\\/wp-content\\\/uploads\\\/2023\\\/07\\\/logo_ED.jpg\",\"contentUrl\":\"https:\\\/\\\/www.eldiario.net\\\/portal\\\/wp-content\\\/uploads\\\/2023\\\/07\\\/logo_ED.jpg\",\"width\":272,\"height\":52,\"caption\":\"El Diario - Decano de la prensa nacional\"},\"image\":{\"@id\":\"https:\\\/\\\/www.eldiario.net\\\/portal\\\/#\\\/schema\\\/logo\\\/image\\\/\"},\"sameAs\":[\"https:\\\/\\\/www.facebook.com\\\/eldiario.bolivia\\\/\",\"https:\\\/\\\/x.com\\\/eldiario_net\"]},{\"@type\":\"Person\",\"@id\":\"https:\\\/\\\/www.eldiario.net\\\/portal\\\/#\\\/schema\\\/person\\\/f46445640444750d7d753ccd04ae01b7\",\"name\":\"Jeanette\",\"image\":{\"@type\":\"ImageObject\",\"inLanguage\":\"es\",\"@id\":\"https:\\\/\\\/secure.gravatar.com\\\/avatar\\\/3ea2118a5f7dad2b7138b1187a6b7ee55f160b9968b66013c3a3ef39dd7e5798?s=96&d=mm&r=g\",\"url\":\"https:\\\/\\\/secure.gravatar.com\\\/avatar\\\/3ea2118a5f7dad2b7138b1187a6b7ee55f160b9968b66013c3a3ef39dd7e5798?s=96&d=mm&r=g\",\"contentUrl\":\"https:\\\/\\\/secure.gravatar.com\\\/avatar\\\/3ea2118a5f7dad2b7138b1187a6b7ee55f160b9968b66013c3a3ef39dd7e5798?s=96&d=mm&r=g\",\"caption\":\"Jeanette\"},\"sameAs\":[\"https:\\\/\\\/www.eldiario.net\\\/portal\"],\"url\":\"https:\\\/\\\/www.eldiario.net\\\/portal\\\/author\\\/jeanette\\\/\"}]}<\/script>\n<!-- \/ Yoast SEO plugin. -->","yoast_head_json":{"title":"Colaborador de exministro Murillo es detenido por sospecha de sobornos - El Diario - Bolivia","robots":{"index":"index","follow":"follow","max-snippet":"max-snippet:-1","max-image-preview":"max-image-preview:large","max-video-preview":"max-video-preview:-1"},"canonical":"https:\/\/www.eldiario.net\/portal\/2021\/05\/26\/colaborador-de-exministro-murillo-es-detenido-por-sospecha-de-sobornos\/","og_locale":"es_ES","og_type":"article","og_title":"Colaborador de exministro Murillo es detenido por sospecha de sobornos - El Diario - Bolivia","og_description":"Un informe del Bur\u00f3 Federal de Investigaciones (FBI, por su sigla en ingl\u00e9s) de Estados Unidos se\u00f1ala que Rodrigo M\u00e9ndez Mendiz\u00e1bal, exjefe de Gabinete del exministro de Gobierno Arturo Murillo (2019-2020), fue arrestado por percibir sobornos de al menos 582.000 d\u00f3lares para la compra de material no letal. Seg\u00fan reporte de la agencia AP, Sergio [&hellip;]","og_url":"https:\/\/www.eldiario.net\/portal\/2021\/05\/26\/colaborador-de-exministro-murillo-es-detenido-por-sospecha-de-sobornos\/","og_site_name":"El Diario - Bolivia","article_publisher":"https:\/\/www.facebook.com\/eldiario.bolivia\/","article_published_time":"2021-05-26T10:35:22+00:00","og_image":[{"width":390,"height":337,"url":"https:\/\/www.eldiario.net\/portal\/wp-content\/uploads\/2021\/05\/MURILLO-1.jpg","type":"image\/jpeg"}],"author":"Jeanette","twitter_card":"summary_large_image","twitter_creator":"@eldiario_net","twitter_site":"@eldiario_net","twitter_misc":{"Escrito por":"Jeanette","Tiempo de lectura":"6 minutos"},"schema":{"@context":"https:\/\/schema.org","@graph":[{"@type":"Article","@id":"https:\/\/www.eldiario.net\/portal\/2021\/05\/26\/colaborador-de-exministro-murillo-es-detenido-por-sospecha-de-sobornos\/#article","isPartOf":{"@id":"https:\/\/www.eldiario.net\/portal\/2021\/05\/26\/colaborador-de-exministro-murillo-es-detenido-por-sospecha-de-sobornos\/"},"author":{"name":"Jeanette","@id":"https:\/\/www.eldiario.net\/portal\/#\/schema\/person\/f46445640444750d7d753ccd04ae01b7"},"headline":"Colaborador de exministro Murillo es detenido por sospecha de sobornos","datePublished":"2021-05-26T10:35:22+00:00","mainEntityOfPage":{"@id":"https:\/\/www.eldiario.net\/portal\/2021\/05\/26\/colaborador-de-exministro-murillo-es-detenido-por-sospecha-de-sobornos\/"},"wordCount":1415,"publisher":{"@id":"https:\/\/www.eldiario.net\/portal\/#organization"},"image":{"@id":"https:\/\/www.eldiario.net\/portal\/2021\/05\/26\/colaborador-de-exministro-murillo-es-detenido-por-sospecha-de-sobornos\/#primaryimage"},"thumbnailUrl":"https:\/\/www.eldiario.net\/portal\/wp-content\/uploads\/2021\/05\/MURILLO-1.jpg","articleSection":["Nacional"],"inLanguage":"es"},{"@type":"WebPage","@id":"https:\/\/www.eldiario.net\/portal\/2021\/05\/26\/colaborador-de-exministro-murillo-es-detenido-por-sospecha-de-sobornos\/","url":"https:\/\/www.eldiario.net\/portal\/2021\/05\/26\/colaborador-de-exministro-murillo-es-detenido-por-sospecha-de-sobornos\/","name":"Colaborador de exministro Murillo es detenido por sospecha de sobornos - El Diario - Bolivia","isPartOf":{"@id":"https:\/\/www.eldiario.net\/portal\/#website"},"primaryImageOfPage":{"@id":"https:\/\/www.eldiario.net\/portal\/2021\/05\/26\/colaborador-de-exministro-murillo-es-detenido-por-sospecha-de-sobornos\/#primaryimage"},"image":{"@id":"https:\/\/www.eldiario.net\/portal\/2021\/05\/26\/colaborador-de-exministro-murillo-es-detenido-por-sospecha-de-sobornos\/#primaryimage"},"thumbnailUrl":"https:\/\/www.eldiario.net\/portal\/wp-content\/uploads\/2021\/05\/MURILLO-1.jpg","datePublished":"2021-05-26T10:35:22+00:00","breadcrumb":{"@id":"https:\/\/www.eldiario.net\/portal\/2021\/05\/26\/colaborador-de-exministro-murillo-es-detenido-por-sospecha-de-sobornos\/#breadcrumb"},"inLanguage":"es","potentialAction":[{"@type":"ReadAction","target":["https:\/\/www.eldiario.net\/portal\/2021\/05\/26\/colaborador-de-exministro-murillo-es-detenido-por-sospecha-de-sobornos\/"]}]},{"@type":"ImageObject","inLanguage":"es","@id":"https:\/\/www.eldiario.net\/portal\/2021\/05\/26\/colaborador-de-exministro-murillo-es-detenido-por-sospecha-de-sobornos\/#primaryimage","url":"https:\/\/www.eldiario.net\/portal\/wp-content\/uploads\/2021\/05\/MURILLO-1.jpg","contentUrl":"https:\/\/www.eldiario.net\/portal\/wp-content\/uploads\/2021\/05\/MURILLO-1.jpg","width":390,"height":337},{"@type":"BreadcrumbList","@id":"https:\/\/www.eldiario.net\/portal\/2021\/05\/26\/colaborador-de-exministro-murillo-es-detenido-por-sospecha-de-sobornos\/#breadcrumb","itemListElement":[{"@type":"ListItem","position":1,"name":"Portada","item":"https:\/\/www.eldiario.net\/portal\/"},{"@type":"ListItem","position":2,"name":"Colaborador de exministro Murillo es detenido por sospecha de sobornos"}]},{"@type":"WebSite","@id":"https:\/\/www.eldiario.net\/portal\/#website","url":"https:\/\/www.eldiario.net\/portal\/","name":"El Diario - Decano de la prensa nacional","description":"El Diario - Decano de la prensa nacional","publisher":{"@id":"https:\/\/www.eldiario.net\/portal\/#organization"},"potentialAction":[{"@type":"SearchAction","target":{"@type":"EntryPoint","urlTemplate":"https:\/\/www.eldiario.net\/portal\/?s={search_term_string}"},"query-input":{"@type":"PropertyValueSpecification","valueRequired":true,"valueName":"search_term_string"}}],"inLanguage":"es"},{"@type":"Organization","@id":"https:\/\/www.eldiario.net\/portal\/#organization","name":"El Diario - Decano de la prensa nacional","url":"https:\/\/www.eldiario.net\/portal\/","logo":{"@type":"ImageObject","inLanguage":"es","@id":"https:\/\/www.eldiario.net\/portal\/#\/schema\/logo\/image\/","url":"https:\/\/www.eldiario.net\/portal\/wp-content\/uploads\/2023\/07\/logo_ED.jpg","contentUrl":"https:\/\/www.eldiario.net\/portal\/wp-content\/uploads\/2023\/07\/logo_ED.jpg","width":272,"height":52,"caption":"El Diario - Decano de la prensa nacional"},"image":{"@id":"https:\/\/www.eldiario.net\/portal\/#\/schema\/logo\/image\/"},"sameAs":["https:\/\/www.facebook.com\/eldiario.bolivia\/","https:\/\/x.com\/eldiario_net"]},{"@type":"Person","@id":"https:\/\/www.eldiario.net\/portal\/#\/schema\/person\/f46445640444750d7d753ccd04ae01b7","name":"Jeanette","image":{"@type":"ImageObject","inLanguage":"es","@id":"https:\/\/secure.gravatar.com\/avatar\/3ea2118a5f7dad2b7138b1187a6b7ee55f160b9968b66013c3a3ef39dd7e5798?s=96&d=mm&r=g","url":"https:\/\/secure.gravatar.com\/avatar\/3ea2118a5f7dad2b7138b1187a6b7ee55f160b9968b66013c3a3ef39dd7e5798?s=96&d=mm&r=g","contentUrl":"https:\/\/secure.gravatar.com\/avatar\/3ea2118a5f7dad2b7138b1187a6b7ee55f160b9968b66013c3a3ef39dd7e5798?s=96&d=mm&r=g","caption":"Jeanette"},"sameAs":["https:\/\/www.eldiario.net\/portal"],"url":"https:\/\/www.eldiario.net\/portal\/author\/jeanette\/"}]}},"_links":{"self":[{"href":"https:\/\/www.eldiario.net\/portal\/wp-json\/wp\/v2\/posts\/6429","targetHints":{"allow":["GET"]}}],"collection":[{"href":"https:\/\/www.eldiario.net\/portal\/wp-json\/wp\/v2\/posts"}],"about":[{"href":"https:\/\/www.eldiario.net\/portal\/wp-json\/wp\/v2\/types\/post"}],"author":[{"embeddable":true,"href":"https:\/\/www.eldiario.net\/portal\/wp-json\/wp\/v2\/users\/1"}],"replies":[{"embeddable":true,"href":"https:\/\/www.eldiario.net\/portal\/wp-json\/wp\/v2\/comments?post=6429"}],"version-history":[{"count":0,"href":"https:\/\/www.eldiario.net\/portal\/wp-json\/wp\/v2\/posts\/6429\/revisions"}],"wp:featuredmedia":[{"embeddable":true,"href":"https:\/\/www.eldiario.net\/portal\/wp-json\/wp\/v2\/media\/6430"}],"wp:attachment":[{"href":"https:\/\/www.eldiario.net\/portal\/wp-json\/wp\/v2\/media?parent=6429"}],"wp:term":[{"taxonomy":"category","embeddable":true,"href":"https:\/\/www.eldiario.net\/portal\/wp-json\/wp\/v2\/categories?post=6429"},{"taxonomy":"post_tag","embeddable":true,"href":"https:\/\/www.eldiario.net\/portal\/wp-json\/wp\/v2\/tags?post=6429"}],"curies":[{"name":"wp","href":"https:\/\/api.w.org\/{rel}","templated":true}]}}